{"id":998,"date":"2015-12-23T16:37:04","date_gmt":"2015-12-23T15:37:04","guid":{"rendered":"https:\/\/comedialaon.fr\/?p=998"},"modified":"2021-08-10T13:31:57","modified_gmt":"2021-08-10T11:31:57","slug":"spectacle-pour-le-telethon","status":"publish","type":"post","link":"https:\/\/comedialaon.fr\/?p=998","title":{"rendered":"SPECTACLE POUR LE T\u00c9L\u00c9THON"},"content":{"rendered":"<p>Cette ann\u00e9e pour le TELETHON, en partenariat avec la Commune de Mons en Laonnois, nous avons choisi de pr\u00e9senter, en premi\u00e8re, la pi\u00e8ce \u00ab ENTRE LE JOUR ET LA NUIT \u00bb de Hugues DE ROSAMEL. Cette pi\u00e8ce sera interpr\u00e9t\u00e9e par Sylvie et Josiane, et mise en sc\u00e8ne par Patrice.<br \/>\nNous vous donnons donc rendez-vous le dimmanche 17 janvier 2016 \u00e0 15H00 \u00e0 la salle du Stade \u00e0 Mons en Laonnois.<br \/>\nNous reverserons la recette \u00e0 l&rsquo;association Mons T\u00e9l\u00e9thon repr\u00e9sent\u00e9e par Monsieur CHARLES (que beaucoup d&rsquo;entre vous connaissent).<\/p>\n<p>Le journal l&rsquo;Union a publi\u00e9 <a href=\" https:\/\/comedialaon.fr\/?page_id=4237\" title=\"un article\">un article<\/a> le 8 janvier 2016.<\/p>\n<div id=\"attachment_1003\" style=\"width: 222px\" class=\"wp-caption alignleft\"><a href=\"https:\/\/comedialaon.fr\/wp-content\/uploads\/2015\/12\/entre-jour-et-la-nuit.jpg\"><img loading=\"lazy\" decoding=\"async\" aria-describedby=\"caption-attachment-1003\" src=\"https:\/\/comedialaon.fr\/wp-content\/uploads\/2015\/12\/entre-jour-et-la-nuit-212x300.jpg\" alt=\"\" width=\"212\" height=\"300\" class=\"size-medium wp-image-1003\" srcset=\"https:\/\/comedialaon.fr\/wp-content\/uploads\/2015\/12\/entre-jour-et-la-nuit-212x300.jpg 212w, https:\/\/comedialaon.fr\/wp-content\/uploads\/2015\/12\/entre-jour-et-la-nuit-724x1024.jpg 724w, https:\/\/comedialaon.fr\/wp-content\/uploads\/2015\/12\/entre-jour-et-la-nuit.jpg 1754w\" sizes=\"auto, (max-width: 212px) 100vw, 212px\" \/><\/a><p id=\"caption-attachment-1003\" class=\"wp-caption-text\">\u00ab\u00a0ENTRE LE JOUR ET LA NUIT\u00a0\u00bb de Hugues DE ROSAMEL<\/p><\/div>\n<div id=\"attachment_1021\" style=\"width: 310px\" class=\"wp-caption alignleft\"><a href=\"https:\/\/comedialaon.fr\/wp-content\/uploads\/2015\/12\/Sylvie-Josiane.jpg\"><img loading=\"lazy\" decoding=\"async\" aria-describedby=\"caption-attachment-1021\" src=\"https:\/\/comedialaon.fr\/wp-content\/uploads\/2015\/12\/Sylvie-Josiane-300x163.jpg\" alt=\"\" width=\"300\" height=\"163\" class=\"size-medium wp-image-1021\" srcset=\"https:\/\/comedialaon.fr\/wp-content\/uploads\/2015\/12\/Sylvie-Josiane-300x163.jpg 300w, https:\/\/comedialaon.fr\/wp-content\/uploads\/2015\/12\/Sylvie-Josiane-768x417.jpg 768w, https:\/\/comedialaon.fr\/wp-content\/uploads\/2015\/12\/Sylvie-Josiane-1024x556.jpg 1024w\" sizes=\"auto, (max-width: 300px) 100vw, 300px\" \/><\/a><p id=\"caption-attachment-1021\" class=\"wp-caption-text\">Sylvie &#038; Josiane<\/p><\/div>\n<p><a href=\"https:\/\/comedialaon.fr\/wp-content\/uploads\/2015\/03\/logotelethon.png\"><img loading=\"lazy\" decoding=\"async\" src=\"https:\/\/comedialaon.fr\/wp-content\/uploads\/2015\/03\/logotelethon.png\" alt=\"\" width=\"380\" height=\"69\" class=\"alignleft size-full wp-image-672\" srcset=\"https:\/\/comedialaon.fr\/wp-content\/uploads\/2015\/03\/logotelethon.png 380w, https:\/\/comedialaon.fr\/wp-content\/uploads\/2015\/03\/logotelethon-300x54.png 300w\" sizes=\"auto, (max-width: 380px) 100vw, 380px\" \/><\/a><\/p>\n","protected":false},"excerpt":{"rendered":"<p>Cette ann\u00e9e pour le TELETHON, en partenariat avec la Commune de Mons en Laonnois, nous avons choisi de pr\u00e9senter, en premi\u00e8re, la pi\u00e8ce \u00ab ENTRE LE JOUR ET LA NUIT \u00bb de Hugues DE ROSAMEL. Cette pi\u00e8ce sera interpr\u00e9t\u00e9e par Sylvie et Josiane, et mise en sc\u00e8ne par Patrice. Nous vous donnons donc rendez-vous le<\/p>\n<p><a class=\"excerpt-more blog-excerpt\" href=\"https:\/\/comedialaon.fr\/?p=998\">Lire la suite<\/a><\/p>\n","protected":false},"author":1,"featured_media":0,"comment_status":"closed","ping_status":"open","sticky":false,"template":"","format":"standard","meta":{"footnotes":""},"categories":[11],"tags":[],"class_list":["post-998","post","type-post","status-publish","format-standard","hentry","category-infos-live"],"yoast_head":"<!-- This site is optimized with the Yoast SEO plugin v27.5 - https:\/\/yoast.com\/product\/yoast-seo-wordpress\/ -->\n<title>SPECTACLE POUR LE T\u00c9L\u00c9THON &#8226; Com\u00e9dia Laon<\/title>\n<meta name=\"robots\" content=\"index, follow, max-snippet:-1, max-image-preview:large, max-video-preview:-1\" \/>\n<link rel=\"canonical\" href=\"https:\/\/comedialaon.fr\/?p=998\" \/>\n<meta property=\"og:locale\" content=\"fr_FR\" \/>\n<meta property=\"og:type\" content=\"article\" \/>\n<meta property=\"og:title\" content=\"SPECTACLE POUR LE T\u00c9L\u00c9THON &#8226; Com\u00e9dia Laon\" \/>\n<meta property=\"og:description\" content=\"Cette ann\u00e9e pour le TELETHON, en partenariat avec la Commune de Mons en Laonnois, nous avons choisi de pr\u00e9senter, en premi\u00e8re, la pi\u00e8ce \u00ab ENTRE LE JOUR ET LA NUIT \u00bb de Hugues DE ROSAMEL. Cette pi\u00e8ce sera interpr\u00e9t\u00e9e par Sylvie et Josiane, et mise en sc\u00e8ne par Patrice. Nous vous donnons donc rendez-vous leLire la suite\" \/>\n<meta property=\"og:url\" content=\"https:\/\/comedialaon.fr\/?p=998\" \/>\n<meta property=\"og:site_name\" content=\"Com\u00e9dia Laon\" \/>\n<meta property=\"article:publisher\" content=\"https:\/\/www.facebook.com\/profile.php?id=100008459438996\" \/>\n<meta property=\"article:published_time\" content=\"2015-12-23T15:37:04+00:00\" \/>\n<meta property=\"article:modified_time\" content=\"2021-08-10T11:31:57+00:00\" \/>\n<meta property=\"og:image\" content=\"https:\/\/comedialaon.fr\/wp-content\/uploads\/2015\/12\/entre-jour-et-la-nuit-212x300.jpg\" \/>\n<meta name=\"author\" content=\"Muppet 2\" \/>\n<meta name=\"twitter:label1\" content=\"\u00c9crit par\" \/>\n\t<meta name=\"twitter:data1\" content=\"Muppet 2\" \/>\n\t<meta name=\"twitter:label2\" content=\"Dur\u00e9e de lecture estim\u00e9e\" \/>\n\t<meta name=\"twitter:data2\" content=\"2 minutes\" \/>\n<script type=\"application\/ld+json\" class=\"yoast-schema-graph\">{\"@context\":\"https:\\\/\\\/schema.org\",\"@graph\":[{\"@type\":\"Article\",\"@id\":\"https:\\\/\\\/comedialaon.fr\\\/?p=998#article\",\"isPartOf\":{\"@id\":\"https:\\\/\\\/comedialaon.fr\\\/?p=998\"},\"author\":{\"name\":\"Muppet 2\",\"@id\":\"https:\\\/\\\/comedialaon.fr\\\/#\\\/schema\\\/person\\\/b5fa2097d9c2df39b18b24eb09a90f30\"},\"headline\":\"SPECTACLE POUR LE T\u00c9L\u00c9THON\",\"datePublished\":\"2015-12-23T15:37:04+00:00\",\"dateModified\":\"2021-08-10T11:31:57+00:00\",\"mainEntityOfPage\":{\"@id\":\"https:\\\/\\\/comedialaon.fr\\\/?p=998\"},\"wordCount\":135,\"publisher\":{\"@id\":\"https:\\\/\\\/comedialaon.fr\\\/#organization\"},\"image\":{\"@id\":\"https:\\\/\\\/comedialaon.fr\\\/?p=998#primaryimage\"},\"thumbnailUrl\":\"https:\\\/\\\/comedialaon.fr\\\/wp-content\\\/uploads\\\/2015\\\/12\\\/entre-jour-et-la-nuit-212x300.jpg\",\"articleSection\":[\"Infos LIVE\"],\"inLanguage\":\"fr-FR\"},{\"@type\":\"WebPage\",\"@id\":\"https:\\\/\\\/comedialaon.fr\\\/?p=998\",\"url\":\"https:\\\/\\\/comedialaon.fr\\\/?p=998\",\"name\":\"SPECTACLE POUR LE T\u00c9L\u00c9THON &#8226; Com\u00e9dia Laon\",\"isPartOf\":{\"@id\":\"https:\\\/\\\/comedialaon.fr\\\/#website\"},\"primaryImageOfPage\":{\"@id\":\"https:\\\/\\\/comedialaon.fr\\\/?p=998#primaryimage\"},\"image\":{\"@id\":\"https:\\\/\\\/comedialaon.fr\\\/?p=998#primaryimage\"},\"thumbnailUrl\":\"https:\\\/\\\/comedialaon.fr\\\/wp-content\\\/uploads\\\/2015\\\/12\\\/entre-jour-et-la-nuit-212x300.jpg\",\"datePublished\":\"2015-12-23T15:37:04+00:00\",\"dateModified\":\"2021-08-10T11:31:57+00:00\",\"breadcrumb\":{\"@id\":\"https:\\\/\\\/comedialaon.fr\\\/?p=998#breadcrumb\"},\"inLanguage\":\"fr-FR\",\"potentialAction\":[{\"@type\":\"ReadAction\",\"target\":[\"https:\\\/\\\/comedialaon.fr\\\/?p=998\"]}]},{\"@type\":\"ImageObject\",\"inLanguage\":\"fr-FR\",\"@id\":\"https:\\\/\\\/comedialaon.fr\\\/?p=998#primaryimage\",\"url\":\"https:\\\/\\\/comedialaon.fr\\\/wp-content\\\/uploads\\\/2015\\\/12\\\/entre-jour-et-la-nuit.jpg\",\"contentUrl\":\"https:\\\/\\\/comedialaon.fr\\\/wp-content\\\/uploads\\\/2015\\\/12\\\/entre-jour-et-la-nuit.jpg\",\"width\":1754,\"height\":2480,\"caption\":\"\\\"ENTRE LE JOUR ET LA NUIT\\\" de Hugues DE ROSAMEL\"},{\"@type\":\"BreadcrumbList\",\"@id\":\"https:\\\/\\\/comedialaon.fr\\\/?p=998#breadcrumb\",\"itemListElement\":[{\"@type\":\"ListItem\",\"position\":1,\"name\":\"Accueil\",\"item\":\"https:\\\/\\\/comedialaon.fr\\\/\"},{\"@type\":\"ListItem\",\"position\":2,\"name\":\"SPECTACLE POUR LE T\u00c9L\u00c9THON\"}]},{\"@type\":\"WebSite\",\"@id\":\"https:\\\/\\\/comedialaon.fr\\\/#website\",\"url\":\"https:\\\/\\\/comedialaon.fr\\\/\",\"name\":\"Com\u00e9dia Laon\",\"description\":\"Prendre et donner du PLAISIR ... !!! ;-)\",\"publisher\":{\"@id\":\"https:\\\/\\\/comedialaon.fr\\\/#organization\"},\"potentialAction\":[{\"@type\":\"SearchAction\",\"target\":{\"@type\":\"EntryPoint\",\"urlTemplate\":\"https:\\\/\\\/comedialaon.fr\\\/?s={search_term_string}\"},\"query-input\":{\"@type\":\"PropertyValueSpecification\",\"valueRequired\":true,\"valueName\":\"search_term_string\"}}],\"inLanguage\":\"fr-FR\"},{\"@type\":\"Organization\",\"@id\":\"https:\\\/\\\/comedialaon.fr\\\/#organization\",\"name\":\"Com\u00e9dia Laon\",\"url\":\"https:\\\/\\\/comedialaon.fr\\\/\",\"logo\":{\"@type\":\"ImageObject\",\"inLanguage\":\"fr-FR\",\"@id\":\"https:\\\/\\\/comedialaon.fr\\\/#\\\/schema\\\/logo\\\/image\\\/\",\"url\":\"https:\\\/\\\/comedialaon.fr\\\/wp-content\\\/uploads\\\/2019\\\/02\\\/LOGO-CL-et-OL.jpg\",\"contentUrl\":\"https:\\\/\\\/comedialaon.fr\\\/wp-content\\\/uploads\\\/2019\\\/02\\\/LOGO-CL-et-OL.jpg\",\"width\":756,\"height\":210,\"caption\":\"Com\u00e9dia Laon\"},\"image\":{\"@id\":\"https:\\\/\\\/comedialaon.fr\\\/#\\\/schema\\\/logo\\\/image\\\/\"},\"sameAs\":[\"https:\\\/\\\/www.facebook.com\\\/profile.php?id=100008459438996\",\"https:\\\/\\\/www.youtube.com\\\/results?search_query=comedia laon\"]},{\"@type\":\"Person\",\"@id\":\"https:\\\/\\\/comedialaon.fr\\\/#\\\/schema\\\/person\\\/b5fa2097d9c2df39b18b24eb09a90f30\",\"name\":\"Muppet 2\",\"image\":{\"@type\":\"ImageObject\",\"inLanguage\":\"fr-FR\",\"@id\":\"https:\\\/\\\/secure.gravatar.com\\\/avatar\\\/8e9847ab3b902434f6deca39973d429601dcdadf46a57d80eec28699158bf63a?s=96&d=mm&r=g\",\"url\":\"https:\\\/\\\/secure.gravatar.com\\\/avatar\\\/8e9847ab3b902434f6deca39973d429601dcdadf46a57d80eec28699158bf63a?s=96&d=mm&r=g\",\"contentUrl\":\"https:\\\/\\\/secure.gravatar.com\\\/avatar\\\/8e9847ab3b902434f6deca39973d429601dcdadf46a57d80eec28699158bf63a?s=96&d=mm&r=g\",\"caption\":\"Muppet 2\"},\"sameAs\":[\"https:\\\/\\\/www.comedialaon.fr\"]}]}<\/script>\n<!-- \/ Yoast SEO plugin. -->","yoast_head_json":{"title":"SPECTACLE POUR LE T\u00c9L\u00c9THON &#8226; Com\u00e9dia Laon","robots":{"index":"index","follow":"follow","max-snippet":"max-snippet:-1","max-image-preview":"max-image-preview:large","max-video-preview":"max-video-preview:-1"},"canonical":"https:\/\/comedialaon.fr\/?p=998","og_locale":"fr_FR","og_type":"article","og_title":"SPECTACLE POUR LE T\u00c9L\u00c9THON &#8226; Com\u00e9dia Laon","og_description":"Cette ann\u00e9e pour le TELETHON, en partenariat avec la Commune de Mons en Laonnois, nous avons choisi de pr\u00e9senter, en premi\u00e8re, la pi\u00e8ce \u00ab ENTRE LE JOUR ET LA NUIT \u00bb de Hugues DE ROSAMEL. Cette pi\u00e8ce sera interpr\u00e9t\u00e9e par Sylvie et Josiane, et mise en sc\u00e8ne par Patrice. Nous vous donnons donc rendez-vous leLire la suite","og_url":"https:\/\/comedialaon.fr\/?p=998","og_site_name":"Com\u00e9dia Laon","article_publisher":"https:\/\/www.facebook.com\/profile.php?id=100008459438996","article_published_time":"2015-12-23T15:37:04+00:00","article_modified_time":"2021-08-10T11:31:57+00:00","og_image":[{"url":"https:\/\/comedialaon.fr\/wp-content\/uploads\/2015\/12\/entre-jour-et-la-nuit-212x300.jpg","type":"","width":"","height":""}],"author":"Muppet 2","twitter_misc":{"\u00c9crit par":"Muppet 2","Dur\u00e9e de lecture estim\u00e9e":"2 minutes"},"schema":{"@context":"https:\/\/schema.org","@graph":[{"@type":"Article","@id":"https:\/\/comedialaon.fr\/?p=998#article","isPartOf":{"@id":"https:\/\/comedialaon.fr\/?p=998"},"author":{"name":"Muppet 2","@id":"https:\/\/comedialaon.fr\/#\/schema\/person\/b5fa2097d9c2df39b18b24eb09a90f30"},"headline":"SPECTACLE POUR LE T\u00c9L\u00c9THON","datePublished":"2015-12-23T15:37:04+00:00","dateModified":"2021-08-10T11:31:57+00:00","mainEntityOfPage":{"@id":"https:\/\/comedialaon.fr\/?p=998"},"wordCount":135,"publisher":{"@id":"https:\/\/comedialaon.fr\/#organization"},"image":{"@id":"https:\/\/comedialaon.fr\/?p=998#primaryimage"},"thumbnailUrl":"https:\/\/comedialaon.fr\/wp-content\/uploads\/2015\/12\/entre-jour-et-la-nuit-212x300.jpg","articleSection":["Infos LIVE"],"inLanguage":"fr-FR"},{"@type":"WebPage","@id":"https:\/\/comedialaon.fr\/?p=998","url":"https:\/\/comedialaon.fr\/?p=998","name":"SPECTACLE POUR LE T\u00c9L\u00c9THON &#8226; Com\u00e9dia Laon","isPartOf":{"@id":"https:\/\/comedialaon.fr\/#website"},"primaryImageOfPage":{"@id":"https:\/\/comedialaon.fr\/?p=998#primaryimage"},"image":{"@id":"https:\/\/comedialaon.fr\/?p=998#primaryimage"},"thumbnailUrl":"https:\/\/comedialaon.fr\/wp-content\/uploads\/2015\/12\/entre-jour-et-la-nuit-212x300.jpg","datePublished":"2015-12-23T15:37:04+00:00","dateModified":"2021-08-10T11:31:57+00:00","breadcrumb":{"@id":"https:\/\/comedialaon.fr\/?p=998#breadcrumb"},"inLanguage":"fr-FR","potentialAction":[{"@type":"ReadAction","target":["https:\/\/comedialaon.fr\/?p=998"]}]},{"@type":"ImageObject","inLanguage":"fr-FR","@id":"https:\/\/comedialaon.fr\/?p=998#primaryimage","url":"https:\/\/comedialaon.fr\/wp-content\/uploads\/2015\/12\/entre-jour-et-la-nuit.jpg","contentUrl":"https:\/\/comedialaon.fr\/wp-content\/uploads\/2015\/12\/entre-jour-et-la-nuit.jpg","width":1754,"height":2480,"caption":"\"ENTRE LE JOUR ET LA NUIT\" de Hugues DE ROSAMEL"},{"@type":"BreadcrumbList","@id":"https:\/\/comedialaon.fr\/?p=998#breadcrumb","itemListElement":[{"@type":"ListItem","position":1,"name":"Accueil","item":"https:\/\/comedialaon.fr\/"},{"@type":"ListItem","position":2,"name":"SPECTACLE POUR LE T\u00c9L\u00c9THON"}]},{"@type":"WebSite","@id":"https:\/\/comedialaon.fr\/#website","url":"https:\/\/comedialaon.fr\/","name":"Com\u00e9dia Laon","description":"Prendre et donner du PLAISIR ... !!! ;-)","publisher":{"@id":"https:\/\/comedialaon.fr\/#organization"},"potentialAction":[{"@type":"SearchAction","target":{"@type":"EntryPoint","urlTemplate":"https:\/\/comedialaon.fr\/?s={search_term_string}"},"query-input":{"@type":"PropertyValueSpecification","valueRequired":true,"valueName":"search_term_string"}}],"inLanguage":"fr-FR"},{"@type":"Organization","@id":"https:\/\/comedialaon.fr\/#organization","name":"Com\u00e9dia Laon","url":"https:\/\/comedialaon.fr\/","logo":{"@type":"ImageObject","inLanguage":"fr-FR","@id":"https:\/\/comedialaon.fr\/#\/schema\/logo\/image\/","url":"https:\/\/comedialaon.fr\/wp-content\/uploads\/2019\/02\/LOGO-CL-et-OL.jpg","contentUrl":"https:\/\/comedialaon.fr\/wp-content\/uploads\/2019\/02\/LOGO-CL-et-OL.jpg","width":756,"height":210,"caption":"Com\u00e9dia Laon"},"image":{"@id":"https:\/\/comedialaon.fr\/#\/schema\/logo\/image\/"},"sameAs":["https:\/\/www.facebook.com\/profile.php?id=100008459438996","https:\/\/www.youtube.com\/results?search_query=comedia laon"]},{"@type":"Person","@id":"https:\/\/comedialaon.fr\/#\/schema\/person\/b5fa2097d9c2df39b18b24eb09a90f30","name":"Muppet 2","image":{"@type":"ImageObject","inLanguage":"fr-FR","@id":"https:\/\/secure.gravatar.com\/avatar\/8e9847ab3b902434f6deca39973d429601dcdadf46a57d80eec28699158bf63a?s=96&d=mm&r=g","url":"https:\/\/secure.gravatar.com\/avatar\/8e9847ab3b902434f6deca39973d429601dcdadf46a57d80eec28699158bf63a?s=96&d=mm&r=g","contentUrl":"https:\/\/secure.gravatar.com\/avatar\/8e9847ab3b902434f6deca39973d429601dcdadf46a57d80eec28699158bf63a?s=96&d=mm&r=g","caption":"Muppet 2"},"sameAs":["https:\/\/www.comedialaon.fr"]}]}},"_links":{"self":[{"href":"https:\/\/comedialaon.fr\/index.php?rest_route=\/wp\/v2\/posts\/998","targetHints":{"allow":["GET"]}}],"collection":[{"href":"https:\/\/comedialaon.fr\/index.php?rest_route=\/wp\/v2\/posts"}],"about":[{"href":"https:\/\/comedialaon.fr\/index.php?rest_route=\/wp\/v2\/types\/post"}],"author":[{"embeddable":true,"href":"https:\/\/comedialaon.fr\/index.php?rest_route=\/wp\/v2\/users\/1"}],"replies":[{"embeddable":true,"href":"https:\/\/comedialaon.fr\/index.php?rest_route=%2Fwp%2Fv2%2Fcomments&post=998"}],"version-history":[{"count":47,"href":"https:\/\/comedialaon.fr\/index.php?rest_route=\/wp\/v2\/posts\/998\/revisions"}],"predecessor-version":[{"id":1047,"href":"https:\/\/comedialaon.fr\/index.php?rest_route=\/wp\/v2\/posts\/998\/revisions\/1047"}],"wp:attachment":[{"href":"https:\/\/comedialaon.fr\/index.php?rest_route=%2Fwp%2Fv2%2Fmedia&parent=998"}],"wp:term":[{"taxonomy":"category","embeddable":true,"href":"https:\/\/comedialaon.fr\/index.php?rest_route=%2Fwp%2Fv2%2Fcategories&post=998"},{"taxonomy":"post_tag","embeddable":true,"href":"https:\/\/comedialaon.fr\/index.php?rest_route=%2Fwp%2Fv2%2Ftags&post=998"}],"curies":[{"name":"wp","href":"https:\/\/api.w.org\/{rel}","templated":true}]}}