{"id":9715,"date":"2026-04-30T14:06:17","date_gmt":"2026-04-30T12:06:17","guid":{"rendered":"https:\/\/comedialaon.fr\/?p=9715"},"modified":"2026-04-30T14:06:17","modified_gmt":"2026-04-30T12:06:17","slug":"retour-sur-notre-saison","status":"publish","type":"post","link":"https:\/\/comedialaon.fr\/?p=9715","title":{"rendered":"<font color=#0000FF><u><b>RETOUR SUR NOTRE SAISON !!!<\/b><\/u><\/font color>"},"content":{"rendered":"<div id=\"attachment_9672\" style=\"width: 310px\" class=\"wp-caption alignleft\"><a href=\"https:\/\/comedialaon.fr\/wp-content\/uploads\/2026\/02\/Mons-le-1er-fevrier-2026_11.jpg\"><img loading=\"lazy\" decoding=\"async\" aria-describedby=\"caption-attachment-9672\" src=\"https:\/\/comedialaon.fr\/wp-content\/uploads\/2026\/02\/Mons-le-1er-fevrier-2026_11-300x216.jpg\" alt=\"\" width=\"300\" height=\"216\" class=\"size-medium wp-image-9672\" srcset=\"https:\/\/comedialaon.fr\/wp-content\/uploads\/2026\/02\/Mons-le-1er-fevrier-2026_11-300x216.jpg 300w, https:\/\/comedialaon.fr\/wp-content\/uploads\/2026\/02\/Mons-le-1er-fevrier-2026_11-768x554.jpg 768w, https:\/\/comedialaon.fr\/wp-content\/uploads\/2026\/02\/Mons-le-1er-fevrier-2026_11.jpg 832w\" sizes=\"auto, (max-width: 300px) 100vw, 300px\" \/><\/a><p id=\"caption-attachment-9672\" class=\"wp-caption-text\">T\u00e9l\u00e9thon : MONS EN LAONNOIS le 1er f\u00e9vrier 2026<\/p><\/div>\n<p>Depuis notre r\u00e9p\u00e9tition g\u00e9n\u00e9rale \u00e0 Mons-en-Laonnois au profit du T\u00e9l\u00e9thon, notre saison s&rsquo;est d\u00e9roul\u00e9e sans temps mort et tr\u00e8s rapidement. Quel plaisir de jouer la pi\u00e8ce <a href=\"https:\/\/comedialaon.fr\/?page_id=9300\" title=\"\u201cJACQUES A DIT\u201d\">\u201cJACQUES A DIT\u201d<\/a>. <a href=\"https:\/\/comedialaon.fr\/?page_id=8514\" title=\"Marc FAYET\"> Marc FAYET<\/a> a vraiment \u00e9crit une pi\u00e8ce magnifique.<\/p>\n<p>Lors de nos passages \u00e0 Pinon, \u00e0 La F\u00e8re, \u00e0 Samoussy (pour une premi\u00e8re), \u00e0 Couvron-et-Aumencourt (pour une premi\u00e8re), au Centre Culturel du Capno \u00e0 Laon et bien \u00e9videment \u00e0 la Maison des Arts et Loisirs de Laon, nous avons rencontr\u00e9 un public toujours aussi fid\u00e8le et toujours aussi enthousiaste de nous voir. Les com\u00e9diennes et les com\u00e9diens ont pris un plaisir fou \u00e0 jouer cette com\u00e9die tr\u00e8s sympa, pleine d\u2019humour et de petites v\u00e9rit\u00e9s. Les gens se sont amus\u00e9s et ont chaleureusement applaudi le spectacle.<\/p>\n<p>Place maintenant \u00e0 la r\u00e9flexion pour notre metteur en sc\u00e8ne Patrice. Le temps de la recherche, de la lecture approfondie et du choix de notre prochain spectacle &#8230; Rendez-vous tr\u00e8s bient\u00f4t pour plus d&rsquo;informations &#8230; !!!<\/p>\n<p><a href=\"https:\/\/comedialaon.fr\/?page_id=9703\" title=\"Album photos \"Jacques a dit\u201d \u00e0 MONS-EN-LAONNOIS\"> Album photos \u00ab\u00a0Jacques a dit\u201d \u00e0 MONS-EN-LAONNOIS<\/a><\/p>\n<p>Le journal l&rsquo;Union a publi\u00e9 <a href=\" https:\/\/comedialaon.fr\/?attachment_id=9593 \" >un article<\/a> le 10 janvier 2026.<\/p>\n<p>Le journal l&rsquo;Union a publi\u00e9 <a href=\" https:\/\/comedialaon.fr\/?attachment_id=9696 \" >un article<\/a> le 5 f\u00e9vrier 2026<\/p>\n<p>Le journal l&rsquo;Union a publi\u00e9 <a href=\" https:\/\/comedialaon.fr\/?attachment_id=9729 \" >un article<\/a> le 26 mars 2026.<\/p>\n<p>Le journal l&rsquo;Union a publi\u00e9 <a href=\" https:\/\/comedialaon.fr\/?attachment_id=9731 \" >un article<\/a> le 5 avril 2026.<\/p>\n<p>Le journal l&rsquo;Union a publi\u00e9 <a href=\" https:\/\/comedialaon.fr\/?attachment_id=9734 \" >un article<\/a> le 18 avril 2026.<\/p>\n","protected":false},"excerpt":{"rendered":"<p>Depuis notre r\u00e9p\u00e9tition g\u00e9n\u00e9rale \u00e0 Mons-en-Laonnois au profit du T\u00e9l\u00e9thon, notre saison s&rsquo;est d\u00e9roul\u00e9e sans temps mort et tr\u00e8s rapidement. Quel plaisir de jouer la pi\u00e8ce \u201cJACQUES A DIT\u201d. Marc FAYET a vraiment \u00e9crit une pi\u00e8ce magnifique. Lors de nos passages \u00e0 Pinon, \u00e0 La F\u00e8re, \u00e0 Samoussy (pour une premi\u00e8re), \u00e0 Couvron-et-Aumencourt (pour une<\/p>\n<p><a class=\"excerpt-more blog-excerpt\" href=\"https:\/\/comedialaon.fr\/?p=9715\">Lire la suite<\/a><\/p>\n","protected":false},"author":1,"featured_media":0,"comment_status":"closed","ping_status":"open","sticky":false,"template":"","format":"standard","meta":{"footnotes":""},"categories":[11],"tags":[],"class_list":["post-9715","post","type-post","status-publish","format-standard","hentry","category-infos-live"],"yoast_head":"<!-- This site is optimized with the Yoast SEO plugin v27.5 - https:\/\/yoast.com\/product\/yoast-seo-wordpress\/ -->\n<title>RETOUR SUR NOTRE SAISON !!! &#8226; Com\u00e9dia Laon<\/title>\n<meta name=\"robots\" content=\"index, follow, max-snippet:-1, max-image-preview:large, max-video-preview:-1\" \/>\n<link rel=\"canonical\" href=\"https:\/\/comedialaon.fr\/?p=9715\" \/>\n<meta property=\"og:locale\" content=\"fr_FR\" \/>\n<meta property=\"og:type\" content=\"article\" \/>\n<meta property=\"og:title\" content=\"RETOUR SUR NOTRE SAISON !!! &#8226; Com\u00e9dia Laon\" \/>\n<meta property=\"og:description\" content=\"Depuis notre r\u00e9p\u00e9tition g\u00e9n\u00e9rale \u00e0 Mons-en-Laonnois au profit du T\u00e9l\u00e9thon, notre saison s&rsquo;est d\u00e9roul\u00e9e sans temps mort et tr\u00e8s rapidement. Quel plaisir de jouer la pi\u00e8ce \u201cJACQUES A DIT\u201d. Marc FAYET a vraiment \u00e9crit une pi\u00e8ce magnifique. Lors de nos passages \u00e0 Pinon, \u00e0 La F\u00e8re, \u00e0 Samoussy (pour une premi\u00e8re), \u00e0 Couvron-et-Aumencourt (pour uneLire la suite\" \/>\n<meta property=\"og:url\" content=\"https:\/\/comedialaon.fr\/?p=9715\" \/>\n<meta property=\"og:site_name\" content=\"Com\u00e9dia Laon\" \/>\n<meta property=\"article:publisher\" content=\"https:\/\/www.facebook.com\/profile.php?id=100008459438996\" \/>\n<meta property=\"article:published_time\" content=\"2026-04-30T12:06:17+00:00\" \/>\n<meta property=\"og:image\" content=\"https:\/\/comedialaon.fr\/wp-content\/uploads\/2026\/02\/Mons-le-1er-fevrier-2026_11.jpg\" \/>\n\t<meta property=\"og:image:width\" content=\"832\" \/>\n\t<meta property=\"og:image:height\" content=\"600\" \/>\n\t<meta property=\"og:image:type\" content=\"image\/jpeg\" \/>\n<meta name=\"author\" content=\"Muppet 2\" \/>\n<meta name=\"twitter:label1\" content=\"\u00c9crit par\" \/>\n\t<meta name=\"twitter:data1\" content=\"Muppet 2\" \/>\n\t<meta name=\"twitter:label2\" content=\"Dur\u00e9e de lecture estim\u00e9e\" \/>\n\t<meta name=\"twitter:data2\" content=\"2 minutes\" \/>\n<script type=\"application\/ld+json\" class=\"yoast-schema-graph\">{\"@context\":\"https:\\\/\\\/schema.org\",\"@graph\":[{\"@type\":\"Article\",\"@id\":\"https:\\\/\\\/comedialaon.fr\\\/?p=9715#article\",\"isPartOf\":{\"@id\":\"https:\\\/\\\/comedialaon.fr\\\/?p=9715\"},\"author\":{\"name\":\"Muppet 2\",\"@id\":\"https:\\\/\\\/comedialaon.fr\\\/#\\\/schema\\\/person\\\/b5fa2097d9c2df39b18b24eb09a90f30\"},\"headline\":\"RETOUR SUR NOTRE SAISON !!!\",\"datePublished\":\"2026-04-30T12:06:17+00:00\",\"mainEntityOfPage\":{\"@id\":\"https:\\\/\\\/comedialaon.fr\\\/?p=9715\"},\"wordCount\":197,\"publisher\":{\"@id\":\"https:\\\/\\\/comedialaon.fr\\\/#organization\"},\"image\":{\"@id\":\"https:\\\/\\\/comedialaon.fr\\\/?p=9715#primaryimage\"},\"thumbnailUrl\":\"https:\\\/\\\/comedialaon.fr\\\/wp-content\\\/uploads\\\/2026\\\/02\\\/Mons-le-1er-fevrier-2026_11-300x216.jpg\",\"articleSection\":[\"Infos LIVE\"],\"inLanguage\":\"fr-FR\"},{\"@type\":\"WebPage\",\"@id\":\"https:\\\/\\\/comedialaon.fr\\\/?p=9715\",\"url\":\"https:\\\/\\\/comedialaon.fr\\\/?p=9715\",\"name\":\"RETOUR SUR NOTRE SAISON !!! &#8226; Com\u00e9dia Laon\",\"isPartOf\":{\"@id\":\"https:\\\/\\\/comedialaon.fr\\\/#website\"},\"primaryImageOfPage\":{\"@id\":\"https:\\\/\\\/comedialaon.fr\\\/?p=9715#primaryimage\"},\"image\":{\"@id\":\"https:\\\/\\\/comedialaon.fr\\\/?p=9715#primaryimage\"},\"thumbnailUrl\":\"https:\\\/\\\/comedialaon.fr\\\/wp-content\\\/uploads\\\/2026\\\/02\\\/Mons-le-1er-fevrier-2026_11-300x216.jpg\",\"datePublished\":\"2026-04-30T12:06:17+00:00\",\"breadcrumb\":{\"@id\":\"https:\\\/\\\/comedialaon.fr\\\/?p=9715#breadcrumb\"},\"inLanguage\":\"fr-FR\",\"potentialAction\":[{\"@type\":\"ReadAction\",\"target\":[\"https:\\\/\\\/comedialaon.fr\\\/?p=9715\"]}]},{\"@type\":\"ImageObject\",\"inLanguage\":\"fr-FR\",\"@id\":\"https:\\\/\\\/comedialaon.fr\\\/?p=9715#primaryimage\",\"url\":\"https:\\\/\\\/comedialaon.fr\\\/wp-content\\\/uploads\\\/2026\\\/02\\\/Mons-le-1er-fevrier-2026_11.jpg\",\"contentUrl\":\"https:\\\/\\\/comedialaon.fr\\\/wp-content\\\/uploads\\\/2026\\\/02\\\/Mons-le-1er-fevrier-2026_11.jpg\",\"width\":832,\"height\":600,\"caption\":\"T\u00e9l\u00e9thon : MONS EN LAONNOIS le 1er f\u00e9vrier 2026\"},{\"@type\":\"BreadcrumbList\",\"@id\":\"https:\\\/\\\/comedialaon.fr\\\/?p=9715#breadcrumb\",\"itemListElement\":[{\"@type\":\"ListItem\",\"position\":1,\"name\":\"Accueil\",\"item\":\"https:\\\/\\\/comedialaon.fr\\\/\"},{\"@type\":\"ListItem\",\"position\":2,\"name\":\"RETOUR SUR NOTRE SAISON !!!\"}]},{\"@type\":\"WebSite\",\"@id\":\"https:\\\/\\\/comedialaon.fr\\\/#website\",\"url\":\"https:\\\/\\\/comedialaon.fr\\\/\",\"name\":\"Com\u00e9dia Laon\",\"description\":\"Prendre et donner du PLAISIR ... !!! ;-)\",\"publisher\":{\"@id\":\"https:\\\/\\\/comedialaon.fr\\\/#organization\"},\"potentialAction\":[{\"@type\":\"SearchAction\",\"target\":{\"@type\":\"EntryPoint\",\"urlTemplate\":\"https:\\\/\\\/comedialaon.fr\\\/?s={search_term_string}\"},\"query-input\":{\"@type\":\"PropertyValueSpecification\",\"valueRequired\":true,\"valueName\":\"search_term_string\"}}],\"inLanguage\":\"fr-FR\"},{\"@type\":\"Organization\",\"@id\":\"https:\\\/\\\/comedialaon.fr\\\/#organization\",\"name\":\"Com\u00e9dia Laon\",\"url\":\"https:\\\/\\\/comedialaon.fr\\\/\",\"logo\":{\"@type\":\"ImageObject\",\"inLanguage\":\"fr-FR\",\"@id\":\"https:\\\/\\\/comedialaon.fr\\\/#\\\/schema\\\/logo\\\/image\\\/\",\"url\":\"https:\\\/\\\/comedialaon.fr\\\/wp-content\\\/uploads\\\/2019\\\/02\\\/LOGO-CL-et-OL.jpg\",\"contentUrl\":\"https:\\\/\\\/comedialaon.fr\\\/wp-content\\\/uploads\\\/2019\\\/02\\\/LOGO-CL-et-OL.jpg\",\"width\":756,\"height\":210,\"caption\":\"Com\u00e9dia Laon\"},\"image\":{\"@id\":\"https:\\\/\\\/comedialaon.fr\\\/#\\\/schema\\\/logo\\\/image\\\/\"},\"sameAs\":[\"https:\\\/\\\/www.facebook.com\\\/profile.php?id=100008459438996\",\"https:\\\/\\\/www.youtube.com\\\/results?search_query=comedia laon\"]},{\"@type\":\"Person\",\"@id\":\"https:\\\/\\\/comedialaon.fr\\\/#\\\/schema\\\/person\\\/b5fa2097d9c2df39b18b24eb09a90f30\",\"name\":\"Muppet 2\",\"image\":{\"@type\":\"ImageObject\",\"inLanguage\":\"fr-FR\",\"@id\":\"https:\\\/\\\/secure.gravatar.com\\\/avatar\\\/8e9847ab3b902434f6deca39973d429601dcdadf46a57d80eec28699158bf63a?s=96&d=mm&r=g\",\"url\":\"https:\\\/\\\/secure.gravatar.com\\\/avatar\\\/8e9847ab3b902434f6deca39973d429601dcdadf46a57d80eec28699158bf63a?s=96&d=mm&r=g\",\"contentUrl\":\"https:\\\/\\\/secure.gravatar.com\\\/avatar\\\/8e9847ab3b902434f6deca39973d429601dcdadf46a57d80eec28699158bf63a?s=96&d=mm&r=g\",\"caption\":\"Muppet 2\"},\"sameAs\":[\"https:\\\/\\\/www.comedialaon.fr\"]}]}<\/script>\n<!-- \/ Yoast SEO plugin. -->","yoast_head_json":{"title":"RETOUR SUR NOTRE SAISON !!! &#8226; Com\u00e9dia Laon","robots":{"index":"index","follow":"follow","max-snippet":"max-snippet:-1","max-image-preview":"max-image-preview:large","max-video-preview":"max-video-preview:-1"},"canonical":"https:\/\/comedialaon.fr\/?p=9715","og_locale":"fr_FR","og_type":"article","og_title":"RETOUR SUR NOTRE SAISON !!! &#8226; Com\u00e9dia Laon","og_description":"Depuis notre r\u00e9p\u00e9tition g\u00e9n\u00e9rale \u00e0 Mons-en-Laonnois au profit du T\u00e9l\u00e9thon, notre saison s&rsquo;est d\u00e9roul\u00e9e sans temps mort et tr\u00e8s rapidement. Quel plaisir de jouer la pi\u00e8ce \u201cJACQUES A DIT\u201d. Marc FAYET a vraiment \u00e9crit une pi\u00e8ce magnifique. Lors de nos passages \u00e0 Pinon, \u00e0 La F\u00e8re, \u00e0 Samoussy (pour une premi\u00e8re), \u00e0 Couvron-et-Aumencourt (pour uneLire la suite","og_url":"https:\/\/comedialaon.fr\/?p=9715","og_site_name":"Com\u00e9dia Laon","article_publisher":"https:\/\/www.facebook.com\/profile.php?id=100008459438996","article_published_time":"2026-04-30T12:06:17+00:00","og_image":[{"width":832,"height":600,"url":"https:\/\/comedialaon.fr\/wp-content\/uploads\/2026\/02\/Mons-le-1er-fevrier-2026_11.jpg","type":"image\/jpeg"}],"author":"Muppet 2","twitter_misc":{"\u00c9crit par":"Muppet 2","Dur\u00e9e de lecture estim\u00e9e":"2 minutes"},"schema":{"@context":"https:\/\/schema.org","@graph":[{"@type":"Article","@id":"https:\/\/comedialaon.fr\/?p=9715#article","isPartOf":{"@id":"https:\/\/comedialaon.fr\/?p=9715"},"author":{"name":"Muppet 2","@id":"https:\/\/comedialaon.fr\/#\/schema\/person\/b5fa2097d9c2df39b18b24eb09a90f30"},"headline":"RETOUR SUR NOTRE SAISON !!!","datePublished":"2026-04-30T12:06:17+00:00","mainEntityOfPage":{"@id":"https:\/\/comedialaon.fr\/?p=9715"},"wordCount":197,"publisher":{"@id":"https:\/\/comedialaon.fr\/#organization"},"image":{"@id":"https:\/\/comedialaon.fr\/?p=9715#primaryimage"},"thumbnailUrl":"https:\/\/comedialaon.fr\/wp-content\/uploads\/2026\/02\/Mons-le-1er-fevrier-2026_11-300x216.jpg","articleSection":["Infos LIVE"],"inLanguage":"fr-FR"},{"@type":"WebPage","@id":"https:\/\/comedialaon.fr\/?p=9715","url":"https:\/\/comedialaon.fr\/?p=9715","name":"RETOUR SUR NOTRE SAISON !!! &#8226; Com\u00e9dia Laon","isPartOf":{"@id":"https:\/\/comedialaon.fr\/#website"},"primaryImageOfPage":{"@id":"https:\/\/comedialaon.fr\/?p=9715#primaryimage"},"image":{"@id":"https:\/\/comedialaon.fr\/?p=9715#primaryimage"},"thumbnailUrl":"https:\/\/comedialaon.fr\/wp-content\/uploads\/2026\/02\/Mons-le-1er-fevrier-2026_11-300x216.jpg","datePublished":"2026-04-30T12:06:17+00:00","breadcrumb":{"@id":"https:\/\/comedialaon.fr\/?p=9715#breadcrumb"},"inLanguage":"fr-FR","potentialAction":[{"@type":"ReadAction","target":["https:\/\/comedialaon.fr\/?p=9715"]}]},{"@type":"ImageObject","inLanguage":"fr-FR","@id":"https:\/\/comedialaon.fr\/?p=9715#primaryimage","url":"https:\/\/comedialaon.fr\/wp-content\/uploads\/2026\/02\/Mons-le-1er-fevrier-2026_11.jpg","contentUrl":"https:\/\/comedialaon.fr\/wp-content\/uploads\/2026\/02\/Mons-le-1er-fevrier-2026_11.jpg","width":832,"height":600,"caption":"T\u00e9l\u00e9thon : MONS EN LAONNOIS le 1er f\u00e9vrier 2026"},{"@type":"BreadcrumbList","@id":"https:\/\/comedialaon.fr\/?p=9715#breadcrumb","itemListElement":[{"@type":"ListItem","position":1,"name":"Accueil","item":"https:\/\/comedialaon.fr\/"},{"@type":"ListItem","position":2,"name":"RETOUR SUR NOTRE SAISON !!!"}]},{"@type":"WebSite","@id":"https:\/\/comedialaon.fr\/#website","url":"https:\/\/comedialaon.fr\/","name":"Com\u00e9dia Laon","description":"Prendre et donner du PLAISIR ... !!! ;-)","publisher":{"@id":"https:\/\/comedialaon.fr\/#organization"},"potentialAction":[{"@type":"SearchAction","target":{"@type":"EntryPoint","urlTemplate":"https:\/\/comedialaon.fr\/?s={search_term_string}"},"query-input":{"@type":"PropertyValueSpecification","valueRequired":true,"valueName":"search_term_string"}}],"inLanguage":"fr-FR"},{"@type":"Organization","@id":"https:\/\/comedialaon.fr\/#organization","name":"Com\u00e9dia Laon","url":"https:\/\/comedialaon.fr\/","logo":{"@type":"ImageObject","inLanguage":"fr-FR","@id":"https:\/\/comedialaon.fr\/#\/schema\/logo\/image\/","url":"https:\/\/comedialaon.fr\/wp-content\/uploads\/2019\/02\/LOGO-CL-et-OL.jpg","contentUrl":"https:\/\/comedialaon.fr\/wp-content\/uploads\/2019\/02\/LOGO-CL-et-OL.jpg","width":756,"height":210,"caption":"Com\u00e9dia Laon"},"image":{"@id":"https:\/\/comedialaon.fr\/#\/schema\/logo\/image\/"},"sameAs":["https:\/\/www.facebook.com\/profile.php?id=100008459438996","https:\/\/www.youtube.com\/results?search_query=comedia laon"]},{"@type":"Person","@id":"https:\/\/comedialaon.fr\/#\/schema\/person\/b5fa2097d9c2df39b18b24eb09a90f30","name":"Muppet 2","image":{"@type":"ImageObject","inLanguage":"fr-FR","@id":"https:\/\/secure.gravatar.com\/avatar\/8e9847ab3b902434f6deca39973d429601dcdadf46a57d80eec28699158bf63a?s=96&d=mm&r=g","url":"https:\/\/secure.gravatar.com\/avatar\/8e9847ab3b902434f6deca39973d429601dcdadf46a57d80eec28699158bf63a?s=96&d=mm&r=g","contentUrl":"https:\/\/secure.gravatar.com\/avatar\/8e9847ab3b902434f6deca39973d429601dcdadf46a57d80eec28699158bf63a?s=96&d=mm&r=g","caption":"Muppet 2"},"sameAs":["https:\/\/www.comedialaon.fr"]}]}},"_links":{"self":[{"href":"https:\/\/comedialaon.fr\/index.php?rest_route=\/wp\/v2\/posts\/9715","targetHints":{"allow":["GET"]}}],"collection":[{"href":"https:\/\/comedialaon.fr\/index.php?rest_route=\/wp\/v2\/posts"}],"about":[{"href":"https:\/\/comedialaon.fr\/index.php?rest_route=\/wp\/v2\/types\/post"}],"author":[{"embeddable":true,"href":"https:\/\/comedialaon.fr\/index.php?rest_route=\/wp\/v2\/users\/1"}],"replies":[{"embeddable":true,"href":"https:\/\/comedialaon.fr\/index.php?rest_route=%2Fwp%2Fv2%2Fcomments&post=9715"}],"version-history":[{"count":12,"href":"https:\/\/comedialaon.fr\/index.php?rest_route=\/wp\/v2\/posts\/9715\/revisions"}],"predecessor-version":[{"id":9736,"href":"https:\/\/comedialaon.fr\/index.php?rest_route=\/wp\/v2\/posts\/9715\/revisions\/9736"}],"wp:attachment":[{"href":"https:\/\/comedialaon.fr\/index.php?rest_route=%2Fwp%2Fv2%2Fmedia&parent=9715"}],"wp:term":[{"taxonomy":"category","embeddable":true,"href":"https:\/\/comedialaon.fr\/index.php?rest_route=%2Fwp%2Fv2%2Fcategories&post=9715"},{"taxonomy":"post_tag","embeddable":true,"href":"https:\/\/comedialaon.fr\/index.php?rest_route=%2Fwp%2Fv2%2Ftags&post=9715"}],"curies":[{"name":"wp","href":"https:\/\/api.w.org\/{rel}","templated":true}]}}