{"id":9575,"date":"2026-01-10T12:56:41","date_gmt":"2026-01-10T10:56:41","guid":{"rendered":"https:\/\/comedialaon.fr\/?p=9575"},"modified":"2026-01-10T12:56:41","modified_gmt":"2026-01-10T10:56:41","slug":"repetition-generale-au-profit-du-telethon-2","status":"publish","type":"post","link":"https:\/\/comedialaon.fr\/?p=9575","title":{"rendered":"<font color=#0000FF><u><b>R\u00c9P\u00c9TITION G\u00c9N\u00c9RALE AU PROFIT DU T\u00c9L\u00c9THON<\/b><\/u><\/font color>"},"content":{"rendered":"<div id=\"attachment_9529\" style=\"width: 220px\" class=\"wp-caption alignleft\"><a href=\"https:\/\/comedialaon.fr\/wp-content\/uploads\/2025\/11\/Affiche-Jacques-a-dit-MONS-le-1er-fevrier-2026.jpg\"><img loading=\"lazy\" decoding=\"async\" aria-describedby=\"caption-attachment-9529\" src=\"https:\/\/comedialaon.fr\/wp-content\/uploads\/2025\/11\/Affiche-Jacques-a-dit-MONS-le-1er-fevrier-2026-210x300.jpg\" alt=\"\" width=\"210\" height=\"300\" class=\"size-medium wp-image-9529\" srcset=\"https:\/\/comedialaon.fr\/wp-content\/uploads\/2025\/11\/Affiche-Jacques-a-dit-MONS-le-1er-fevrier-2026-210x300.jpg 210w, https:\/\/comedialaon.fr\/wp-content\/uploads\/2025\/11\/Affiche-Jacques-a-dit-MONS-le-1er-fevrier-2026.jpg 420w\" sizes=\"auto, (max-width: 210px) 100vw, 210px\" \/><\/a><p id=\"caption-attachment-9529\" class=\"wp-caption-text\">\u201cJacques a dit\u201d de Marc FAYET \u00e0 MONS EN LAONNOIS au profit du T\u00e9l\u00e9thon le 1er f\u00e9vrier 2026<\/p><\/div>\n<p>C&rsquo;est parti pour notre saison 2026 !!!<\/p>\n<p>Nous sommes actuellement plong\u00e9s dans les r\u00e9p\u00e9titions de notre nouvelle pi\u00e8ce <a href=\"https:\/\/comedialaon.fr\/?page_id=9300\" title=\"\u201cJACQUES A DIT\u201d\">\u201cJACQUES A DIT\u201d<\/a> de <a href=\"https:\/\/comedialaon.fr\/?page_id=8514\" title=\"Marc FAYET\"> Marc FAYET<\/a>.<\/p>\n<p>Nous seront \u00e0 Mons-en-Laonnois le dimanche 1er f\u00e9vrier 2026 \u00e0 15H00 \u00e0 la Salle du Stade pour une R\u00e9p\u00e9tition G\u00e9n\u00e9rale au profit du T\u00e9l\u00e9thon.<\/p>\n<p><big> <big> Pensez \u00e0 r\u00e9server vos places : 03.23.79.63.13 ou comedialaon@orange.fr (le retrait et le paiement des billets se feront sur place). <\/big><\/p>\n<p>Le journal l&rsquo;Union a publi\u00e9 <a href=\" https:\/\/comedialaon.fr\/?attachment_id=9593 \" >un article<\/a> le 10 janvier 2026.<\/p>\n<p><a href=\"https:\/\/comedialaon.fr\/?page_id=9280\" title=\"Nos dates de repr\u00e9sentations pour 2026\"> Nos dates de repr\u00e9sentations pour 2026<\/a><\/p>\n","protected":false},"excerpt":{"rendered":"<p>C&rsquo;est parti pour notre saison 2026 !!! Nous sommes actuellement plong\u00e9s dans les r\u00e9p\u00e9titions de notre nouvelle pi\u00e8ce \u201cJACQUES A DIT\u201d de Marc FAYET. Nous seront \u00e0 Mons-en-Laonnois le dimanche 1er f\u00e9vrier 2026 \u00e0 15H00 \u00e0 la Salle du Stade pour une R\u00e9p\u00e9tition G\u00e9n\u00e9rale au profit du T\u00e9l\u00e9thon. Pensez \u00e0 r\u00e9server vos places : 03.23.79.63.13<\/p>\n<p><a class=\"excerpt-more blog-excerpt\" href=\"https:\/\/comedialaon.fr\/?p=9575\">Lire la suite<\/a><\/p>\n","protected":false},"author":1,"featured_media":0,"comment_status":"closed","ping_status":"open","sticky":false,"template":"","format":"standard","meta":{"footnotes":""},"categories":[11],"tags":[],"class_list":["post-9575","post","type-post","status-publish","format-standard","hentry","category-infos-live"],"yoast_head":"<!-- This site is optimized with the Yoast SEO plugin v27.5 - https:\/\/yoast.com\/product\/yoast-seo-wordpress\/ -->\n<title>R\u00c9P\u00c9TITION G\u00c9N\u00c9RALE AU PROFIT DU T\u00c9L\u00c9THON &#8226; Com\u00e9dia Laon<\/title>\n<meta name=\"robots\" content=\"index, follow, max-snippet:-1, max-image-preview:large, max-video-preview:-1\" \/>\n<link rel=\"canonical\" href=\"https:\/\/comedialaon.fr\/?p=9575\" \/>\n<meta property=\"og:locale\" content=\"fr_FR\" \/>\n<meta property=\"og:type\" content=\"article\" \/>\n<meta property=\"og:title\" content=\"R\u00c9P\u00c9TITION G\u00c9N\u00c9RALE AU PROFIT DU T\u00c9L\u00c9THON &#8226; Com\u00e9dia Laon\" \/>\n<meta property=\"og:description\" content=\"C&rsquo;est parti pour notre saison 2026 !!! Nous sommes actuellement plong\u00e9s dans les r\u00e9p\u00e9titions de notre nouvelle pi\u00e8ce \u201cJACQUES A DIT\u201d de Marc FAYET. Nous seront \u00e0 Mons-en-Laonnois le dimanche 1er f\u00e9vrier 2026 \u00e0 15H00 \u00e0 la Salle du Stade pour une R\u00e9p\u00e9tition G\u00e9n\u00e9rale au profit du T\u00e9l\u00e9thon. Pensez \u00e0 r\u00e9server vos places : 03.23.79.63.13Lire la suite\" \/>\n<meta property=\"og:url\" content=\"https:\/\/comedialaon.fr\/?p=9575\" \/>\n<meta property=\"og:site_name\" content=\"Com\u00e9dia Laon\" \/>\n<meta property=\"article:publisher\" content=\"https:\/\/www.facebook.com\/profile.php?id=100008459438996\" \/>\n<meta property=\"article:published_time\" content=\"2026-01-10T10:56:41+00:00\" \/>\n<meta property=\"og:image\" content=\"https:\/\/comedialaon.fr\/wp-content\/uploads\/2025\/11\/Affiche-Jacques-a-dit-MONS-le-1er-fevrier-2026.jpg\" \/>\n\t<meta property=\"og:image:width\" content=\"420\" \/>\n\t<meta property=\"og:image:height\" content=\"600\" \/>\n\t<meta property=\"og:image:type\" content=\"image\/jpeg\" \/>\n<meta name=\"author\" content=\"Muppet 2\" \/>\n<meta name=\"twitter:label1\" content=\"\u00c9crit par\" \/>\n\t<meta name=\"twitter:data1\" content=\"Muppet 2\" \/>\n\t<meta name=\"twitter:label2\" content=\"Dur\u00e9e de lecture estim\u00e9e\" \/>\n\t<meta name=\"twitter:data2\" content=\"1 minute\" \/>\n<script type=\"application\/ld+json\" class=\"yoast-schema-graph\">{\"@context\":\"https:\\\/\\\/schema.org\",\"@graph\":[{\"@type\":\"Article\",\"@id\":\"https:\\\/\\\/comedialaon.fr\\\/?p=9575#article\",\"isPartOf\":{\"@id\":\"https:\\\/\\\/comedialaon.fr\\\/?p=9575\"},\"author\":{\"name\":\"Muppet 2\",\"@id\":\"https:\\\/\\\/comedialaon.fr\\\/#\\\/schema\\\/person\\\/b5fa2097d9c2df39b18b24eb09a90f30\"},\"headline\":\"R\u00c9P\u00c9TITION G\u00c9N\u00c9RALE AU PROFIT DU T\u00c9L\u00c9THON\",\"datePublished\":\"2026-01-10T10:56:41+00:00\",\"mainEntityOfPage\":{\"@id\":\"https:\\\/\\\/comedialaon.fr\\\/?p=9575\"},\"wordCount\":128,\"publisher\":{\"@id\":\"https:\\\/\\\/comedialaon.fr\\\/#organization\"},\"image\":{\"@id\":\"https:\\\/\\\/comedialaon.fr\\\/?p=9575#primaryimage\"},\"thumbnailUrl\":\"https:\\\/\\\/comedialaon.fr\\\/wp-content\\\/uploads\\\/2025\\\/11\\\/Affiche-Jacques-a-dit-MONS-le-1er-fevrier-2026-210x300.jpg\",\"articleSection\":[\"Infos LIVE\"],\"inLanguage\":\"fr-FR\"},{\"@type\":\"WebPage\",\"@id\":\"https:\\\/\\\/comedialaon.fr\\\/?p=9575\",\"url\":\"https:\\\/\\\/comedialaon.fr\\\/?p=9575\",\"name\":\"R\u00c9P\u00c9TITION G\u00c9N\u00c9RALE AU PROFIT DU T\u00c9L\u00c9THON &#8226; Com\u00e9dia Laon\",\"isPartOf\":{\"@id\":\"https:\\\/\\\/comedialaon.fr\\\/#website\"},\"primaryImageOfPage\":{\"@id\":\"https:\\\/\\\/comedialaon.fr\\\/?p=9575#primaryimage\"},\"image\":{\"@id\":\"https:\\\/\\\/comedialaon.fr\\\/?p=9575#primaryimage\"},\"thumbnailUrl\":\"https:\\\/\\\/comedialaon.fr\\\/wp-content\\\/uploads\\\/2025\\\/11\\\/Affiche-Jacques-a-dit-MONS-le-1er-fevrier-2026-210x300.jpg\",\"datePublished\":\"2026-01-10T10:56:41+00:00\",\"breadcrumb\":{\"@id\":\"https:\\\/\\\/comedialaon.fr\\\/?p=9575#breadcrumb\"},\"inLanguage\":\"fr-FR\",\"potentialAction\":[{\"@type\":\"ReadAction\",\"target\":[\"https:\\\/\\\/comedialaon.fr\\\/?p=9575\"]}]},{\"@type\":\"ImageObject\",\"inLanguage\":\"fr-FR\",\"@id\":\"https:\\\/\\\/comedialaon.fr\\\/?p=9575#primaryimage\",\"url\":\"https:\\\/\\\/comedialaon.fr\\\/wp-content\\\/uploads\\\/2025\\\/11\\\/Affiche-Jacques-a-dit-MONS-le-1er-fevrier-2026.jpg\",\"contentUrl\":\"https:\\\/\\\/comedialaon.fr\\\/wp-content\\\/uploads\\\/2025\\\/11\\\/Affiche-Jacques-a-dit-MONS-le-1er-fevrier-2026.jpg\",\"width\":420,\"height\":600,\"caption\":\"\u201cJacques a dit\u201d de Marc FAYET \u00e0 MONS EN LAONNOIS au profit du T\u00e9l\u00e9thon le 1er f\u00e9vrier 2026\"},{\"@type\":\"BreadcrumbList\",\"@id\":\"https:\\\/\\\/comedialaon.fr\\\/?p=9575#breadcrumb\",\"itemListElement\":[{\"@type\":\"ListItem\",\"position\":1,\"name\":\"Accueil\",\"item\":\"https:\\\/\\\/comedialaon.fr\\\/\"},{\"@type\":\"ListItem\",\"position\":2,\"name\":\"R\u00c9P\u00c9TITION G\u00c9N\u00c9RALE AU PROFIT DU T\u00c9L\u00c9THON\"}]},{\"@type\":\"WebSite\",\"@id\":\"https:\\\/\\\/comedialaon.fr\\\/#website\",\"url\":\"https:\\\/\\\/comedialaon.fr\\\/\",\"name\":\"Com\u00e9dia Laon\",\"description\":\"Prendre et donner du PLAISIR ... !!! ;-)\",\"publisher\":{\"@id\":\"https:\\\/\\\/comedialaon.fr\\\/#organization\"},\"potentialAction\":[{\"@type\":\"SearchAction\",\"target\":{\"@type\":\"EntryPoint\",\"urlTemplate\":\"https:\\\/\\\/comedialaon.fr\\\/?s={search_term_string}\"},\"query-input\":{\"@type\":\"PropertyValueSpecification\",\"valueRequired\":true,\"valueName\":\"search_term_string\"}}],\"inLanguage\":\"fr-FR\"},{\"@type\":\"Organization\",\"@id\":\"https:\\\/\\\/comedialaon.fr\\\/#organization\",\"name\":\"Com\u00e9dia Laon\",\"url\":\"https:\\\/\\\/comedialaon.fr\\\/\",\"logo\":{\"@type\":\"ImageObject\",\"inLanguage\":\"fr-FR\",\"@id\":\"https:\\\/\\\/comedialaon.fr\\\/#\\\/schema\\\/logo\\\/image\\\/\",\"url\":\"https:\\\/\\\/comedialaon.fr\\\/wp-content\\\/uploads\\\/2019\\\/02\\\/LOGO-CL-et-OL.jpg\",\"contentUrl\":\"https:\\\/\\\/comedialaon.fr\\\/wp-content\\\/uploads\\\/2019\\\/02\\\/LOGO-CL-et-OL.jpg\",\"width\":756,\"height\":210,\"caption\":\"Com\u00e9dia Laon\"},\"image\":{\"@id\":\"https:\\\/\\\/comedialaon.fr\\\/#\\\/schema\\\/logo\\\/image\\\/\"},\"sameAs\":[\"https:\\\/\\\/www.facebook.com\\\/profile.php?id=100008459438996\",\"https:\\\/\\\/www.youtube.com\\\/results?search_query=comedia laon\"]},{\"@type\":\"Person\",\"@id\":\"https:\\\/\\\/comedialaon.fr\\\/#\\\/schema\\\/person\\\/b5fa2097d9c2df39b18b24eb09a90f30\",\"name\":\"Muppet 2\",\"image\":{\"@type\":\"ImageObject\",\"inLanguage\":\"fr-FR\",\"@id\":\"https:\\\/\\\/secure.gravatar.com\\\/avatar\\\/8e9847ab3b902434f6deca39973d429601dcdadf46a57d80eec28699158bf63a?s=96&d=mm&r=g\",\"url\":\"https:\\\/\\\/secure.gravatar.com\\\/avatar\\\/8e9847ab3b902434f6deca39973d429601dcdadf46a57d80eec28699158bf63a?s=96&d=mm&r=g\",\"contentUrl\":\"https:\\\/\\\/secure.gravatar.com\\\/avatar\\\/8e9847ab3b902434f6deca39973d429601dcdadf46a57d80eec28699158bf63a?s=96&d=mm&r=g\",\"caption\":\"Muppet 2\"},\"sameAs\":[\"https:\\\/\\\/www.comedialaon.fr\"]}]}<\/script>\n<!-- \/ Yoast SEO plugin. -->","yoast_head_json":{"title":"R\u00c9P\u00c9TITION G\u00c9N\u00c9RALE AU PROFIT DU T\u00c9L\u00c9THON &#8226; Com\u00e9dia Laon","robots":{"index":"index","follow":"follow","max-snippet":"max-snippet:-1","max-image-preview":"max-image-preview:large","max-video-preview":"max-video-preview:-1"},"canonical":"https:\/\/comedialaon.fr\/?p=9575","og_locale":"fr_FR","og_type":"article","og_title":"R\u00c9P\u00c9TITION G\u00c9N\u00c9RALE AU PROFIT DU T\u00c9L\u00c9THON &#8226; Com\u00e9dia Laon","og_description":"C&rsquo;est parti pour notre saison 2026 !!! Nous sommes actuellement plong\u00e9s dans les r\u00e9p\u00e9titions de notre nouvelle pi\u00e8ce \u201cJACQUES A DIT\u201d de Marc FAYET. Nous seront \u00e0 Mons-en-Laonnois le dimanche 1er f\u00e9vrier 2026 \u00e0 15H00 \u00e0 la Salle du Stade pour une R\u00e9p\u00e9tition G\u00e9n\u00e9rale au profit du T\u00e9l\u00e9thon. Pensez \u00e0 r\u00e9server vos places : 03.23.79.63.13Lire la suite","og_url":"https:\/\/comedialaon.fr\/?p=9575","og_site_name":"Com\u00e9dia Laon","article_publisher":"https:\/\/www.facebook.com\/profile.php?id=100008459438996","article_published_time":"2026-01-10T10:56:41+00:00","og_image":[{"width":420,"height":600,"url":"https:\/\/comedialaon.fr\/wp-content\/uploads\/2025\/11\/Affiche-Jacques-a-dit-MONS-le-1er-fevrier-2026.jpg","type":"image\/jpeg"}],"author":"Muppet 2","twitter_misc":{"\u00c9crit par":"Muppet 2","Dur\u00e9e de lecture estim\u00e9e":"1 minute"},"schema":{"@context":"https:\/\/schema.org","@graph":[{"@type":"Article","@id":"https:\/\/comedialaon.fr\/?p=9575#article","isPartOf":{"@id":"https:\/\/comedialaon.fr\/?p=9575"},"author":{"name":"Muppet 2","@id":"https:\/\/comedialaon.fr\/#\/schema\/person\/b5fa2097d9c2df39b18b24eb09a90f30"},"headline":"R\u00c9P\u00c9TITION G\u00c9N\u00c9RALE AU PROFIT DU T\u00c9L\u00c9THON","datePublished":"2026-01-10T10:56:41+00:00","mainEntityOfPage":{"@id":"https:\/\/comedialaon.fr\/?p=9575"},"wordCount":128,"publisher":{"@id":"https:\/\/comedialaon.fr\/#organization"},"image":{"@id":"https:\/\/comedialaon.fr\/?p=9575#primaryimage"},"thumbnailUrl":"https:\/\/comedialaon.fr\/wp-content\/uploads\/2025\/11\/Affiche-Jacques-a-dit-MONS-le-1er-fevrier-2026-210x300.jpg","articleSection":["Infos LIVE"],"inLanguage":"fr-FR"},{"@type":"WebPage","@id":"https:\/\/comedialaon.fr\/?p=9575","url":"https:\/\/comedialaon.fr\/?p=9575","name":"R\u00c9P\u00c9TITION G\u00c9N\u00c9RALE AU PROFIT DU T\u00c9L\u00c9THON &#8226; Com\u00e9dia Laon","isPartOf":{"@id":"https:\/\/comedialaon.fr\/#website"},"primaryImageOfPage":{"@id":"https:\/\/comedialaon.fr\/?p=9575#primaryimage"},"image":{"@id":"https:\/\/comedialaon.fr\/?p=9575#primaryimage"},"thumbnailUrl":"https:\/\/comedialaon.fr\/wp-content\/uploads\/2025\/11\/Affiche-Jacques-a-dit-MONS-le-1er-fevrier-2026-210x300.jpg","datePublished":"2026-01-10T10:56:41+00:00","breadcrumb":{"@id":"https:\/\/comedialaon.fr\/?p=9575#breadcrumb"},"inLanguage":"fr-FR","potentialAction":[{"@type":"ReadAction","target":["https:\/\/comedialaon.fr\/?p=9575"]}]},{"@type":"ImageObject","inLanguage":"fr-FR","@id":"https:\/\/comedialaon.fr\/?p=9575#primaryimage","url":"https:\/\/comedialaon.fr\/wp-content\/uploads\/2025\/11\/Affiche-Jacques-a-dit-MONS-le-1er-fevrier-2026.jpg","contentUrl":"https:\/\/comedialaon.fr\/wp-content\/uploads\/2025\/11\/Affiche-Jacques-a-dit-MONS-le-1er-fevrier-2026.jpg","width":420,"height":600,"caption":"\u201cJacques a dit\u201d de Marc FAYET \u00e0 MONS EN LAONNOIS au profit du T\u00e9l\u00e9thon le 1er f\u00e9vrier 2026"},{"@type":"BreadcrumbList","@id":"https:\/\/comedialaon.fr\/?p=9575#breadcrumb","itemListElement":[{"@type":"ListItem","position":1,"name":"Accueil","item":"https:\/\/comedialaon.fr\/"},{"@type":"ListItem","position":2,"name":"R\u00c9P\u00c9TITION G\u00c9N\u00c9RALE AU PROFIT DU T\u00c9L\u00c9THON"}]},{"@type":"WebSite","@id":"https:\/\/comedialaon.fr\/#website","url":"https:\/\/comedialaon.fr\/","name":"Com\u00e9dia Laon","description":"Prendre et donner du PLAISIR ... !!! ;-)","publisher":{"@id":"https:\/\/comedialaon.fr\/#organization"},"potentialAction":[{"@type":"SearchAction","target":{"@type":"EntryPoint","urlTemplate":"https:\/\/comedialaon.fr\/?s={search_term_string}"},"query-input":{"@type":"PropertyValueSpecification","valueRequired":true,"valueName":"search_term_string"}}],"inLanguage":"fr-FR"},{"@type":"Organization","@id":"https:\/\/comedialaon.fr\/#organization","name":"Com\u00e9dia Laon","url":"https:\/\/comedialaon.fr\/","logo":{"@type":"ImageObject","inLanguage":"fr-FR","@id":"https:\/\/comedialaon.fr\/#\/schema\/logo\/image\/","url":"https:\/\/comedialaon.fr\/wp-content\/uploads\/2019\/02\/LOGO-CL-et-OL.jpg","contentUrl":"https:\/\/comedialaon.fr\/wp-content\/uploads\/2019\/02\/LOGO-CL-et-OL.jpg","width":756,"height":210,"caption":"Com\u00e9dia Laon"},"image":{"@id":"https:\/\/comedialaon.fr\/#\/schema\/logo\/image\/"},"sameAs":["https:\/\/www.facebook.com\/profile.php?id=100008459438996","https:\/\/www.youtube.com\/results?search_query=comedia laon"]},{"@type":"Person","@id":"https:\/\/comedialaon.fr\/#\/schema\/person\/b5fa2097d9c2df39b18b24eb09a90f30","name":"Muppet 2","image":{"@type":"ImageObject","inLanguage":"fr-FR","@id":"https:\/\/secure.gravatar.com\/avatar\/8e9847ab3b902434f6deca39973d429601dcdadf46a57d80eec28699158bf63a?s=96&d=mm&r=g","url":"https:\/\/secure.gravatar.com\/avatar\/8e9847ab3b902434f6deca39973d429601dcdadf46a57d80eec28699158bf63a?s=96&d=mm&r=g","contentUrl":"https:\/\/secure.gravatar.com\/avatar\/8e9847ab3b902434f6deca39973d429601dcdadf46a57d80eec28699158bf63a?s=96&d=mm&r=g","caption":"Muppet 2"},"sameAs":["https:\/\/www.comedialaon.fr"]}]}},"_links":{"self":[{"href":"https:\/\/comedialaon.fr\/index.php?rest_route=\/wp\/v2\/posts\/9575","targetHints":{"allow":["GET"]}}],"collection":[{"href":"https:\/\/comedialaon.fr\/index.php?rest_route=\/wp\/v2\/posts"}],"about":[{"href":"https:\/\/comedialaon.fr\/index.php?rest_route=\/wp\/v2\/types\/post"}],"author":[{"embeddable":true,"href":"https:\/\/comedialaon.fr\/index.php?rest_route=\/wp\/v2\/users\/1"}],"replies":[{"embeddable":true,"href":"https:\/\/comedialaon.fr\/index.php?rest_route=%2Fwp%2Fv2%2Fcomments&post=9575"}],"version-history":[{"count":13,"href":"https:\/\/comedialaon.fr\/index.php?rest_route=\/wp\/v2\/posts\/9575\/revisions"}],"predecessor-version":[{"id":9595,"href":"https:\/\/comedialaon.fr\/index.php?rest_route=\/wp\/v2\/posts\/9575\/revisions\/9595"}],"wp:attachment":[{"href":"https:\/\/comedialaon.fr\/index.php?rest_route=%2Fwp%2Fv2%2Fmedia&parent=9575"}],"wp:term":[{"taxonomy":"category","embeddable":true,"href":"https:\/\/comedialaon.fr\/index.php?rest_route=%2Fwp%2Fv2%2Fcategories&post=9575"},{"taxonomy":"post_tag","embeddable":true,"href":"https:\/\/comedialaon.fr\/index.php?rest_route=%2Fwp%2Fv2%2Ftags&post=9575"}],"curies":[{"name":"wp","href":"https:\/\/api.w.org\/{rel}","templated":true}]}}