{"id":9234,"date":"2025-04-12T12:02:33","date_gmt":"2025-04-12T10:02:33","guid":{"rendered":"https:\/\/comedialaon.fr\/?p=9234"},"modified":"2025-04-12T12:02:33","modified_gmt":"2025-04-12T10:02:33","slug":"quelle-magnifique-fin-de-saison","status":"publish","type":"post","link":"https:\/\/comedialaon.fr\/?p=9234","title":{"rendered":"<font color=#0000FF><u><b>QUELLE MAGNIFIQUE FIN DE SAISON !!!<\/b><\/u><\/font color>"},"content":{"rendered":"<div id=\"attachment_9240\" style=\"width: 310px\" class=\"wp-caption alignleft\"><a href=\"https:\/\/comedialaon.fr\/wp-content\/uploads\/2025\/04\/28-mars-2025-la-MAL.jpg\"><img loading=\"lazy\" decoding=\"async\" aria-describedby=\"caption-attachment-9240\" src=\"https:\/\/comedialaon.fr\/wp-content\/uploads\/2025\/04\/28-mars-2025-la-MAL-300x225.jpg\" alt=\"\" width=\"300\" height=\"225\" class=\"size-medium wp-image-9240\" srcset=\"https:\/\/comedialaon.fr\/wp-content\/uploads\/2025\/04\/28-mars-2025-la-MAL-300x225.jpg 300w, https:\/\/comedialaon.fr\/wp-content\/uploads\/2025\/04\/28-mars-2025-la-MAL-768x576.jpg 768w, https:\/\/comedialaon.fr\/wp-content\/uploads\/2025\/04\/28-mars-2025-la-MAL.jpg 800w\" sizes=\"auto, (max-width: 300px) 100vw, 300px\" \/><\/a><p id=\"caption-attachment-9240\" class=\"wp-caption-text\">\u201cUn stylo dans la t\u00eate\u201d le 28 mars 2025 \u00e0 la Maison des Arts et Loisirs de Laon<\/p><\/div>\n<p>Le 28 mars 2025, nous \u00e9tions \u00e0 la Maison des Arts et Loisirs de Laon avec notre pi\u00e8ce <a href=\"https:\/\/comedialaon.fr\/?page_id=9011\" title=\"\u201cUN STYLO DANS LA T\u00caTE\u201d\">\u201cUN STYLO DANS LA T\u00caTE\u201d<\/a> de <a href=\"https:\/\/comedialaon.fr\/?page_id=8975\" title=\"Jean DELL\">Jean DELL<\/a>. Une salle comble dont les rires et les applaudissements ont rythm\u00e9 cette magnifique soir\u00e9e. Neuf jours plus tard, le 6 avril 2025, nous \u00e9tions au Cin\u00e9ma Piccoli-Piccolo de Vervins pour la cl\u00f4ture de notre saison. L\u00e0 aussi les spectateurs ont ri du d\u00e9but \u00e0 la fin devant des com\u00e9diennes et com\u00e9diens qui se sont amus\u00e9s comme des fous.<\/p>\n<p>Cette saison se termine donc avec beaucoup de joie partag\u00e9e avec notre public qui nous est toujours aussi fid\u00e8le.<\/p>\n<p>Tic Tac &#8230; Tic Tac &#8230; le choix de notre future pi\u00e8ce pour la prochaine saison est en cours de validation. Prochainement vous aurez des informations plus pr\u00e9cises &#8230; Tic Tac &#8230; Tic Tac &#8230;<\/p>\n<p>Le journal l&rsquo;Union a publi\u00e9 <a href=\" https:\/\/comedialaon.fr\/?attachment_id=9218 \" >un article<\/a> le 2 avril 2025.<\/p>\n<p>Le journal l&rsquo;Union a publi\u00e9 <a href=\" https:\/\/comedialaon.fr\/?attachment_id=9224 \" >un article<\/a> le 5 avril 2025.<\/p>\n<p>Le journal l&rsquo;Union a publi\u00e9 <a href=\" https:\/\/comedialaon.fr\/?attachment_id=9226 \" >un article<\/a> le 11 avril 2025.<\/p>\n<p><a href=\"https:\/\/comedialaon.fr\/?page_id=8970\" title=\"Nos dates de repr\u00e9sentations pour 2025\"> Nos dates de repr\u00e9sentations pour 2025<\/a><\/p>\n","protected":false},"excerpt":{"rendered":"<p>Le 28 mars 2025, nous \u00e9tions \u00e0 la Maison des Arts et Loisirs de Laon avec notre pi\u00e8ce \u201cUN STYLO DANS LA T\u00caTE\u201d de Jean DELL. Une salle comble dont les rires et les applaudissements ont rythm\u00e9 cette magnifique soir\u00e9e. Neuf jours plus tard, le 6 avril 2025, nous \u00e9tions au Cin\u00e9ma Piccoli-Piccolo de Vervins<\/p>\n<p><a class=\"excerpt-more blog-excerpt\" href=\"https:\/\/comedialaon.fr\/?p=9234\">Lire la suite<\/a><\/p>\n","protected":false},"author":1,"featured_media":0,"comment_status":"closed","ping_status":"open","sticky":false,"template":"","format":"standard","meta":{"footnotes":""},"categories":[11],"tags":[],"class_list":["post-9234","post","type-post","status-publish","format-standard","hentry","category-infos-live"],"yoast_head":"<!-- This site is optimized with the Yoast SEO plugin v27.5 - https:\/\/yoast.com\/product\/yoast-seo-wordpress\/ -->\n<title>QUELLE MAGNIFIQUE FIN DE SAISON !!! &#8226; Com\u00e9dia Laon<\/title>\n<meta name=\"robots\" content=\"index, follow, max-snippet:-1, max-image-preview:large, max-video-preview:-1\" \/>\n<link rel=\"canonical\" href=\"https:\/\/comedialaon.fr\/?p=9234\" \/>\n<meta property=\"og:locale\" content=\"fr_FR\" \/>\n<meta property=\"og:type\" content=\"article\" \/>\n<meta property=\"og:title\" content=\"QUELLE MAGNIFIQUE FIN DE SAISON !!! &#8226; Com\u00e9dia Laon\" \/>\n<meta property=\"og:description\" content=\"Le 28 mars 2025, nous \u00e9tions \u00e0 la Maison des Arts et Loisirs de Laon avec notre pi\u00e8ce \u201cUN STYLO DANS LA T\u00caTE\u201d de Jean DELL. Une salle comble dont les rires et les applaudissements ont rythm\u00e9 cette magnifique soir\u00e9e. Neuf jours plus tard, le 6 avril 2025, nous \u00e9tions au Cin\u00e9ma Piccoli-Piccolo de VervinsLire la suite\" \/>\n<meta property=\"og:url\" content=\"https:\/\/comedialaon.fr\/?p=9234\" \/>\n<meta property=\"og:site_name\" content=\"Com\u00e9dia Laon\" \/>\n<meta property=\"article:publisher\" content=\"https:\/\/www.facebook.com\/profile.php?id=100008459438996\" \/>\n<meta property=\"article:published_time\" content=\"2025-04-12T10:02:33+00:00\" \/>\n<meta property=\"og:image\" content=\"https:\/\/comedialaon.fr\/wp-content\/uploads\/2025\/04\/28-mars-2025-la-MAL.jpg\" \/>\n\t<meta property=\"og:image:width\" content=\"800\" \/>\n\t<meta property=\"og:image:height\" content=\"600\" \/>\n\t<meta property=\"og:image:type\" content=\"image\/jpeg\" \/>\n<meta name=\"author\" content=\"Muppet 2\" \/>\n<meta name=\"twitter:label1\" content=\"\u00c9crit par\" \/>\n\t<meta name=\"twitter:data1\" content=\"Muppet 2\" \/>\n\t<meta name=\"twitter:label2\" content=\"Dur\u00e9e de lecture estim\u00e9e\" \/>\n\t<meta name=\"twitter:data2\" content=\"2 minutes\" \/>\n<script type=\"application\/ld+json\" class=\"yoast-schema-graph\">{\"@context\":\"https:\\\/\\\/schema.org\",\"@graph\":[{\"@type\":\"Article\",\"@id\":\"https:\\\/\\\/comedialaon.fr\\\/?p=9234#article\",\"isPartOf\":{\"@id\":\"https:\\\/\\\/comedialaon.fr\\\/?p=9234\"},\"author\":{\"name\":\"Muppet 2\",\"@id\":\"https:\\\/\\\/comedialaon.fr\\\/#\\\/schema\\\/person\\\/b5fa2097d9c2df39b18b24eb09a90f30\"},\"headline\":\"QUELLE MAGNIFIQUE FIN DE SAISON !!!\",\"datePublished\":\"2025-04-12T10:02:33+00:00\",\"mainEntityOfPage\":{\"@id\":\"https:\\\/\\\/comedialaon.fr\\\/?p=9234\"},\"wordCount\":204,\"publisher\":{\"@id\":\"https:\\\/\\\/comedialaon.fr\\\/#organization\"},\"image\":{\"@id\":\"https:\\\/\\\/comedialaon.fr\\\/?p=9234#primaryimage\"},\"thumbnailUrl\":\"https:\\\/\\\/comedialaon.fr\\\/wp-content\\\/uploads\\\/2025\\\/04\\\/28-mars-2025-la-MAL-300x225.jpg\",\"articleSection\":[\"Infos LIVE\"],\"inLanguage\":\"fr-FR\"},{\"@type\":\"WebPage\",\"@id\":\"https:\\\/\\\/comedialaon.fr\\\/?p=9234\",\"url\":\"https:\\\/\\\/comedialaon.fr\\\/?p=9234\",\"name\":\"QUELLE MAGNIFIQUE FIN DE SAISON !!! &#8226; Com\u00e9dia Laon\",\"isPartOf\":{\"@id\":\"https:\\\/\\\/comedialaon.fr\\\/#website\"},\"primaryImageOfPage\":{\"@id\":\"https:\\\/\\\/comedialaon.fr\\\/?p=9234#primaryimage\"},\"image\":{\"@id\":\"https:\\\/\\\/comedialaon.fr\\\/?p=9234#primaryimage\"},\"thumbnailUrl\":\"https:\\\/\\\/comedialaon.fr\\\/wp-content\\\/uploads\\\/2025\\\/04\\\/28-mars-2025-la-MAL-300x225.jpg\",\"datePublished\":\"2025-04-12T10:02:33+00:00\",\"breadcrumb\":{\"@id\":\"https:\\\/\\\/comedialaon.fr\\\/?p=9234#breadcrumb\"},\"inLanguage\":\"fr-FR\",\"potentialAction\":[{\"@type\":\"ReadAction\",\"target\":[\"https:\\\/\\\/comedialaon.fr\\\/?p=9234\"]}]},{\"@type\":\"ImageObject\",\"inLanguage\":\"fr-FR\",\"@id\":\"https:\\\/\\\/comedialaon.fr\\\/?p=9234#primaryimage\",\"url\":\"https:\\\/\\\/comedialaon.fr\\\/wp-content\\\/uploads\\\/2025\\\/04\\\/28-mars-2025-la-MAL.jpg\",\"contentUrl\":\"https:\\\/\\\/comedialaon.fr\\\/wp-content\\\/uploads\\\/2025\\\/04\\\/28-mars-2025-la-MAL.jpg\",\"width\":800,\"height\":600,\"caption\":\"\u201cUn stylo dans la t\u00eate\u201d le 28 mars 2025 \u00e0 la Maison des Arts et Loisirs de Laon\"},{\"@type\":\"BreadcrumbList\",\"@id\":\"https:\\\/\\\/comedialaon.fr\\\/?p=9234#breadcrumb\",\"itemListElement\":[{\"@type\":\"ListItem\",\"position\":1,\"name\":\"Accueil\",\"item\":\"https:\\\/\\\/comedialaon.fr\\\/\"},{\"@type\":\"ListItem\",\"position\":2,\"name\":\"QUELLE MAGNIFIQUE FIN DE SAISON !!!\"}]},{\"@type\":\"WebSite\",\"@id\":\"https:\\\/\\\/comedialaon.fr\\\/#website\",\"url\":\"https:\\\/\\\/comedialaon.fr\\\/\",\"name\":\"Com\u00e9dia Laon\",\"description\":\"Prendre et donner du PLAISIR ... !!! ;-)\",\"publisher\":{\"@id\":\"https:\\\/\\\/comedialaon.fr\\\/#organization\"},\"potentialAction\":[{\"@type\":\"SearchAction\",\"target\":{\"@type\":\"EntryPoint\",\"urlTemplate\":\"https:\\\/\\\/comedialaon.fr\\\/?s={search_term_string}\"},\"query-input\":{\"@type\":\"PropertyValueSpecification\",\"valueRequired\":true,\"valueName\":\"search_term_string\"}}],\"inLanguage\":\"fr-FR\"},{\"@type\":\"Organization\",\"@id\":\"https:\\\/\\\/comedialaon.fr\\\/#organization\",\"name\":\"Com\u00e9dia Laon\",\"url\":\"https:\\\/\\\/comedialaon.fr\\\/\",\"logo\":{\"@type\":\"ImageObject\",\"inLanguage\":\"fr-FR\",\"@id\":\"https:\\\/\\\/comedialaon.fr\\\/#\\\/schema\\\/logo\\\/image\\\/\",\"url\":\"https:\\\/\\\/comedialaon.fr\\\/wp-content\\\/uploads\\\/2019\\\/02\\\/LOGO-CL-et-OL.jpg\",\"contentUrl\":\"https:\\\/\\\/comedialaon.fr\\\/wp-content\\\/uploads\\\/2019\\\/02\\\/LOGO-CL-et-OL.jpg\",\"width\":756,\"height\":210,\"caption\":\"Com\u00e9dia Laon\"},\"image\":{\"@id\":\"https:\\\/\\\/comedialaon.fr\\\/#\\\/schema\\\/logo\\\/image\\\/\"},\"sameAs\":[\"https:\\\/\\\/www.facebook.com\\\/profile.php?id=100008459438996\",\"https:\\\/\\\/www.youtube.com\\\/results?search_query=comedia laon\"]},{\"@type\":\"Person\",\"@id\":\"https:\\\/\\\/comedialaon.fr\\\/#\\\/schema\\\/person\\\/b5fa2097d9c2df39b18b24eb09a90f30\",\"name\":\"Muppet 2\",\"image\":{\"@type\":\"ImageObject\",\"inLanguage\":\"fr-FR\",\"@id\":\"https:\\\/\\\/secure.gravatar.com\\\/avatar\\\/8e9847ab3b902434f6deca39973d429601dcdadf46a57d80eec28699158bf63a?s=96&d=mm&r=g\",\"url\":\"https:\\\/\\\/secure.gravatar.com\\\/avatar\\\/8e9847ab3b902434f6deca39973d429601dcdadf46a57d80eec28699158bf63a?s=96&d=mm&r=g\",\"contentUrl\":\"https:\\\/\\\/secure.gravatar.com\\\/avatar\\\/8e9847ab3b902434f6deca39973d429601dcdadf46a57d80eec28699158bf63a?s=96&d=mm&r=g\",\"caption\":\"Muppet 2\"},\"sameAs\":[\"https:\\\/\\\/www.comedialaon.fr\"]}]}<\/script>\n<!-- \/ Yoast SEO plugin. -->","yoast_head_json":{"title":"QUELLE MAGNIFIQUE FIN DE SAISON !!! &#8226; Com\u00e9dia Laon","robots":{"index":"index","follow":"follow","max-snippet":"max-snippet:-1","max-image-preview":"max-image-preview:large","max-video-preview":"max-video-preview:-1"},"canonical":"https:\/\/comedialaon.fr\/?p=9234","og_locale":"fr_FR","og_type":"article","og_title":"QUELLE MAGNIFIQUE FIN DE SAISON !!! &#8226; Com\u00e9dia Laon","og_description":"Le 28 mars 2025, nous \u00e9tions \u00e0 la Maison des Arts et Loisirs de Laon avec notre pi\u00e8ce \u201cUN STYLO DANS LA T\u00caTE\u201d de Jean DELL. Une salle comble dont les rires et les applaudissements ont rythm\u00e9 cette magnifique soir\u00e9e. Neuf jours plus tard, le 6 avril 2025, nous \u00e9tions au Cin\u00e9ma Piccoli-Piccolo de VervinsLire la suite","og_url":"https:\/\/comedialaon.fr\/?p=9234","og_site_name":"Com\u00e9dia Laon","article_publisher":"https:\/\/www.facebook.com\/profile.php?id=100008459438996","article_published_time":"2025-04-12T10:02:33+00:00","og_image":[{"width":800,"height":600,"url":"https:\/\/comedialaon.fr\/wp-content\/uploads\/2025\/04\/28-mars-2025-la-MAL.jpg","type":"image\/jpeg"}],"author":"Muppet 2","twitter_misc":{"\u00c9crit par":"Muppet 2","Dur\u00e9e de lecture estim\u00e9e":"2 minutes"},"schema":{"@context":"https:\/\/schema.org","@graph":[{"@type":"Article","@id":"https:\/\/comedialaon.fr\/?p=9234#article","isPartOf":{"@id":"https:\/\/comedialaon.fr\/?p=9234"},"author":{"name":"Muppet 2","@id":"https:\/\/comedialaon.fr\/#\/schema\/person\/b5fa2097d9c2df39b18b24eb09a90f30"},"headline":"QUELLE MAGNIFIQUE FIN DE SAISON !!!","datePublished":"2025-04-12T10:02:33+00:00","mainEntityOfPage":{"@id":"https:\/\/comedialaon.fr\/?p=9234"},"wordCount":204,"publisher":{"@id":"https:\/\/comedialaon.fr\/#organization"},"image":{"@id":"https:\/\/comedialaon.fr\/?p=9234#primaryimage"},"thumbnailUrl":"https:\/\/comedialaon.fr\/wp-content\/uploads\/2025\/04\/28-mars-2025-la-MAL-300x225.jpg","articleSection":["Infos LIVE"],"inLanguage":"fr-FR"},{"@type":"WebPage","@id":"https:\/\/comedialaon.fr\/?p=9234","url":"https:\/\/comedialaon.fr\/?p=9234","name":"QUELLE MAGNIFIQUE FIN DE SAISON !!! &#8226; Com\u00e9dia Laon","isPartOf":{"@id":"https:\/\/comedialaon.fr\/#website"},"primaryImageOfPage":{"@id":"https:\/\/comedialaon.fr\/?p=9234#primaryimage"},"image":{"@id":"https:\/\/comedialaon.fr\/?p=9234#primaryimage"},"thumbnailUrl":"https:\/\/comedialaon.fr\/wp-content\/uploads\/2025\/04\/28-mars-2025-la-MAL-300x225.jpg","datePublished":"2025-04-12T10:02:33+00:00","breadcrumb":{"@id":"https:\/\/comedialaon.fr\/?p=9234#breadcrumb"},"inLanguage":"fr-FR","potentialAction":[{"@type":"ReadAction","target":["https:\/\/comedialaon.fr\/?p=9234"]}]},{"@type":"ImageObject","inLanguage":"fr-FR","@id":"https:\/\/comedialaon.fr\/?p=9234#primaryimage","url":"https:\/\/comedialaon.fr\/wp-content\/uploads\/2025\/04\/28-mars-2025-la-MAL.jpg","contentUrl":"https:\/\/comedialaon.fr\/wp-content\/uploads\/2025\/04\/28-mars-2025-la-MAL.jpg","width":800,"height":600,"caption":"\u201cUn stylo dans la t\u00eate\u201d le 28 mars 2025 \u00e0 la Maison des Arts et Loisirs de Laon"},{"@type":"BreadcrumbList","@id":"https:\/\/comedialaon.fr\/?p=9234#breadcrumb","itemListElement":[{"@type":"ListItem","position":1,"name":"Accueil","item":"https:\/\/comedialaon.fr\/"},{"@type":"ListItem","position":2,"name":"QUELLE MAGNIFIQUE FIN DE SAISON !!!"}]},{"@type":"WebSite","@id":"https:\/\/comedialaon.fr\/#website","url":"https:\/\/comedialaon.fr\/","name":"Com\u00e9dia Laon","description":"Prendre et donner du PLAISIR ... !!! ;-)","publisher":{"@id":"https:\/\/comedialaon.fr\/#organization"},"potentialAction":[{"@type":"SearchAction","target":{"@type":"EntryPoint","urlTemplate":"https:\/\/comedialaon.fr\/?s={search_term_string}"},"query-input":{"@type":"PropertyValueSpecification","valueRequired":true,"valueName":"search_term_string"}}],"inLanguage":"fr-FR"},{"@type":"Organization","@id":"https:\/\/comedialaon.fr\/#organization","name":"Com\u00e9dia Laon","url":"https:\/\/comedialaon.fr\/","logo":{"@type":"ImageObject","inLanguage":"fr-FR","@id":"https:\/\/comedialaon.fr\/#\/schema\/logo\/image\/","url":"https:\/\/comedialaon.fr\/wp-content\/uploads\/2019\/02\/LOGO-CL-et-OL.jpg","contentUrl":"https:\/\/comedialaon.fr\/wp-content\/uploads\/2019\/02\/LOGO-CL-et-OL.jpg","width":756,"height":210,"caption":"Com\u00e9dia Laon"},"image":{"@id":"https:\/\/comedialaon.fr\/#\/schema\/logo\/image\/"},"sameAs":["https:\/\/www.facebook.com\/profile.php?id=100008459438996","https:\/\/www.youtube.com\/results?search_query=comedia laon"]},{"@type":"Person","@id":"https:\/\/comedialaon.fr\/#\/schema\/person\/b5fa2097d9c2df39b18b24eb09a90f30","name":"Muppet 2","image":{"@type":"ImageObject","inLanguage":"fr-FR","@id":"https:\/\/secure.gravatar.com\/avatar\/8e9847ab3b902434f6deca39973d429601dcdadf46a57d80eec28699158bf63a?s=96&d=mm&r=g","url":"https:\/\/secure.gravatar.com\/avatar\/8e9847ab3b902434f6deca39973d429601dcdadf46a57d80eec28699158bf63a?s=96&d=mm&r=g","contentUrl":"https:\/\/secure.gravatar.com\/avatar\/8e9847ab3b902434f6deca39973d429601dcdadf46a57d80eec28699158bf63a?s=96&d=mm&r=g","caption":"Muppet 2"},"sameAs":["https:\/\/www.comedialaon.fr"]}]}},"_links":{"self":[{"href":"https:\/\/comedialaon.fr\/index.php?rest_route=\/wp\/v2\/posts\/9234","targetHints":{"allow":["GET"]}}],"collection":[{"href":"https:\/\/comedialaon.fr\/index.php?rest_route=\/wp\/v2\/posts"}],"about":[{"href":"https:\/\/comedialaon.fr\/index.php?rest_route=\/wp\/v2\/types\/post"}],"author":[{"embeddable":true,"href":"https:\/\/comedialaon.fr\/index.php?rest_route=\/wp\/v2\/users\/1"}],"replies":[{"embeddable":true,"href":"https:\/\/comedialaon.fr\/index.php?rest_route=%2Fwp%2Fv2%2Fcomments&post=9234"}],"version-history":[{"count":11,"href":"https:\/\/comedialaon.fr\/index.php?rest_route=\/wp\/v2\/posts\/9234\/revisions"}],"predecessor-version":[{"id":9342,"href":"https:\/\/comedialaon.fr\/index.php?rest_route=\/wp\/v2\/posts\/9234\/revisions\/9342"}],"wp:attachment":[{"href":"https:\/\/comedialaon.fr\/index.php?rest_route=%2Fwp%2Fv2%2Fmedia&parent=9234"}],"wp:term":[{"taxonomy":"category","embeddable":true,"href":"https:\/\/comedialaon.fr\/index.php?rest_route=%2Fwp%2Fv2%2Fcategories&post=9234"},{"taxonomy":"post_tag","embeddable":true,"href":"https:\/\/comedialaon.fr\/index.php?rest_route=%2Fwp%2Fv2%2Ftags&post=9234"}],"curies":[{"name":"wp","href":"https:\/\/api.w.org\/{rel}","templated":true}]}}