{"id":9183,"date":"2025-03-06T16:44:53","date_gmt":"2025-03-06T14:44:53","guid":{"rendered":"https:\/\/comedialaon.fr\/?p=9183"},"modified":"2025-04-12T11:26:10","modified_gmt":"2025-04-12T09:26:10","slug":"la-fere-le-8-mars-2025","status":"publish","type":"post","link":"https:\/\/comedialaon.fr\/?p=9183","title":{"rendered":"<font color=#0000FF><u><b>LA F\u00c8RE LE 8 MARS 2025<\/b><\/u><\/font color>"},"content":{"rendered":"<div id=\"attachment_9153\" style=\"width: 310px\" class=\"wp-caption alignleft\"><a href=\"https:\/\/comedialaon.fr\/wp-content\/uploads\/2025\/03\/Un-stylo-dans-la-tete-a-Pinon-le-23-fevrier-2025_3.jpg\"><img loading=\"lazy\" decoding=\"async\" aria-describedby=\"caption-attachment-9153\" src=\"https:\/\/comedialaon.fr\/wp-content\/uploads\/2025\/03\/Un-stylo-dans-la-tete-a-Pinon-le-23-fevrier-2025_3-300x162.jpg\" alt=\"\" width=\"300\" height=\"162\" class=\"size-medium wp-image-9153\" srcset=\"https:\/\/comedialaon.fr\/wp-content\/uploads\/2025\/03\/Un-stylo-dans-la-tete-a-Pinon-le-23-fevrier-2025_3-300x162.jpg 300w, https:\/\/comedialaon.fr\/wp-content\/uploads\/2025\/03\/Un-stylo-dans-la-tete-a-Pinon-le-23-fevrier-2025_3-768x414.jpg 768w, https:\/\/comedialaon.fr\/wp-content\/uploads\/2025\/03\/Un-stylo-dans-la-tete-a-Pinon-le-23-fevrier-2025_3.jpg 800w\" sizes=\"auto, (max-width: 300px) 100vw, 300px\" \/><\/a><p id=\"caption-attachment-9153\" class=\"wp-caption-text\">\u201cUn stylo dans la t\u00eate\u201d \u00e0 Pinon le 23 f\u00e9vrier 2025<\/p><\/div>\n<p>Apr\u00e8s nos repr\u00e9sentations au CAPNO de Laon, \u00e0 Cr\u00e9cy-sur-Serre et \u00e0 Pinon sur lesquelles 320 spectateurs sont venus rire et s&rsquo;amuser, nous serons \u00e0 La F\u00e8re \u00e0 l&rsquo;Espace Drouot le samedi 8 mars 2025 \u00e0 20H30 avec notre spectacle <a href=\"https:\/\/comedialaon.fr\/?page_id=9011\" title=\"\u201cUN STYLO DANS LA T\u00caTE\u201d\">\u201cUN STYLO DANS LA T\u00caTE\u201d<\/a> de <a href=\"https:\/\/comedialaon.fr\/?page_id=8975\" title=\"Jean DELL\">Jean DELL<\/a>.<\/p>\n<p>Cette soir\u00e9e vous est offerte par la Mairie de La F\u00e8re : l&rsquo;entr\u00e9e est gratuite.<\/p>\n<p>Le journal l&rsquo;Aisne Nouvelle a publi\u00e9 <a href=\" https:\/\/comedialaon.fr\/?attachment_id=9193 \" >un article<\/a> le 17 janvier 2025.<\/p>\n<p><a href=\"https:\/\/comedialaon.fr\/?page_id=9179\" title=\"Album photos PINON\"> Album photos PINON<\/a><\/p>\n<p><a href=\"https:\/\/comedialaon.fr\/?page_id=8970\" title=\"Nos dates de repr\u00e9sentations pour 2025\"> Nos dates de repr\u00e9sentations pour 2025<\/a><\/p>\n","protected":false},"excerpt":{"rendered":"<p>Apr\u00e8s nos repr\u00e9sentations au CAPNO de Laon, \u00e0 Cr\u00e9cy-sur-Serre et \u00e0 Pinon sur lesquelles 320 spectateurs sont venus rire et s&rsquo;amuser, nous serons \u00e0 La F\u00e8re \u00e0 l&rsquo;Espace Drouot le samedi 8 mars 2025 \u00e0 20H30 avec notre spectacle \u201cUN STYLO DANS LA T\u00caTE\u201d de Jean DELL. Cette soir\u00e9e vous est offerte par la Mairie<\/p>\n<p><a class=\"excerpt-more blog-excerpt\" href=\"https:\/\/comedialaon.fr\/?p=9183\">Lire la suite<\/a><\/p>\n","protected":false},"author":1,"featured_media":0,"comment_status":"closed","ping_status":"open","sticky":false,"template":"","format":"standard","meta":{"footnotes":""},"categories":[11],"tags":[],"class_list":["post-9183","post","type-post","status-publish","format-standard","hentry","category-infos-live"],"yoast_head":"<!-- This site is optimized with the Yoast SEO plugin v27.5 - https:\/\/yoast.com\/product\/yoast-seo-wordpress\/ -->\n<title>LA F\u00c8RE LE 8 MARS 2025 &#8226; Com\u00e9dia Laon<\/title>\n<meta name=\"robots\" content=\"index, follow, max-snippet:-1, max-image-preview:large, max-video-preview:-1\" \/>\n<link rel=\"canonical\" href=\"https:\/\/comedialaon.fr\/?p=9183\" \/>\n<meta property=\"og:locale\" content=\"fr_FR\" \/>\n<meta property=\"og:type\" content=\"article\" \/>\n<meta property=\"og:title\" content=\"LA F\u00c8RE LE 8 MARS 2025 &#8226; Com\u00e9dia Laon\" \/>\n<meta property=\"og:description\" content=\"Apr\u00e8s nos repr\u00e9sentations au CAPNO de Laon, \u00e0 Cr\u00e9cy-sur-Serre et \u00e0 Pinon sur lesquelles 320 spectateurs sont venus rire et s&rsquo;amuser, nous serons \u00e0 La F\u00e8re \u00e0 l&rsquo;Espace Drouot le samedi 8 mars 2025 \u00e0 20H30 avec notre spectacle \u201cUN STYLO DANS LA T\u00caTE\u201d de Jean DELL. Cette soir\u00e9e vous est offerte par la MairieLire la suite\" \/>\n<meta property=\"og:url\" content=\"https:\/\/comedialaon.fr\/?p=9183\" \/>\n<meta property=\"og:site_name\" content=\"Com\u00e9dia Laon\" \/>\n<meta property=\"article:publisher\" content=\"https:\/\/www.facebook.com\/profile.php?id=100008459438996\" \/>\n<meta property=\"article:published_time\" content=\"2025-03-06T14:44:53+00:00\" \/>\n<meta property=\"article:modified_time\" content=\"2025-04-12T09:26:10+00:00\" \/>\n<meta property=\"og:image\" content=\"https:\/\/comedialaon.fr\/wp-content\/uploads\/2025\/03\/Un-stylo-dans-la-tete-a-Pinon-le-23-fevrier-2025_3.jpg\" \/>\n\t<meta property=\"og:image:width\" content=\"800\" \/>\n\t<meta property=\"og:image:height\" content=\"431\" \/>\n\t<meta property=\"og:image:type\" content=\"image\/jpeg\" \/>\n<meta name=\"author\" content=\"Muppet 2\" \/>\n<meta name=\"twitter:label1\" content=\"\u00c9crit par\" \/>\n\t<meta name=\"twitter:data1\" content=\"Muppet 2\" \/>\n\t<meta name=\"twitter:label2\" content=\"Dur\u00e9e de lecture estim\u00e9e\" \/>\n\t<meta name=\"twitter:data2\" content=\"1 minute\" \/>\n<script type=\"application\/ld+json\" class=\"yoast-schema-graph\">{\"@context\":\"https:\\\/\\\/schema.org\",\"@graph\":[{\"@type\":\"Article\",\"@id\":\"https:\\\/\\\/comedialaon.fr\\\/?p=9183#article\",\"isPartOf\":{\"@id\":\"https:\\\/\\\/comedialaon.fr\\\/?p=9183\"},\"author\":{\"name\":\"Muppet 2\",\"@id\":\"https:\\\/\\\/comedialaon.fr\\\/#\\\/schema\\\/person\\\/b5fa2097d9c2df39b18b24eb09a90f30\"},\"headline\":\"LA F\u00c8RE LE 8 MARS 2025\",\"datePublished\":\"2025-03-06T14:44:53+00:00\",\"dateModified\":\"2025-04-12T09:26:10+00:00\",\"mainEntityOfPage\":{\"@id\":\"https:\\\/\\\/comedialaon.fr\\\/?p=9183\"},\"wordCount\":106,\"publisher\":{\"@id\":\"https:\\\/\\\/comedialaon.fr\\\/#organization\"},\"image\":{\"@id\":\"https:\\\/\\\/comedialaon.fr\\\/?p=9183#primaryimage\"},\"thumbnailUrl\":\"https:\\\/\\\/comedialaon.fr\\\/wp-content\\\/uploads\\\/2025\\\/03\\\/Un-stylo-dans-la-tete-a-Pinon-le-23-fevrier-2025_3-300x162.jpg\",\"articleSection\":[\"Infos LIVE\"],\"inLanguage\":\"fr-FR\"},{\"@type\":\"WebPage\",\"@id\":\"https:\\\/\\\/comedialaon.fr\\\/?p=9183\",\"url\":\"https:\\\/\\\/comedialaon.fr\\\/?p=9183\",\"name\":\"LA F\u00c8RE LE 8 MARS 2025 &#8226; Com\u00e9dia Laon\",\"isPartOf\":{\"@id\":\"https:\\\/\\\/comedialaon.fr\\\/#website\"},\"primaryImageOfPage\":{\"@id\":\"https:\\\/\\\/comedialaon.fr\\\/?p=9183#primaryimage\"},\"image\":{\"@id\":\"https:\\\/\\\/comedialaon.fr\\\/?p=9183#primaryimage\"},\"thumbnailUrl\":\"https:\\\/\\\/comedialaon.fr\\\/wp-content\\\/uploads\\\/2025\\\/03\\\/Un-stylo-dans-la-tete-a-Pinon-le-23-fevrier-2025_3-300x162.jpg\",\"datePublished\":\"2025-03-06T14:44:53+00:00\",\"dateModified\":\"2025-04-12T09:26:10+00:00\",\"breadcrumb\":{\"@id\":\"https:\\\/\\\/comedialaon.fr\\\/?p=9183#breadcrumb\"},\"inLanguage\":\"fr-FR\",\"potentialAction\":[{\"@type\":\"ReadAction\",\"target\":[\"https:\\\/\\\/comedialaon.fr\\\/?p=9183\"]}]},{\"@type\":\"ImageObject\",\"inLanguage\":\"fr-FR\",\"@id\":\"https:\\\/\\\/comedialaon.fr\\\/?p=9183#primaryimage\",\"url\":\"https:\\\/\\\/comedialaon.fr\\\/wp-content\\\/uploads\\\/2025\\\/03\\\/Un-stylo-dans-la-tete-a-Pinon-le-23-fevrier-2025_3.jpg\",\"contentUrl\":\"https:\\\/\\\/comedialaon.fr\\\/wp-content\\\/uploads\\\/2025\\\/03\\\/Un-stylo-dans-la-tete-a-Pinon-le-23-fevrier-2025_3.jpg\",\"width\":800,\"height\":431,\"caption\":\"\u201cUn stylo dans la t\u00eate\u201d \u00e0 Pinon le 23 f\u00e9vrier 2025\"},{\"@type\":\"BreadcrumbList\",\"@id\":\"https:\\\/\\\/comedialaon.fr\\\/?p=9183#breadcrumb\",\"itemListElement\":[{\"@type\":\"ListItem\",\"position\":1,\"name\":\"Accueil\",\"item\":\"https:\\\/\\\/comedialaon.fr\\\/\"},{\"@type\":\"ListItem\",\"position\":2,\"name\":\"LA F\u00c8RE LE 8 MARS 2025\"}]},{\"@type\":\"WebSite\",\"@id\":\"https:\\\/\\\/comedialaon.fr\\\/#website\",\"url\":\"https:\\\/\\\/comedialaon.fr\\\/\",\"name\":\"Com\u00e9dia Laon\",\"description\":\"Prendre et donner du PLAISIR ... !!! ;-)\",\"publisher\":{\"@id\":\"https:\\\/\\\/comedialaon.fr\\\/#organization\"},\"potentialAction\":[{\"@type\":\"SearchAction\",\"target\":{\"@type\":\"EntryPoint\",\"urlTemplate\":\"https:\\\/\\\/comedialaon.fr\\\/?s={search_term_string}\"},\"query-input\":{\"@type\":\"PropertyValueSpecification\",\"valueRequired\":true,\"valueName\":\"search_term_string\"}}],\"inLanguage\":\"fr-FR\"},{\"@type\":\"Organization\",\"@id\":\"https:\\\/\\\/comedialaon.fr\\\/#organization\",\"name\":\"Com\u00e9dia Laon\",\"url\":\"https:\\\/\\\/comedialaon.fr\\\/\",\"logo\":{\"@type\":\"ImageObject\",\"inLanguage\":\"fr-FR\",\"@id\":\"https:\\\/\\\/comedialaon.fr\\\/#\\\/schema\\\/logo\\\/image\\\/\",\"url\":\"https:\\\/\\\/comedialaon.fr\\\/wp-content\\\/uploads\\\/2019\\\/02\\\/LOGO-CL-et-OL.jpg\",\"contentUrl\":\"https:\\\/\\\/comedialaon.fr\\\/wp-content\\\/uploads\\\/2019\\\/02\\\/LOGO-CL-et-OL.jpg\",\"width\":756,\"height\":210,\"caption\":\"Com\u00e9dia Laon\"},\"image\":{\"@id\":\"https:\\\/\\\/comedialaon.fr\\\/#\\\/schema\\\/logo\\\/image\\\/\"},\"sameAs\":[\"https:\\\/\\\/www.facebook.com\\\/profile.php?id=100008459438996\",\"https:\\\/\\\/www.youtube.com\\\/results?search_query=comedia laon\"]},{\"@type\":\"Person\",\"@id\":\"https:\\\/\\\/comedialaon.fr\\\/#\\\/schema\\\/person\\\/b5fa2097d9c2df39b18b24eb09a90f30\",\"name\":\"Muppet 2\",\"image\":{\"@type\":\"ImageObject\",\"inLanguage\":\"fr-FR\",\"@id\":\"https:\\\/\\\/secure.gravatar.com\\\/avatar\\\/8e9847ab3b902434f6deca39973d429601dcdadf46a57d80eec28699158bf63a?s=96&d=mm&r=g\",\"url\":\"https:\\\/\\\/secure.gravatar.com\\\/avatar\\\/8e9847ab3b902434f6deca39973d429601dcdadf46a57d80eec28699158bf63a?s=96&d=mm&r=g\",\"contentUrl\":\"https:\\\/\\\/secure.gravatar.com\\\/avatar\\\/8e9847ab3b902434f6deca39973d429601dcdadf46a57d80eec28699158bf63a?s=96&d=mm&r=g\",\"caption\":\"Muppet 2\"},\"sameAs\":[\"https:\\\/\\\/www.comedialaon.fr\"]}]}<\/script>\n<!-- \/ Yoast SEO plugin. -->","yoast_head_json":{"title":"LA F\u00c8RE LE 8 MARS 2025 &#8226; Com\u00e9dia Laon","robots":{"index":"index","follow":"follow","max-snippet":"max-snippet:-1","max-image-preview":"max-image-preview:large","max-video-preview":"max-video-preview:-1"},"canonical":"https:\/\/comedialaon.fr\/?p=9183","og_locale":"fr_FR","og_type":"article","og_title":"LA F\u00c8RE LE 8 MARS 2025 &#8226; Com\u00e9dia Laon","og_description":"Apr\u00e8s nos repr\u00e9sentations au CAPNO de Laon, \u00e0 Cr\u00e9cy-sur-Serre et \u00e0 Pinon sur lesquelles 320 spectateurs sont venus rire et s&rsquo;amuser, nous serons \u00e0 La F\u00e8re \u00e0 l&rsquo;Espace Drouot le samedi 8 mars 2025 \u00e0 20H30 avec notre spectacle \u201cUN STYLO DANS LA T\u00caTE\u201d de Jean DELL. Cette soir\u00e9e vous est offerte par la MairieLire la suite","og_url":"https:\/\/comedialaon.fr\/?p=9183","og_site_name":"Com\u00e9dia Laon","article_publisher":"https:\/\/www.facebook.com\/profile.php?id=100008459438996","article_published_time":"2025-03-06T14:44:53+00:00","article_modified_time":"2025-04-12T09:26:10+00:00","og_image":[{"width":800,"height":431,"url":"https:\/\/comedialaon.fr\/wp-content\/uploads\/2025\/03\/Un-stylo-dans-la-tete-a-Pinon-le-23-fevrier-2025_3.jpg","type":"image\/jpeg"}],"author":"Muppet 2","twitter_misc":{"\u00c9crit par":"Muppet 2","Dur\u00e9e de lecture estim\u00e9e":"1 minute"},"schema":{"@context":"https:\/\/schema.org","@graph":[{"@type":"Article","@id":"https:\/\/comedialaon.fr\/?p=9183#article","isPartOf":{"@id":"https:\/\/comedialaon.fr\/?p=9183"},"author":{"name":"Muppet 2","@id":"https:\/\/comedialaon.fr\/#\/schema\/person\/b5fa2097d9c2df39b18b24eb09a90f30"},"headline":"LA F\u00c8RE LE 8 MARS 2025","datePublished":"2025-03-06T14:44:53+00:00","dateModified":"2025-04-12T09:26:10+00:00","mainEntityOfPage":{"@id":"https:\/\/comedialaon.fr\/?p=9183"},"wordCount":106,"publisher":{"@id":"https:\/\/comedialaon.fr\/#organization"},"image":{"@id":"https:\/\/comedialaon.fr\/?p=9183#primaryimage"},"thumbnailUrl":"https:\/\/comedialaon.fr\/wp-content\/uploads\/2025\/03\/Un-stylo-dans-la-tete-a-Pinon-le-23-fevrier-2025_3-300x162.jpg","articleSection":["Infos LIVE"],"inLanguage":"fr-FR"},{"@type":"WebPage","@id":"https:\/\/comedialaon.fr\/?p=9183","url":"https:\/\/comedialaon.fr\/?p=9183","name":"LA F\u00c8RE LE 8 MARS 2025 &#8226; Com\u00e9dia Laon","isPartOf":{"@id":"https:\/\/comedialaon.fr\/#website"},"primaryImageOfPage":{"@id":"https:\/\/comedialaon.fr\/?p=9183#primaryimage"},"image":{"@id":"https:\/\/comedialaon.fr\/?p=9183#primaryimage"},"thumbnailUrl":"https:\/\/comedialaon.fr\/wp-content\/uploads\/2025\/03\/Un-stylo-dans-la-tete-a-Pinon-le-23-fevrier-2025_3-300x162.jpg","datePublished":"2025-03-06T14:44:53+00:00","dateModified":"2025-04-12T09:26:10+00:00","breadcrumb":{"@id":"https:\/\/comedialaon.fr\/?p=9183#breadcrumb"},"inLanguage":"fr-FR","potentialAction":[{"@type":"ReadAction","target":["https:\/\/comedialaon.fr\/?p=9183"]}]},{"@type":"ImageObject","inLanguage":"fr-FR","@id":"https:\/\/comedialaon.fr\/?p=9183#primaryimage","url":"https:\/\/comedialaon.fr\/wp-content\/uploads\/2025\/03\/Un-stylo-dans-la-tete-a-Pinon-le-23-fevrier-2025_3.jpg","contentUrl":"https:\/\/comedialaon.fr\/wp-content\/uploads\/2025\/03\/Un-stylo-dans-la-tete-a-Pinon-le-23-fevrier-2025_3.jpg","width":800,"height":431,"caption":"\u201cUn stylo dans la t\u00eate\u201d \u00e0 Pinon le 23 f\u00e9vrier 2025"},{"@type":"BreadcrumbList","@id":"https:\/\/comedialaon.fr\/?p=9183#breadcrumb","itemListElement":[{"@type":"ListItem","position":1,"name":"Accueil","item":"https:\/\/comedialaon.fr\/"},{"@type":"ListItem","position":2,"name":"LA F\u00c8RE LE 8 MARS 2025"}]},{"@type":"WebSite","@id":"https:\/\/comedialaon.fr\/#website","url":"https:\/\/comedialaon.fr\/","name":"Com\u00e9dia Laon","description":"Prendre et donner du PLAISIR ... !!! ;-)","publisher":{"@id":"https:\/\/comedialaon.fr\/#organization"},"potentialAction":[{"@type":"SearchAction","target":{"@type":"EntryPoint","urlTemplate":"https:\/\/comedialaon.fr\/?s={search_term_string}"},"query-input":{"@type":"PropertyValueSpecification","valueRequired":true,"valueName":"search_term_string"}}],"inLanguage":"fr-FR"},{"@type":"Organization","@id":"https:\/\/comedialaon.fr\/#organization","name":"Com\u00e9dia Laon","url":"https:\/\/comedialaon.fr\/","logo":{"@type":"ImageObject","inLanguage":"fr-FR","@id":"https:\/\/comedialaon.fr\/#\/schema\/logo\/image\/","url":"https:\/\/comedialaon.fr\/wp-content\/uploads\/2019\/02\/LOGO-CL-et-OL.jpg","contentUrl":"https:\/\/comedialaon.fr\/wp-content\/uploads\/2019\/02\/LOGO-CL-et-OL.jpg","width":756,"height":210,"caption":"Com\u00e9dia Laon"},"image":{"@id":"https:\/\/comedialaon.fr\/#\/schema\/logo\/image\/"},"sameAs":["https:\/\/www.facebook.com\/profile.php?id=100008459438996","https:\/\/www.youtube.com\/results?search_query=comedia laon"]},{"@type":"Person","@id":"https:\/\/comedialaon.fr\/#\/schema\/person\/b5fa2097d9c2df39b18b24eb09a90f30","name":"Muppet 2","image":{"@type":"ImageObject","inLanguage":"fr-FR","@id":"https:\/\/secure.gravatar.com\/avatar\/8e9847ab3b902434f6deca39973d429601dcdadf46a57d80eec28699158bf63a?s=96&d=mm&r=g","url":"https:\/\/secure.gravatar.com\/avatar\/8e9847ab3b902434f6deca39973d429601dcdadf46a57d80eec28699158bf63a?s=96&d=mm&r=g","contentUrl":"https:\/\/secure.gravatar.com\/avatar\/8e9847ab3b902434f6deca39973d429601dcdadf46a57d80eec28699158bf63a?s=96&d=mm&r=g","caption":"Muppet 2"},"sameAs":["https:\/\/www.comedialaon.fr"]}]}},"_links":{"self":[{"href":"https:\/\/comedialaon.fr\/index.php?rest_route=\/wp\/v2\/posts\/9183","targetHints":{"allow":["GET"]}}],"collection":[{"href":"https:\/\/comedialaon.fr\/index.php?rest_route=\/wp\/v2\/posts"}],"about":[{"href":"https:\/\/comedialaon.fr\/index.php?rest_route=\/wp\/v2\/types\/post"}],"author":[{"embeddable":true,"href":"https:\/\/comedialaon.fr\/index.php?rest_route=\/wp\/v2\/users\/1"}],"replies":[{"embeddable":true,"href":"https:\/\/comedialaon.fr\/index.php?rest_route=%2Fwp%2Fv2%2Fcomments&post=9183"}],"version-history":[{"count":12,"href":"https:\/\/comedialaon.fr\/index.php?rest_route=\/wp\/v2\/posts\/9183\/revisions"}],"predecessor-version":[{"id":9236,"href":"https:\/\/comedialaon.fr\/index.php?rest_route=\/wp\/v2\/posts\/9183\/revisions\/9236"}],"wp:attachment":[{"href":"https:\/\/comedialaon.fr\/index.php?rest_route=%2Fwp%2Fv2%2Fmedia&parent=9183"}],"wp:term":[{"taxonomy":"category","embeddable":true,"href":"https:\/\/comedialaon.fr\/index.php?rest_route=%2Fwp%2Fv2%2Fcategories&post=9183"},{"taxonomy":"post_tag","embeddable":true,"href":"https:\/\/comedialaon.fr\/index.php?rest_route=%2Fwp%2Fv2%2Ftags&post=9183"}],"curies":[{"name":"wp","href":"https:\/\/api.w.org\/{rel}","templated":true}]}}