{"id":9098,"date":"2025-01-27T16:07:50","date_gmt":"2025-01-27T14:07:50","guid":{"rendered":"https:\/\/comedialaon.fr\/?p=9098"},"modified":"2025-04-12T11:25:35","modified_gmt":"2025-04-12T09:25:35","slug":"mons-en-laonnois-le-2-fevrier-2025","status":"publish","type":"post","link":"https:\/\/comedialaon.fr\/?p=9098","title":{"rendered":"<font color=#0000FF><u><b>MONS-EN-LAONNOIS LE 2 F\u00c9VRIER 2025<\/b><\/u><\/font color>"},"content":{"rendered":"<div id=\"attachment_9048\" style=\"width: 160px\" class=\"wp-caption alignleft\"><a href=\"https:\/\/comedialaon.fr\/wp-content\/uploads\/2024\/10\/Affiche-Un-stylo-dans-la-tete-MONS-le-2-fevrier-2025.jpg\"><img loading=\"lazy\" decoding=\"async\" aria-describedby=\"caption-attachment-9048\" src=\"https:\/\/comedialaon.fr\/wp-content\/uploads\/2024\/10\/Affiche-Un-stylo-dans-la-tete-MONS-le-2-fevrier-2025-150x150.jpg\" alt=\"\" width=\"150\" height=\"150\" class=\"size-thumbnail wp-image-9048\" \/><\/a><p id=\"caption-attachment-9048\" class=\"wp-caption-text\">\u201cUn stylo dans la t\u00eate\u201d \u00e0 MONS EN LAONNOIS au profit du T\u00e9l\u00e9thon le 2 f\u00e9vrier 2025<\/p><\/div>\n<p>Ce dimanche 2 f\u00e9vrier 2025 \u00e0 15h00, nous serons \u00e0 Mons-en-Laonnois \u00e0 la salle du stade pour notre derni\u00e8re r\u00e9p\u00e9tition g\u00e9n\u00e9rale de notre nouvelle pi\u00e8ce <a href=\"https:\/\/comedialaon.fr\/?page_id=9011\" title=\"\u201cUN STYLO DANS LA T\u00caTE\u201d\">\u201cUN STYLO DANS LA T\u00caTE\u201d<\/a> de <a href=\"https:\/\/comedialaon.fr\/?page_id=8975\" title=\"Jean DELL\">Jean DELL<\/a>.<\/p>\n<p>La recette sera enti\u00e8rement revers\u00e9e au profit du T\u00e9l\u00e9thon !!!<\/p>\n<p>Pensez \u00e0 r\u00e9server&#8230; !!!<\/p>\n<div id=\"attachment_9094\" style=\"width: 160px\" class=\"wp-caption alignleft\"><a href=\"https:\/\/comedialaon.fr\/wp-content\/uploads\/2025\/01\/Un-Stylo-dans-la-tete_1.jpg\"><img loading=\"lazy\" decoding=\"async\" aria-describedby=\"caption-attachment-9094\" src=\"https:\/\/comedialaon.fr\/wp-content\/uploads\/2025\/01\/Un-Stylo-dans-la-tete_1-150x150.jpg\" alt=\"\" width=\"150\" height=\"150\" class=\"size-thumbnail wp-image-9094\" \/><\/a><p id=\"caption-attachment-9094\" class=\"wp-caption-text\">\u201cUn Stylo dans la t\u00eate\u201d de Jean DELL<\/p><\/div>\n<div id=\"attachment_9095\" style=\"width: 160px\" class=\"wp-caption alignleft\"><a href=\"https:\/\/comedialaon.fr\/wp-content\/uploads\/2025\/01\/Un-Stylo-dans-la-tete_2.jpg\"><img loading=\"lazy\" decoding=\"async\" aria-describedby=\"caption-attachment-9095\" src=\"https:\/\/comedialaon.fr\/wp-content\/uploads\/2025\/01\/Un-Stylo-dans-la-tete_2-150x150.jpg\" alt=\"\" width=\"150\" height=\"150\" class=\"size-thumbnail wp-image-9095\" \/><\/a><p id=\"caption-attachment-9095\" class=\"wp-caption-text\">\u201cUn Stylo dans la t\u00eate\u201d de Jean DELL<\/p><\/div>\n<div id=\"attachment_9096\" style=\"width: 160px\" class=\"wp-caption alignleft\"><a href=\"https:\/\/comedialaon.fr\/wp-content\/uploads\/2025\/01\/Un-Stylo-dans-la-tete_3.jpg\"><img loading=\"lazy\" decoding=\"async\" aria-describedby=\"caption-attachment-9096\" src=\"https:\/\/comedialaon.fr\/wp-content\/uploads\/2025\/01\/Un-Stylo-dans-la-tete_3-150x150.jpg\" alt=\"\" width=\"150\" height=\"150\" class=\"size-thumbnail wp-image-9096\" \/><\/a><p id=\"caption-attachment-9096\" class=\"wp-caption-text\">\u201cUn Stylo dans la t\u00eate\u201d de Jean DELL<\/p><\/div>\n<div id=\"attachment_9097\" style=\"width: 160px\" class=\"wp-caption alignleft\"><a href=\"https:\/\/comedialaon.fr\/wp-content\/uploads\/2025\/01\/Un-Stylo-dans-la-tete_4.jpg\"><img loading=\"lazy\" decoding=\"async\" aria-describedby=\"caption-attachment-9097\" src=\"https:\/\/comedialaon.fr\/wp-content\/uploads\/2025\/01\/Un-Stylo-dans-la-tete_4-150x150.jpg\" alt=\"\" width=\"150\" height=\"150\" class=\"size-thumbnail wp-image-9097\" \/><\/a><p id=\"caption-attachment-9097\" class=\"wp-caption-text\">\u201cUn Stylo dans la t\u00eate\u201d de Jean DELL<\/p><\/div>\n<p><a href=\"https:\/\/comedialaon.fr\/?page_id=8970\" title=\"Nos dates de repr\u00e9sentations pour 2025\"> Nos dates de repr\u00e9sentations pour 2025<\/a><\/p>\n","protected":false},"excerpt":{"rendered":"<p>Ce dimanche 2 f\u00e9vrier 2025 \u00e0 15h00, nous serons \u00e0 Mons-en-Laonnois \u00e0 la salle du stade pour notre derni\u00e8re r\u00e9p\u00e9tition g\u00e9n\u00e9rale de notre nouvelle pi\u00e8ce \u201cUN STYLO DANS LA T\u00caTE\u201d de Jean DELL. La recette sera enti\u00e8rement revers\u00e9e au profit du T\u00e9l\u00e9thon !!! Pensez \u00e0 r\u00e9server&#8230; !!! Nos dates de repr\u00e9sentations pour 2025<\/p>\n","protected":false},"author":1,"featured_media":0,"comment_status":"closed","ping_status":"open","sticky":false,"template":"","format":"standard","meta":{"footnotes":""},"categories":[11],"tags":[],"class_list":["post-9098","post","type-post","status-publish","format-standard","hentry","category-infos-live"],"yoast_head":"<!-- This site is optimized with the Yoast SEO plugin v27.5 - https:\/\/yoast.com\/product\/yoast-seo-wordpress\/ -->\n<title>MONS-EN-LAONNOIS LE 2 F\u00c9VRIER 2025 &#8226; Com\u00e9dia Laon<\/title>\n<meta name=\"robots\" content=\"index, follow, max-snippet:-1, max-image-preview:large, max-video-preview:-1\" \/>\n<link rel=\"canonical\" href=\"https:\/\/comedialaon.fr\/?p=9098\" \/>\n<meta property=\"og:locale\" content=\"fr_FR\" \/>\n<meta property=\"og:type\" content=\"article\" \/>\n<meta property=\"og:title\" content=\"MONS-EN-LAONNOIS LE 2 F\u00c9VRIER 2025 &#8226; Com\u00e9dia Laon\" \/>\n<meta property=\"og:description\" content=\"Ce dimanche 2 f\u00e9vrier 2025 \u00e0 15h00, nous serons \u00e0 Mons-en-Laonnois \u00e0 la salle du stade pour notre derni\u00e8re r\u00e9p\u00e9tition g\u00e9n\u00e9rale de notre nouvelle pi\u00e8ce \u201cUN STYLO DANS LA T\u00caTE\u201d de Jean DELL. La recette sera enti\u00e8rement revers\u00e9e au profit du T\u00e9l\u00e9thon !!! Pensez \u00e0 r\u00e9server&#8230; !!! Nos dates de repr\u00e9sentations pour 2025\" \/>\n<meta property=\"og:url\" content=\"https:\/\/comedialaon.fr\/?p=9098\" \/>\n<meta property=\"og:site_name\" content=\"Com\u00e9dia Laon\" \/>\n<meta property=\"article:publisher\" content=\"https:\/\/www.facebook.com\/profile.php?id=100008459438996\" \/>\n<meta property=\"article:published_time\" content=\"2025-01-27T14:07:50+00:00\" \/>\n<meta property=\"article:modified_time\" content=\"2025-04-12T09:25:35+00:00\" \/>\n<meta property=\"og:image\" content=\"https:\/\/comedialaon.fr\/wp-content\/uploads\/2024\/10\/Affiche-Un-stylo-dans-la-tete-MONS-le-2-fevrier-2025.jpg\" \/>\n\t<meta property=\"og:image:width\" content=\"420\" \/>\n\t<meta property=\"og:image:height\" content=\"600\" \/>\n\t<meta property=\"og:image:type\" content=\"image\/jpeg\" \/>\n<meta name=\"author\" content=\"Muppet 2\" \/>\n<meta name=\"twitter:label1\" content=\"\u00c9crit par\" \/>\n\t<meta name=\"twitter:data1\" content=\"Muppet 2\" \/>\n\t<meta name=\"twitter:label2\" content=\"Dur\u00e9e de lecture estim\u00e9e\" \/>\n\t<meta name=\"twitter:data2\" content=\"2 minutes\" \/>\n<script type=\"application\/ld+json\" class=\"yoast-schema-graph\">{\"@context\":\"https:\\\/\\\/schema.org\",\"@graph\":[{\"@type\":\"Article\",\"@id\":\"https:\\\/\\\/comedialaon.fr\\\/?p=9098#article\",\"isPartOf\":{\"@id\":\"https:\\\/\\\/comedialaon.fr\\\/?p=9098\"},\"author\":{\"name\":\"Muppet 2\",\"@id\":\"https:\\\/\\\/comedialaon.fr\\\/#\\\/schema\\\/person\\\/b5fa2097d9c2df39b18b24eb09a90f30\"},\"headline\":\"MONS-EN-LAONNOIS LE 2 F\u00c9VRIER 2025\",\"datePublished\":\"2025-01-27T14:07:50+00:00\",\"dateModified\":\"2025-04-12T09:25:35+00:00\",\"mainEntityOfPage\":{\"@id\":\"https:\\\/\\\/comedialaon.fr\\\/?p=9098\"},\"wordCount\":151,\"publisher\":{\"@id\":\"https:\\\/\\\/comedialaon.fr\\\/#organization\"},\"image\":{\"@id\":\"https:\\\/\\\/comedialaon.fr\\\/?p=9098#primaryimage\"},\"thumbnailUrl\":\"https:\\\/\\\/comedialaon.fr\\\/wp-content\\\/uploads\\\/2024\\\/10\\\/Affiche-Un-stylo-dans-la-tete-MONS-le-2-fevrier-2025-150x150.jpg\",\"articleSection\":[\"Infos LIVE\"],\"inLanguage\":\"fr-FR\"},{\"@type\":\"WebPage\",\"@id\":\"https:\\\/\\\/comedialaon.fr\\\/?p=9098\",\"url\":\"https:\\\/\\\/comedialaon.fr\\\/?p=9098\",\"name\":\"MONS-EN-LAONNOIS LE 2 F\u00c9VRIER 2025 &#8226; Com\u00e9dia Laon\",\"isPartOf\":{\"@id\":\"https:\\\/\\\/comedialaon.fr\\\/#website\"},\"primaryImageOfPage\":{\"@id\":\"https:\\\/\\\/comedialaon.fr\\\/?p=9098#primaryimage\"},\"image\":{\"@id\":\"https:\\\/\\\/comedialaon.fr\\\/?p=9098#primaryimage\"},\"thumbnailUrl\":\"https:\\\/\\\/comedialaon.fr\\\/wp-content\\\/uploads\\\/2024\\\/10\\\/Affiche-Un-stylo-dans-la-tete-MONS-le-2-fevrier-2025-150x150.jpg\",\"datePublished\":\"2025-01-27T14:07:50+00:00\",\"dateModified\":\"2025-04-12T09:25:35+00:00\",\"breadcrumb\":{\"@id\":\"https:\\\/\\\/comedialaon.fr\\\/?p=9098#breadcrumb\"},\"inLanguage\":\"fr-FR\",\"potentialAction\":[{\"@type\":\"ReadAction\",\"target\":[\"https:\\\/\\\/comedialaon.fr\\\/?p=9098\"]}]},{\"@type\":\"ImageObject\",\"inLanguage\":\"fr-FR\",\"@id\":\"https:\\\/\\\/comedialaon.fr\\\/?p=9098#primaryimage\",\"url\":\"https:\\\/\\\/comedialaon.fr\\\/wp-content\\\/uploads\\\/2024\\\/10\\\/Affiche-Un-stylo-dans-la-tete-MONS-le-2-fevrier-2025.jpg\",\"contentUrl\":\"https:\\\/\\\/comedialaon.fr\\\/wp-content\\\/uploads\\\/2024\\\/10\\\/Affiche-Un-stylo-dans-la-tete-MONS-le-2-fevrier-2025.jpg\",\"width\":420,\"height\":600,\"caption\":\"\u201cUn stylo dans la t\u00eate\u201d \u00e0 MONS EN LAONNOIS au profit du T\u00e9l\u00e9thon le 2 f\u00e9vrier 2025\"},{\"@type\":\"BreadcrumbList\",\"@id\":\"https:\\\/\\\/comedialaon.fr\\\/?p=9098#breadcrumb\",\"itemListElement\":[{\"@type\":\"ListItem\",\"position\":1,\"name\":\"Accueil\",\"item\":\"https:\\\/\\\/comedialaon.fr\\\/\"},{\"@type\":\"ListItem\",\"position\":2,\"name\":\"MONS-EN-LAONNOIS LE 2 F\u00c9VRIER 2025\"}]},{\"@type\":\"WebSite\",\"@id\":\"https:\\\/\\\/comedialaon.fr\\\/#website\",\"url\":\"https:\\\/\\\/comedialaon.fr\\\/\",\"name\":\"Com\u00e9dia Laon\",\"description\":\"Prendre et donner du PLAISIR ... !!! ;-)\",\"publisher\":{\"@id\":\"https:\\\/\\\/comedialaon.fr\\\/#organization\"},\"potentialAction\":[{\"@type\":\"SearchAction\",\"target\":{\"@type\":\"EntryPoint\",\"urlTemplate\":\"https:\\\/\\\/comedialaon.fr\\\/?s={search_term_string}\"},\"query-input\":{\"@type\":\"PropertyValueSpecification\",\"valueRequired\":true,\"valueName\":\"search_term_string\"}}],\"inLanguage\":\"fr-FR\"},{\"@type\":\"Organization\",\"@id\":\"https:\\\/\\\/comedialaon.fr\\\/#organization\",\"name\":\"Com\u00e9dia Laon\",\"url\":\"https:\\\/\\\/comedialaon.fr\\\/\",\"logo\":{\"@type\":\"ImageObject\",\"inLanguage\":\"fr-FR\",\"@id\":\"https:\\\/\\\/comedialaon.fr\\\/#\\\/schema\\\/logo\\\/image\\\/\",\"url\":\"https:\\\/\\\/comedialaon.fr\\\/wp-content\\\/uploads\\\/2019\\\/02\\\/LOGO-CL-et-OL.jpg\",\"contentUrl\":\"https:\\\/\\\/comedialaon.fr\\\/wp-content\\\/uploads\\\/2019\\\/02\\\/LOGO-CL-et-OL.jpg\",\"width\":756,\"height\":210,\"caption\":\"Com\u00e9dia Laon\"},\"image\":{\"@id\":\"https:\\\/\\\/comedialaon.fr\\\/#\\\/schema\\\/logo\\\/image\\\/\"},\"sameAs\":[\"https:\\\/\\\/www.facebook.com\\\/profile.php?id=100008459438996\",\"https:\\\/\\\/www.youtube.com\\\/results?search_query=comedia laon\"]},{\"@type\":\"Person\",\"@id\":\"https:\\\/\\\/comedialaon.fr\\\/#\\\/schema\\\/person\\\/b5fa2097d9c2df39b18b24eb09a90f30\",\"name\":\"Muppet 2\",\"image\":{\"@type\":\"ImageObject\",\"inLanguage\":\"fr-FR\",\"@id\":\"https:\\\/\\\/secure.gravatar.com\\\/avatar\\\/8e9847ab3b902434f6deca39973d429601dcdadf46a57d80eec28699158bf63a?s=96&d=mm&r=g\",\"url\":\"https:\\\/\\\/secure.gravatar.com\\\/avatar\\\/8e9847ab3b902434f6deca39973d429601dcdadf46a57d80eec28699158bf63a?s=96&d=mm&r=g\",\"contentUrl\":\"https:\\\/\\\/secure.gravatar.com\\\/avatar\\\/8e9847ab3b902434f6deca39973d429601dcdadf46a57d80eec28699158bf63a?s=96&d=mm&r=g\",\"caption\":\"Muppet 2\"},\"sameAs\":[\"https:\\\/\\\/www.comedialaon.fr\"]}]}<\/script>\n<!-- \/ Yoast SEO plugin. -->","yoast_head_json":{"title":"MONS-EN-LAONNOIS LE 2 F\u00c9VRIER 2025 &#8226; Com\u00e9dia Laon","robots":{"index":"index","follow":"follow","max-snippet":"max-snippet:-1","max-image-preview":"max-image-preview:large","max-video-preview":"max-video-preview:-1"},"canonical":"https:\/\/comedialaon.fr\/?p=9098","og_locale":"fr_FR","og_type":"article","og_title":"MONS-EN-LAONNOIS LE 2 F\u00c9VRIER 2025 &#8226; Com\u00e9dia Laon","og_description":"Ce dimanche 2 f\u00e9vrier 2025 \u00e0 15h00, nous serons \u00e0 Mons-en-Laonnois \u00e0 la salle du stade pour notre derni\u00e8re r\u00e9p\u00e9tition g\u00e9n\u00e9rale de notre nouvelle pi\u00e8ce \u201cUN STYLO DANS LA T\u00caTE\u201d de Jean DELL. La recette sera enti\u00e8rement revers\u00e9e au profit du T\u00e9l\u00e9thon !!! Pensez \u00e0 r\u00e9server&#8230; !!! Nos dates de repr\u00e9sentations pour 2025","og_url":"https:\/\/comedialaon.fr\/?p=9098","og_site_name":"Com\u00e9dia Laon","article_publisher":"https:\/\/www.facebook.com\/profile.php?id=100008459438996","article_published_time":"2025-01-27T14:07:50+00:00","article_modified_time":"2025-04-12T09:25:35+00:00","og_image":[{"width":420,"height":600,"url":"https:\/\/comedialaon.fr\/wp-content\/uploads\/2024\/10\/Affiche-Un-stylo-dans-la-tete-MONS-le-2-fevrier-2025.jpg","type":"image\/jpeg"}],"author":"Muppet 2","twitter_misc":{"\u00c9crit par":"Muppet 2","Dur\u00e9e de lecture estim\u00e9e":"2 minutes"},"schema":{"@context":"https:\/\/schema.org","@graph":[{"@type":"Article","@id":"https:\/\/comedialaon.fr\/?p=9098#article","isPartOf":{"@id":"https:\/\/comedialaon.fr\/?p=9098"},"author":{"name":"Muppet 2","@id":"https:\/\/comedialaon.fr\/#\/schema\/person\/b5fa2097d9c2df39b18b24eb09a90f30"},"headline":"MONS-EN-LAONNOIS LE 2 F\u00c9VRIER 2025","datePublished":"2025-01-27T14:07:50+00:00","dateModified":"2025-04-12T09:25:35+00:00","mainEntityOfPage":{"@id":"https:\/\/comedialaon.fr\/?p=9098"},"wordCount":151,"publisher":{"@id":"https:\/\/comedialaon.fr\/#organization"},"image":{"@id":"https:\/\/comedialaon.fr\/?p=9098#primaryimage"},"thumbnailUrl":"https:\/\/comedialaon.fr\/wp-content\/uploads\/2024\/10\/Affiche-Un-stylo-dans-la-tete-MONS-le-2-fevrier-2025-150x150.jpg","articleSection":["Infos LIVE"],"inLanguage":"fr-FR"},{"@type":"WebPage","@id":"https:\/\/comedialaon.fr\/?p=9098","url":"https:\/\/comedialaon.fr\/?p=9098","name":"MONS-EN-LAONNOIS LE 2 F\u00c9VRIER 2025 &#8226; Com\u00e9dia Laon","isPartOf":{"@id":"https:\/\/comedialaon.fr\/#website"},"primaryImageOfPage":{"@id":"https:\/\/comedialaon.fr\/?p=9098#primaryimage"},"image":{"@id":"https:\/\/comedialaon.fr\/?p=9098#primaryimage"},"thumbnailUrl":"https:\/\/comedialaon.fr\/wp-content\/uploads\/2024\/10\/Affiche-Un-stylo-dans-la-tete-MONS-le-2-fevrier-2025-150x150.jpg","datePublished":"2025-01-27T14:07:50+00:00","dateModified":"2025-04-12T09:25:35+00:00","breadcrumb":{"@id":"https:\/\/comedialaon.fr\/?p=9098#breadcrumb"},"inLanguage":"fr-FR","potentialAction":[{"@type":"ReadAction","target":["https:\/\/comedialaon.fr\/?p=9098"]}]},{"@type":"ImageObject","inLanguage":"fr-FR","@id":"https:\/\/comedialaon.fr\/?p=9098#primaryimage","url":"https:\/\/comedialaon.fr\/wp-content\/uploads\/2024\/10\/Affiche-Un-stylo-dans-la-tete-MONS-le-2-fevrier-2025.jpg","contentUrl":"https:\/\/comedialaon.fr\/wp-content\/uploads\/2024\/10\/Affiche-Un-stylo-dans-la-tete-MONS-le-2-fevrier-2025.jpg","width":420,"height":600,"caption":"\u201cUn stylo dans la t\u00eate\u201d \u00e0 MONS EN LAONNOIS au profit du T\u00e9l\u00e9thon le 2 f\u00e9vrier 2025"},{"@type":"BreadcrumbList","@id":"https:\/\/comedialaon.fr\/?p=9098#breadcrumb","itemListElement":[{"@type":"ListItem","position":1,"name":"Accueil","item":"https:\/\/comedialaon.fr\/"},{"@type":"ListItem","position":2,"name":"MONS-EN-LAONNOIS LE 2 F\u00c9VRIER 2025"}]},{"@type":"WebSite","@id":"https:\/\/comedialaon.fr\/#website","url":"https:\/\/comedialaon.fr\/","name":"Com\u00e9dia Laon","description":"Prendre et donner du PLAISIR ... !!! ;-)","publisher":{"@id":"https:\/\/comedialaon.fr\/#organization"},"potentialAction":[{"@type":"SearchAction","target":{"@type":"EntryPoint","urlTemplate":"https:\/\/comedialaon.fr\/?s={search_term_string}"},"query-input":{"@type":"PropertyValueSpecification","valueRequired":true,"valueName":"search_term_string"}}],"inLanguage":"fr-FR"},{"@type":"Organization","@id":"https:\/\/comedialaon.fr\/#organization","name":"Com\u00e9dia Laon","url":"https:\/\/comedialaon.fr\/","logo":{"@type":"ImageObject","inLanguage":"fr-FR","@id":"https:\/\/comedialaon.fr\/#\/schema\/logo\/image\/","url":"https:\/\/comedialaon.fr\/wp-content\/uploads\/2019\/02\/LOGO-CL-et-OL.jpg","contentUrl":"https:\/\/comedialaon.fr\/wp-content\/uploads\/2019\/02\/LOGO-CL-et-OL.jpg","width":756,"height":210,"caption":"Com\u00e9dia Laon"},"image":{"@id":"https:\/\/comedialaon.fr\/#\/schema\/logo\/image\/"},"sameAs":["https:\/\/www.facebook.com\/profile.php?id=100008459438996","https:\/\/www.youtube.com\/results?search_query=comedia laon"]},{"@type":"Person","@id":"https:\/\/comedialaon.fr\/#\/schema\/person\/b5fa2097d9c2df39b18b24eb09a90f30","name":"Muppet 2","image":{"@type":"ImageObject","inLanguage":"fr-FR","@id":"https:\/\/secure.gravatar.com\/avatar\/8e9847ab3b902434f6deca39973d429601dcdadf46a57d80eec28699158bf63a?s=96&d=mm&r=g","url":"https:\/\/secure.gravatar.com\/avatar\/8e9847ab3b902434f6deca39973d429601dcdadf46a57d80eec28699158bf63a?s=96&d=mm&r=g","contentUrl":"https:\/\/secure.gravatar.com\/avatar\/8e9847ab3b902434f6deca39973d429601dcdadf46a57d80eec28699158bf63a?s=96&d=mm&r=g","caption":"Muppet 2"},"sameAs":["https:\/\/www.comedialaon.fr"]}]}},"_links":{"self":[{"href":"https:\/\/comedialaon.fr\/index.php?rest_route=\/wp\/v2\/posts\/9098","targetHints":{"allow":["GET"]}}],"collection":[{"href":"https:\/\/comedialaon.fr\/index.php?rest_route=\/wp\/v2\/posts"}],"about":[{"href":"https:\/\/comedialaon.fr\/index.php?rest_route=\/wp\/v2\/types\/post"}],"author":[{"embeddable":true,"href":"https:\/\/comedialaon.fr\/index.php?rest_route=\/wp\/v2\/users\/1"}],"replies":[{"embeddable":true,"href":"https:\/\/comedialaon.fr\/index.php?rest_route=%2Fwp%2Fv2%2Fcomments&post=9098"}],"version-history":[{"count":14,"href":"https:\/\/comedialaon.fr\/index.php?rest_route=\/wp\/v2\/posts\/9098\/revisions"}],"predecessor-version":[{"id":9187,"href":"https:\/\/comedialaon.fr\/index.php?rest_route=\/wp\/v2\/posts\/9098\/revisions\/9187"}],"wp:attachment":[{"href":"https:\/\/comedialaon.fr\/index.php?rest_route=%2Fwp%2Fv2%2Fmedia&parent=9098"}],"wp:term":[{"taxonomy":"category","embeddable":true,"href":"https:\/\/comedialaon.fr\/index.php?rest_route=%2Fwp%2Fv2%2Fcategories&post=9098"},{"taxonomy":"post_tag","embeddable":true,"href":"https:\/\/comedialaon.fr\/index.php?rest_route=%2Fwp%2Fv2%2Ftags&post=9098"}],"curies":[{"name":"wp","href":"https:\/\/api.w.org\/{rel}","templated":true}]}}