{"id":8955,"date":"2024-06-28T17:25:47","date_gmt":"2024-06-28T15:25:47","guid":{"rendered":"https:\/\/comedialaon.fr\/?p=8955"},"modified":"2024-07-14T12:12:21","modified_gmt":"2024-07-14T10:12:21","slug":"notre-saison-est-terminee-vive-la-prochaine-saison","status":"publish","type":"post","link":"https:\/\/comedialaon.fr\/?p=8955","title":{"rendered":"<font color=#0000FF><u><b>NOTRE SAISON EST TERMIN\u00c9E &#8230; VIVE LA PROCHAINE SAISON<\/b><\/u><\/font color>"},"content":{"rendered":"<div id=\"attachment_8951\" style=\"width: 310px\" class=\"wp-caption alignleft\"><a href=\"https:\/\/comedialaon.fr\/wp-content\/uploads\/2024\/06\/Article-lUnion-du-26-juin-2024-AG-du-20-juin-2024-avec-photo-800-x-600.jpg\"><img loading=\"lazy\" decoding=\"async\" aria-describedby=\"caption-attachment-8951\" src=\"https:\/\/comedialaon.fr\/wp-content\/uploads\/2024\/06\/Article-lUnion-du-26-juin-2024-AG-du-20-juin-2024-avec-photo-800-x-600-300x219.jpg\" alt=\"\" width=\"300\" height=\"219\" class=\"size-medium wp-image-8951\" srcset=\"https:\/\/comedialaon.fr\/wp-content\/uploads\/2024\/06\/Article-lUnion-du-26-juin-2024-AG-du-20-juin-2024-avec-photo-800-x-600-300x219.jpg 300w, https:\/\/comedialaon.fr\/wp-content\/uploads\/2024\/06\/Article-lUnion-du-26-juin-2024-AG-du-20-juin-2024-avec-photo-800-x-600-768x562.jpg 768w, https:\/\/comedialaon.fr\/wp-content\/uploads\/2024\/06\/Article-lUnion-du-26-juin-2024-AG-du-20-juin-2024-avec-photo-800-x-600.jpg 800w\" sizes=\"auto, (max-width: 300px) 100vw, 300px\" \/><\/a><p id=\"caption-attachment-8951\" class=\"wp-caption-text\">Article l&rsquo;Union du 26 juin 2024 Assembl\u00e9e G\u00e9n\u00e9rale du 20 juin 2024<\/p><\/div>\n<p>Apr\u00e8s une derni\u00e8re repr\u00e9sentation de notre pi\u00e8ce <big><a href=\"https:\/\/comedialaon.fr\/?page_id=8508\" title=\"\u201c2 EUROS 20\u201d\">\u201c2 EUROS 20\u201d<\/a><\/big> de <a href=\"https:\/\/comedialaon.fr\/?page_id=8514\" title=\"Marc FAYET\">Marc FAYET<\/a> \u00e0 CR\u00c9CY-SUR-SERRE le 6 avril 2024 o\u00f9 une centaine de spectateurs ont pu profiter du spectacle, nous avons enchain\u00e9 le 20 juin 2024 sur notre Assembl\u00e9e G\u00e9n\u00e9rale qui cl\u00f4ture l&rsquo;ann\u00e9e 2023.<\/p>\n<div id=\"attachment_8953\" style=\"width: 207px\" class=\"wp-caption alignright\"><a href=\"https:\/\/comedialaon.fr\/wp-content\/uploads\/2024\/06\/Un-stylo-dans-la-tete-3.jpg\"><img loading=\"lazy\" decoding=\"async\" aria-describedby=\"caption-attachment-8953\" src=\"https:\/\/comedialaon.fr\/wp-content\/uploads\/2024\/06\/Un-stylo-dans-la-tete-3.jpg\" alt=\"\" width=\"197\" height=\"256\" class=\"size-full wp-image-8953\" \/><\/a><p id=\"caption-attachment-8953\" class=\"wp-caption-text\">\u201cUn stylo dans la t\u00eate\u201d de Jean DELL<\/p><\/div>\n<p>Au cours de cette Assembl\u00e9e G\u00e9n\u00e9rale, Patrice, notre metteur en sc\u00e8ne, nous a pr\u00e9sent\u00e9 la pi\u00e8ce choisie pour notre prochaine saison.<\/p>\n<p>Ce sera \u201cUn stylo dans la t\u00eate\u201d de <a href=\"https:\/\/comedialaon.fr\/?page_id=8975\" title=\"Jean DELL\">Jean DELL<\/a>, com\u00e9dien, sc\u00e9nariste et auteur de th\u00e9\u00e2tre fran\u00e7ais et notamment connu pour son r\u00f4le de Michel Brimont, proviseur et professeur du lyc\u00e9e Jacques Pr\u00e9vert dans la s\u00e9rie Clem.<\/p>\n<div id=\"attachment_8952\" style=\"width: 204px\" class=\"wp-caption alignleft\"><a href=\"https:\/\/comedialaon.fr\/wp-content\/uploads\/2024\/06\/Jean-DELL.jpg\"><img loading=\"lazy\" decoding=\"async\" aria-describedby=\"caption-attachment-8952\" src=\"https:\/\/comedialaon.fr\/wp-content\/uploads\/2024\/06\/Jean-DELL.jpg\" alt=\"\" width=\"194\" height=\"259\" class=\"size-full wp-image-8952\" \/><\/a><p id=\"caption-attachment-8952\" class=\"wp-caption-text\">Jean DELL com\u00e9dien, sc\u00e9nariste et auteur de th\u00e9\u00e2tre fran\u00e7ais<\/p><\/div>\n<p>Toutes les informations concernant ce prochain spectacle vous seront communiqu\u00e9es prochainement &#8230; Une date \u00e0 retenir : le vendredi 28 mars 2025, nous serons \u00e0 la Maison des Arts et Loisirs de LAON(02).<\/p>\n","protected":false},"excerpt":{"rendered":"<p>Apr\u00e8s une derni\u00e8re repr\u00e9sentation de notre pi\u00e8ce \u201c2 EUROS 20\u201d de Marc FAYET \u00e0 CR\u00c9CY-SUR-SERRE le 6 avril 2024 o\u00f9 une centaine de spectateurs ont pu profiter du spectacle, nous avons enchain\u00e9 le 20 juin 2024 sur notre Assembl\u00e9e G\u00e9n\u00e9rale qui cl\u00f4ture l&rsquo;ann\u00e9e 2023. Au cours de cette Assembl\u00e9e G\u00e9n\u00e9rale, Patrice, notre metteur en sc\u00e8ne,<\/p>\n<p><a class=\"excerpt-more blog-excerpt\" href=\"https:\/\/comedialaon.fr\/?p=8955\">Lire la suite<\/a><\/p>\n","protected":false},"author":1,"featured_media":0,"comment_status":"closed","ping_status":"open","sticky":false,"template":"","format":"standard","meta":{"footnotes":""},"categories":[11],"tags":[],"class_list":["post-8955","post","type-post","status-publish","format-standard","hentry","category-infos-live"],"yoast_head":"<!-- This site is optimized with the Yoast SEO plugin v27.5 - https:\/\/yoast.com\/product\/yoast-seo-wordpress\/ -->\n<title>NOTRE SAISON EST TERMIN\u00c9E ... VIVE LA PROCHAINE SAISON &#8226; Com\u00e9dia Laon<\/title>\n<meta name=\"robots\" content=\"index, follow, max-snippet:-1, max-image-preview:large, max-video-preview:-1\" \/>\n<link rel=\"canonical\" href=\"https:\/\/comedialaon.fr\/?p=8955\" \/>\n<meta property=\"og:locale\" content=\"fr_FR\" \/>\n<meta property=\"og:type\" content=\"article\" \/>\n<meta property=\"og:title\" content=\"NOTRE SAISON EST TERMIN\u00c9E ... VIVE LA PROCHAINE SAISON &#8226; Com\u00e9dia Laon\" \/>\n<meta property=\"og:description\" content=\"Apr\u00e8s une derni\u00e8re repr\u00e9sentation de notre pi\u00e8ce \u201c2 EUROS 20\u201d de Marc FAYET \u00e0 CR\u00c9CY-SUR-SERRE le 6 avril 2024 o\u00f9 une centaine de spectateurs ont pu profiter du spectacle, nous avons enchain\u00e9 le 20 juin 2024 sur notre Assembl\u00e9e G\u00e9n\u00e9rale qui cl\u00f4ture l&rsquo;ann\u00e9e 2023. Au cours de cette Assembl\u00e9e G\u00e9n\u00e9rale, Patrice, notre metteur en sc\u00e8ne,Lire la suite\" \/>\n<meta property=\"og:url\" content=\"https:\/\/comedialaon.fr\/?p=8955\" \/>\n<meta property=\"og:site_name\" content=\"Com\u00e9dia Laon\" \/>\n<meta property=\"article:publisher\" content=\"https:\/\/www.facebook.com\/profile.php?id=100008459438996\" \/>\n<meta property=\"article:published_time\" content=\"2024-06-28T15:25:47+00:00\" \/>\n<meta property=\"article:modified_time\" content=\"2024-07-14T10:12:21+00:00\" \/>\n<meta property=\"og:image\" content=\"https:\/\/comedialaon.fr\/wp-content\/uploads\/2024\/06\/Article-lUnion-du-26-juin-2024-AG-du-20-juin-2024-avec-photo-800-x-600-300x219.jpg\" \/>\n<meta name=\"author\" content=\"Muppet 2\" \/>\n<meta name=\"twitter:label1\" content=\"\u00c9crit par\" \/>\n\t<meta name=\"twitter:data1\" content=\"Muppet 2\" \/>\n\t<meta name=\"twitter:label2\" content=\"Dur\u00e9e de lecture estim\u00e9e\" \/>\n\t<meta name=\"twitter:data2\" content=\"2 minutes\" \/>\n<script type=\"application\/ld+json\" class=\"yoast-schema-graph\">{\"@context\":\"https:\\\/\\\/schema.org\",\"@graph\":[{\"@type\":\"Article\",\"@id\":\"https:\\\/\\\/comedialaon.fr\\\/?p=8955#article\",\"isPartOf\":{\"@id\":\"https:\\\/\\\/comedialaon.fr\\\/?p=8955\"},\"author\":{\"name\":\"Muppet 2\",\"@id\":\"https:\\\/\\\/comedialaon.fr\\\/#\\\/schema\\\/person\\\/b5fa2097d9c2df39b18b24eb09a90f30\"},\"headline\":\"NOTRE SAISON EST TERMIN\u00c9E &#8230; VIVE LA PROCHAINE SAISON\",\"datePublished\":\"2024-06-28T15:25:47+00:00\",\"dateModified\":\"2024-07-14T10:12:21+00:00\",\"mainEntityOfPage\":{\"@id\":\"https:\\\/\\\/comedialaon.fr\\\/?p=8955\"},\"wordCount\":212,\"publisher\":{\"@id\":\"https:\\\/\\\/comedialaon.fr\\\/#organization\"},\"image\":{\"@id\":\"https:\\\/\\\/comedialaon.fr\\\/?p=8955#primaryimage\"},\"thumbnailUrl\":\"https:\\\/\\\/comedialaon.fr\\\/wp-content\\\/uploads\\\/2024\\\/06\\\/Article-lUnion-du-26-juin-2024-AG-du-20-juin-2024-avec-photo-800-x-600-300x219.jpg\",\"articleSection\":[\"Infos LIVE\"],\"inLanguage\":\"fr-FR\"},{\"@type\":\"WebPage\",\"@id\":\"https:\\\/\\\/comedialaon.fr\\\/?p=8955\",\"url\":\"https:\\\/\\\/comedialaon.fr\\\/?p=8955\",\"name\":\"NOTRE SAISON EST TERMIN\u00c9E ... VIVE LA PROCHAINE SAISON &#8226; Com\u00e9dia Laon\",\"isPartOf\":{\"@id\":\"https:\\\/\\\/comedialaon.fr\\\/#website\"},\"primaryImageOfPage\":{\"@id\":\"https:\\\/\\\/comedialaon.fr\\\/?p=8955#primaryimage\"},\"image\":{\"@id\":\"https:\\\/\\\/comedialaon.fr\\\/?p=8955#primaryimage\"},\"thumbnailUrl\":\"https:\\\/\\\/comedialaon.fr\\\/wp-content\\\/uploads\\\/2024\\\/06\\\/Article-lUnion-du-26-juin-2024-AG-du-20-juin-2024-avec-photo-800-x-600-300x219.jpg\",\"datePublished\":\"2024-06-28T15:25:47+00:00\",\"dateModified\":\"2024-07-14T10:12:21+00:00\",\"breadcrumb\":{\"@id\":\"https:\\\/\\\/comedialaon.fr\\\/?p=8955#breadcrumb\"},\"inLanguage\":\"fr-FR\",\"potentialAction\":[{\"@type\":\"ReadAction\",\"target\":[\"https:\\\/\\\/comedialaon.fr\\\/?p=8955\"]}]},{\"@type\":\"ImageObject\",\"inLanguage\":\"fr-FR\",\"@id\":\"https:\\\/\\\/comedialaon.fr\\\/?p=8955#primaryimage\",\"url\":\"https:\\\/\\\/comedialaon.fr\\\/wp-content\\\/uploads\\\/2024\\\/06\\\/Article-lUnion-du-26-juin-2024-AG-du-20-juin-2024-avec-photo-800-x-600.jpg\",\"contentUrl\":\"https:\\\/\\\/comedialaon.fr\\\/wp-content\\\/uploads\\\/2024\\\/06\\\/Article-lUnion-du-26-juin-2024-AG-du-20-juin-2024-avec-photo-800-x-600.jpg\",\"width\":800,\"height\":585,\"caption\":\"Article l'Union du 26 juin 2024 Assembl\u00e9e G\u00e9n\u00e9rale du 20 juin 2024\"},{\"@type\":\"BreadcrumbList\",\"@id\":\"https:\\\/\\\/comedialaon.fr\\\/?p=8955#breadcrumb\",\"itemListElement\":[{\"@type\":\"ListItem\",\"position\":1,\"name\":\"Accueil\",\"item\":\"https:\\\/\\\/comedialaon.fr\\\/\"},{\"@type\":\"ListItem\",\"position\":2,\"name\":\"NOTRE SAISON EST TERMIN\u00c9E &#8230; VIVE LA PROCHAINE SAISON\"}]},{\"@type\":\"WebSite\",\"@id\":\"https:\\\/\\\/comedialaon.fr\\\/#website\",\"url\":\"https:\\\/\\\/comedialaon.fr\\\/\",\"name\":\"Com\u00e9dia Laon\",\"description\":\"Prendre et donner du PLAISIR ... !!! ;-)\",\"publisher\":{\"@id\":\"https:\\\/\\\/comedialaon.fr\\\/#organization\"},\"potentialAction\":[{\"@type\":\"SearchAction\",\"target\":{\"@type\":\"EntryPoint\",\"urlTemplate\":\"https:\\\/\\\/comedialaon.fr\\\/?s={search_term_string}\"},\"query-input\":{\"@type\":\"PropertyValueSpecification\",\"valueRequired\":true,\"valueName\":\"search_term_string\"}}],\"inLanguage\":\"fr-FR\"},{\"@type\":\"Organization\",\"@id\":\"https:\\\/\\\/comedialaon.fr\\\/#organization\",\"name\":\"Com\u00e9dia Laon\",\"url\":\"https:\\\/\\\/comedialaon.fr\\\/\",\"logo\":{\"@type\":\"ImageObject\",\"inLanguage\":\"fr-FR\",\"@id\":\"https:\\\/\\\/comedialaon.fr\\\/#\\\/schema\\\/logo\\\/image\\\/\",\"url\":\"https:\\\/\\\/comedialaon.fr\\\/wp-content\\\/uploads\\\/2019\\\/02\\\/LOGO-CL-et-OL.jpg\",\"contentUrl\":\"https:\\\/\\\/comedialaon.fr\\\/wp-content\\\/uploads\\\/2019\\\/02\\\/LOGO-CL-et-OL.jpg\",\"width\":756,\"height\":210,\"caption\":\"Com\u00e9dia Laon\"},\"image\":{\"@id\":\"https:\\\/\\\/comedialaon.fr\\\/#\\\/schema\\\/logo\\\/image\\\/\"},\"sameAs\":[\"https:\\\/\\\/www.facebook.com\\\/profile.php?id=100008459438996\",\"https:\\\/\\\/www.youtube.com\\\/results?search_query=comedia laon\"]},{\"@type\":\"Person\",\"@id\":\"https:\\\/\\\/comedialaon.fr\\\/#\\\/schema\\\/person\\\/b5fa2097d9c2df39b18b24eb09a90f30\",\"name\":\"Muppet 2\",\"image\":{\"@type\":\"ImageObject\",\"inLanguage\":\"fr-FR\",\"@id\":\"https:\\\/\\\/secure.gravatar.com\\\/avatar\\\/8e9847ab3b902434f6deca39973d429601dcdadf46a57d80eec28699158bf63a?s=96&d=mm&r=g\",\"url\":\"https:\\\/\\\/secure.gravatar.com\\\/avatar\\\/8e9847ab3b902434f6deca39973d429601dcdadf46a57d80eec28699158bf63a?s=96&d=mm&r=g\",\"contentUrl\":\"https:\\\/\\\/secure.gravatar.com\\\/avatar\\\/8e9847ab3b902434f6deca39973d429601dcdadf46a57d80eec28699158bf63a?s=96&d=mm&r=g\",\"caption\":\"Muppet 2\"},\"sameAs\":[\"https:\\\/\\\/www.comedialaon.fr\"]}]}<\/script>\n<!-- \/ Yoast SEO plugin. -->","yoast_head_json":{"title":"NOTRE SAISON EST TERMIN\u00c9E ... VIVE LA PROCHAINE SAISON &#8226; Com\u00e9dia Laon","robots":{"index":"index","follow":"follow","max-snippet":"max-snippet:-1","max-image-preview":"max-image-preview:large","max-video-preview":"max-video-preview:-1"},"canonical":"https:\/\/comedialaon.fr\/?p=8955","og_locale":"fr_FR","og_type":"article","og_title":"NOTRE SAISON EST TERMIN\u00c9E ... VIVE LA PROCHAINE SAISON &#8226; Com\u00e9dia Laon","og_description":"Apr\u00e8s une derni\u00e8re repr\u00e9sentation de notre pi\u00e8ce \u201c2 EUROS 20\u201d de Marc FAYET \u00e0 CR\u00c9CY-SUR-SERRE le 6 avril 2024 o\u00f9 une centaine de spectateurs ont pu profiter du spectacle, nous avons enchain\u00e9 le 20 juin 2024 sur notre Assembl\u00e9e G\u00e9n\u00e9rale qui cl\u00f4ture l&rsquo;ann\u00e9e 2023. Au cours de cette Assembl\u00e9e G\u00e9n\u00e9rale, Patrice, notre metteur en sc\u00e8ne,Lire la suite","og_url":"https:\/\/comedialaon.fr\/?p=8955","og_site_name":"Com\u00e9dia Laon","article_publisher":"https:\/\/www.facebook.com\/profile.php?id=100008459438996","article_published_time":"2024-06-28T15:25:47+00:00","article_modified_time":"2024-07-14T10:12:21+00:00","og_image":[{"url":"https:\/\/comedialaon.fr\/wp-content\/uploads\/2024\/06\/Article-lUnion-du-26-juin-2024-AG-du-20-juin-2024-avec-photo-800-x-600-300x219.jpg","type":"","width":"","height":""}],"author":"Muppet 2","twitter_misc":{"\u00c9crit par":"Muppet 2","Dur\u00e9e de lecture estim\u00e9e":"2 minutes"},"schema":{"@context":"https:\/\/schema.org","@graph":[{"@type":"Article","@id":"https:\/\/comedialaon.fr\/?p=8955#article","isPartOf":{"@id":"https:\/\/comedialaon.fr\/?p=8955"},"author":{"name":"Muppet 2","@id":"https:\/\/comedialaon.fr\/#\/schema\/person\/b5fa2097d9c2df39b18b24eb09a90f30"},"headline":"NOTRE SAISON EST TERMIN\u00c9E &#8230; VIVE LA PROCHAINE SAISON","datePublished":"2024-06-28T15:25:47+00:00","dateModified":"2024-07-14T10:12:21+00:00","mainEntityOfPage":{"@id":"https:\/\/comedialaon.fr\/?p=8955"},"wordCount":212,"publisher":{"@id":"https:\/\/comedialaon.fr\/#organization"},"image":{"@id":"https:\/\/comedialaon.fr\/?p=8955#primaryimage"},"thumbnailUrl":"https:\/\/comedialaon.fr\/wp-content\/uploads\/2024\/06\/Article-lUnion-du-26-juin-2024-AG-du-20-juin-2024-avec-photo-800-x-600-300x219.jpg","articleSection":["Infos LIVE"],"inLanguage":"fr-FR"},{"@type":"WebPage","@id":"https:\/\/comedialaon.fr\/?p=8955","url":"https:\/\/comedialaon.fr\/?p=8955","name":"NOTRE SAISON EST TERMIN\u00c9E ... VIVE LA PROCHAINE SAISON &#8226; Com\u00e9dia Laon","isPartOf":{"@id":"https:\/\/comedialaon.fr\/#website"},"primaryImageOfPage":{"@id":"https:\/\/comedialaon.fr\/?p=8955#primaryimage"},"image":{"@id":"https:\/\/comedialaon.fr\/?p=8955#primaryimage"},"thumbnailUrl":"https:\/\/comedialaon.fr\/wp-content\/uploads\/2024\/06\/Article-lUnion-du-26-juin-2024-AG-du-20-juin-2024-avec-photo-800-x-600-300x219.jpg","datePublished":"2024-06-28T15:25:47+00:00","dateModified":"2024-07-14T10:12:21+00:00","breadcrumb":{"@id":"https:\/\/comedialaon.fr\/?p=8955#breadcrumb"},"inLanguage":"fr-FR","potentialAction":[{"@type":"ReadAction","target":["https:\/\/comedialaon.fr\/?p=8955"]}]},{"@type":"ImageObject","inLanguage":"fr-FR","@id":"https:\/\/comedialaon.fr\/?p=8955#primaryimage","url":"https:\/\/comedialaon.fr\/wp-content\/uploads\/2024\/06\/Article-lUnion-du-26-juin-2024-AG-du-20-juin-2024-avec-photo-800-x-600.jpg","contentUrl":"https:\/\/comedialaon.fr\/wp-content\/uploads\/2024\/06\/Article-lUnion-du-26-juin-2024-AG-du-20-juin-2024-avec-photo-800-x-600.jpg","width":800,"height":585,"caption":"Article l'Union du 26 juin 2024 Assembl\u00e9e G\u00e9n\u00e9rale du 20 juin 2024"},{"@type":"BreadcrumbList","@id":"https:\/\/comedialaon.fr\/?p=8955#breadcrumb","itemListElement":[{"@type":"ListItem","position":1,"name":"Accueil","item":"https:\/\/comedialaon.fr\/"},{"@type":"ListItem","position":2,"name":"NOTRE SAISON EST TERMIN\u00c9E &#8230; VIVE LA PROCHAINE SAISON"}]},{"@type":"WebSite","@id":"https:\/\/comedialaon.fr\/#website","url":"https:\/\/comedialaon.fr\/","name":"Com\u00e9dia Laon","description":"Prendre et donner du PLAISIR ... !!! ;-)","publisher":{"@id":"https:\/\/comedialaon.fr\/#organization"},"potentialAction":[{"@type":"SearchAction","target":{"@type":"EntryPoint","urlTemplate":"https:\/\/comedialaon.fr\/?s={search_term_string}"},"query-input":{"@type":"PropertyValueSpecification","valueRequired":true,"valueName":"search_term_string"}}],"inLanguage":"fr-FR"},{"@type":"Organization","@id":"https:\/\/comedialaon.fr\/#organization","name":"Com\u00e9dia Laon","url":"https:\/\/comedialaon.fr\/","logo":{"@type":"ImageObject","inLanguage":"fr-FR","@id":"https:\/\/comedialaon.fr\/#\/schema\/logo\/image\/","url":"https:\/\/comedialaon.fr\/wp-content\/uploads\/2019\/02\/LOGO-CL-et-OL.jpg","contentUrl":"https:\/\/comedialaon.fr\/wp-content\/uploads\/2019\/02\/LOGO-CL-et-OL.jpg","width":756,"height":210,"caption":"Com\u00e9dia Laon"},"image":{"@id":"https:\/\/comedialaon.fr\/#\/schema\/logo\/image\/"},"sameAs":["https:\/\/www.facebook.com\/profile.php?id=100008459438996","https:\/\/www.youtube.com\/results?search_query=comedia laon"]},{"@type":"Person","@id":"https:\/\/comedialaon.fr\/#\/schema\/person\/b5fa2097d9c2df39b18b24eb09a90f30","name":"Muppet 2","image":{"@type":"ImageObject","inLanguage":"fr-FR","@id":"https:\/\/secure.gravatar.com\/avatar\/8e9847ab3b902434f6deca39973d429601dcdadf46a57d80eec28699158bf63a?s=96&d=mm&r=g","url":"https:\/\/secure.gravatar.com\/avatar\/8e9847ab3b902434f6deca39973d429601dcdadf46a57d80eec28699158bf63a?s=96&d=mm&r=g","contentUrl":"https:\/\/secure.gravatar.com\/avatar\/8e9847ab3b902434f6deca39973d429601dcdadf46a57d80eec28699158bf63a?s=96&d=mm&r=g","caption":"Muppet 2"},"sameAs":["https:\/\/www.comedialaon.fr"]}]}},"_links":{"self":[{"href":"https:\/\/comedialaon.fr\/index.php?rest_route=\/wp\/v2\/posts\/8955","targetHints":{"allow":["GET"]}}],"collection":[{"href":"https:\/\/comedialaon.fr\/index.php?rest_route=\/wp\/v2\/posts"}],"about":[{"href":"https:\/\/comedialaon.fr\/index.php?rest_route=\/wp\/v2\/types\/post"}],"author":[{"embeddable":true,"href":"https:\/\/comedialaon.fr\/index.php?rest_route=\/wp\/v2\/users\/1"}],"replies":[{"embeddable":true,"href":"https:\/\/comedialaon.fr\/index.php?rest_route=%2Fwp%2Fv2%2Fcomments&post=8955"}],"version-history":[{"count":15,"href":"https:\/\/comedialaon.fr\/index.php?rest_route=\/wp\/v2\/posts\/8955\/revisions"}],"predecessor-version":[{"id":8986,"href":"https:\/\/comedialaon.fr\/index.php?rest_route=\/wp\/v2\/posts\/8955\/revisions\/8986"}],"wp:attachment":[{"href":"https:\/\/comedialaon.fr\/index.php?rest_route=%2Fwp%2Fv2%2Fmedia&parent=8955"}],"wp:term":[{"taxonomy":"category","embeddable":true,"href":"https:\/\/comedialaon.fr\/index.php?rest_route=%2Fwp%2Fv2%2Fcategories&post=8955"},{"taxonomy":"post_tag","embeddable":true,"href":"https:\/\/comedialaon.fr\/index.php?rest_route=%2Fwp%2Fv2%2Ftags&post=8955"}],"curies":[{"name":"wp","href":"https:\/\/api.w.org\/{rel}","templated":true}]}}