{"id":8895,"date":"2024-03-19T18:02:19","date_gmt":"2024-03-19T16:02:19","guid":{"rendered":"https:\/\/comedialaon.fr\/?p=8895"},"modified":"2024-03-19T18:02:19","modified_gmt":"2024-03-19T16:02:19","slug":"des-spectateurs-enthousiastes","status":"publish","type":"post","link":"https:\/\/comedialaon.fr\/?p=8895","title":{"rendered":"<font color=#0000FF><u><b>DES SPECTATEURS ENTHOUSIASTES<\/b><\/u><\/font color>"},"content":{"rendered":"<div id=\"attachment_8899\" style=\"width: 310px\" class=\"wp-caption alignleft\"><a href=\"https:\/\/comedialaon.fr\/wp-content\/uploads\/2024\/03\/La-Fere-le-16-mars-2024_003.jpg\"><img loading=\"lazy\" decoding=\"async\" aria-describedby=\"caption-attachment-8899\" src=\"https:\/\/comedialaon.fr\/wp-content\/uploads\/2024\/03\/La-Fere-le-16-mars-2024_003-300x173.jpg\" alt=\"\" width=\"300\" height=\"173\" class=\"size-medium wp-image-8899\" srcset=\"https:\/\/comedialaon.fr\/wp-content\/uploads\/2024\/03\/La-Fere-le-16-mars-2024_003-300x173.jpg 300w, https:\/\/comedialaon.fr\/wp-content\/uploads\/2024\/03\/La-Fere-le-16-mars-2024_003-768x444.jpg 768w, https:\/\/comedialaon.fr\/wp-content\/uploads\/2024\/03\/La-Fere-le-16-mars-2024_003.jpg 800w\" sizes=\"auto, (max-width: 300px) 100vw, 300px\" \/><\/a><p id=\"caption-attachment-8899\" class=\"wp-caption-text\">\u201c2 EUROS 20\u201d La F\u00e8re le 16 mars 2024<\/p><\/div>\n<p>Nous \u00e9tions \u00e0 LA F\u00c8RE ce samedi 16 mars 2024 pour la repr\u00e9sentation de notre pi\u00e8ce <big><a href=\"https:\/\/comedialaon.fr\/?page_id=8508\" title=\"\u201c2 EUROS 20\u201d\">\u201c2 EUROS 20\u201d<\/a><\/big> de <a href=\"https:\/\/comedialaon.fr\/?page_id=8514\" title=\"Marc FAYET\">Marc FAYET<\/a>. \u00c0 l&rsquo;issue du spectacle, lors du pot de l&rsquo;amiti\u00e9 offert par la Mairie de LA F\u00c8RE, de nombreux spectateurs sont rest\u00e9s pour \u00e9changer avec les com\u00e9diens, parler des r\u00e9p\u00e9titions, de l&rsquo;organisation du spectacle et des d\u00e9cors. Encore Merci \u00e0 \u00c9ric et Marie-No\u00eblle pour leur accueil et leur gentillesse.<\/p>\n<p>Notre prochaine repr\u00e9sentation aura lieu le vendredi 29 mars 2024 \u00e0 20H30 \u00e0 LAON \u00e0 la Maison des Arts et Loisirs Salle Guy SABATIER Place Gis\u00e8le Aubry.<br \/>\nR\u00e9servations 06 73 24 39 96 (secteur BESNY\/LOIZY) ou 06 87 06 56 77 (secteur BRUY\u00c8RES-NOUVION LE VINEUX) ou 06 81 84 02 10 (secteur AULNOIS\/LAON) ou 03 23 79 63 13 (secteur LAON Gendarmerie) ou comedialaon@orange.fr &#8211; Tarif entr\u00e9e 10 \u20ac<\/p>\n<p><a href=\"https:\/\/comedialaon.fr\/?page_id=8917\" title=\"Album photos LA F\u00c8RE\"> Album photos LA F\u00c8RE<\/a><\/p>\n<p><a href=\"https:\/\/comedialaon.fr\/?page_id=8526\" title=\"Nos dates de repr\u00e9sentations pour 2024\"> Nos dates de repr\u00e9sentations pour 2024<\/a><\/p>\n","protected":false},"excerpt":{"rendered":"<p>Nous \u00e9tions \u00e0 LA F\u00c8RE ce samedi 16 mars 2024 pour la repr\u00e9sentation de notre pi\u00e8ce \u201c2 EUROS 20\u201d de Marc FAYET. \u00c0 l&rsquo;issue du spectacle, lors du pot de l&rsquo;amiti\u00e9 offert par la Mairie de LA F\u00c8RE, de nombreux spectateurs sont rest\u00e9s pour \u00e9changer avec les com\u00e9diens, parler des r\u00e9p\u00e9titions, de l&rsquo;organisation du spectacle<\/p>\n<p><a class=\"excerpt-more blog-excerpt\" href=\"https:\/\/comedialaon.fr\/?p=8895\">Lire la suite<\/a><\/p>\n","protected":false},"author":1,"featured_media":0,"comment_status":"closed","ping_status":"open","sticky":false,"template":"","format":"standard","meta":{"footnotes":""},"categories":[11],"tags":[],"class_list":["post-8895","post","type-post","status-publish","format-standard","hentry","category-infos-live"],"yoast_head":"<!-- This site is optimized with the Yoast SEO plugin v27.5 - https:\/\/yoast.com\/product\/yoast-seo-wordpress\/ -->\n<title>DES SPECTATEURS ENTHOUSIASTES &#8226; Com\u00e9dia Laon<\/title>\n<meta name=\"robots\" content=\"index, follow, max-snippet:-1, max-image-preview:large, max-video-preview:-1\" \/>\n<link rel=\"canonical\" href=\"https:\/\/comedialaon.fr\/?p=8895\" \/>\n<meta property=\"og:locale\" content=\"fr_FR\" \/>\n<meta property=\"og:type\" content=\"article\" \/>\n<meta property=\"og:title\" content=\"DES SPECTATEURS ENTHOUSIASTES &#8226; Com\u00e9dia Laon\" \/>\n<meta property=\"og:description\" content=\"Nous \u00e9tions \u00e0 LA F\u00c8RE ce samedi 16 mars 2024 pour la repr\u00e9sentation de notre pi\u00e8ce \u201c2 EUROS 20\u201d de Marc FAYET. \u00c0 l&rsquo;issue du spectacle, lors du pot de l&rsquo;amiti\u00e9 offert par la Mairie de LA F\u00c8RE, de nombreux spectateurs sont rest\u00e9s pour \u00e9changer avec les com\u00e9diens, parler des r\u00e9p\u00e9titions, de l&rsquo;organisation du spectacleLire la suite\" \/>\n<meta property=\"og:url\" content=\"https:\/\/comedialaon.fr\/?p=8895\" \/>\n<meta property=\"og:site_name\" content=\"Com\u00e9dia Laon\" \/>\n<meta property=\"article:publisher\" content=\"https:\/\/www.facebook.com\/profile.php?id=100008459438996\" \/>\n<meta property=\"article:published_time\" content=\"2024-03-19T16:02:19+00:00\" \/>\n<meta property=\"og:image\" content=\"https:\/\/comedialaon.fr\/wp-content\/uploads\/2024\/03\/La-Fere-le-16-mars-2024_003-300x173.jpg\" \/>\n<meta name=\"author\" content=\"Muppet 2\" \/>\n<meta name=\"twitter:label1\" content=\"\u00c9crit par\" \/>\n\t<meta name=\"twitter:data1\" content=\"Muppet 2\" \/>\n\t<meta name=\"twitter:label2\" content=\"Dur\u00e9e de lecture estim\u00e9e\" \/>\n\t<meta name=\"twitter:data2\" content=\"2 minutes\" \/>\n<script type=\"application\/ld+json\" class=\"yoast-schema-graph\">{\"@context\":\"https:\\\/\\\/schema.org\",\"@graph\":[{\"@type\":\"Article\",\"@id\":\"https:\\\/\\\/comedialaon.fr\\\/?p=8895#article\",\"isPartOf\":{\"@id\":\"https:\\\/\\\/comedialaon.fr\\\/?p=8895\"},\"author\":{\"name\":\"Muppet 2\",\"@id\":\"https:\\\/\\\/comedialaon.fr\\\/#\\\/schema\\\/person\\\/b5fa2097d9c2df39b18b24eb09a90f30\"},\"headline\":\"DES SPECTATEURS ENTHOUSIASTES\",\"datePublished\":\"2024-03-19T16:02:19+00:00\",\"mainEntityOfPage\":{\"@id\":\"https:\\\/\\\/comedialaon.fr\\\/?p=8895\"},\"wordCount\":154,\"publisher\":{\"@id\":\"https:\\\/\\\/comedialaon.fr\\\/#organization\"},\"image\":{\"@id\":\"https:\\\/\\\/comedialaon.fr\\\/?p=8895#primaryimage\"},\"thumbnailUrl\":\"https:\\\/\\\/comedialaon.fr\\\/wp-content\\\/uploads\\\/2024\\\/03\\\/La-Fere-le-16-mars-2024_003-300x173.jpg\",\"articleSection\":[\"Infos LIVE\"],\"inLanguage\":\"fr-FR\"},{\"@type\":\"WebPage\",\"@id\":\"https:\\\/\\\/comedialaon.fr\\\/?p=8895\",\"url\":\"https:\\\/\\\/comedialaon.fr\\\/?p=8895\",\"name\":\"DES SPECTATEURS ENTHOUSIASTES &#8226; Com\u00e9dia Laon\",\"isPartOf\":{\"@id\":\"https:\\\/\\\/comedialaon.fr\\\/#website\"},\"primaryImageOfPage\":{\"@id\":\"https:\\\/\\\/comedialaon.fr\\\/?p=8895#primaryimage\"},\"image\":{\"@id\":\"https:\\\/\\\/comedialaon.fr\\\/?p=8895#primaryimage\"},\"thumbnailUrl\":\"https:\\\/\\\/comedialaon.fr\\\/wp-content\\\/uploads\\\/2024\\\/03\\\/La-Fere-le-16-mars-2024_003-300x173.jpg\",\"datePublished\":\"2024-03-19T16:02:19+00:00\",\"breadcrumb\":{\"@id\":\"https:\\\/\\\/comedialaon.fr\\\/?p=8895#breadcrumb\"},\"inLanguage\":\"fr-FR\",\"potentialAction\":[{\"@type\":\"ReadAction\",\"target\":[\"https:\\\/\\\/comedialaon.fr\\\/?p=8895\"]}]},{\"@type\":\"ImageObject\",\"inLanguage\":\"fr-FR\",\"@id\":\"https:\\\/\\\/comedialaon.fr\\\/?p=8895#primaryimage\",\"url\":\"https:\\\/\\\/comedialaon.fr\\\/wp-content\\\/uploads\\\/2024\\\/03\\\/La-Fere-le-16-mars-2024_003.jpg\",\"contentUrl\":\"https:\\\/\\\/comedialaon.fr\\\/wp-content\\\/uploads\\\/2024\\\/03\\\/La-Fere-le-16-mars-2024_003.jpg\",\"width\":800,\"height\":462,\"caption\":\"\u201c2 EUROS 20\u201d La F\u00e8re le 16 mars 2024\"},{\"@type\":\"BreadcrumbList\",\"@id\":\"https:\\\/\\\/comedialaon.fr\\\/?p=8895#breadcrumb\",\"itemListElement\":[{\"@type\":\"ListItem\",\"position\":1,\"name\":\"Accueil\",\"item\":\"https:\\\/\\\/comedialaon.fr\\\/\"},{\"@type\":\"ListItem\",\"position\":2,\"name\":\"DES SPECTATEURS ENTHOUSIASTES\"}]},{\"@type\":\"WebSite\",\"@id\":\"https:\\\/\\\/comedialaon.fr\\\/#website\",\"url\":\"https:\\\/\\\/comedialaon.fr\\\/\",\"name\":\"Com\u00e9dia Laon\",\"description\":\"Prendre et donner du PLAISIR ... !!! ;-)\",\"publisher\":{\"@id\":\"https:\\\/\\\/comedialaon.fr\\\/#organization\"},\"potentialAction\":[{\"@type\":\"SearchAction\",\"target\":{\"@type\":\"EntryPoint\",\"urlTemplate\":\"https:\\\/\\\/comedialaon.fr\\\/?s={search_term_string}\"},\"query-input\":{\"@type\":\"PropertyValueSpecification\",\"valueRequired\":true,\"valueName\":\"search_term_string\"}}],\"inLanguage\":\"fr-FR\"},{\"@type\":\"Organization\",\"@id\":\"https:\\\/\\\/comedialaon.fr\\\/#organization\",\"name\":\"Com\u00e9dia Laon\",\"url\":\"https:\\\/\\\/comedialaon.fr\\\/\",\"logo\":{\"@type\":\"ImageObject\",\"inLanguage\":\"fr-FR\",\"@id\":\"https:\\\/\\\/comedialaon.fr\\\/#\\\/schema\\\/logo\\\/image\\\/\",\"url\":\"https:\\\/\\\/comedialaon.fr\\\/wp-content\\\/uploads\\\/2019\\\/02\\\/LOGO-CL-et-OL.jpg\",\"contentUrl\":\"https:\\\/\\\/comedialaon.fr\\\/wp-content\\\/uploads\\\/2019\\\/02\\\/LOGO-CL-et-OL.jpg\",\"width\":756,\"height\":210,\"caption\":\"Com\u00e9dia Laon\"},\"image\":{\"@id\":\"https:\\\/\\\/comedialaon.fr\\\/#\\\/schema\\\/logo\\\/image\\\/\"},\"sameAs\":[\"https:\\\/\\\/www.facebook.com\\\/profile.php?id=100008459438996\",\"https:\\\/\\\/www.youtube.com\\\/results?search_query=comedia laon\"]},{\"@type\":\"Person\",\"@id\":\"https:\\\/\\\/comedialaon.fr\\\/#\\\/schema\\\/person\\\/b5fa2097d9c2df39b18b24eb09a90f30\",\"name\":\"Muppet 2\",\"image\":{\"@type\":\"ImageObject\",\"inLanguage\":\"fr-FR\",\"@id\":\"https:\\\/\\\/secure.gravatar.com\\\/avatar\\\/8e9847ab3b902434f6deca39973d429601dcdadf46a57d80eec28699158bf63a?s=96&d=mm&r=g\",\"url\":\"https:\\\/\\\/secure.gravatar.com\\\/avatar\\\/8e9847ab3b902434f6deca39973d429601dcdadf46a57d80eec28699158bf63a?s=96&d=mm&r=g\",\"contentUrl\":\"https:\\\/\\\/secure.gravatar.com\\\/avatar\\\/8e9847ab3b902434f6deca39973d429601dcdadf46a57d80eec28699158bf63a?s=96&d=mm&r=g\",\"caption\":\"Muppet 2\"},\"sameAs\":[\"https:\\\/\\\/www.comedialaon.fr\"]}]}<\/script>\n<!-- \/ Yoast SEO plugin. -->","yoast_head_json":{"title":"DES SPECTATEURS ENTHOUSIASTES &#8226; Com\u00e9dia Laon","robots":{"index":"index","follow":"follow","max-snippet":"max-snippet:-1","max-image-preview":"max-image-preview:large","max-video-preview":"max-video-preview:-1"},"canonical":"https:\/\/comedialaon.fr\/?p=8895","og_locale":"fr_FR","og_type":"article","og_title":"DES SPECTATEURS ENTHOUSIASTES &#8226; Com\u00e9dia Laon","og_description":"Nous \u00e9tions \u00e0 LA F\u00c8RE ce samedi 16 mars 2024 pour la repr\u00e9sentation de notre pi\u00e8ce \u201c2 EUROS 20\u201d de Marc FAYET. \u00c0 l&rsquo;issue du spectacle, lors du pot de l&rsquo;amiti\u00e9 offert par la Mairie de LA F\u00c8RE, de nombreux spectateurs sont rest\u00e9s pour \u00e9changer avec les com\u00e9diens, parler des r\u00e9p\u00e9titions, de l&rsquo;organisation du spectacleLire la suite","og_url":"https:\/\/comedialaon.fr\/?p=8895","og_site_name":"Com\u00e9dia Laon","article_publisher":"https:\/\/www.facebook.com\/profile.php?id=100008459438996","article_published_time":"2024-03-19T16:02:19+00:00","og_image":[{"url":"https:\/\/comedialaon.fr\/wp-content\/uploads\/2024\/03\/La-Fere-le-16-mars-2024_003-300x173.jpg","type":"","width":"","height":""}],"author":"Muppet 2","twitter_misc":{"\u00c9crit par":"Muppet 2","Dur\u00e9e de lecture estim\u00e9e":"2 minutes"},"schema":{"@context":"https:\/\/schema.org","@graph":[{"@type":"Article","@id":"https:\/\/comedialaon.fr\/?p=8895#article","isPartOf":{"@id":"https:\/\/comedialaon.fr\/?p=8895"},"author":{"name":"Muppet 2","@id":"https:\/\/comedialaon.fr\/#\/schema\/person\/b5fa2097d9c2df39b18b24eb09a90f30"},"headline":"DES SPECTATEURS ENTHOUSIASTES","datePublished":"2024-03-19T16:02:19+00:00","mainEntityOfPage":{"@id":"https:\/\/comedialaon.fr\/?p=8895"},"wordCount":154,"publisher":{"@id":"https:\/\/comedialaon.fr\/#organization"},"image":{"@id":"https:\/\/comedialaon.fr\/?p=8895#primaryimage"},"thumbnailUrl":"https:\/\/comedialaon.fr\/wp-content\/uploads\/2024\/03\/La-Fere-le-16-mars-2024_003-300x173.jpg","articleSection":["Infos LIVE"],"inLanguage":"fr-FR"},{"@type":"WebPage","@id":"https:\/\/comedialaon.fr\/?p=8895","url":"https:\/\/comedialaon.fr\/?p=8895","name":"DES SPECTATEURS ENTHOUSIASTES &#8226; Com\u00e9dia Laon","isPartOf":{"@id":"https:\/\/comedialaon.fr\/#website"},"primaryImageOfPage":{"@id":"https:\/\/comedialaon.fr\/?p=8895#primaryimage"},"image":{"@id":"https:\/\/comedialaon.fr\/?p=8895#primaryimage"},"thumbnailUrl":"https:\/\/comedialaon.fr\/wp-content\/uploads\/2024\/03\/La-Fere-le-16-mars-2024_003-300x173.jpg","datePublished":"2024-03-19T16:02:19+00:00","breadcrumb":{"@id":"https:\/\/comedialaon.fr\/?p=8895#breadcrumb"},"inLanguage":"fr-FR","potentialAction":[{"@type":"ReadAction","target":["https:\/\/comedialaon.fr\/?p=8895"]}]},{"@type":"ImageObject","inLanguage":"fr-FR","@id":"https:\/\/comedialaon.fr\/?p=8895#primaryimage","url":"https:\/\/comedialaon.fr\/wp-content\/uploads\/2024\/03\/La-Fere-le-16-mars-2024_003.jpg","contentUrl":"https:\/\/comedialaon.fr\/wp-content\/uploads\/2024\/03\/La-Fere-le-16-mars-2024_003.jpg","width":800,"height":462,"caption":"\u201c2 EUROS 20\u201d La F\u00e8re le 16 mars 2024"},{"@type":"BreadcrumbList","@id":"https:\/\/comedialaon.fr\/?p=8895#breadcrumb","itemListElement":[{"@type":"ListItem","position":1,"name":"Accueil","item":"https:\/\/comedialaon.fr\/"},{"@type":"ListItem","position":2,"name":"DES SPECTATEURS ENTHOUSIASTES"}]},{"@type":"WebSite","@id":"https:\/\/comedialaon.fr\/#website","url":"https:\/\/comedialaon.fr\/","name":"Com\u00e9dia Laon","description":"Prendre et donner du PLAISIR ... !!! ;-)","publisher":{"@id":"https:\/\/comedialaon.fr\/#organization"},"potentialAction":[{"@type":"SearchAction","target":{"@type":"EntryPoint","urlTemplate":"https:\/\/comedialaon.fr\/?s={search_term_string}"},"query-input":{"@type":"PropertyValueSpecification","valueRequired":true,"valueName":"search_term_string"}}],"inLanguage":"fr-FR"},{"@type":"Organization","@id":"https:\/\/comedialaon.fr\/#organization","name":"Com\u00e9dia Laon","url":"https:\/\/comedialaon.fr\/","logo":{"@type":"ImageObject","inLanguage":"fr-FR","@id":"https:\/\/comedialaon.fr\/#\/schema\/logo\/image\/","url":"https:\/\/comedialaon.fr\/wp-content\/uploads\/2019\/02\/LOGO-CL-et-OL.jpg","contentUrl":"https:\/\/comedialaon.fr\/wp-content\/uploads\/2019\/02\/LOGO-CL-et-OL.jpg","width":756,"height":210,"caption":"Com\u00e9dia Laon"},"image":{"@id":"https:\/\/comedialaon.fr\/#\/schema\/logo\/image\/"},"sameAs":["https:\/\/www.facebook.com\/profile.php?id=100008459438996","https:\/\/www.youtube.com\/results?search_query=comedia laon"]},{"@type":"Person","@id":"https:\/\/comedialaon.fr\/#\/schema\/person\/b5fa2097d9c2df39b18b24eb09a90f30","name":"Muppet 2","image":{"@type":"ImageObject","inLanguage":"fr-FR","@id":"https:\/\/secure.gravatar.com\/avatar\/8e9847ab3b902434f6deca39973d429601dcdadf46a57d80eec28699158bf63a?s=96&d=mm&r=g","url":"https:\/\/secure.gravatar.com\/avatar\/8e9847ab3b902434f6deca39973d429601dcdadf46a57d80eec28699158bf63a?s=96&d=mm&r=g","contentUrl":"https:\/\/secure.gravatar.com\/avatar\/8e9847ab3b902434f6deca39973d429601dcdadf46a57d80eec28699158bf63a?s=96&d=mm&r=g","caption":"Muppet 2"},"sameAs":["https:\/\/www.comedialaon.fr"]}]}},"_links":{"self":[{"href":"https:\/\/comedialaon.fr\/index.php?rest_route=\/wp\/v2\/posts\/8895","targetHints":{"allow":["GET"]}}],"collection":[{"href":"https:\/\/comedialaon.fr\/index.php?rest_route=\/wp\/v2\/posts"}],"about":[{"href":"https:\/\/comedialaon.fr\/index.php?rest_route=\/wp\/v2\/types\/post"}],"author":[{"embeddable":true,"href":"https:\/\/comedialaon.fr\/index.php?rest_route=\/wp\/v2\/users\/1"}],"replies":[{"embeddable":true,"href":"https:\/\/comedialaon.fr\/index.php?rest_route=%2Fwp%2Fv2%2Fcomments&post=8895"}],"version-history":[{"count":9,"href":"https:\/\/comedialaon.fr\/index.php?rest_route=\/wp\/v2\/posts\/8895\/revisions"}],"predecessor-version":[{"id":8930,"href":"https:\/\/comedialaon.fr\/index.php?rest_route=\/wp\/v2\/posts\/8895\/revisions\/8930"}],"wp:attachment":[{"href":"https:\/\/comedialaon.fr\/index.php?rest_route=%2Fwp%2Fv2%2Fmedia&parent=8895"}],"wp:term":[{"taxonomy":"category","embeddable":true,"href":"https:\/\/comedialaon.fr\/index.php?rest_route=%2Fwp%2Fv2%2Fcategories&post=8895"},{"taxonomy":"post_tag","embeddable":true,"href":"https:\/\/comedialaon.fr\/index.php?rest_route=%2Fwp%2Fv2%2Ftags&post=8895"}],"curies":[{"name":"wp","href":"https:\/\/api.w.org\/{rel}","templated":true}]}}