{"id":8789,"date":"2024-02-12T16:28:32","date_gmt":"2024-02-12T14:28:32","guid":{"rendered":"https:\/\/comedialaon.fr\/?p=8789"},"modified":"2024-02-26T14:30:41","modified_gmt":"2024-02-26T12:30:41","slug":"un-public-ravi","status":"publish","type":"post","link":"https:\/\/comedialaon.fr\/?p=8789","title":{"rendered":"<font color=#0000FF><u><b>UN PUBLIC RAVI !!!<\/b><\/u><\/font color>"},"content":{"rendered":"<div id=\"attachment_8793\" style=\"width: 160px\" class=\"wp-caption alignleft\"><a href=\"https:\/\/comedialaon.fr\/wp-content\/uploads\/2024\/02\/Mons-11-02-2024_3-800-x-600.jpg\"><img loading=\"lazy\" decoding=\"async\" aria-describedby=\"caption-attachment-8793\" src=\"https:\/\/comedialaon.fr\/wp-content\/uploads\/2024\/02\/Mons-11-02-2024_3-800-x-600-150x150.jpg\" alt=\"\" width=\"150\" height=\"150\" class=\"size-thumbnail wp-image-8793\" \/><\/a><p id=\"caption-attachment-8793\" class=\"wp-caption-text\">T\u00e9l\u00e9thon : MONS EN LAONNOIS le 11 f\u00e9vrier 2024<\/p><\/div>\n<p>Voil\u00e0, notre derni\u00e8re r\u00e9p\u00e9tition g\u00e9n\u00e9rale au profit du T\u00e9l\u00e9thon est termin\u00e9e. Un grand MERCI aux nombreux public pour ses rires et ses applaudissements qui ont port\u00e9 les com\u00e9diens et les com\u00e9diennes. Tous les compliments re\u00e7us viennent r\u00e9compenser tout le travail r\u00e9alis\u00e9.<\/p>\n<p>Pour l&rsquo;occasion, Madame Marie Agn\u00e8s Collinet, Coordinatrice du T\u00e9l\u00e9thon pour la r\u00e9gion Aisne Nord, avait fait le d\u00e9placement.<\/p>\n<p>Christian B\u00e9thune, notre Pr\u00e9sident, lui a remis un ch\u00e8que de 1310.00\u20ac correspondant \u00e0 la recette de cette repr\u00e9sentation.<\/p>\n<p>Encore Merci \u00e0 toutes et \u00e0 tous.<\/p>\n<p>Notre prochaine repr\u00e9sentation aura lieu le dimanche 25 f\u00e9vrier 2024 \u00e0 15H00 \u00e0 PINON \u00e0 la Salle des F\u00eates Place Charles de Gaulle.<br \/>\nRenseignements 07 82 73 61 05 \u2013 Tarif entr\u00e9e 8 \u20ac<\/p>\n<p>Le journal l&rsquo;Union a publi\u00e9 <a href=\" https:\/\/comedialaon.fr\/?attachment_id=8802 \" >un article<\/a> le 14 f\u00e9vrier 2024.<\/p>\n<p><a href=\"https:\/\/comedialaon.fr\/?page_id=8526\" title=\"Nos dates de repr\u00e9sentations pour 2024\"> Nos dates de repr\u00e9sentations pour 2024<\/a><\/p>\n<div id=\"attachment_8791\" style=\"width: 310px\" class=\"wp-caption alignleft\"><a href=\"https:\/\/comedialaon.fr\/wp-content\/uploads\/2024\/02\/Mons-11-02-2024_1-800-x-600.jpg\"><img loading=\"lazy\" decoding=\"async\" aria-describedby=\"caption-attachment-8791\" src=\"https:\/\/comedialaon.fr\/wp-content\/uploads\/2024\/02\/Mons-11-02-2024_1-800-x-600-300x151.jpg\" alt=\"\" width=\"300\" height=\"151\" class=\"size-medium wp-image-8791\" srcset=\"https:\/\/comedialaon.fr\/wp-content\/uploads\/2024\/02\/Mons-11-02-2024_1-800-x-600-300x151.jpg 300w, https:\/\/comedialaon.fr\/wp-content\/uploads\/2024\/02\/Mons-11-02-2024_1-800-x-600-768x387.jpg 768w, https:\/\/comedialaon.fr\/wp-content\/uploads\/2024\/02\/Mons-11-02-2024_1-800-x-600.jpg 800w\" sizes=\"auto, (max-width: 300px) 100vw, 300px\" \/><\/a><p id=\"caption-attachment-8791\" class=\"wp-caption-text\">T\u00e9l\u00e9thon : MONS EN LAONNOIS le 11 f\u00e9vrier 2024<\/p><\/div>\n<div id=\"attachment_8792\" style=\"width: 310px\" class=\"wp-caption alignleft\"><a href=\"https:\/\/comedialaon.fr\/wp-content\/uploads\/2024\/02\/Mons-11-02-2024_2-800-x-600.jpg\"><img loading=\"lazy\" decoding=\"async\" aria-describedby=\"caption-attachment-8792\" src=\"https:\/\/comedialaon.fr\/wp-content\/uploads\/2024\/02\/Mons-11-02-2024_2-800-x-600-300x174.jpg\" alt=\"\" width=\"300\" height=\"174\" class=\"size-medium wp-image-8792\" srcset=\"https:\/\/comedialaon.fr\/wp-content\/uploads\/2024\/02\/Mons-11-02-2024_2-800-x-600-300x174.jpg 300w, https:\/\/comedialaon.fr\/wp-content\/uploads\/2024\/02\/Mons-11-02-2024_2-800-x-600-768x446.jpg 768w, https:\/\/comedialaon.fr\/wp-content\/uploads\/2024\/02\/Mons-11-02-2024_2-800-x-600.jpg 800w\" sizes=\"auto, (max-width: 300px) 100vw, 300px\" \/><\/a><p id=\"caption-attachment-8792\" class=\"wp-caption-text\">T\u00e9l\u00e9thon : MONS EN LAONNOIS le 11 f\u00e9vrier 2024<\/p><\/div>\n<div id=\"attachment_8835\" style=\"width: 310px\" class=\"wp-caption alignleft\"><a href=\"https:\/\/comedialaon.fr\/wp-content\/uploads\/2024\/02\/Diplome-Telethon-2023-Comedia-Laon-le-11-fevrier-2024-a-Mons-en-Laonnois-rotated.jpg\"><img loading=\"lazy\" decoding=\"async\" aria-describedby=\"caption-attachment-8835\" src=\"https:\/\/comedialaon.fr\/wp-content\/uploads\/2024\/02\/Diplome-Telethon-2023-Comedia-Laon-le-11-fevrier-2024-a-Mons-en-Laonnois-300x218.jpg\" alt=\"\" width=\"300\" height=\"218\" class=\"size-medium wp-image-8835\" srcset=\"https:\/\/comedialaon.fr\/wp-content\/uploads\/2024\/02\/Diplome-Telethon-2023-Comedia-Laon-le-11-fevrier-2024-a-Mons-en-Laonnois-300x218.jpg 300w, https:\/\/comedialaon.fr\/wp-content\/uploads\/2024\/02\/Diplome-Telethon-2023-Comedia-Laon-le-11-fevrier-2024-a-Mons-en-Laonnois-rotated.jpg 400w\" sizes=\"auto, (max-width: 300px) 100vw, 300px\" \/><\/a><p id=\"caption-attachment-8835\" class=\"wp-caption-text\">Dipl\u00f4me T\u00e9l\u00e9thon 2023 Com\u00e9dia Laon le 11 f\u00e9vrier 2024 \u00e0 Mons en Laonnois<\/p><\/div>\n","protected":false},"excerpt":{"rendered":"<p>Voil\u00e0, notre derni\u00e8re r\u00e9p\u00e9tition g\u00e9n\u00e9rale au profit du T\u00e9l\u00e9thon est termin\u00e9e. Un grand MERCI aux nombreux public pour ses rires et ses applaudissements qui ont port\u00e9 les com\u00e9diens et les com\u00e9diennes. Tous les compliments re\u00e7us viennent r\u00e9compenser tout le travail r\u00e9alis\u00e9. Pour l&rsquo;occasion, Madame Marie Agn\u00e8s Collinet, Coordinatrice du T\u00e9l\u00e9thon pour la r\u00e9gion Aisne Nord,<\/p>\n<p><a class=\"excerpt-more blog-excerpt\" href=\"https:\/\/comedialaon.fr\/?p=8789\">Lire la suite<\/a><\/p>\n","protected":false},"author":1,"featured_media":0,"comment_status":"closed","ping_status":"open","sticky":false,"template":"","format":"standard","meta":{"footnotes":""},"categories":[11],"tags":[],"class_list":["post-8789","post","type-post","status-publish","format-standard","hentry","category-infos-live"],"yoast_head":"<!-- This site is optimized with the Yoast SEO plugin v27.5 - https:\/\/yoast.com\/product\/yoast-seo-wordpress\/ -->\n<title>UN PUBLIC RAVI !!! &#8226; Com\u00e9dia Laon<\/title>\n<meta name=\"robots\" content=\"index, follow, max-snippet:-1, max-image-preview:large, max-video-preview:-1\" \/>\n<link rel=\"canonical\" href=\"https:\/\/comedialaon.fr\/?p=8789\" \/>\n<meta property=\"og:locale\" content=\"fr_FR\" \/>\n<meta property=\"og:type\" content=\"article\" \/>\n<meta property=\"og:title\" content=\"UN PUBLIC RAVI !!! &#8226; Com\u00e9dia Laon\" \/>\n<meta property=\"og:description\" content=\"Voil\u00e0, notre derni\u00e8re r\u00e9p\u00e9tition g\u00e9n\u00e9rale au profit du T\u00e9l\u00e9thon est termin\u00e9e. Un grand MERCI aux nombreux public pour ses rires et ses applaudissements qui ont port\u00e9 les com\u00e9diens et les com\u00e9diennes. Tous les compliments re\u00e7us viennent r\u00e9compenser tout le travail r\u00e9alis\u00e9. Pour l&rsquo;occasion, Madame Marie Agn\u00e8s Collinet, Coordinatrice du T\u00e9l\u00e9thon pour la r\u00e9gion Aisne Nord,Lire la suite\" \/>\n<meta property=\"og:url\" content=\"https:\/\/comedialaon.fr\/?p=8789\" \/>\n<meta property=\"og:site_name\" content=\"Com\u00e9dia Laon\" \/>\n<meta property=\"article:publisher\" content=\"https:\/\/www.facebook.com\/profile.php?id=100008459438996\" \/>\n<meta property=\"article:published_time\" content=\"2024-02-12T14:28:32+00:00\" \/>\n<meta property=\"article:modified_time\" content=\"2024-02-26T12:30:41+00:00\" \/>\n<meta property=\"og:image\" content=\"https:\/\/comedialaon.fr\/wp-content\/uploads\/2024\/02\/Mons-11-02-2024_3-800-x-600-150x150.jpg\" \/>\n<meta name=\"author\" content=\"Muppet 2\" \/>\n<meta name=\"twitter:label1\" content=\"\u00c9crit par\" \/>\n\t<meta name=\"twitter:data1\" content=\"Muppet 2\" \/>\n\t<meta name=\"twitter:label2\" content=\"Dur\u00e9e de lecture estim\u00e9e\" \/>\n\t<meta name=\"twitter:data2\" content=\"2 minutes\" \/>\n<script type=\"application\/ld+json\" class=\"yoast-schema-graph\">{\"@context\":\"https:\\\/\\\/schema.org\",\"@graph\":[{\"@type\":\"Article\",\"@id\":\"https:\\\/\\\/comedialaon.fr\\\/?p=8789#article\",\"isPartOf\":{\"@id\":\"https:\\\/\\\/comedialaon.fr\\\/?p=8789\"},\"author\":{\"name\":\"Muppet 2\",\"@id\":\"https:\\\/\\\/comedialaon.fr\\\/#\\\/schema\\\/person\\\/b5fa2097d9c2df39b18b24eb09a90f30\"},\"headline\":\"UN PUBLIC RAVI !!!\",\"datePublished\":\"2024-02-12T14:28:32+00:00\",\"dateModified\":\"2024-02-26T12:30:41+00:00\",\"mainEntityOfPage\":{\"@id\":\"https:\\\/\\\/comedialaon.fr\\\/?p=8789\"},\"wordCount\":217,\"publisher\":{\"@id\":\"https:\\\/\\\/comedialaon.fr\\\/#organization\"},\"image\":{\"@id\":\"https:\\\/\\\/comedialaon.fr\\\/?p=8789#primaryimage\"},\"thumbnailUrl\":\"https:\\\/\\\/comedialaon.fr\\\/wp-content\\\/uploads\\\/2024\\\/02\\\/Mons-11-02-2024_3-800-x-600-150x150.jpg\",\"articleSection\":[\"Infos LIVE\"],\"inLanguage\":\"fr-FR\"},{\"@type\":\"WebPage\",\"@id\":\"https:\\\/\\\/comedialaon.fr\\\/?p=8789\",\"url\":\"https:\\\/\\\/comedialaon.fr\\\/?p=8789\",\"name\":\"UN PUBLIC RAVI !!! &#8226; Com\u00e9dia Laon\",\"isPartOf\":{\"@id\":\"https:\\\/\\\/comedialaon.fr\\\/#website\"},\"primaryImageOfPage\":{\"@id\":\"https:\\\/\\\/comedialaon.fr\\\/?p=8789#primaryimage\"},\"image\":{\"@id\":\"https:\\\/\\\/comedialaon.fr\\\/?p=8789#primaryimage\"},\"thumbnailUrl\":\"https:\\\/\\\/comedialaon.fr\\\/wp-content\\\/uploads\\\/2024\\\/02\\\/Mons-11-02-2024_3-800-x-600-150x150.jpg\",\"datePublished\":\"2024-02-12T14:28:32+00:00\",\"dateModified\":\"2024-02-26T12:30:41+00:00\",\"breadcrumb\":{\"@id\":\"https:\\\/\\\/comedialaon.fr\\\/?p=8789#breadcrumb\"},\"inLanguage\":\"fr-FR\",\"potentialAction\":[{\"@type\":\"ReadAction\",\"target\":[\"https:\\\/\\\/comedialaon.fr\\\/?p=8789\"]}]},{\"@type\":\"ImageObject\",\"inLanguage\":\"fr-FR\",\"@id\":\"https:\\\/\\\/comedialaon.fr\\\/?p=8789#primaryimage\",\"url\":\"https:\\\/\\\/comedialaon.fr\\\/wp-content\\\/uploads\\\/2024\\\/02\\\/Mons-11-02-2024_3-800-x-600.jpg\",\"contentUrl\":\"https:\\\/\\\/comedialaon.fr\\\/wp-content\\\/uploads\\\/2024\\\/02\\\/Mons-11-02-2024_3-800-x-600.jpg\",\"width\":800,\"height\":502,\"caption\":\"T\u00e9l\u00e9thon : MONS EN LAONNOIS le 11 f\u00e9vrier 2024\"},{\"@type\":\"BreadcrumbList\",\"@id\":\"https:\\\/\\\/comedialaon.fr\\\/?p=8789#breadcrumb\",\"itemListElement\":[{\"@type\":\"ListItem\",\"position\":1,\"name\":\"Accueil\",\"item\":\"https:\\\/\\\/comedialaon.fr\\\/\"},{\"@type\":\"ListItem\",\"position\":2,\"name\":\"UN PUBLIC RAVI !!!\"}]},{\"@type\":\"WebSite\",\"@id\":\"https:\\\/\\\/comedialaon.fr\\\/#website\",\"url\":\"https:\\\/\\\/comedialaon.fr\\\/\",\"name\":\"Com\u00e9dia Laon\",\"description\":\"Prendre et donner du PLAISIR ... !!! ;-)\",\"publisher\":{\"@id\":\"https:\\\/\\\/comedialaon.fr\\\/#organization\"},\"potentialAction\":[{\"@type\":\"SearchAction\",\"target\":{\"@type\":\"EntryPoint\",\"urlTemplate\":\"https:\\\/\\\/comedialaon.fr\\\/?s={search_term_string}\"},\"query-input\":{\"@type\":\"PropertyValueSpecification\",\"valueRequired\":true,\"valueName\":\"search_term_string\"}}],\"inLanguage\":\"fr-FR\"},{\"@type\":\"Organization\",\"@id\":\"https:\\\/\\\/comedialaon.fr\\\/#organization\",\"name\":\"Com\u00e9dia Laon\",\"url\":\"https:\\\/\\\/comedialaon.fr\\\/\",\"logo\":{\"@type\":\"ImageObject\",\"inLanguage\":\"fr-FR\",\"@id\":\"https:\\\/\\\/comedialaon.fr\\\/#\\\/schema\\\/logo\\\/image\\\/\",\"url\":\"https:\\\/\\\/comedialaon.fr\\\/wp-content\\\/uploads\\\/2019\\\/02\\\/LOGO-CL-et-OL.jpg\",\"contentUrl\":\"https:\\\/\\\/comedialaon.fr\\\/wp-content\\\/uploads\\\/2019\\\/02\\\/LOGO-CL-et-OL.jpg\",\"width\":756,\"height\":210,\"caption\":\"Com\u00e9dia Laon\"},\"image\":{\"@id\":\"https:\\\/\\\/comedialaon.fr\\\/#\\\/schema\\\/logo\\\/image\\\/\"},\"sameAs\":[\"https:\\\/\\\/www.facebook.com\\\/profile.php?id=100008459438996\",\"https:\\\/\\\/www.youtube.com\\\/results?search_query=comedia laon\"]},{\"@type\":\"Person\",\"@id\":\"https:\\\/\\\/comedialaon.fr\\\/#\\\/schema\\\/person\\\/b5fa2097d9c2df39b18b24eb09a90f30\",\"name\":\"Muppet 2\",\"image\":{\"@type\":\"ImageObject\",\"inLanguage\":\"fr-FR\",\"@id\":\"https:\\\/\\\/secure.gravatar.com\\\/avatar\\\/8e9847ab3b902434f6deca39973d429601dcdadf46a57d80eec28699158bf63a?s=96&d=mm&r=g\",\"url\":\"https:\\\/\\\/secure.gravatar.com\\\/avatar\\\/8e9847ab3b902434f6deca39973d429601dcdadf46a57d80eec28699158bf63a?s=96&d=mm&r=g\",\"contentUrl\":\"https:\\\/\\\/secure.gravatar.com\\\/avatar\\\/8e9847ab3b902434f6deca39973d429601dcdadf46a57d80eec28699158bf63a?s=96&d=mm&r=g\",\"caption\":\"Muppet 2\"},\"sameAs\":[\"https:\\\/\\\/www.comedialaon.fr\"]}]}<\/script>\n<!-- \/ Yoast SEO plugin. -->","yoast_head_json":{"title":"UN PUBLIC RAVI !!! &#8226; Com\u00e9dia Laon","robots":{"index":"index","follow":"follow","max-snippet":"max-snippet:-1","max-image-preview":"max-image-preview:large","max-video-preview":"max-video-preview:-1"},"canonical":"https:\/\/comedialaon.fr\/?p=8789","og_locale":"fr_FR","og_type":"article","og_title":"UN PUBLIC RAVI !!! &#8226; Com\u00e9dia Laon","og_description":"Voil\u00e0, notre derni\u00e8re r\u00e9p\u00e9tition g\u00e9n\u00e9rale au profit du T\u00e9l\u00e9thon est termin\u00e9e. Un grand MERCI aux nombreux public pour ses rires et ses applaudissements qui ont port\u00e9 les com\u00e9diens et les com\u00e9diennes. Tous les compliments re\u00e7us viennent r\u00e9compenser tout le travail r\u00e9alis\u00e9. Pour l&rsquo;occasion, Madame Marie Agn\u00e8s Collinet, Coordinatrice du T\u00e9l\u00e9thon pour la r\u00e9gion Aisne Nord,Lire la suite","og_url":"https:\/\/comedialaon.fr\/?p=8789","og_site_name":"Com\u00e9dia Laon","article_publisher":"https:\/\/www.facebook.com\/profile.php?id=100008459438996","article_published_time":"2024-02-12T14:28:32+00:00","article_modified_time":"2024-02-26T12:30:41+00:00","og_image":[{"url":"https:\/\/comedialaon.fr\/wp-content\/uploads\/2024\/02\/Mons-11-02-2024_3-800-x-600-150x150.jpg","type":"","width":"","height":""}],"author":"Muppet 2","twitter_misc":{"\u00c9crit par":"Muppet 2","Dur\u00e9e de lecture estim\u00e9e":"2 minutes"},"schema":{"@context":"https:\/\/schema.org","@graph":[{"@type":"Article","@id":"https:\/\/comedialaon.fr\/?p=8789#article","isPartOf":{"@id":"https:\/\/comedialaon.fr\/?p=8789"},"author":{"name":"Muppet 2","@id":"https:\/\/comedialaon.fr\/#\/schema\/person\/b5fa2097d9c2df39b18b24eb09a90f30"},"headline":"UN PUBLIC RAVI !!!","datePublished":"2024-02-12T14:28:32+00:00","dateModified":"2024-02-26T12:30:41+00:00","mainEntityOfPage":{"@id":"https:\/\/comedialaon.fr\/?p=8789"},"wordCount":217,"publisher":{"@id":"https:\/\/comedialaon.fr\/#organization"},"image":{"@id":"https:\/\/comedialaon.fr\/?p=8789#primaryimage"},"thumbnailUrl":"https:\/\/comedialaon.fr\/wp-content\/uploads\/2024\/02\/Mons-11-02-2024_3-800-x-600-150x150.jpg","articleSection":["Infos LIVE"],"inLanguage":"fr-FR"},{"@type":"WebPage","@id":"https:\/\/comedialaon.fr\/?p=8789","url":"https:\/\/comedialaon.fr\/?p=8789","name":"UN PUBLIC RAVI !!! &#8226; Com\u00e9dia Laon","isPartOf":{"@id":"https:\/\/comedialaon.fr\/#website"},"primaryImageOfPage":{"@id":"https:\/\/comedialaon.fr\/?p=8789#primaryimage"},"image":{"@id":"https:\/\/comedialaon.fr\/?p=8789#primaryimage"},"thumbnailUrl":"https:\/\/comedialaon.fr\/wp-content\/uploads\/2024\/02\/Mons-11-02-2024_3-800-x-600-150x150.jpg","datePublished":"2024-02-12T14:28:32+00:00","dateModified":"2024-02-26T12:30:41+00:00","breadcrumb":{"@id":"https:\/\/comedialaon.fr\/?p=8789#breadcrumb"},"inLanguage":"fr-FR","potentialAction":[{"@type":"ReadAction","target":["https:\/\/comedialaon.fr\/?p=8789"]}]},{"@type":"ImageObject","inLanguage":"fr-FR","@id":"https:\/\/comedialaon.fr\/?p=8789#primaryimage","url":"https:\/\/comedialaon.fr\/wp-content\/uploads\/2024\/02\/Mons-11-02-2024_3-800-x-600.jpg","contentUrl":"https:\/\/comedialaon.fr\/wp-content\/uploads\/2024\/02\/Mons-11-02-2024_3-800-x-600.jpg","width":800,"height":502,"caption":"T\u00e9l\u00e9thon : MONS EN LAONNOIS le 11 f\u00e9vrier 2024"},{"@type":"BreadcrumbList","@id":"https:\/\/comedialaon.fr\/?p=8789#breadcrumb","itemListElement":[{"@type":"ListItem","position":1,"name":"Accueil","item":"https:\/\/comedialaon.fr\/"},{"@type":"ListItem","position":2,"name":"UN PUBLIC RAVI !!!"}]},{"@type":"WebSite","@id":"https:\/\/comedialaon.fr\/#website","url":"https:\/\/comedialaon.fr\/","name":"Com\u00e9dia Laon","description":"Prendre et donner du PLAISIR ... !!! ;-)","publisher":{"@id":"https:\/\/comedialaon.fr\/#organization"},"potentialAction":[{"@type":"SearchAction","target":{"@type":"EntryPoint","urlTemplate":"https:\/\/comedialaon.fr\/?s={search_term_string}"},"query-input":{"@type":"PropertyValueSpecification","valueRequired":true,"valueName":"search_term_string"}}],"inLanguage":"fr-FR"},{"@type":"Organization","@id":"https:\/\/comedialaon.fr\/#organization","name":"Com\u00e9dia Laon","url":"https:\/\/comedialaon.fr\/","logo":{"@type":"ImageObject","inLanguage":"fr-FR","@id":"https:\/\/comedialaon.fr\/#\/schema\/logo\/image\/","url":"https:\/\/comedialaon.fr\/wp-content\/uploads\/2019\/02\/LOGO-CL-et-OL.jpg","contentUrl":"https:\/\/comedialaon.fr\/wp-content\/uploads\/2019\/02\/LOGO-CL-et-OL.jpg","width":756,"height":210,"caption":"Com\u00e9dia Laon"},"image":{"@id":"https:\/\/comedialaon.fr\/#\/schema\/logo\/image\/"},"sameAs":["https:\/\/www.facebook.com\/profile.php?id=100008459438996","https:\/\/www.youtube.com\/results?search_query=comedia laon"]},{"@type":"Person","@id":"https:\/\/comedialaon.fr\/#\/schema\/person\/b5fa2097d9c2df39b18b24eb09a90f30","name":"Muppet 2","image":{"@type":"ImageObject","inLanguage":"fr-FR","@id":"https:\/\/secure.gravatar.com\/avatar\/8e9847ab3b902434f6deca39973d429601dcdadf46a57d80eec28699158bf63a?s=96&d=mm&r=g","url":"https:\/\/secure.gravatar.com\/avatar\/8e9847ab3b902434f6deca39973d429601dcdadf46a57d80eec28699158bf63a?s=96&d=mm&r=g","contentUrl":"https:\/\/secure.gravatar.com\/avatar\/8e9847ab3b902434f6deca39973d429601dcdadf46a57d80eec28699158bf63a?s=96&d=mm&r=g","caption":"Muppet 2"},"sameAs":["https:\/\/www.comedialaon.fr"]}]}},"_links":{"self":[{"href":"https:\/\/comedialaon.fr\/index.php?rest_route=\/wp\/v2\/posts\/8789","targetHints":{"allow":["GET"]}}],"collection":[{"href":"https:\/\/comedialaon.fr\/index.php?rest_route=\/wp\/v2\/posts"}],"about":[{"href":"https:\/\/comedialaon.fr\/index.php?rest_route=\/wp\/v2\/types\/post"}],"author":[{"embeddable":true,"href":"https:\/\/comedialaon.fr\/index.php?rest_route=\/wp\/v2\/users\/1"}],"replies":[{"embeddable":true,"href":"https:\/\/comedialaon.fr\/index.php?rest_route=%2Fwp%2Fv2%2Fcomments&post=8789"}],"version-history":[{"count":9,"href":"https:\/\/comedialaon.fr\/index.php?rest_route=\/wp\/v2\/posts\/8789\/revisions"}],"predecessor-version":[{"id":8806,"href":"https:\/\/comedialaon.fr\/index.php?rest_route=\/wp\/v2\/posts\/8789\/revisions\/8806"}],"wp:attachment":[{"href":"https:\/\/comedialaon.fr\/index.php?rest_route=%2Fwp%2Fv2%2Fmedia&parent=8789"}],"wp:term":[{"taxonomy":"category","embeddable":true,"href":"https:\/\/comedialaon.fr\/index.php?rest_route=%2Fwp%2Fv2%2Fcategories&post=8789"},{"taxonomy":"post_tag","embeddable":true,"href":"https:\/\/comedialaon.fr\/index.php?rest_route=%2Fwp%2Fv2%2Ftags&post=8789"}],"curies":[{"name":"wp","href":"https:\/\/api.w.org\/{rel}","templated":true}]}}