{"id":8489,"date":"2023-08-24T09:12:01","date_gmt":"2023-08-24T07:12:01","guid":{"rendered":"https:\/\/comedialaon.fr\/?p=8489"},"modified":"2023-11-20T11:28:41","modified_gmt":"2023-11-20T09:28:41","slug":"changement-pour-la-saison-2024","status":"publish","type":"post","link":"https:\/\/comedialaon.fr\/?p=8489","title":{"rendered":"<font color=#0000FF><u><b>CHANGEMENT POUR LA SAISON 2024<\/b><\/u><\/font color>"},"content":{"rendered":"<div id=\"attachment_8491\" style=\"width: 258px\" class=\"wp-caption alignleft\"><a href=\"https:\/\/comedialaon.fr\/wp-content\/uploads\/2023\/08\/Marc-FAYET-Portrait-RECADRE-2.jpg\"><img loading=\"lazy\" decoding=\"async\" aria-describedby=\"caption-attachment-8491\" src=\"https:\/\/comedialaon.fr\/wp-content\/uploads\/2023\/08\/Marc-FAYET-Portrait-RECADRE-2-248x300.jpg\" alt=\"\" width=\"248\" height=\"300\" class=\"size-medium wp-image-8491\" srcset=\"https:\/\/comedialaon.fr\/wp-content\/uploads\/2023\/08\/Marc-FAYET-Portrait-RECADRE-2-248x300.jpg 248w, https:\/\/comedialaon.fr\/wp-content\/uploads\/2023\/08\/Marc-FAYET-Portrait-RECADRE-2.jpg 347w\" sizes=\"auto, (max-width: 248px) 100vw, 248px\" \/><\/a><p id=\"caption-attachment-8491\" class=\"wp-caption-text\">Marc FAYET : com\u00e9dien, auteur dramatique et metteur en sc\u00e8ne fran\u00e7ais<\/p><\/div>\n<p>Suite \u00e0 un impr\u00e9vu, nous ne vous pr\u00e9senterons pas en 2024 la pi\u00e8ce de Cl\u00e9ment KOCH \u201cDe l&rsquo;autre c\u00f4t\u00e9 de la route\u201d.<\/p>\n<p>Patrice, notre metteur en sc\u00e8ne, a donc port\u00e9 son choix sur la pi\u00e8ce \u201c<a href=\"https:\/\/comedialaon.fr\/?page_id=8508\" title=\"2 euros 20\">2 euros 20<\/a>\u201d de <a href=\"https:\/\/comedialaon.fr\/?page_id=8514\" title=\"Marc FAYET\"> Marc FAYET<\/a>. C&rsquo;est une pi\u00e8ce r\u00e9cente qui a \u00e9t\u00e9 nomin\u00e9e aux Moli\u00e8res 2020 dans la cat\u00e9gorie \u201cMeilleure com\u00e9die\u201d.<\/p>\n<p>Plus d&rsquo;informations \u00e0 venir tr\u00e8s prochainement.<\/p>\n<p>Le journal l&rsquo;Union a publi\u00e9 <a href=\" https:\/\/comedialaon.fr\/?attachment_id=8634 \" >un article<\/a> le 15 novembre 2023.<\/p>\n<div id=\"attachment_8496\" style=\"width: 310px\" class=\"wp-caption alignleft\"><a href=\"https:\/\/comedialaon.fr\/wp-content\/uploads\/2023\/08\/Image-nominnation-molieres-2020-moins-10-degres.jpg\"><img loading=\"lazy\" decoding=\"async\" aria-describedby=\"caption-attachment-8496\" src=\"https:\/\/comedialaon.fr\/wp-content\/uploads\/2023\/08\/Image-nominnation-molieres-2020-moins-10-degres-300x171.jpg\" alt=\"\" width=\"300\" height=\"171\" class=\"size-medium wp-image-8496\" srcset=\"https:\/\/comedialaon.fr\/wp-content\/uploads\/2023\/08\/Image-nominnation-molieres-2020-moins-10-degres-300x171.jpg 300w, https:\/\/comedialaon.fr\/wp-content\/uploads\/2023\/08\/Image-nominnation-molieres-2020-moins-10-degres-768x438.jpg 768w, https:\/\/comedialaon.fr\/wp-content\/uploads\/2023\/08\/Image-nominnation-molieres-2020-moins-10-degres.jpg 849w\" sizes=\"auto, (max-width: 300px) 100vw, 300px\" \/><\/a><p id=\"caption-attachment-8496\" class=\"wp-caption-text\">Les Moli\u00e8res : Nomination 2020 \u201cMeilleure com\u00e9die\u201d<\/p><\/div>\n<div id=\"attachment_8500\" style=\"width: 227px\" class=\"wp-caption alignright\"><a href=\"https:\/\/comedialaon.fr\/wp-content\/uploads\/2023\/08\/Couvertue-10-degres.jpeg\"><img loading=\"lazy\" decoding=\"async\" aria-describedby=\"caption-attachment-8500\" src=\"https:\/\/comedialaon.fr\/wp-content\/uploads\/2023\/08\/Couvertue-10-degres-217x300.jpeg\" alt=\"\" width=\"217\" height=\"300\" class=\"size-medium wp-image-8500\" srcset=\"https:\/\/comedialaon.fr\/wp-content\/uploads\/2023\/08\/Couvertue-10-degres-217x300.jpeg 217w, https:\/\/comedialaon.fr\/wp-content\/uploads\/2023\/08\/Couvertue-10-degres-741x1024.jpeg 741w, https:\/\/comedialaon.fr\/wp-content\/uploads\/2023\/08\/Couvertue-10-degres-768x1061.jpeg 768w, https:\/\/comedialaon.fr\/wp-content\/uploads\/2023\/08\/Couvertue-10-degres-1112x1536.jpeg 1112w, https:\/\/comedialaon.fr\/wp-content\/uploads\/2023\/08\/Couvertue-10-degres.jpeg 1305w\" sizes=\"auto, (max-width: 217px) 100vw, 217px\" \/><\/a><p id=\"caption-attachment-8500\" class=\"wp-caption-text\">\u201c2 euros 20\u201d de Marc FAYET<\/p><\/div>\n","protected":false},"excerpt":{"rendered":"<p>Suite \u00e0 un impr\u00e9vu, nous ne vous pr\u00e9senterons pas en 2024 la pi\u00e8ce de Cl\u00e9ment KOCH \u201cDe l&rsquo;autre c\u00f4t\u00e9 de la route\u201d. Patrice, notre metteur en sc\u00e8ne, a donc port\u00e9 son choix sur la pi\u00e8ce \u201c2 euros 20\u201d de Marc FAYET. C&rsquo;est une pi\u00e8ce r\u00e9cente qui a \u00e9t\u00e9 nomin\u00e9e aux Moli\u00e8res 2020 dans la cat\u00e9gorie<\/p>\n<p><a class=\"excerpt-more blog-excerpt\" href=\"https:\/\/comedialaon.fr\/?p=8489\">Lire la suite<\/a><\/p>\n","protected":false},"author":1,"featured_media":0,"comment_status":"closed","ping_status":"open","sticky":false,"template":"","format":"standard","meta":{"footnotes":""},"categories":[11],"tags":[],"class_list":["post-8489","post","type-post","status-publish","format-standard","hentry","category-infos-live"],"yoast_head":"<!-- This site is optimized with the Yoast SEO plugin v27.5 - https:\/\/yoast.com\/product\/yoast-seo-wordpress\/ -->\n<title>CHANGEMENT POUR LA SAISON 2024 &#8226; Com\u00e9dia Laon<\/title>\n<meta name=\"robots\" content=\"index, follow, max-snippet:-1, max-image-preview:large, max-video-preview:-1\" \/>\n<link rel=\"canonical\" href=\"https:\/\/comedialaon.fr\/?p=8489\" \/>\n<meta property=\"og:locale\" content=\"fr_FR\" \/>\n<meta property=\"og:type\" content=\"article\" \/>\n<meta property=\"og:title\" content=\"CHANGEMENT POUR LA SAISON 2024 &#8226; Com\u00e9dia Laon\" \/>\n<meta property=\"og:description\" content=\"Suite \u00e0 un impr\u00e9vu, nous ne vous pr\u00e9senterons pas en 2024 la pi\u00e8ce de Cl\u00e9ment KOCH \u201cDe l&rsquo;autre c\u00f4t\u00e9 de la route\u201d. Patrice, notre metteur en sc\u00e8ne, a donc port\u00e9 son choix sur la pi\u00e8ce \u201c2 euros 20\u201d de Marc FAYET. C&rsquo;est une pi\u00e8ce r\u00e9cente qui a \u00e9t\u00e9 nomin\u00e9e aux Moli\u00e8res 2020 dans la cat\u00e9gorieLire la suite\" \/>\n<meta property=\"og:url\" content=\"https:\/\/comedialaon.fr\/?p=8489\" \/>\n<meta property=\"og:site_name\" content=\"Com\u00e9dia Laon\" \/>\n<meta property=\"article:publisher\" content=\"https:\/\/www.facebook.com\/profile.php?id=100008459438996\" \/>\n<meta property=\"article:published_time\" content=\"2023-08-24T07:12:01+00:00\" \/>\n<meta property=\"article:modified_time\" content=\"2023-11-20T09:28:41+00:00\" \/>\n<meta property=\"og:image\" content=\"https:\/\/comedialaon.fr\/wp-content\/uploads\/2023\/08\/Marc-FAYET-Portrait-RECADRE-2-248x300.jpg\" \/>\n<meta name=\"author\" content=\"Muppet 2\" \/>\n<meta name=\"twitter:label1\" content=\"\u00c9crit par\" \/>\n\t<meta name=\"twitter:data1\" content=\"Muppet 2\" \/>\n\t<meta name=\"twitter:label2\" content=\"Dur\u00e9e de lecture estim\u00e9e\" \/>\n\t<meta name=\"twitter:data2\" content=\"2 minutes\" \/>\n<script type=\"application\/ld+json\" class=\"yoast-schema-graph\">{\"@context\":\"https:\\\/\\\/schema.org\",\"@graph\":[{\"@type\":\"Article\",\"@id\":\"https:\\\/\\\/comedialaon.fr\\\/?p=8489#article\",\"isPartOf\":{\"@id\":\"https:\\\/\\\/comedialaon.fr\\\/?p=8489\"},\"author\":{\"name\":\"Muppet 2\",\"@id\":\"https:\\\/\\\/comedialaon.fr\\\/#\\\/schema\\\/person\\\/b5fa2097d9c2df39b18b24eb09a90f30\"},\"headline\":\"CHANGEMENT POUR LA SAISON 2024\",\"datePublished\":\"2023-08-24T07:12:01+00:00\",\"dateModified\":\"2023-11-20T09:28:41+00:00\",\"mainEntityOfPage\":{\"@id\":\"https:\\\/\\\/comedialaon.fr\\\/?p=8489\"},\"wordCount\":133,\"publisher\":{\"@id\":\"https:\\\/\\\/comedialaon.fr\\\/#organization\"},\"image\":{\"@id\":\"https:\\\/\\\/comedialaon.fr\\\/?p=8489#primaryimage\"},\"thumbnailUrl\":\"https:\\\/\\\/comedialaon.fr\\\/wp-content\\\/uploads\\\/2023\\\/08\\\/Marc-FAYET-Portrait-RECADRE-2-248x300.jpg\",\"articleSection\":[\"Infos LIVE\"],\"inLanguage\":\"fr-FR\"},{\"@type\":\"WebPage\",\"@id\":\"https:\\\/\\\/comedialaon.fr\\\/?p=8489\",\"url\":\"https:\\\/\\\/comedialaon.fr\\\/?p=8489\",\"name\":\"CHANGEMENT POUR LA SAISON 2024 &#8226; Com\u00e9dia Laon\",\"isPartOf\":{\"@id\":\"https:\\\/\\\/comedialaon.fr\\\/#website\"},\"primaryImageOfPage\":{\"@id\":\"https:\\\/\\\/comedialaon.fr\\\/?p=8489#primaryimage\"},\"image\":{\"@id\":\"https:\\\/\\\/comedialaon.fr\\\/?p=8489#primaryimage\"},\"thumbnailUrl\":\"https:\\\/\\\/comedialaon.fr\\\/wp-content\\\/uploads\\\/2023\\\/08\\\/Marc-FAYET-Portrait-RECADRE-2-248x300.jpg\",\"datePublished\":\"2023-08-24T07:12:01+00:00\",\"dateModified\":\"2023-11-20T09:28:41+00:00\",\"breadcrumb\":{\"@id\":\"https:\\\/\\\/comedialaon.fr\\\/?p=8489#breadcrumb\"},\"inLanguage\":\"fr-FR\",\"potentialAction\":[{\"@type\":\"ReadAction\",\"target\":[\"https:\\\/\\\/comedialaon.fr\\\/?p=8489\"]}]},{\"@type\":\"ImageObject\",\"inLanguage\":\"fr-FR\",\"@id\":\"https:\\\/\\\/comedialaon.fr\\\/?p=8489#primaryimage\",\"url\":\"https:\\\/\\\/comedialaon.fr\\\/wp-content\\\/uploads\\\/2023\\\/08\\\/Marc-FAYET-Portrait-RECADRE-2.jpg\",\"contentUrl\":\"https:\\\/\\\/comedialaon.fr\\\/wp-content\\\/uploads\\\/2023\\\/08\\\/Marc-FAYET-Portrait-RECADRE-2.jpg\",\"width\":347,\"height\":419,\"caption\":\"Marc FAYET : com\u00e9dien, auteur dramatique et metteur en sc\u00e8ne fran\u00e7ais\"},{\"@type\":\"BreadcrumbList\",\"@id\":\"https:\\\/\\\/comedialaon.fr\\\/?p=8489#breadcrumb\",\"itemListElement\":[{\"@type\":\"ListItem\",\"position\":1,\"name\":\"Accueil\",\"item\":\"https:\\\/\\\/comedialaon.fr\\\/\"},{\"@type\":\"ListItem\",\"position\":2,\"name\":\"CHANGEMENT POUR LA SAISON 2024\"}]},{\"@type\":\"WebSite\",\"@id\":\"https:\\\/\\\/comedialaon.fr\\\/#website\",\"url\":\"https:\\\/\\\/comedialaon.fr\\\/\",\"name\":\"Com\u00e9dia Laon\",\"description\":\"Prendre et donner du PLAISIR ... !!! ;-)\",\"publisher\":{\"@id\":\"https:\\\/\\\/comedialaon.fr\\\/#organization\"},\"potentialAction\":[{\"@type\":\"SearchAction\",\"target\":{\"@type\":\"EntryPoint\",\"urlTemplate\":\"https:\\\/\\\/comedialaon.fr\\\/?s={search_term_string}\"},\"query-input\":{\"@type\":\"PropertyValueSpecification\",\"valueRequired\":true,\"valueName\":\"search_term_string\"}}],\"inLanguage\":\"fr-FR\"},{\"@type\":\"Organization\",\"@id\":\"https:\\\/\\\/comedialaon.fr\\\/#organization\",\"name\":\"Com\u00e9dia Laon\",\"url\":\"https:\\\/\\\/comedialaon.fr\\\/\",\"logo\":{\"@type\":\"ImageObject\",\"inLanguage\":\"fr-FR\",\"@id\":\"https:\\\/\\\/comedialaon.fr\\\/#\\\/schema\\\/logo\\\/image\\\/\",\"url\":\"https:\\\/\\\/comedialaon.fr\\\/wp-content\\\/uploads\\\/2019\\\/02\\\/LOGO-CL-et-OL.jpg\",\"contentUrl\":\"https:\\\/\\\/comedialaon.fr\\\/wp-content\\\/uploads\\\/2019\\\/02\\\/LOGO-CL-et-OL.jpg\",\"width\":756,\"height\":210,\"caption\":\"Com\u00e9dia Laon\"},\"image\":{\"@id\":\"https:\\\/\\\/comedialaon.fr\\\/#\\\/schema\\\/logo\\\/image\\\/\"},\"sameAs\":[\"https:\\\/\\\/www.facebook.com\\\/profile.php?id=100008459438996\",\"https:\\\/\\\/www.youtube.com\\\/results?search_query=comedia laon\"]},{\"@type\":\"Person\",\"@id\":\"https:\\\/\\\/comedialaon.fr\\\/#\\\/schema\\\/person\\\/b5fa2097d9c2df39b18b24eb09a90f30\",\"name\":\"Muppet 2\",\"image\":{\"@type\":\"ImageObject\",\"inLanguage\":\"fr-FR\",\"@id\":\"https:\\\/\\\/secure.gravatar.com\\\/avatar\\\/8e9847ab3b902434f6deca39973d429601dcdadf46a57d80eec28699158bf63a?s=96&d=mm&r=g\",\"url\":\"https:\\\/\\\/secure.gravatar.com\\\/avatar\\\/8e9847ab3b902434f6deca39973d429601dcdadf46a57d80eec28699158bf63a?s=96&d=mm&r=g\",\"contentUrl\":\"https:\\\/\\\/secure.gravatar.com\\\/avatar\\\/8e9847ab3b902434f6deca39973d429601dcdadf46a57d80eec28699158bf63a?s=96&d=mm&r=g\",\"caption\":\"Muppet 2\"},\"sameAs\":[\"https:\\\/\\\/www.comedialaon.fr\"]}]}<\/script>\n<!-- \/ Yoast SEO plugin. -->","yoast_head_json":{"title":"CHANGEMENT POUR LA SAISON 2024 &#8226; Com\u00e9dia Laon","robots":{"index":"index","follow":"follow","max-snippet":"max-snippet:-1","max-image-preview":"max-image-preview:large","max-video-preview":"max-video-preview:-1"},"canonical":"https:\/\/comedialaon.fr\/?p=8489","og_locale":"fr_FR","og_type":"article","og_title":"CHANGEMENT POUR LA SAISON 2024 &#8226; Com\u00e9dia Laon","og_description":"Suite \u00e0 un impr\u00e9vu, nous ne vous pr\u00e9senterons pas en 2024 la pi\u00e8ce de Cl\u00e9ment KOCH \u201cDe l&rsquo;autre c\u00f4t\u00e9 de la route\u201d. Patrice, notre metteur en sc\u00e8ne, a donc port\u00e9 son choix sur la pi\u00e8ce \u201c2 euros 20\u201d de Marc FAYET. C&rsquo;est une pi\u00e8ce r\u00e9cente qui a \u00e9t\u00e9 nomin\u00e9e aux Moli\u00e8res 2020 dans la cat\u00e9gorieLire la suite","og_url":"https:\/\/comedialaon.fr\/?p=8489","og_site_name":"Com\u00e9dia Laon","article_publisher":"https:\/\/www.facebook.com\/profile.php?id=100008459438996","article_published_time":"2023-08-24T07:12:01+00:00","article_modified_time":"2023-11-20T09:28:41+00:00","og_image":[{"url":"https:\/\/comedialaon.fr\/wp-content\/uploads\/2023\/08\/Marc-FAYET-Portrait-RECADRE-2-248x300.jpg","type":"","width":"","height":""}],"author":"Muppet 2","twitter_misc":{"\u00c9crit par":"Muppet 2","Dur\u00e9e de lecture estim\u00e9e":"2 minutes"},"schema":{"@context":"https:\/\/schema.org","@graph":[{"@type":"Article","@id":"https:\/\/comedialaon.fr\/?p=8489#article","isPartOf":{"@id":"https:\/\/comedialaon.fr\/?p=8489"},"author":{"name":"Muppet 2","@id":"https:\/\/comedialaon.fr\/#\/schema\/person\/b5fa2097d9c2df39b18b24eb09a90f30"},"headline":"CHANGEMENT POUR LA SAISON 2024","datePublished":"2023-08-24T07:12:01+00:00","dateModified":"2023-11-20T09:28:41+00:00","mainEntityOfPage":{"@id":"https:\/\/comedialaon.fr\/?p=8489"},"wordCount":133,"publisher":{"@id":"https:\/\/comedialaon.fr\/#organization"},"image":{"@id":"https:\/\/comedialaon.fr\/?p=8489#primaryimage"},"thumbnailUrl":"https:\/\/comedialaon.fr\/wp-content\/uploads\/2023\/08\/Marc-FAYET-Portrait-RECADRE-2-248x300.jpg","articleSection":["Infos LIVE"],"inLanguage":"fr-FR"},{"@type":"WebPage","@id":"https:\/\/comedialaon.fr\/?p=8489","url":"https:\/\/comedialaon.fr\/?p=8489","name":"CHANGEMENT POUR LA SAISON 2024 &#8226; Com\u00e9dia Laon","isPartOf":{"@id":"https:\/\/comedialaon.fr\/#website"},"primaryImageOfPage":{"@id":"https:\/\/comedialaon.fr\/?p=8489#primaryimage"},"image":{"@id":"https:\/\/comedialaon.fr\/?p=8489#primaryimage"},"thumbnailUrl":"https:\/\/comedialaon.fr\/wp-content\/uploads\/2023\/08\/Marc-FAYET-Portrait-RECADRE-2-248x300.jpg","datePublished":"2023-08-24T07:12:01+00:00","dateModified":"2023-11-20T09:28:41+00:00","breadcrumb":{"@id":"https:\/\/comedialaon.fr\/?p=8489#breadcrumb"},"inLanguage":"fr-FR","potentialAction":[{"@type":"ReadAction","target":["https:\/\/comedialaon.fr\/?p=8489"]}]},{"@type":"ImageObject","inLanguage":"fr-FR","@id":"https:\/\/comedialaon.fr\/?p=8489#primaryimage","url":"https:\/\/comedialaon.fr\/wp-content\/uploads\/2023\/08\/Marc-FAYET-Portrait-RECADRE-2.jpg","contentUrl":"https:\/\/comedialaon.fr\/wp-content\/uploads\/2023\/08\/Marc-FAYET-Portrait-RECADRE-2.jpg","width":347,"height":419,"caption":"Marc FAYET : com\u00e9dien, auteur dramatique et metteur en sc\u00e8ne fran\u00e7ais"},{"@type":"BreadcrumbList","@id":"https:\/\/comedialaon.fr\/?p=8489#breadcrumb","itemListElement":[{"@type":"ListItem","position":1,"name":"Accueil","item":"https:\/\/comedialaon.fr\/"},{"@type":"ListItem","position":2,"name":"CHANGEMENT POUR LA SAISON 2024"}]},{"@type":"WebSite","@id":"https:\/\/comedialaon.fr\/#website","url":"https:\/\/comedialaon.fr\/","name":"Com\u00e9dia Laon","description":"Prendre et donner du PLAISIR ... !!! ;-)","publisher":{"@id":"https:\/\/comedialaon.fr\/#organization"},"potentialAction":[{"@type":"SearchAction","target":{"@type":"EntryPoint","urlTemplate":"https:\/\/comedialaon.fr\/?s={search_term_string}"},"query-input":{"@type":"PropertyValueSpecification","valueRequired":true,"valueName":"search_term_string"}}],"inLanguage":"fr-FR"},{"@type":"Organization","@id":"https:\/\/comedialaon.fr\/#organization","name":"Com\u00e9dia Laon","url":"https:\/\/comedialaon.fr\/","logo":{"@type":"ImageObject","inLanguage":"fr-FR","@id":"https:\/\/comedialaon.fr\/#\/schema\/logo\/image\/","url":"https:\/\/comedialaon.fr\/wp-content\/uploads\/2019\/02\/LOGO-CL-et-OL.jpg","contentUrl":"https:\/\/comedialaon.fr\/wp-content\/uploads\/2019\/02\/LOGO-CL-et-OL.jpg","width":756,"height":210,"caption":"Com\u00e9dia Laon"},"image":{"@id":"https:\/\/comedialaon.fr\/#\/schema\/logo\/image\/"},"sameAs":["https:\/\/www.facebook.com\/profile.php?id=100008459438996","https:\/\/www.youtube.com\/results?search_query=comedia laon"]},{"@type":"Person","@id":"https:\/\/comedialaon.fr\/#\/schema\/person\/b5fa2097d9c2df39b18b24eb09a90f30","name":"Muppet 2","image":{"@type":"ImageObject","inLanguage":"fr-FR","@id":"https:\/\/secure.gravatar.com\/avatar\/8e9847ab3b902434f6deca39973d429601dcdadf46a57d80eec28699158bf63a?s=96&d=mm&r=g","url":"https:\/\/secure.gravatar.com\/avatar\/8e9847ab3b902434f6deca39973d429601dcdadf46a57d80eec28699158bf63a?s=96&d=mm&r=g","contentUrl":"https:\/\/secure.gravatar.com\/avatar\/8e9847ab3b902434f6deca39973d429601dcdadf46a57d80eec28699158bf63a?s=96&d=mm&r=g","caption":"Muppet 2"},"sameAs":["https:\/\/www.comedialaon.fr"]}]}},"_links":{"self":[{"href":"https:\/\/comedialaon.fr\/index.php?rest_route=\/wp\/v2\/posts\/8489","targetHints":{"allow":["GET"]}}],"collection":[{"href":"https:\/\/comedialaon.fr\/index.php?rest_route=\/wp\/v2\/posts"}],"about":[{"href":"https:\/\/comedialaon.fr\/index.php?rest_route=\/wp\/v2\/types\/post"}],"author":[{"embeddable":true,"href":"https:\/\/comedialaon.fr\/index.php?rest_route=\/wp\/v2\/users\/1"}],"replies":[{"embeddable":true,"href":"https:\/\/comedialaon.fr\/index.php?rest_route=%2Fwp%2Fv2%2Fcomments&post=8489"}],"version-history":[{"count":18,"href":"https:\/\/comedialaon.fr\/index.php?rest_route=\/wp\/v2\/posts\/8489\/revisions"}],"predecessor-version":[{"id":8638,"href":"https:\/\/comedialaon.fr\/index.php?rest_route=\/wp\/v2\/posts\/8489\/revisions\/8638"}],"wp:attachment":[{"href":"https:\/\/comedialaon.fr\/index.php?rest_route=%2Fwp%2Fv2%2Fmedia&parent=8489"}],"wp:term":[{"taxonomy":"category","embeddable":true,"href":"https:\/\/comedialaon.fr\/index.php?rest_route=%2Fwp%2Fv2%2Fcategories&post=8489"},{"taxonomy":"post_tag","embeddable":true,"href":"https:\/\/comedialaon.fr\/index.php?rest_route=%2Fwp%2Fv2%2Ftags&post=8489"}],"curies":[{"name":"wp","href":"https:\/\/api.w.org\/{rel}","templated":true}]}}