{"id":8386,"date":"2023-02-07T17:44:48","date_gmt":"2023-02-07T15:44:48","guid":{"rendered":"https:\/\/comedialaon.fr\/?p=8386"},"modified":"2023-02-07T17:44:48","modified_gmt":"2023-02-07T15:44:48","slug":"le-public-etait-au-rendez-vous","status":"publish","type":"post","link":"https:\/\/comedialaon.fr\/?p=8386","title":{"rendered":"<u><b>LE PUBLIC \u00c9TAIT AU RENDEZ-VOUS !!!<\/b><\/u>"},"content":{"rendered":"<div id=\"attachment_8329\" style=\"width: 310px\" class=\"wp-caption alignleft\"><a href=\"https:\/\/comedialaon.fr\/wp-content\/uploads\/2023\/02\/Repetition-Generale-MONS-EN-LAONNOIS-le-5-fevrier-2023-pour-le-Telethon_23.jpg\"><img loading=\"lazy\" decoding=\"async\" aria-describedby=\"caption-attachment-8329\" src=\"https:\/\/comedialaon.fr\/wp-content\/uploads\/2023\/02\/Repetition-Generale-MONS-EN-LAONNOIS-le-5-fevrier-2023-pour-le-Telethon_23-300x189.jpg\" alt=\"\" width=\"300\" height=\"189\" class=\"size-medium wp-image-8329\" srcset=\"https:\/\/comedialaon.fr\/wp-content\/uploads\/2023\/02\/Repetition-Generale-MONS-EN-LAONNOIS-le-5-fevrier-2023-pour-le-Telethon_23-300x189.jpg 300w, https:\/\/comedialaon.fr\/wp-content\/uploads\/2023\/02\/Repetition-Generale-MONS-EN-LAONNOIS-le-5-fevrier-2023-pour-le-Telethon_23-768x483.jpg 768w, https:\/\/comedialaon.fr\/wp-content\/uploads\/2023\/02\/Repetition-Generale-MONS-EN-LAONNOIS-le-5-fevrier-2023-pour-le-Telethon_23.jpg 800w\" sizes=\"auto, (max-width: 300px) 100vw, 300px\" \/><\/a><p id=\"caption-attachment-8329\" class=\"wp-caption-text\">R\u00e9p\u00e9tition G\u00e9n\u00e9rale MONS EN LAONNOIS le 5 f\u00e9vrier 2023 pour le T\u00e9l\u00e9thon<\/p><\/div>\n<p>En ce dimanche 5 f\u00e9vrier, pour notre derni\u00e8re r\u00e9p\u00e9tition g\u00e9n\u00e9rale, le public \u00e9tait en nombre puisque 130 spectateurs s&rsquo;\u00e9taient r\u00e9unis pour tenter de r\u00e9soudre l&rsquo;\u00e9nigme de notre com\u00e9die polici\u00e8re <a href=\"https:\/\/comedialaon.fr\/?page_id=8044\" title=\"\u201cL'INDICE \u00c0 L'INDEX\u201d\">\u201cL&rsquo;INDICE \u00c0 L&rsquo;INDEX\u201d<\/a> de <a href=\"https:\/\/comedialaon.fr\/?page_id=887\" title=\"Hugues de ROSAMEL\">Hugues de ROSAMEL<\/a>.<\/p>\n<p>Les rires et les interrogations ont rythm\u00e9 le d\u00e9roulement de la pi\u00e8ce jusqu&rsquo;\u00e0 son final. De nombreux applaudissements ont r\u00e9compens\u00e9 les com\u00e9diens qui pouvaient \u00eatre contents de leur prestation.<br \/>\nLors du pot offert par les organisateurs, Christian, notre Pr\u00e9sident, a remis un ch\u00e8que du montant de la recette au profit du T\u00e9l\u00e9thon.<\/p>\n<p>Pour notre prochaine repr\u00e9sentation, nous serons \u00e0 PINON le dimanche 26 f\u00e9vrier 2023 \u00e0 15H00 \u00e0 la Salle des F\u00eates. Nous y retrouverons avec plaisir les membres du Comit\u00e9 des F\u00eates de la ville pr\u00e9sid\u00e9 par Mr Anceaux.<\/p>\n<p>Le journal l&rsquo;Union a publi\u00e9 <a href=\" https:\/\/comedialaon.fr\/?attachment_id=8400 \" >un article<\/a> le 7 f\u00e9vrier 2023 <\/p>\n<p><a href=\"https:\/\/comedialaon.fr\/?page_id=8381\" title=\"Album photos R\u00e9p\u00e9tition G\u00e9n\u00e9rale le 5 f\u00e9vrier 2023 au profit du T\u00e9l\u00e9thon\">Album photos R\u00e9p\u00e9tition G\u00e9n\u00e9rale le 5 f\u00e9vrier 2023 au profit du T\u00e9l\u00e9thon<\/a><\/p>\n<p><a href=\"https:\/\/comedialaon.fr\/?page_id=8050\" title=\"Nos dates de repr\u00e9sentations pour 2023\"> Nos dates de repr\u00e9sentations pour 2023<\/a><\/p>\n","protected":false},"excerpt":{"rendered":"<p>En ce dimanche 5 f\u00e9vrier, pour notre derni\u00e8re r\u00e9p\u00e9tition g\u00e9n\u00e9rale, le public \u00e9tait en nombre puisque 130 spectateurs s&rsquo;\u00e9taient r\u00e9unis pour tenter de r\u00e9soudre l&rsquo;\u00e9nigme de notre com\u00e9die polici\u00e8re \u201cL&rsquo;INDICE \u00c0 L&rsquo;INDEX\u201d de Hugues de ROSAMEL. Les rires et les interrogations ont rythm\u00e9 le d\u00e9roulement de la pi\u00e8ce jusqu&rsquo;\u00e0 son final. De nombreux applaudissements ont<\/p>\n<p><a class=\"excerpt-more blog-excerpt\" href=\"https:\/\/comedialaon.fr\/?p=8386\">Lire la suite<\/a><\/p>\n","protected":false},"author":1,"featured_media":0,"comment_status":"closed","ping_status":"open","sticky":false,"template":"","format":"standard","meta":{"footnotes":""},"categories":[11],"tags":[],"class_list":["post-8386","post","type-post","status-publish","format-standard","hentry","category-infos-live"],"yoast_head":"<!-- This site is optimized with the Yoast SEO plugin v27.5 - https:\/\/yoast.com\/product\/yoast-seo-wordpress\/ -->\n<title>LE PUBLIC \u00c9TAIT AU RENDEZ-VOUS !!! &#8226; Com\u00e9dia Laon<\/title>\n<meta name=\"robots\" content=\"index, follow, max-snippet:-1, max-image-preview:large, max-video-preview:-1\" \/>\n<link rel=\"canonical\" href=\"https:\/\/comedialaon.fr\/?p=8386\" \/>\n<meta property=\"og:locale\" content=\"fr_FR\" \/>\n<meta property=\"og:type\" content=\"article\" \/>\n<meta property=\"og:title\" content=\"LE PUBLIC \u00c9TAIT AU RENDEZ-VOUS !!! &#8226; Com\u00e9dia Laon\" \/>\n<meta property=\"og:description\" content=\"En ce dimanche 5 f\u00e9vrier, pour notre derni\u00e8re r\u00e9p\u00e9tition g\u00e9n\u00e9rale, le public \u00e9tait en nombre puisque 130 spectateurs s&rsquo;\u00e9taient r\u00e9unis pour tenter de r\u00e9soudre l&rsquo;\u00e9nigme de notre com\u00e9die polici\u00e8re \u201cL&rsquo;INDICE \u00c0 L&rsquo;INDEX\u201d de Hugues de ROSAMEL. Les rires et les interrogations ont rythm\u00e9 le d\u00e9roulement de la pi\u00e8ce jusqu&rsquo;\u00e0 son final. De nombreux applaudissements ontLire la suite\" \/>\n<meta property=\"og:url\" content=\"https:\/\/comedialaon.fr\/?p=8386\" \/>\n<meta property=\"og:site_name\" content=\"Com\u00e9dia Laon\" \/>\n<meta property=\"article:publisher\" content=\"https:\/\/www.facebook.com\/profile.php?id=100008459438996\" \/>\n<meta property=\"article:published_time\" content=\"2023-02-07T15:44:48+00:00\" \/>\n<meta property=\"og:image\" content=\"https:\/\/comedialaon.fr\/wp-content\/uploads\/2023\/02\/Repetition-Generale-MONS-EN-LAONNOIS-le-5-fevrier-2023-pour-le-Telethon_23-300x189.jpg\" \/>\n<meta name=\"author\" content=\"Muppet 2\" \/>\n<meta name=\"twitter:label1\" content=\"\u00c9crit par\" \/>\n\t<meta name=\"twitter:data1\" content=\"Muppet 2\" \/>\n\t<meta name=\"twitter:label2\" content=\"Dur\u00e9e de lecture estim\u00e9e\" \/>\n\t<meta name=\"twitter:data2\" content=\"2 minutes\" \/>\n<script type=\"application\/ld+json\" class=\"yoast-schema-graph\">{\"@context\":\"https:\\\/\\\/schema.org\",\"@graph\":[{\"@type\":\"Article\",\"@id\":\"https:\\\/\\\/comedialaon.fr\\\/?p=8386#article\",\"isPartOf\":{\"@id\":\"https:\\\/\\\/comedialaon.fr\\\/?p=8386\"},\"author\":{\"name\":\"Muppet 2\",\"@id\":\"https:\\\/\\\/comedialaon.fr\\\/#\\\/schema\\\/person\\\/b5fa2097d9c2df39b18b24eb09a90f30\"},\"headline\":\"LE PUBLIC \u00c9TAIT AU RENDEZ-VOUS !!!\",\"datePublished\":\"2023-02-07T15:44:48+00:00\",\"mainEntityOfPage\":{\"@id\":\"https:\\\/\\\/comedialaon.fr\\\/?p=8386\"},\"wordCount\":208,\"publisher\":{\"@id\":\"https:\\\/\\\/comedialaon.fr\\\/#organization\"},\"image\":{\"@id\":\"https:\\\/\\\/comedialaon.fr\\\/?p=8386#primaryimage\"},\"thumbnailUrl\":\"https:\\\/\\\/comedialaon.fr\\\/wp-content\\\/uploads\\\/2023\\\/02\\\/Repetition-Generale-MONS-EN-LAONNOIS-le-5-fevrier-2023-pour-le-Telethon_23-300x189.jpg\",\"articleSection\":[\"Infos LIVE\"],\"inLanguage\":\"fr-FR\"},{\"@type\":\"WebPage\",\"@id\":\"https:\\\/\\\/comedialaon.fr\\\/?p=8386\",\"url\":\"https:\\\/\\\/comedialaon.fr\\\/?p=8386\",\"name\":\"LE PUBLIC \u00c9TAIT AU RENDEZ-VOUS !!! &#8226; Com\u00e9dia Laon\",\"isPartOf\":{\"@id\":\"https:\\\/\\\/comedialaon.fr\\\/#website\"},\"primaryImageOfPage\":{\"@id\":\"https:\\\/\\\/comedialaon.fr\\\/?p=8386#primaryimage\"},\"image\":{\"@id\":\"https:\\\/\\\/comedialaon.fr\\\/?p=8386#primaryimage\"},\"thumbnailUrl\":\"https:\\\/\\\/comedialaon.fr\\\/wp-content\\\/uploads\\\/2023\\\/02\\\/Repetition-Generale-MONS-EN-LAONNOIS-le-5-fevrier-2023-pour-le-Telethon_23-300x189.jpg\",\"datePublished\":\"2023-02-07T15:44:48+00:00\",\"breadcrumb\":{\"@id\":\"https:\\\/\\\/comedialaon.fr\\\/?p=8386#breadcrumb\"},\"inLanguage\":\"fr-FR\",\"potentialAction\":[{\"@type\":\"ReadAction\",\"target\":[\"https:\\\/\\\/comedialaon.fr\\\/?p=8386\"]}]},{\"@type\":\"ImageObject\",\"inLanguage\":\"fr-FR\",\"@id\":\"https:\\\/\\\/comedialaon.fr\\\/?p=8386#primaryimage\",\"url\":\"https:\\\/\\\/comedialaon.fr\\\/wp-content\\\/uploads\\\/2023\\\/02\\\/Repetition-Generale-MONS-EN-LAONNOIS-le-5-fevrier-2023-pour-le-Telethon_23.jpg\",\"contentUrl\":\"https:\\\/\\\/comedialaon.fr\\\/wp-content\\\/uploads\\\/2023\\\/02\\\/Repetition-Generale-MONS-EN-LAONNOIS-le-5-fevrier-2023-pour-le-Telethon_23.jpg\",\"width\":800,\"height\":503,\"caption\":\"R\u00e9p\u00e9tition G\u00e9n\u00e9rale MONS EN LAONNOIS le 5 f\u00e9vrier 2023 pour le T\u00e9l\u00e9thon\"},{\"@type\":\"BreadcrumbList\",\"@id\":\"https:\\\/\\\/comedialaon.fr\\\/?p=8386#breadcrumb\",\"itemListElement\":[{\"@type\":\"ListItem\",\"position\":1,\"name\":\"Accueil\",\"item\":\"https:\\\/\\\/comedialaon.fr\\\/\"},{\"@type\":\"ListItem\",\"position\":2,\"name\":\"LE PUBLIC \u00c9TAIT AU RENDEZ-VOUS !!!\"}]},{\"@type\":\"WebSite\",\"@id\":\"https:\\\/\\\/comedialaon.fr\\\/#website\",\"url\":\"https:\\\/\\\/comedialaon.fr\\\/\",\"name\":\"Com\u00e9dia Laon\",\"description\":\"Prendre et donner du PLAISIR ... !!! ;-)\",\"publisher\":{\"@id\":\"https:\\\/\\\/comedialaon.fr\\\/#organization\"},\"potentialAction\":[{\"@type\":\"SearchAction\",\"target\":{\"@type\":\"EntryPoint\",\"urlTemplate\":\"https:\\\/\\\/comedialaon.fr\\\/?s={search_term_string}\"},\"query-input\":{\"@type\":\"PropertyValueSpecification\",\"valueRequired\":true,\"valueName\":\"search_term_string\"}}],\"inLanguage\":\"fr-FR\"},{\"@type\":\"Organization\",\"@id\":\"https:\\\/\\\/comedialaon.fr\\\/#organization\",\"name\":\"Com\u00e9dia Laon\",\"url\":\"https:\\\/\\\/comedialaon.fr\\\/\",\"logo\":{\"@type\":\"ImageObject\",\"inLanguage\":\"fr-FR\",\"@id\":\"https:\\\/\\\/comedialaon.fr\\\/#\\\/schema\\\/logo\\\/image\\\/\",\"url\":\"https:\\\/\\\/comedialaon.fr\\\/wp-content\\\/uploads\\\/2019\\\/02\\\/LOGO-CL-et-OL.jpg\",\"contentUrl\":\"https:\\\/\\\/comedialaon.fr\\\/wp-content\\\/uploads\\\/2019\\\/02\\\/LOGO-CL-et-OL.jpg\",\"width\":756,\"height\":210,\"caption\":\"Com\u00e9dia Laon\"},\"image\":{\"@id\":\"https:\\\/\\\/comedialaon.fr\\\/#\\\/schema\\\/logo\\\/image\\\/\"},\"sameAs\":[\"https:\\\/\\\/www.facebook.com\\\/profile.php?id=100008459438996\",\"https:\\\/\\\/www.youtube.com\\\/results?search_query=comedia laon\"]},{\"@type\":\"Person\",\"@id\":\"https:\\\/\\\/comedialaon.fr\\\/#\\\/schema\\\/person\\\/b5fa2097d9c2df39b18b24eb09a90f30\",\"name\":\"Muppet 2\",\"image\":{\"@type\":\"ImageObject\",\"inLanguage\":\"fr-FR\",\"@id\":\"https:\\\/\\\/secure.gravatar.com\\\/avatar\\\/8e9847ab3b902434f6deca39973d429601dcdadf46a57d80eec28699158bf63a?s=96&d=mm&r=g\",\"url\":\"https:\\\/\\\/secure.gravatar.com\\\/avatar\\\/8e9847ab3b902434f6deca39973d429601dcdadf46a57d80eec28699158bf63a?s=96&d=mm&r=g\",\"contentUrl\":\"https:\\\/\\\/secure.gravatar.com\\\/avatar\\\/8e9847ab3b902434f6deca39973d429601dcdadf46a57d80eec28699158bf63a?s=96&d=mm&r=g\",\"caption\":\"Muppet 2\"},\"sameAs\":[\"https:\\\/\\\/www.comedialaon.fr\"]}]}<\/script>\n<!-- \/ Yoast SEO plugin. -->","yoast_head_json":{"title":"LE PUBLIC \u00c9TAIT AU RENDEZ-VOUS !!! &#8226; Com\u00e9dia Laon","robots":{"index":"index","follow":"follow","max-snippet":"max-snippet:-1","max-image-preview":"max-image-preview:large","max-video-preview":"max-video-preview:-1"},"canonical":"https:\/\/comedialaon.fr\/?p=8386","og_locale":"fr_FR","og_type":"article","og_title":"LE PUBLIC \u00c9TAIT AU RENDEZ-VOUS !!! &#8226; Com\u00e9dia Laon","og_description":"En ce dimanche 5 f\u00e9vrier, pour notre derni\u00e8re r\u00e9p\u00e9tition g\u00e9n\u00e9rale, le public \u00e9tait en nombre puisque 130 spectateurs s&rsquo;\u00e9taient r\u00e9unis pour tenter de r\u00e9soudre l&rsquo;\u00e9nigme de notre com\u00e9die polici\u00e8re \u201cL&rsquo;INDICE \u00c0 L&rsquo;INDEX\u201d de Hugues de ROSAMEL. Les rires et les interrogations ont rythm\u00e9 le d\u00e9roulement de la pi\u00e8ce jusqu&rsquo;\u00e0 son final. De nombreux applaudissements ontLire la suite","og_url":"https:\/\/comedialaon.fr\/?p=8386","og_site_name":"Com\u00e9dia Laon","article_publisher":"https:\/\/www.facebook.com\/profile.php?id=100008459438996","article_published_time":"2023-02-07T15:44:48+00:00","og_image":[{"url":"https:\/\/comedialaon.fr\/wp-content\/uploads\/2023\/02\/Repetition-Generale-MONS-EN-LAONNOIS-le-5-fevrier-2023-pour-le-Telethon_23-300x189.jpg","type":"","width":"","height":""}],"author":"Muppet 2","twitter_misc":{"\u00c9crit par":"Muppet 2","Dur\u00e9e de lecture estim\u00e9e":"2 minutes"},"schema":{"@context":"https:\/\/schema.org","@graph":[{"@type":"Article","@id":"https:\/\/comedialaon.fr\/?p=8386#article","isPartOf":{"@id":"https:\/\/comedialaon.fr\/?p=8386"},"author":{"name":"Muppet 2","@id":"https:\/\/comedialaon.fr\/#\/schema\/person\/b5fa2097d9c2df39b18b24eb09a90f30"},"headline":"LE PUBLIC \u00c9TAIT AU RENDEZ-VOUS !!!","datePublished":"2023-02-07T15:44:48+00:00","mainEntityOfPage":{"@id":"https:\/\/comedialaon.fr\/?p=8386"},"wordCount":208,"publisher":{"@id":"https:\/\/comedialaon.fr\/#organization"},"image":{"@id":"https:\/\/comedialaon.fr\/?p=8386#primaryimage"},"thumbnailUrl":"https:\/\/comedialaon.fr\/wp-content\/uploads\/2023\/02\/Repetition-Generale-MONS-EN-LAONNOIS-le-5-fevrier-2023-pour-le-Telethon_23-300x189.jpg","articleSection":["Infos LIVE"],"inLanguage":"fr-FR"},{"@type":"WebPage","@id":"https:\/\/comedialaon.fr\/?p=8386","url":"https:\/\/comedialaon.fr\/?p=8386","name":"LE PUBLIC \u00c9TAIT AU RENDEZ-VOUS !!! &#8226; Com\u00e9dia Laon","isPartOf":{"@id":"https:\/\/comedialaon.fr\/#website"},"primaryImageOfPage":{"@id":"https:\/\/comedialaon.fr\/?p=8386#primaryimage"},"image":{"@id":"https:\/\/comedialaon.fr\/?p=8386#primaryimage"},"thumbnailUrl":"https:\/\/comedialaon.fr\/wp-content\/uploads\/2023\/02\/Repetition-Generale-MONS-EN-LAONNOIS-le-5-fevrier-2023-pour-le-Telethon_23-300x189.jpg","datePublished":"2023-02-07T15:44:48+00:00","breadcrumb":{"@id":"https:\/\/comedialaon.fr\/?p=8386#breadcrumb"},"inLanguage":"fr-FR","potentialAction":[{"@type":"ReadAction","target":["https:\/\/comedialaon.fr\/?p=8386"]}]},{"@type":"ImageObject","inLanguage":"fr-FR","@id":"https:\/\/comedialaon.fr\/?p=8386#primaryimage","url":"https:\/\/comedialaon.fr\/wp-content\/uploads\/2023\/02\/Repetition-Generale-MONS-EN-LAONNOIS-le-5-fevrier-2023-pour-le-Telethon_23.jpg","contentUrl":"https:\/\/comedialaon.fr\/wp-content\/uploads\/2023\/02\/Repetition-Generale-MONS-EN-LAONNOIS-le-5-fevrier-2023-pour-le-Telethon_23.jpg","width":800,"height":503,"caption":"R\u00e9p\u00e9tition G\u00e9n\u00e9rale MONS EN LAONNOIS le 5 f\u00e9vrier 2023 pour le T\u00e9l\u00e9thon"},{"@type":"BreadcrumbList","@id":"https:\/\/comedialaon.fr\/?p=8386#breadcrumb","itemListElement":[{"@type":"ListItem","position":1,"name":"Accueil","item":"https:\/\/comedialaon.fr\/"},{"@type":"ListItem","position":2,"name":"LE PUBLIC \u00c9TAIT AU RENDEZ-VOUS !!!"}]},{"@type":"WebSite","@id":"https:\/\/comedialaon.fr\/#website","url":"https:\/\/comedialaon.fr\/","name":"Com\u00e9dia Laon","description":"Prendre et donner du PLAISIR ... !!! ;-)","publisher":{"@id":"https:\/\/comedialaon.fr\/#organization"},"potentialAction":[{"@type":"SearchAction","target":{"@type":"EntryPoint","urlTemplate":"https:\/\/comedialaon.fr\/?s={search_term_string}"},"query-input":{"@type":"PropertyValueSpecification","valueRequired":true,"valueName":"search_term_string"}}],"inLanguage":"fr-FR"},{"@type":"Organization","@id":"https:\/\/comedialaon.fr\/#organization","name":"Com\u00e9dia Laon","url":"https:\/\/comedialaon.fr\/","logo":{"@type":"ImageObject","inLanguage":"fr-FR","@id":"https:\/\/comedialaon.fr\/#\/schema\/logo\/image\/","url":"https:\/\/comedialaon.fr\/wp-content\/uploads\/2019\/02\/LOGO-CL-et-OL.jpg","contentUrl":"https:\/\/comedialaon.fr\/wp-content\/uploads\/2019\/02\/LOGO-CL-et-OL.jpg","width":756,"height":210,"caption":"Com\u00e9dia Laon"},"image":{"@id":"https:\/\/comedialaon.fr\/#\/schema\/logo\/image\/"},"sameAs":["https:\/\/www.facebook.com\/profile.php?id=100008459438996","https:\/\/www.youtube.com\/results?search_query=comedia laon"]},{"@type":"Person","@id":"https:\/\/comedialaon.fr\/#\/schema\/person\/b5fa2097d9c2df39b18b24eb09a90f30","name":"Muppet 2","image":{"@type":"ImageObject","inLanguage":"fr-FR","@id":"https:\/\/secure.gravatar.com\/avatar\/8e9847ab3b902434f6deca39973d429601dcdadf46a57d80eec28699158bf63a?s=96&d=mm&r=g","url":"https:\/\/secure.gravatar.com\/avatar\/8e9847ab3b902434f6deca39973d429601dcdadf46a57d80eec28699158bf63a?s=96&d=mm&r=g","contentUrl":"https:\/\/secure.gravatar.com\/avatar\/8e9847ab3b902434f6deca39973d429601dcdadf46a57d80eec28699158bf63a?s=96&d=mm&r=g","caption":"Muppet 2"},"sameAs":["https:\/\/www.comedialaon.fr"]}]}},"_links":{"self":[{"href":"https:\/\/comedialaon.fr\/index.php?rest_route=\/wp\/v2\/posts\/8386","targetHints":{"allow":["GET"]}}],"collection":[{"href":"https:\/\/comedialaon.fr\/index.php?rest_route=\/wp\/v2\/posts"}],"about":[{"href":"https:\/\/comedialaon.fr\/index.php?rest_route=\/wp\/v2\/types\/post"}],"author":[{"embeddable":true,"href":"https:\/\/comedialaon.fr\/index.php?rest_route=\/wp\/v2\/users\/1"}],"replies":[{"embeddable":true,"href":"https:\/\/comedialaon.fr\/index.php?rest_route=%2Fwp%2Fv2%2Fcomments&post=8386"}],"version-history":[{"count":15,"href":"https:\/\/comedialaon.fr\/index.php?rest_route=\/wp\/v2\/posts\/8386\/revisions"}],"predecessor-version":[{"id":8409,"href":"https:\/\/comedialaon.fr\/index.php?rest_route=\/wp\/v2\/posts\/8386\/revisions\/8409"}],"wp:attachment":[{"href":"https:\/\/comedialaon.fr\/index.php?rest_route=%2Fwp%2Fv2%2Fmedia&parent=8386"}],"wp:term":[{"taxonomy":"category","embeddable":true,"href":"https:\/\/comedialaon.fr\/index.php?rest_route=%2Fwp%2Fv2%2Fcategories&post=8386"},{"taxonomy":"post_tag","embeddable":true,"href":"https:\/\/comedialaon.fr\/index.php?rest_route=%2Fwp%2Fv2%2Ftags&post=8386"}],"curies":[{"name":"wp","href":"https:\/\/api.w.org\/{rel}","templated":true}]}}