{"id":8167,"date":"2022-11-08T17:09:42","date_gmt":"2022-11-08T15:09:42","guid":{"rendered":"https:\/\/comedialaon.fr\/?p=8167"},"modified":"2022-11-08T17:18:26","modified_gmt":"2022-11-08T15:18:26","slug":"cyrano-metait-conte","status":"publish","type":"post","link":"https:\/\/comedialaon.fr\/?p=8167","title":{"rendered":"<u><b>CYRANO M&rsquo;\u00c9TAIT CONT\u00c9<\/b><\/u>"},"content":{"rendered":"<div id=\"attachment_8171\" style=\"width: 220px\" class=\"wp-caption alignleft\"><a href=\"https:\/\/comedialaon.fr\/wp-content\/uploads\/2022\/11\/Photo-Patrice_1.jpg\"><img loading=\"lazy\" decoding=\"async\" aria-describedby=\"caption-attachment-8171\" src=\"https:\/\/comedialaon.fr\/wp-content\/uploads\/2022\/11\/Photo-Patrice_1-210x300.jpg\" alt=\"\" width=\"210\" height=\"300\" class=\"size-medium wp-image-8171\" srcset=\"https:\/\/comedialaon.fr\/wp-content\/uploads\/2022\/11\/Photo-Patrice_1-210x300.jpg 210w, https:\/\/comedialaon.fr\/wp-content\/uploads\/2022\/11\/Photo-Patrice_1.jpg 246w\" sizes=\"auto, (max-width: 210px) 100vw, 210px\" \/><\/a><p id=\"caption-attachment-8171\" class=\"wp-caption-text\">Patrice PIQUET passionn\u00e9 par CYRANO de BERGERAC<\/p><\/div>\n<p>Notre metteur en sc\u00e8ne Patrice PIQUET est un passionn\u00e9 de CYRANO de BERGERAC. Il raconte, je cite :<\/p>\n<p>\u201c Mon amour pour cette pi\u00e8ce remonte surement quand ma m\u00e8re m\u2019emmena voir CYRANO de BERGERAC \u00e0 la com\u00e9die fran\u00e7aise, \u00e0 l\u2019\u00e2ge de dix ans. J\u2019ai \u00e9t\u00e9 subjugu\u00e9 par ce spectacle grandiose aux yeux d\u2019un enfant et par son interpr\u00e8te brillant, Jean PIAT. Admiration qui dure toujours. La beaut\u00e9 des vers d\u2019Edmond ROSTAND me touche profond\u00e9ment.\u201d<\/p>\n<p>Il a donc \u00e9labor\u00e9 une adaptation personnelle de cette \u0153uvre o\u00f9 il est seul en sc\u00e8ne.<\/p>\n<p>le journal l&rsquo;Union a publi\u00e9 <a href=\" https:\/\/comedialaon.fr\/?attachment_id=8181 \" >un article<\/a> le 14 octobre 2022<\/p>\n<p>le journal l&rsquo;Union a publi\u00e9 <a href=\" https:\/\/comedialaon.fr\/?attachment_id=8188 \" >un article<\/a> le 7 novembre 2022<\/p>\n<div id=\"attachment_8172\" style=\"width: 310px\" class=\"wp-caption alignright\"><a href=\"https:\/\/comedialaon.fr\/wp-content\/uploads\/2022\/11\/Photo-Patrice_2.jpg\"><img loading=\"lazy\" decoding=\"async\" aria-describedby=\"caption-attachment-8172\" src=\"https:\/\/comedialaon.fr\/wp-content\/uploads\/2022\/11\/Photo-Patrice_2-300x197.jpg\" alt=\"\" width=\"300\" height=\"197\" class=\"size-medium wp-image-8172\" srcset=\"https:\/\/comedialaon.fr\/wp-content\/uploads\/2022\/11\/Photo-Patrice_2-300x197.jpg 300w, https:\/\/comedialaon.fr\/wp-content\/uploads\/2022\/11\/Photo-Patrice_2.jpg 489w\" sizes=\"auto, (max-width: 300px) 100vw, 300px\" \/><\/a><p id=\"caption-attachment-8172\" class=\"wp-caption-text\">Patrice PIQUET passionn\u00e9 par CYRANO de BERGERAC<\/p><\/div>\n","protected":false},"excerpt":{"rendered":"<p>Notre metteur en sc\u00e8ne Patrice PIQUET est un passionn\u00e9 de CYRANO de BERGERAC. Il raconte, je cite : \u201c Mon amour pour cette pi\u00e8ce remonte surement quand ma m\u00e8re m\u2019emmena voir CYRANO de BERGERAC \u00e0 la com\u00e9die fran\u00e7aise, \u00e0 l\u2019\u00e2ge de dix ans. J\u2019ai \u00e9t\u00e9 subjugu\u00e9 par ce spectacle grandiose aux yeux d\u2019un enfant et<\/p>\n<p><a class=\"excerpt-more blog-excerpt\" href=\"https:\/\/comedialaon.fr\/?p=8167\">Lire la suite<\/a><\/p>\n","protected":false},"author":1,"featured_media":0,"comment_status":"closed","ping_status":"open","sticky":false,"template":"","format":"standard","meta":{"footnotes":""},"categories":[11],"tags":[],"class_list":["post-8167","post","type-post","status-publish","format-standard","hentry","category-infos-live"],"yoast_head":"<!-- This site is optimized with the Yoast SEO plugin v27.5 - https:\/\/yoast.com\/product\/yoast-seo-wordpress\/ -->\n<title>CYRANO M&#039;\u00c9TAIT CONT\u00c9 &#8226; Com\u00e9dia Laon<\/title>\n<meta name=\"robots\" content=\"index, follow, max-snippet:-1, max-image-preview:large, max-video-preview:-1\" \/>\n<link rel=\"canonical\" href=\"https:\/\/comedialaon.fr\/?p=8167\" \/>\n<meta property=\"og:locale\" content=\"fr_FR\" \/>\n<meta property=\"og:type\" content=\"article\" \/>\n<meta property=\"og:title\" content=\"CYRANO M&#039;\u00c9TAIT CONT\u00c9 &#8226; Com\u00e9dia Laon\" \/>\n<meta property=\"og:description\" content=\"Notre metteur en sc\u00e8ne Patrice PIQUET est un passionn\u00e9 de CYRANO de BERGERAC. Il raconte, je cite : \u201c Mon amour pour cette pi\u00e8ce remonte surement quand ma m\u00e8re m\u2019emmena voir CYRANO de BERGERAC \u00e0 la com\u00e9die fran\u00e7aise, \u00e0 l\u2019\u00e2ge de dix ans. J\u2019ai \u00e9t\u00e9 subjugu\u00e9 par ce spectacle grandiose aux yeux d\u2019un enfant etLire la suite\" \/>\n<meta property=\"og:url\" content=\"https:\/\/comedialaon.fr\/?p=8167\" \/>\n<meta property=\"og:site_name\" content=\"Com\u00e9dia Laon\" \/>\n<meta property=\"article:publisher\" content=\"https:\/\/www.facebook.com\/profile.php?id=100008459438996\" \/>\n<meta property=\"article:published_time\" content=\"2022-11-08T15:09:42+00:00\" \/>\n<meta property=\"article:modified_time\" content=\"2022-11-08T15:18:26+00:00\" \/>\n<meta property=\"og:image\" content=\"https:\/\/comedialaon.fr\/wp-content\/uploads\/2022\/11\/Photo-Patrice_1-210x300.jpg\" \/>\n<meta name=\"author\" content=\"Muppet 2\" \/>\n<meta name=\"twitter:label1\" content=\"\u00c9crit par\" \/>\n\t<meta name=\"twitter:data1\" content=\"Muppet 2\" \/>\n\t<meta name=\"twitter:label2\" content=\"Dur\u00e9e de lecture estim\u00e9e\" \/>\n\t<meta name=\"twitter:data2\" content=\"2 minutes\" \/>\n<script type=\"application\/ld+json\" class=\"yoast-schema-graph\">{\"@context\":\"https:\\\/\\\/schema.org\",\"@graph\":[{\"@type\":\"Article\",\"@id\":\"https:\\\/\\\/comedialaon.fr\\\/?p=8167#article\",\"isPartOf\":{\"@id\":\"https:\\\/\\\/comedialaon.fr\\\/?p=8167\"},\"author\":{\"name\":\"Muppet 2\",\"@id\":\"https:\\\/\\\/comedialaon.fr\\\/#\\\/schema\\\/person\\\/b5fa2097d9c2df39b18b24eb09a90f30\"},\"headline\":\"CYRANO M&rsquo;\u00c9TAIT CONT\u00c9\",\"datePublished\":\"2022-11-08T15:09:42+00:00\",\"dateModified\":\"2022-11-08T15:18:26+00:00\",\"mainEntityOfPage\":{\"@id\":\"https:\\\/\\\/comedialaon.fr\\\/?p=8167\"},\"wordCount\":151,\"publisher\":{\"@id\":\"https:\\\/\\\/comedialaon.fr\\\/#organization\"},\"image\":{\"@id\":\"https:\\\/\\\/comedialaon.fr\\\/?p=8167#primaryimage\"},\"thumbnailUrl\":\"https:\\\/\\\/comedialaon.fr\\\/wp-content\\\/uploads\\\/2022\\\/11\\\/Photo-Patrice_1-210x300.jpg\",\"articleSection\":[\"Infos LIVE\"],\"inLanguage\":\"fr-FR\"},{\"@type\":\"WebPage\",\"@id\":\"https:\\\/\\\/comedialaon.fr\\\/?p=8167\",\"url\":\"https:\\\/\\\/comedialaon.fr\\\/?p=8167\",\"name\":\"CYRANO M'\u00c9TAIT CONT\u00c9 &#8226; Com\u00e9dia Laon\",\"isPartOf\":{\"@id\":\"https:\\\/\\\/comedialaon.fr\\\/#website\"},\"primaryImageOfPage\":{\"@id\":\"https:\\\/\\\/comedialaon.fr\\\/?p=8167#primaryimage\"},\"image\":{\"@id\":\"https:\\\/\\\/comedialaon.fr\\\/?p=8167#primaryimage\"},\"thumbnailUrl\":\"https:\\\/\\\/comedialaon.fr\\\/wp-content\\\/uploads\\\/2022\\\/11\\\/Photo-Patrice_1-210x300.jpg\",\"datePublished\":\"2022-11-08T15:09:42+00:00\",\"dateModified\":\"2022-11-08T15:18:26+00:00\",\"breadcrumb\":{\"@id\":\"https:\\\/\\\/comedialaon.fr\\\/?p=8167#breadcrumb\"},\"inLanguage\":\"fr-FR\",\"potentialAction\":[{\"@type\":\"ReadAction\",\"target\":[\"https:\\\/\\\/comedialaon.fr\\\/?p=8167\"]}]},{\"@type\":\"ImageObject\",\"inLanguage\":\"fr-FR\",\"@id\":\"https:\\\/\\\/comedialaon.fr\\\/?p=8167#primaryimage\",\"url\":\"https:\\\/\\\/comedialaon.fr\\\/wp-content\\\/uploads\\\/2022\\\/11\\\/Photo-Patrice_1.jpg\",\"contentUrl\":\"https:\\\/\\\/comedialaon.fr\\\/wp-content\\\/uploads\\\/2022\\\/11\\\/Photo-Patrice_1.jpg\",\"width\":246,\"height\":352,\"caption\":\"Patrice PIQUET passionn\u00e9 par CYRANO de BERGERAC\"},{\"@type\":\"BreadcrumbList\",\"@id\":\"https:\\\/\\\/comedialaon.fr\\\/?p=8167#breadcrumb\",\"itemListElement\":[{\"@type\":\"ListItem\",\"position\":1,\"name\":\"Accueil\",\"item\":\"https:\\\/\\\/comedialaon.fr\\\/\"},{\"@type\":\"ListItem\",\"position\":2,\"name\":\"CYRANO M&rsquo;\u00c9TAIT CONT\u00c9\"}]},{\"@type\":\"WebSite\",\"@id\":\"https:\\\/\\\/comedialaon.fr\\\/#website\",\"url\":\"https:\\\/\\\/comedialaon.fr\\\/\",\"name\":\"Com\u00e9dia Laon\",\"description\":\"Prendre et donner du PLAISIR ... !!! ;-)\",\"publisher\":{\"@id\":\"https:\\\/\\\/comedialaon.fr\\\/#organization\"},\"potentialAction\":[{\"@type\":\"SearchAction\",\"target\":{\"@type\":\"EntryPoint\",\"urlTemplate\":\"https:\\\/\\\/comedialaon.fr\\\/?s={search_term_string}\"},\"query-input\":{\"@type\":\"PropertyValueSpecification\",\"valueRequired\":true,\"valueName\":\"search_term_string\"}}],\"inLanguage\":\"fr-FR\"},{\"@type\":\"Organization\",\"@id\":\"https:\\\/\\\/comedialaon.fr\\\/#organization\",\"name\":\"Com\u00e9dia Laon\",\"url\":\"https:\\\/\\\/comedialaon.fr\\\/\",\"logo\":{\"@type\":\"ImageObject\",\"inLanguage\":\"fr-FR\",\"@id\":\"https:\\\/\\\/comedialaon.fr\\\/#\\\/schema\\\/logo\\\/image\\\/\",\"url\":\"https:\\\/\\\/comedialaon.fr\\\/wp-content\\\/uploads\\\/2019\\\/02\\\/LOGO-CL-et-OL.jpg\",\"contentUrl\":\"https:\\\/\\\/comedialaon.fr\\\/wp-content\\\/uploads\\\/2019\\\/02\\\/LOGO-CL-et-OL.jpg\",\"width\":756,\"height\":210,\"caption\":\"Com\u00e9dia Laon\"},\"image\":{\"@id\":\"https:\\\/\\\/comedialaon.fr\\\/#\\\/schema\\\/logo\\\/image\\\/\"},\"sameAs\":[\"https:\\\/\\\/www.facebook.com\\\/profile.php?id=100008459438996\",\"https:\\\/\\\/www.youtube.com\\\/results?search_query=comedia laon\"]},{\"@type\":\"Person\",\"@id\":\"https:\\\/\\\/comedialaon.fr\\\/#\\\/schema\\\/person\\\/b5fa2097d9c2df39b18b24eb09a90f30\",\"name\":\"Muppet 2\",\"image\":{\"@type\":\"ImageObject\",\"inLanguage\":\"fr-FR\",\"@id\":\"https:\\\/\\\/secure.gravatar.com\\\/avatar\\\/8e9847ab3b902434f6deca39973d429601dcdadf46a57d80eec28699158bf63a?s=96&d=mm&r=g\",\"url\":\"https:\\\/\\\/secure.gravatar.com\\\/avatar\\\/8e9847ab3b902434f6deca39973d429601dcdadf46a57d80eec28699158bf63a?s=96&d=mm&r=g\",\"contentUrl\":\"https:\\\/\\\/secure.gravatar.com\\\/avatar\\\/8e9847ab3b902434f6deca39973d429601dcdadf46a57d80eec28699158bf63a?s=96&d=mm&r=g\",\"caption\":\"Muppet 2\"},\"sameAs\":[\"https:\\\/\\\/www.comedialaon.fr\"]}]}<\/script>\n<!-- \/ Yoast SEO plugin. -->","yoast_head_json":{"title":"CYRANO M'\u00c9TAIT CONT\u00c9 &#8226; Com\u00e9dia Laon","robots":{"index":"index","follow":"follow","max-snippet":"max-snippet:-1","max-image-preview":"max-image-preview:large","max-video-preview":"max-video-preview:-1"},"canonical":"https:\/\/comedialaon.fr\/?p=8167","og_locale":"fr_FR","og_type":"article","og_title":"CYRANO M'\u00c9TAIT CONT\u00c9 &#8226; Com\u00e9dia Laon","og_description":"Notre metteur en sc\u00e8ne Patrice PIQUET est un passionn\u00e9 de CYRANO de BERGERAC. Il raconte, je cite : \u201c Mon amour pour cette pi\u00e8ce remonte surement quand ma m\u00e8re m\u2019emmena voir CYRANO de BERGERAC \u00e0 la com\u00e9die fran\u00e7aise, \u00e0 l\u2019\u00e2ge de dix ans. J\u2019ai \u00e9t\u00e9 subjugu\u00e9 par ce spectacle grandiose aux yeux d\u2019un enfant etLire la suite","og_url":"https:\/\/comedialaon.fr\/?p=8167","og_site_name":"Com\u00e9dia Laon","article_publisher":"https:\/\/www.facebook.com\/profile.php?id=100008459438996","article_published_time":"2022-11-08T15:09:42+00:00","article_modified_time":"2022-11-08T15:18:26+00:00","og_image":[{"url":"https:\/\/comedialaon.fr\/wp-content\/uploads\/2022\/11\/Photo-Patrice_1-210x300.jpg","type":"","width":"","height":""}],"author":"Muppet 2","twitter_misc":{"\u00c9crit par":"Muppet 2","Dur\u00e9e de lecture estim\u00e9e":"2 minutes"},"schema":{"@context":"https:\/\/schema.org","@graph":[{"@type":"Article","@id":"https:\/\/comedialaon.fr\/?p=8167#article","isPartOf":{"@id":"https:\/\/comedialaon.fr\/?p=8167"},"author":{"name":"Muppet 2","@id":"https:\/\/comedialaon.fr\/#\/schema\/person\/b5fa2097d9c2df39b18b24eb09a90f30"},"headline":"CYRANO M&rsquo;\u00c9TAIT CONT\u00c9","datePublished":"2022-11-08T15:09:42+00:00","dateModified":"2022-11-08T15:18:26+00:00","mainEntityOfPage":{"@id":"https:\/\/comedialaon.fr\/?p=8167"},"wordCount":151,"publisher":{"@id":"https:\/\/comedialaon.fr\/#organization"},"image":{"@id":"https:\/\/comedialaon.fr\/?p=8167#primaryimage"},"thumbnailUrl":"https:\/\/comedialaon.fr\/wp-content\/uploads\/2022\/11\/Photo-Patrice_1-210x300.jpg","articleSection":["Infos LIVE"],"inLanguage":"fr-FR"},{"@type":"WebPage","@id":"https:\/\/comedialaon.fr\/?p=8167","url":"https:\/\/comedialaon.fr\/?p=8167","name":"CYRANO M'\u00c9TAIT CONT\u00c9 &#8226; Com\u00e9dia Laon","isPartOf":{"@id":"https:\/\/comedialaon.fr\/#website"},"primaryImageOfPage":{"@id":"https:\/\/comedialaon.fr\/?p=8167#primaryimage"},"image":{"@id":"https:\/\/comedialaon.fr\/?p=8167#primaryimage"},"thumbnailUrl":"https:\/\/comedialaon.fr\/wp-content\/uploads\/2022\/11\/Photo-Patrice_1-210x300.jpg","datePublished":"2022-11-08T15:09:42+00:00","dateModified":"2022-11-08T15:18:26+00:00","breadcrumb":{"@id":"https:\/\/comedialaon.fr\/?p=8167#breadcrumb"},"inLanguage":"fr-FR","potentialAction":[{"@type":"ReadAction","target":["https:\/\/comedialaon.fr\/?p=8167"]}]},{"@type":"ImageObject","inLanguage":"fr-FR","@id":"https:\/\/comedialaon.fr\/?p=8167#primaryimage","url":"https:\/\/comedialaon.fr\/wp-content\/uploads\/2022\/11\/Photo-Patrice_1.jpg","contentUrl":"https:\/\/comedialaon.fr\/wp-content\/uploads\/2022\/11\/Photo-Patrice_1.jpg","width":246,"height":352,"caption":"Patrice PIQUET passionn\u00e9 par CYRANO de BERGERAC"},{"@type":"BreadcrumbList","@id":"https:\/\/comedialaon.fr\/?p=8167#breadcrumb","itemListElement":[{"@type":"ListItem","position":1,"name":"Accueil","item":"https:\/\/comedialaon.fr\/"},{"@type":"ListItem","position":2,"name":"CYRANO M&rsquo;\u00c9TAIT CONT\u00c9"}]},{"@type":"WebSite","@id":"https:\/\/comedialaon.fr\/#website","url":"https:\/\/comedialaon.fr\/","name":"Com\u00e9dia Laon","description":"Prendre et donner du PLAISIR ... !!! ;-)","publisher":{"@id":"https:\/\/comedialaon.fr\/#organization"},"potentialAction":[{"@type":"SearchAction","target":{"@type":"EntryPoint","urlTemplate":"https:\/\/comedialaon.fr\/?s={search_term_string}"},"query-input":{"@type":"PropertyValueSpecification","valueRequired":true,"valueName":"search_term_string"}}],"inLanguage":"fr-FR"},{"@type":"Organization","@id":"https:\/\/comedialaon.fr\/#organization","name":"Com\u00e9dia Laon","url":"https:\/\/comedialaon.fr\/","logo":{"@type":"ImageObject","inLanguage":"fr-FR","@id":"https:\/\/comedialaon.fr\/#\/schema\/logo\/image\/","url":"https:\/\/comedialaon.fr\/wp-content\/uploads\/2019\/02\/LOGO-CL-et-OL.jpg","contentUrl":"https:\/\/comedialaon.fr\/wp-content\/uploads\/2019\/02\/LOGO-CL-et-OL.jpg","width":756,"height":210,"caption":"Com\u00e9dia Laon"},"image":{"@id":"https:\/\/comedialaon.fr\/#\/schema\/logo\/image\/"},"sameAs":["https:\/\/www.facebook.com\/profile.php?id=100008459438996","https:\/\/www.youtube.com\/results?search_query=comedia laon"]},{"@type":"Person","@id":"https:\/\/comedialaon.fr\/#\/schema\/person\/b5fa2097d9c2df39b18b24eb09a90f30","name":"Muppet 2","image":{"@type":"ImageObject","inLanguage":"fr-FR","@id":"https:\/\/secure.gravatar.com\/avatar\/8e9847ab3b902434f6deca39973d429601dcdadf46a57d80eec28699158bf63a?s=96&d=mm&r=g","url":"https:\/\/secure.gravatar.com\/avatar\/8e9847ab3b902434f6deca39973d429601dcdadf46a57d80eec28699158bf63a?s=96&d=mm&r=g","contentUrl":"https:\/\/secure.gravatar.com\/avatar\/8e9847ab3b902434f6deca39973d429601dcdadf46a57d80eec28699158bf63a?s=96&d=mm&r=g","caption":"Muppet 2"},"sameAs":["https:\/\/www.comedialaon.fr"]}]}},"_links":{"self":[{"href":"https:\/\/comedialaon.fr\/index.php?rest_route=\/wp\/v2\/posts\/8167","targetHints":{"allow":["GET"]}}],"collection":[{"href":"https:\/\/comedialaon.fr\/index.php?rest_route=\/wp\/v2\/posts"}],"about":[{"href":"https:\/\/comedialaon.fr\/index.php?rest_route=\/wp\/v2\/types\/post"}],"author":[{"embeddable":true,"href":"https:\/\/comedialaon.fr\/index.php?rest_route=\/wp\/v2\/users\/1"}],"replies":[{"embeddable":true,"href":"https:\/\/comedialaon.fr\/index.php?rest_route=%2Fwp%2Fv2%2Fcomments&post=8167"}],"version-history":[{"count":11,"href":"https:\/\/comedialaon.fr\/index.php?rest_route=\/wp\/v2\/posts\/8167\/revisions"}],"predecessor-version":[{"id":8194,"href":"https:\/\/comedialaon.fr\/index.php?rest_route=\/wp\/v2\/posts\/8167\/revisions\/8194"}],"wp:attachment":[{"href":"https:\/\/comedialaon.fr\/index.php?rest_route=%2Fwp%2Fv2%2Fmedia&parent=8167"}],"wp:term":[{"taxonomy":"category","embeddable":true,"href":"https:\/\/comedialaon.fr\/index.php?rest_route=%2Fwp%2Fv2%2Fcategories&post=8167"},{"taxonomy":"post_tag","embeddable":true,"href":"https:\/\/comedialaon.fr\/index.php?rest_route=%2Fwp%2Fv2%2Ftags&post=8167"}],"curies":[{"name":"wp","href":"https:\/\/api.w.org\/{rel}","templated":true}]}}