{"id":811,"date":"2015-06-16T17:08:35","date_gmt":"2015-06-16T16:08:35","guid":{"rendered":"https:\/\/comedialaon.fr\/?p=811"},"modified":"2021-08-10T13:33:30","modified_gmt":"2021-08-10T11:33:30","slug":"week-end-a-la-m-a-l","status":"publish","type":"post","link":"https:\/\/comedialaon.fr\/?p=811","title":{"rendered":"WEEK-END A LA M.A.L."},"content":{"rendered":"<div id=\"attachment_813\" style=\"width: 650px\" class=\"wp-caption alignleft\"><a href=\"https:\/\/comedialaon.fr\/wp-content\/uploads\/2015\/06\/MAL-le-13-juin-2015.jpg\"><img loading=\"lazy\" decoding=\"async\" aria-describedby=\"caption-attachment-813\" src=\"https:\/\/comedialaon.fr\/wp-content\/uploads\/2015\/06\/MAL-le-13-juin-2015-1024x507.jpg\" alt=\"\" width=\"640\" height=\"317\" class=\"size-large wp-image-813\" srcset=\"https:\/\/comedialaon.fr\/wp-content\/uploads\/2015\/06\/MAL-le-13-juin-2015-1024x507.jpg 1024w, https:\/\/comedialaon.fr\/wp-content\/uploads\/2015\/06\/MAL-le-13-juin-2015-300x149.jpg 300w\" sizes=\"auto, (max-width: 640px) 100vw, 640px\" \/><\/a><p id=\"caption-attachment-813\" class=\"wp-caption-text\">MAL de LAON le 13 juin 2015<\/p><\/div>\n<p>Nous avons pass\u00e9 un magnifique week-end \u00e0 la Maison des Arts et Loisirs de LAON. Lors de nos deux repr\u00e9sentations de vendredi et samedi, le public avait r\u00e9pondu pr\u00e9sent. Cascades de rires et d&rsquo;applaudissements ont rythm\u00e9 ces deux soir\u00e9es. Des \u00e9motions et des souvenirs inoubliables.<\/p>\n<p>Pour ceux qui n&rsquo;ont pas encore eu le temps de venir nous voir ou ceux qui veulent nous revoir, nous vous donnons rendez-vous pour notre derni\u00e8re repr\u00e9sentation de notre pi\u00e8ce \u00ab\u00a0JE VEUX VOIR MIOUSSOV\u00a0\u00bb  le vendredi 26 juin \u00e0 20H45 \u00e0 la Salle de Spectacle de la Maison de Retraite D\u00e9partementale Route de La F\u00e8re \u00e0 LAON.<\/p>\n<p>L&rsquo;Union a publi\u00e9 <a href=\"https:\/\/comedialaon.fr\/?page_id=4205\" title=\"un article\">un article<\/a> le 20 juin 2015.<\/p>\n","protected":false},"excerpt":{"rendered":"<p>Nous avons pass\u00e9 un magnifique week-end \u00e0 la Maison des Arts et Loisirs de LAON. Lors de nos deux repr\u00e9sentations de vendredi et samedi, le public avait r\u00e9pondu pr\u00e9sent. Cascades de rires et d&rsquo;applaudissements ont rythm\u00e9 ces deux soir\u00e9es. Des \u00e9motions et des souvenirs inoubliables. Pour ceux qui n&rsquo;ont pas encore eu le temps de<\/p>\n<p><a class=\"excerpt-more blog-excerpt\" href=\"https:\/\/comedialaon.fr\/?p=811\">Lire la suite<\/a><\/p>\n","protected":false},"author":1,"featured_media":0,"comment_status":"closed","ping_status":"open","sticky":false,"template":"","format":"gallery","meta":{"footnotes":""},"categories":[11],"tags":[],"class_list":["post-811","post","type-post","status-publish","format-gallery","hentry","category-infos-live","post_format-post-format-gallery"],"yoast_head":"<!-- This site is optimized with the Yoast SEO plugin v27.5 - https:\/\/yoast.com\/product\/yoast-seo-wordpress\/ -->\n<title>WEEK-END A LA M.A.L. &#8226; Com\u00e9dia Laon<\/title>\n<meta name=\"robots\" content=\"index, follow, max-snippet:-1, max-image-preview:large, max-video-preview:-1\" \/>\n<link rel=\"canonical\" href=\"https:\/\/comedialaon.fr\/?p=811\" \/>\n<meta property=\"og:locale\" content=\"fr_FR\" \/>\n<meta property=\"og:type\" content=\"article\" \/>\n<meta property=\"og:title\" content=\"WEEK-END A LA M.A.L. &#8226; Com\u00e9dia Laon\" \/>\n<meta property=\"og:description\" content=\"Nous avons pass\u00e9 un magnifique week-end \u00e0 la Maison des Arts et Loisirs de LAON. Lors de nos deux repr\u00e9sentations de vendredi et samedi, le public avait r\u00e9pondu pr\u00e9sent. Cascades de rires et d&rsquo;applaudissements ont rythm\u00e9 ces deux soir\u00e9es. Des \u00e9motions et des souvenirs inoubliables. Pour ceux qui n&rsquo;ont pas encore eu le temps deLire la suite\" \/>\n<meta property=\"og:url\" content=\"https:\/\/comedialaon.fr\/?p=811\" \/>\n<meta property=\"og:site_name\" content=\"Com\u00e9dia Laon\" \/>\n<meta property=\"article:publisher\" content=\"https:\/\/www.facebook.com\/profile.php?id=100008459438996\" \/>\n<meta property=\"article:published_time\" content=\"2015-06-16T16:08:35+00:00\" \/>\n<meta property=\"article:modified_time\" content=\"2021-08-10T11:33:30+00:00\" \/>\n<meta property=\"og:image\" content=\"https:\/\/comedialaon.fr\/wp-content\/uploads\/2015\/06\/MAL-le-13-juin-2015-1024x507.jpg\" \/>\n<meta name=\"author\" content=\"Muppet 2\" \/>\n<meta name=\"twitter:label1\" content=\"\u00c9crit par\" \/>\n\t<meta name=\"twitter:data1\" content=\"Muppet 2\" \/>\n\t<meta name=\"twitter:label2\" content=\"Dur\u00e9e de lecture estim\u00e9e\" \/>\n\t<meta name=\"twitter:data2\" content=\"1 minute\" \/>\n<script type=\"application\/ld+json\" class=\"yoast-schema-graph\">{\"@context\":\"https:\\\/\\\/schema.org\",\"@graph\":[{\"@type\":\"Article\",\"@id\":\"https:\\\/\\\/comedialaon.fr\\\/?p=811#article\",\"isPartOf\":{\"@id\":\"https:\\\/\\\/comedialaon.fr\\\/?p=811\"},\"author\":{\"name\":\"Muppet 2\",\"@id\":\"https:\\\/\\\/comedialaon.fr\\\/#\\\/schema\\\/person\\\/b5fa2097d9c2df39b18b24eb09a90f30\"},\"headline\":\"WEEK-END A LA M.A.L.\",\"datePublished\":\"2015-06-16T16:08:35+00:00\",\"dateModified\":\"2021-08-10T11:33:30+00:00\",\"mainEntityOfPage\":{\"@id\":\"https:\\\/\\\/comedialaon.fr\\\/?p=811\"},\"wordCount\":134,\"publisher\":{\"@id\":\"https:\\\/\\\/comedialaon.fr\\\/#organization\"},\"image\":{\"@id\":\"https:\\\/\\\/comedialaon.fr\\\/?p=811#primaryimage\"},\"thumbnailUrl\":\"https:\\\/\\\/comedialaon.fr\\\/wp-content\\\/uploads\\\/2015\\\/06\\\/MAL-le-13-juin-2015-1024x507.jpg\",\"articleSection\":[\"Infos LIVE\"],\"inLanguage\":\"fr-FR\"},{\"@type\":\"WebPage\",\"@id\":\"https:\\\/\\\/comedialaon.fr\\\/?p=811\",\"url\":\"https:\\\/\\\/comedialaon.fr\\\/?p=811\",\"name\":\"WEEK-END A LA M.A.L. &#8226; Com\u00e9dia Laon\",\"isPartOf\":{\"@id\":\"https:\\\/\\\/comedialaon.fr\\\/#website\"},\"primaryImageOfPage\":{\"@id\":\"https:\\\/\\\/comedialaon.fr\\\/?p=811#primaryimage\"},\"image\":{\"@id\":\"https:\\\/\\\/comedialaon.fr\\\/?p=811#primaryimage\"},\"thumbnailUrl\":\"https:\\\/\\\/comedialaon.fr\\\/wp-content\\\/uploads\\\/2015\\\/06\\\/MAL-le-13-juin-2015-1024x507.jpg\",\"datePublished\":\"2015-06-16T16:08:35+00:00\",\"dateModified\":\"2021-08-10T11:33:30+00:00\",\"breadcrumb\":{\"@id\":\"https:\\\/\\\/comedialaon.fr\\\/?p=811#breadcrumb\"},\"inLanguage\":\"fr-FR\",\"potentialAction\":[{\"@type\":\"ReadAction\",\"target\":[\"https:\\\/\\\/comedialaon.fr\\\/?p=811\"]}]},{\"@type\":\"ImageObject\",\"inLanguage\":\"fr-FR\",\"@id\":\"https:\\\/\\\/comedialaon.fr\\\/?p=811#primaryimage\",\"url\":\"https:\\\/\\\/comedialaon.fr\\\/wp-content\\\/uploads\\\/2015\\\/06\\\/MAL-le-13-juin-2015.jpg\",\"contentUrl\":\"https:\\\/\\\/comedialaon.fr\\\/wp-content\\\/uploads\\\/2015\\\/06\\\/MAL-le-13-juin-2015.jpg\",\"width\":2799,\"height\":1386,\"caption\":\"MAL de LAON le 13 juin 2015\"},{\"@type\":\"BreadcrumbList\",\"@id\":\"https:\\\/\\\/comedialaon.fr\\\/?p=811#breadcrumb\",\"itemListElement\":[{\"@type\":\"ListItem\",\"position\":1,\"name\":\"Accueil\",\"item\":\"https:\\\/\\\/comedialaon.fr\\\/\"},{\"@type\":\"ListItem\",\"position\":2,\"name\":\"WEEK-END A LA M.A.L.\"}]},{\"@type\":\"WebSite\",\"@id\":\"https:\\\/\\\/comedialaon.fr\\\/#website\",\"url\":\"https:\\\/\\\/comedialaon.fr\\\/\",\"name\":\"Com\u00e9dia Laon\",\"description\":\"Prendre et donner du PLAISIR ... !!! ;-)\",\"publisher\":{\"@id\":\"https:\\\/\\\/comedialaon.fr\\\/#organization\"},\"potentialAction\":[{\"@type\":\"SearchAction\",\"target\":{\"@type\":\"EntryPoint\",\"urlTemplate\":\"https:\\\/\\\/comedialaon.fr\\\/?s={search_term_string}\"},\"query-input\":{\"@type\":\"PropertyValueSpecification\",\"valueRequired\":true,\"valueName\":\"search_term_string\"}}],\"inLanguage\":\"fr-FR\"},{\"@type\":\"Organization\",\"@id\":\"https:\\\/\\\/comedialaon.fr\\\/#organization\",\"name\":\"Com\u00e9dia Laon\",\"url\":\"https:\\\/\\\/comedialaon.fr\\\/\",\"logo\":{\"@type\":\"ImageObject\",\"inLanguage\":\"fr-FR\",\"@id\":\"https:\\\/\\\/comedialaon.fr\\\/#\\\/schema\\\/logo\\\/image\\\/\",\"url\":\"https:\\\/\\\/comedialaon.fr\\\/wp-content\\\/uploads\\\/2019\\\/02\\\/LOGO-CL-et-OL.jpg\",\"contentUrl\":\"https:\\\/\\\/comedialaon.fr\\\/wp-content\\\/uploads\\\/2019\\\/02\\\/LOGO-CL-et-OL.jpg\",\"width\":756,\"height\":210,\"caption\":\"Com\u00e9dia Laon\"},\"image\":{\"@id\":\"https:\\\/\\\/comedialaon.fr\\\/#\\\/schema\\\/logo\\\/image\\\/\"},\"sameAs\":[\"https:\\\/\\\/www.facebook.com\\\/profile.php?id=100008459438996\",\"https:\\\/\\\/www.youtube.com\\\/results?search_query=comedia laon\"]},{\"@type\":\"Person\",\"@id\":\"https:\\\/\\\/comedialaon.fr\\\/#\\\/schema\\\/person\\\/b5fa2097d9c2df39b18b24eb09a90f30\",\"name\":\"Muppet 2\",\"image\":{\"@type\":\"ImageObject\",\"inLanguage\":\"fr-FR\",\"@id\":\"https:\\\/\\\/secure.gravatar.com\\\/avatar\\\/8e9847ab3b902434f6deca39973d429601dcdadf46a57d80eec28699158bf63a?s=96&d=mm&r=g\",\"url\":\"https:\\\/\\\/secure.gravatar.com\\\/avatar\\\/8e9847ab3b902434f6deca39973d429601dcdadf46a57d80eec28699158bf63a?s=96&d=mm&r=g\",\"contentUrl\":\"https:\\\/\\\/secure.gravatar.com\\\/avatar\\\/8e9847ab3b902434f6deca39973d429601dcdadf46a57d80eec28699158bf63a?s=96&d=mm&r=g\",\"caption\":\"Muppet 2\"},\"sameAs\":[\"https:\\\/\\\/www.comedialaon.fr\"]}]}<\/script>\n<!-- \/ Yoast SEO plugin. -->","yoast_head_json":{"title":"WEEK-END A LA M.A.L. &#8226; Com\u00e9dia Laon","robots":{"index":"index","follow":"follow","max-snippet":"max-snippet:-1","max-image-preview":"max-image-preview:large","max-video-preview":"max-video-preview:-1"},"canonical":"https:\/\/comedialaon.fr\/?p=811","og_locale":"fr_FR","og_type":"article","og_title":"WEEK-END A LA M.A.L. &#8226; Com\u00e9dia Laon","og_description":"Nous avons pass\u00e9 un magnifique week-end \u00e0 la Maison des Arts et Loisirs de LAON. Lors de nos deux repr\u00e9sentations de vendredi et samedi, le public avait r\u00e9pondu pr\u00e9sent. Cascades de rires et d&rsquo;applaudissements ont rythm\u00e9 ces deux soir\u00e9es. Des \u00e9motions et des souvenirs inoubliables. Pour ceux qui n&rsquo;ont pas encore eu le temps deLire la suite","og_url":"https:\/\/comedialaon.fr\/?p=811","og_site_name":"Com\u00e9dia Laon","article_publisher":"https:\/\/www.facebook.com\/profile.php?id=100008459438996","article_published_time":"2015-06-16T16:08:35+00:00","article_modified_time":"2021-08-10T11:33:30+00:00","og_image":[{"url":"https:\/\/comedialaon.fr\/wp-content\/uploads\/2015\/06\/MAL-le-13-juin-2015-1024x507.jpg","type":"","width":"","height":""}],"author":"Muppet 2","twitter_misc":{"\u00c9crit par":"Muppet 2","Dur\u00e9e de lecture estim\u00e9e":"1 minute"},"schema":{"@context":"https:\/\/schema.org","@graph":[{"@type":"Article","@id":"https:\/\/comedialaon.fr\/?p=811#article","isPartOf":{"@id":"https:\/\/comedialaon.fr\/?p=811"},"author":{"name":"Muppet 2","@id":"https:\/\/comedialaon.fr\/#\/schema\/person\/b5fa2097d9c2df39b18b24eb09a90f30"},"headline":"WEEK-END A LA M.A.L.","datePublished":"2015-06-16T16:08:35+00:00","dateModified":"2021-08-10T11:33:30+00:00","mainEntityOfPage":{"@id":"https:\/\/comedialaon.fr\/?p=811"},"wordCount":134,"publisher":{"@id":"https:\/\/comedialaon.fr\/#organization"},"image":{"@id":"https:\/\/comedialaon.fr\/?p=811#primaryimage"},"thumbnailUrl":"https:\/\/comedialaon.fr\/wp-content\/uploads\/2015\/06\/MAL-le-13-juin-2015-1024x507.jpg","articleSection":["Infos LIVE"],"inLanguage":"fr-FR"},{"@type":"WebPage","@id":"https:\/\/comedialaon.fr\/?p=811","url":"https:\/\/comedialaon.fr\/?p=811","name":"WEEK-END A LA M.A.L. &#8226; Com\u00e9dia Laon","isPartOf":{"@id":"https:\/\/comedialaon.fr\/#website"},"primaryImageOfPage":{"@id":"https:\/\/comedialaon.fr\/?p=811#primaryimage"},"image":{"@id":"https:\/\/comedialaon.fr\/?p=811#primaryimage"},"thumbnailUrl":"https:\/\/comedialaon.fr\/wp-content\/uploads\/2015\/06\/MAL-le-13-juin-2015-1024x507.jpg","datePublished":"2015-06-16T16:08:35+00:00","dateModified":"2021-08-10T11:33:30+00:00","breadcrumb":{"@id":"https:\/\/comedialaon.fr\/?p=811#breadcrumb"},"inLanguage":"fr-FR","potentialAction":[{"@type":"ReadAction","target":["https:\/\/comedialaon.fr\/?p=811"]}]},{"@type":"ImageObject","inLanguage":"fr-FR","@id":"https:\/\/comedialaon.fr\/?p=811#primaryimage","url":"https:\/\/comedialaon.fr\/wp-content\/uploads\/2015\/06\/MAL-le-13-juin-2015.jpg","contentUrl":"https:\/\/comedialaon.fr\/wp-content\/uploads\/2015\/06\/MAL-le-13-juin-2015.jpg","width":2799,"height":1386,"caption":"MAL de LAON le 13 juin 2015"},{"@type":"BreadcrumbList","@id":"https:\/\/comedialaon.fr\/?p=811#breadcrumb","itemListElement":[{"@type":"ListItem","position":1,"name":"Accueil","item":"https:\/\/comedialaon.fr\/"},{"@type":"ListItem","position":2,"name":"WEEK-END A LA M.A.L."}]},{"@type":"WebSite","@id":"https:\/\/comedialaon.fr\/#website","url":"https:\/\/comedialaon.fr\/","name":"Com\u00e9dia Laon","description":"Prendre et donner du PLAISIR ... !!! ;-)","publisher":{"@id":"https:\/\/comedialaon.fr\/#organization"},"potentialAction":[{"@type":"SearchAction","target":{"@type":"EntryPoint","urlTemplate":"https:\/\/comedialaon.fr\/?s={search_term_string}"},"query-input":{"@type":"PropertyValueSpecification","valueRequired":true,"valueName":"search_term_string"}}],"inLanguage":"fr-FR"},{"@type":"Organization","@id":"https:\/\/comedialaon.fr\/#organization","name":"Com\u00e9dia Laon","url":"https:\/\/comedialaon.fr\/","logo":{"@type":"ImageObject","inLanguage":"fr-FR","@id":"https:\/\/comedialaon.fr\/#\/schema\/logo\/image\/","url":"https:\/\/comedialaon.fr\/wp-content\/uploads\/2019\/02\/LOGO-CL-et-OL.jpg","contentUrl":"https:\/\/comedialaon.fr\/wp-content\/uploads\/2019\/02\/LOGO-CL-et-OL.jpg","width":756,"height":210,"caption":"Com\u00e9dia Laon"},"image":{"@id":"https:\/\/comedialaon.fr\/#\/schema\/logo\/image\/"},"sameAs":["https:\/\/www.facebook.com\/profile.php?id=100008459438996","https:\/\/www.youtube.com\/results?search_query=comedia laon"]},{"@type":"Person","@id":"https:\/\/comedialaon.fr\/#\/schema\/person\/b5fa2097d9c2df39b18b24eb09a90f30","name":"Muppet 2","image":{"@type":"ImageObject","inLanguage":"fr-FR","@id":"https:\/\/secure.gravatar.com\/avatar\/8e9847ab3b902434f6deca39973d429601dcdadf46a57d80eec28699158bf63a?s=96&d=mm&r=g","url":"https:\/\/secure.gravatar.com\/avatar\/8e9847ab3b902434f6deca39973d429601dcdadf46a57d80eec28699158bf63a?s=96&d=mm&r=g","contentUrl":"https:\/\/secure.gravatar.com\/avatar\/8e9847ab3b902434f6deca39973d429601dcdadf46a57d80eec28699158bf63a?s=96&d=mm&r=g","caption":"Muppet 2"},"sameAs":["https:\/\/www.comedialaon.fr"]}]}},"_links":{"self":[{"href":"https:\/\/comedialaon.fr\/index.php?rest_route=\/wp\/v2\/posts\/811","targetHints":{"allow":["GET"]}}],"collection":[{"href":"https:\/\/comedialaon.fr\/index.php?rest_route=\/wp\/v2\/posts"}],"about":[{"href":"https:\/\/comedialaon.fr\/index.php?rest_route=\/wp\/v2\/types\/post"}],"author":[{"embeddable":true,"href":"https:\/\/comedialaon.fr\/index.php?rest_route=\/wp\/v2\/users\/1"}],"replies":[{"embeddable":true,"href":"https:\/\/comedialaon.fr\/index.php?rest_route=%2Fwp%2Fv2%2Fcomments&post=811"}],"version-history":[{"count":11,"href":"https:\/\/comedialaon.fr\/index.php?rest_route=\/wp\/v2\/posts\/811\/revisions"}],"predecessor-version":[{"id":4841,"href":"https:\/\/comedialaon.fr\/index.php?rest_route=\/wp\/v2\/posts\/811\/revisions\/4841"}],"wp:attachment":[{"href":"https:\/\/comedialaon.fr\/index.php?rest_route=%2Fwp%2Fv2%2Fmedia&parent=811"}],"wp:term":[{"taxonomy":"category","embeddable":true,"href":"https:\/\/comedialaon.fr\/index.php?rest_route=%2Fwp%2Fv2%2Fcategories&post=811"},{"taxonomy":"post_tag","embeddable":true,"href":"https:\/\/comedialaon.fr\/index.php?rest_route=%2Fwp%2Fv2%2Ftags&post=811"}],"curies":[{"name":"wp","href":"https:\/\/api.w.org\/{rel}","templated":true}]}}