{"id":763,"date":"2015-05-07T17:03:11","date_gmt":"2015-05-07T16:03:11","guid":{"rendered":"https:\/\/comedialaon.fr\/?p=763"},"modified":"2021-08-10T13:33:59","modified_gmt":"2021-08-10T11:33:59","slug":"juin-2015-les-trois-dernieres","status":"publish","type":"post","link":"https:\/\/comedialaon.fr\/?p=763","title":{"rendered":"JUIN 2015 : LES TROIS DERNI\u00c8RES"},"content":{"rendered":"<p><a href=\"https:\/\/comedialaon.fr\/wp-content\/uploads\/2015\/02\/affiche-je-veux-voir-mioussov.jpg\"><img loading=\"lazy\" decoding=\"async\" src=\"https:\/\/comedialaon.fr\/wp-content\/uploads\/2015\/02\/affiche-je-veux-voir-mioussov-212x300.jpg\" alt=\"affiche je veux voir mioussov\" width=\"212\" height=\"300\" class=\"alignleft size-medium wp-image-620\" srcset=\"https:\/\/comedialaon.fr\/wp-content\/uploads\/2015\/02\/affiche-je-veux-voir-mioussov-212x300.jpg 212w, https:\/\/comedialaon.fr\/wp-content\/uploads\/2015\/02\/affiche-je-veux-voir-mioussov-724x1024.jpg 724w, https:\/\/comedialaon.fr\/wp-content\/uploads\/2015\/02\/affiche-je-veux-voir-mioussov.jpg 1754w\" sizes=\"auto, (max-width: 212px) 100vw, 212px\" \/><\/a><\/p>\n<p><a href=\"https:\/\/comedialaon.fr\/wp-content\/uploads\/2015\/05\/LOGO-MAL2.jpg\"><img loading=\"lazy\" decoding=\"async\" src=\"https:\/\/comedialaon.fr\/wp-content\/uploads\/2015\/05\/LOGO-MAL2.jpg\" alt=\"Maison des Arts et Loisirs\" width=\"234\" height=\"83\" class=\"size-full wp-image-767\" \/><\/a><\/p>\n<p>Le mois de Juin verra le d\u00e9roulement des trois derni\u00e8res repr\u00e9sentations de notre pi\u00e8ce<br \/>\n\u00ab\u00a0JE VEUX VOIR MIOUSSOV\u00a0\u00bb.<\/p>\n<p>Celles-ci auront lieu \u00e0 LAON.<br \/>\nle vendredi 12 et le samedi 13 juin \u00e0 la Maison des Arts et Loisirs \u00e0 20H45<br \/>\nLe vendredi 26 juin \u00e0 la Salle de Spectacle de la Maison de Retraite D\u00e9partementale \u00e0 20H45<\/p>\n<p>R\u00e9servations possibles :<br \/>\n03 23 20 19 89 ou 03 23 79 63 13 ou comedialaon@orange.fr<\/p>\n<p><a href=\"https:\/\/comedialaon.fr\/?page_id=630\" title=\"Nos dates de repr\u00e9sentations pour 2015\"> Nos dates de repr\u00e9sentations pour 2015<\/a><\/p>\n<p>Suite \u00e0 notre Assembl\u00e9e G\u00e9n\u00e9rale, L&rsquo;Union a publi\u00e9 <a href=\"https:\/\/comedialaon.fr\/?page_id=4207\" title=\"un article\">un article<\/a><\/p>\n","protected":false},"excerpt":{"rendered":"<p>Le mois de Juin verra le d\u00e9roulement des trois derni\u00e8res repr\u00e9sentations de notre pi\u00e8ce \u00ab\u00a0JE VEUX VOIR MIOUSSOV\u00a0\u00bb. Celles-ci auront lieu \u00e0 LAON. le vendredi 12 et le samedi 13 juin \u00e0 la Maison des Arts et Loisirs \u00e0 20H45 Le vendredi 26 juin \u00e0 la Salle de Spectacle de la Maison de Retraite D\u00e9partementale<\/p>\n<p><a class=\"excerpt-more blog-excerpt\" href=\"https:\/\/comedialaon.fr\/?p=763\">Lire la suite<\/a><\/p>\n","protected":false},"author":1,"featured_media":768,"comment_status":"closed","ping_status":"open","sticky":false,"template":"","format":"standard","meta":{"footnotes":""},"categories":[11],"tags":[],"class_list":["post-763","post","type-post","status-publish","format-standard","has-post-thumbnail","hentry","category-infos-live"],"yoast_head":"<!-- This site is optimized with the Yoast SEO plugin v27.5 - https:\/\/yoast.com\/product\/yoast-seo-wordpress\/ -->\n<title>JUIN 2015 : LES TROIS DERNI\u00c8RES &#8226; Com\u00e9dia Laon<\/title>\n<meta name=\"robots\" content=\"index, follow, max-snippet:-1, max-image-preview:large, max-video-preview:-1\" \/>\n<link rel=\"canonical\" href=\"https:\/\/comedialaon.fr\/?p=763\" \/>\n<meta property=\"og:locale\" content=\"fr_FR\" \/>\n<meta property=\"og:type\" content=\"article\" \/>\n<meta property=\"og:title\" content=\"JUIN 2015 : LES TROIS DERNI\u00c8RES &#8226; Com\u00e9dia Laon\" \/>\n<meta property=\"og:description\" content=\"Le mois de Juin verra le d\u00e9roulement des trois derni\u00e8res repr\u00e9sentations de notre pi\u00e8ce \u00ab\u00a0JE VEUX VOIR MIOUSSOV\u00a0\u00bb. Celles-ci auront lieu \u00e0 LAON. le vendredi 12 et le samedi 13 juin \u00e0 la Maison des Arts et Loisirs \u00e0 20H45 Le vendredi 26 juin \u00e0 la Salle de Spectacle de la Maison de Retraite D\u00e9partementaleLire la suite\" \/>\n<meta property=\"og:url\" content=\"https:\/\/comedialaon.fr\/?p=763\" \/>\n<meta property=\"og:site_name\" content=\"Com\u00e9dia Laon\" \/>\n<meta property=\"article:publisher\" content=\"https:\/\/www.facebook.com\/profile.php?id=100008459438996\" \/>\n<meta property=\"article:published_time\" content=\"2015-05-07T16:03:11+00:00\" \/>\n<meta property=\"article:modified_time\" content=\"2021-08-10T11:33:59+00:00\" \/>\n<meta property=\"og:image\" content=\"https:\/\/comedialaon.fr\/wp-content\/uploads\/2015\/05\/logo-rond-ville-de-laon.jpg\" \/>\n\t<meta property=\"og:image:width\" content=\"512\" \/>\n\t<meta property=\"og:image:height\" content=\"513\" \/>\n\t<meta property=\"og:image:type\" content=\"image\/jpeg\" \/>\n<meta name=\"author\" content=\"Muppet 2\" \/>\n<meta name=\"twitter:label1\" content=\"\u00c9crit par\" \/>\n\t<meta name=\"twitter:data1\" content=\"Muppet 2\" \/>\n<script type=\"application\/ld+json\" class=\"yoast-schema-graph\">{\"@context\":\"https:\\\/\\\/schema.org\",\"@graph\":[{\"@type\":\"Article\",\"@id\":\"https:\\\/\\\/comedialaon.fr\\\/?p=763#article\",\"isPartOf\":{\"@id\":\"https:\\\/\\\/comedialaon.fr\\\/?p=763\"},\"author\":{\"name\":\"Muppet 2\",\"@id\":\"https:\\\/\\\/comedialaon.fr\\\/#\\\/schema\\\/person\\\/b5fa2097d9c2df39b18b24eb09a90f30\"},\"headline\":\"JUIN 2015 : LES TROIS DERNI\u00c8RES\",\"datePublished\":\"2015-05-07T16:03:11+00:00\",\"dateModified\":\"2021-08-10T11:33:59+00:00\",\"mainEntityOfPage\":{\"@id\":\"https:\\\/\\\/comedialaon.fr\\\/?p=763\"},\"wordCount\":92,\"publisher\":{\"@id\":\"https:\\\/\\\/comedialaon.fr\\\/#organization\"},\"image\":{\"@id\":\"https:\\\/\\\/comedialaon.fr\\\/?p=763#primaryimage\"},\"thumbnailUrl\":\"https:\\\/\\\/comedialaon.fr\\\/wp-content\\\/uploads\\\/2015\\\/05\\\/logo-rond-ville-de-laon.jpg\",\"articleSection\":[\"Infos LIVE\"],\"inLanguage\":\"fr-FR\"},{\"@type\":\"WebPage\",\"@id\":\"https:\\\/\\\/comedialaon.fr\\\/?p=763\",\"url\":\"https:\\\/\\\/comedialaon.fr\\\/?p=763\",\"name\":\"JUIN 2015 : LES TROIS DERNI\u00c8RES &#8226; Com\u00e9dia Laon\",\"isPartOf\":{\"@id\":\"https:\\\/\\\/comedialaon.fr\\\/#website\"},\"primaryImageOfPage\":{\"@id\":\"https:\\\/\\\/comedialaon.fr\\\/?p=763#primaryimage\"},\"image\":{\"@id\":\"https:\\\/\\\/comedialaon.fr\\\/?p=763#primaryimage\"},\"thumbnailUrl\":\"https:\\\/\\\/comedialaon.fr\\\/wp-content\\\/uploads\\\/2015\\\/05\\\/logo-rond-ville-de-laon.jpg\",\"datePublished\":\"2015-05-07T16:03:11+00:00\",\"dateModified\":\"2021-08-10T11:33:59+00:00\",\"breadcrumb\":{\"@id\":\"https:\\\/\\\/comedialaon.fr\\\/?p=763#breadcrumb\"},\"inLanguage\":\"fr-FR\",\"potentialAction\":[{\"@type\":\"ReadAction\",\"target\":[\"https:\\\/\\\/comedialaon.fr\\\/?p=763\"]}]},{\"@type\":\"ImageObject\",\"inLanguage\":\"fr-FR\",\"@id\":\"https:\\\/\\\/comedialaon.fr\\\/?p=763#primaryimage\",\"url\":\"https:\\\/\\\/comedialaon.fr\\\/wp-content\\\/uploads\\\/2015\\\/05\\\/logo-rond-ville-de-laon.jpg\",\"contentUrl\":\"https:\\\/\\\/comedialaon.fr\\\/wp-content\\\/uploads\\\/2015\\\/05\\\/logo-rond-ville-de-laon.jpg\",\"width\":512,\"height\":513},{\"@type\":\"BreadcrumbList\",\"@id\":\"https:\\\/\\\/comedialaon.fr\\\/?p=763#breadcrumb\",\"itemListElement\":[{\"@type\":\"ListItem\",\"position\":1,\"name\":\"Accueil\",\"item\":\"https:\\\/\\\/comedialaon.fr\\\/\"},{\"@type\":\"ListItem\",\"position\":2,\"name\":\"JUIN 2015 : LES TROIS DERNI\u00c8RES\"}]},{\"@type\":\"WebSite\",\"@id\":\"https:\\\/\\\/comedialaon.fr\\\/#website\",\"url\":\"https:\\\/\\\/comedialaon.fr\\\/\",\"name\":\"Com\u00e9dia Laon\",\"description\":\"Prendre et donner du PLAISIR ... !!! ;-)\",\"publisher\":{\"@id\":\"https:\\\/\\\/comedialaon.fr\\\/#organization\"},\"potentialAction\":[{\"@type\":\"SearchAction\",\"target\":{\"@type\":\"EntryPoint\",\"urlTemplate\":\"https:\\\/\\\/comedialaon.fr\\\/?s={search_term_string}\"},\"query-input\":{\"@type\":\"PropertyValueSpecification\",\"valueRequired\":true,\"valueName\":\"search_term_string\"}}],\"inLanguage\":\"fr-FR\"},{\"@type\":\"Organization\",\"@id\":\"https:\\\/\\\/comedialaon.fr\\\/#organization\",\"name\":\"Com\u00e9dia Laon\",\"url\":\"https:\\\/\\\/comedialaon.fr\\\/\",\"logo\":{\"@type\":\"ImageObject\",\"inLanguage\":\"fr-FR\",\"@id\":\"https:\\\/\\\/comedialaon.fr\\\/#\\\/schema\\\/logo\\\/image\\\/\",\"url\":\"https:\\\/\\\/comedialaon.fr\\\/wp-content\\\/uploads\\\/2019\\\/02\\\/LOGO-CL-et-OL.jpg\",\"contentUrl\":\"https:\\\/\\\/comedialaon.fr\\\/wp-content\\\/uploads\\\/2019\\\/02\\\/LOGO-CL-et-OL.jpg\",\"width\":756,\"height\":210,\"caption\":\"Com\u00e9dia Laon\"},\"image\":{\"@id\":\"https:\\\/\\\/comedialaon.fr\\\/#\\\/schema\\\/logo\\\/image\\\/\"},\"sameAs\":[\"https:\\\/\\\/www.facebook.com\\\/profile.php?id=100008459438996\",\"https:\\\/\\\/www.youtube.com\\\/results?search_query=comedia laon\"]},{\"@type\":\"Person\",\"@id\":\"https:\\\/\\\/comedialaon.fr\\\/#\\\/schema\\\/person\\\/b5fa2097d9c2df39b18b24eb09a90f30\",\"name\":\"Muppet 2\",\"image\":{\"@type\":\"ImageObject\",\"inLanguage\":\"fr-FR\",\"@id\":\"https:\\\/\\\/secure.gravatar.com\\\/avatar\\\/8e9847ab3b902434f6deca39973d429601dcdadf46a57d80eec28699158bf63a?s=96&d=mm&r=g\",\"url\":\"https:\\\/\\\/secure.gravatar.com\\\/avatar\\\/8e9847ab3b902434f6deca39973d429601dcdadf46a57d80eec28699158bf63a?s=96&d=mm&r=g\",\"contentUrl\":\"https:\\\/\\\/secure.gravatar.com\\\/avatar\\\/8e9847ab3b902434f6deca39973d429601dcdadf46a57d80eec28699158bf63a?s=96&d=mm&r=g\",\"caption\":\"Muppet 2\"},\"sameAs\":[\"https:\\\/\\\/www.comedialaon.fr\"]}]}<\/script>\n<!-- \/ Yoast SEO plugin. -->","yoast_head_json":{"title":"JUIN 2015 : LES TROIS DERNI\u00c8RES &#8226; Com\u00e9dia Laon","robots":{"index":"index","follow":"follow","max-snippet":"max-snippet:-1","max-image-preview":"max-image-preview:large","max-video-preview":"max-video-preview:-1"},"canonical":"https:\/\/comedialaon.fr\/?p=763","og_locale":"fr_FR","og_type":"article","og_title":"JUIN 2015 : LES TROIS DERNI\u00c8RES &#8226; Com\u00e9dia Laon","og_description":"Le mois de Juin verra le d\u00e9roulement des trois derni\u00e8res repr\u00e9sentations de notre pi\u00e8ce \u00ab\u00a0JE VEUX VOIR MIOUSSOV\u00a0\u00bb. Celles-ci auront lieu \u00e0 LAON. le vendredi 12 et le samedi 13 juin \u00e0 la Maison des Arts et Loisirs \u00e0 20H45 Le vendredi 26 juin \u00e0 la Salle de Spectacle de la Maison de Retraite D\u00e9partementaleLire la suite","og_url":"https:\/\/comedialaon.fr\/?p=763","og_site_name":"Com\u00e9dia Laon","article_publisher":"https:\/\/www.facebook.com\/profile.php?id=100008459438996","article_published_time":"2015-05-07T16:03:11+00:00","article_modified_time":"2021-08-10T11:33:59+00:00","og_image":[{"width":512,"height":513,"url":"https:\/\/comedialaon.fr\/wp-content\/uploads\/2015\/05\/logo-rond-ville-de-laon.jpg","type":"image\/jpeg"}],"author":"Muppet 2","twitter_misc":{"\u00c9crit par":"Muppet 2"},"schema":{"@context":"https:\/\/schema.org","@graph":[{"@type":"Article","@id":"https:\/\/comedialaon.fr\/?p=763#article","isPartOf":{"@id":"https:\/\/comedialaon.fr\/?p=763"},"author":{"name":"Muppet 2","@id":"https:\/\/comedialaon.fr\/#\/schema\/person\/b5fa2097d9c2df39b18b24eb09a90f30"},"headline":"JUIN 2015 : LES TROIS DERNI\u00c8RES","datePublished":"2015-05-07T16:03:11+00:00","dateModified":"2021-08-10T11:33:59+00:00","mainEntityOfPage":{"@id":"https:\/\/comedialaon.fr\/?p=763"},"wordCount":92,"publisher":{"@id":"https:\/\/comedialaon.fr\/#organization"},"image":{"@id":"https:\/\/comedialaon.fr\/?p=763#primaryimage"},"thumbnailUrl":"https:\/\/comedialaon.fr\/wp-content\/uploads\/2015\/05\/logo-rond-ville-de-laon.jpg","articleSection":["Infos LIVE"],"inLanguage":"fr-FR"},{"@type":"WebPage","@id":"https:\/\/comedialaon.fr\/?p=763","url":"https:\/\/comedialaon.fr\/?p=763","name":"JUIN 2015 : LES TROIS DERNI\u00c8RES &#8226; Com\u00e9dia Laon","isPartOf":{"@id":"https:\/\/comedialaon.fr\/#website"},"primaryImageOfPage":{"@id":"https:\/\/comedialaon.fr\/?p=763#primaryimage"},"image":{"@id":"https:\/\/comedialaon.fr\/?p=763#primaryimage"},"thumbnailUrl":"https:\/\/comedialaon.fr\/wp-content\/uploads\/2015\/05\/logo-rond-ville-de-laon.jpg","datePublished":"2015-05-07T16:03:11+00:00","dateModified":"2021-08-10T11:33:59+00:00","breadcrumb":{"@id":"https:\/\/comedialaon.fr\/?p=763#breadcrumb"},"inLanguage":"fr-FR","potentialAction":[{"@type":"ReadAction","target":["https:\/\/comedialaon.fr\/?p=763"]}]},{"@type":"ImageObject","inLanguage":"fr-FR","@id":"https:\/\/comedialaon.fr\/?p=763#primaryimage","url":"https:\/\/comedialaon.fr\/wp-content\/uploads\/2015\/05\/logo-rond-ville-de-laon.jpg","contentUrl":"https:\/\/comedialaon.fr\/wp-content\/uploads\/2015\/05\/logo-rond-ville-de-laon.jpg","width":512,"height":513},{"@type":"BreadcrumbList","@id":"https:\/\/comedialaon.fr\/?p=763#breadcrumb","itemListElement":[{"@type":"ListItem","position":1,"name":"Accueil","item":"https:\/\/comedialaon.fr\/"},{"@type":"ListItem","position":2,"name":"JUIN 2015 : LES TROIS DERNI\u00c8RES"}]},{"@type":"WebSite","@id":"https:\/\/comedialaon.fr\/#website","url":"https:\/\/comedialaon.fr\/","name":"Com\u00e9dia Laon","description":"Prendre et donner du PLAISIR ... !!! ;-)","publisher":{"@id":"https:\/\/comedialaon.fr\/#organization"},"potentialAction":[{"@type":"SearchAction","target":{"@type":"EntryPoint","urlTemplate":"https:\/\/comedialaon.fr\/?s={search_term_string}"},"query-input":{"@type":"PropertyValueSpecification","valueRequired":true,"valueName":"search_term_string"}}],"inLanguage":"fr-FR"},{"@type":"Organization","@id":"https:\/\/comedialaon.fr\/#organization","name":"Com\u00e9dia Laon","url":"https:\/\/comedialaon.fr\/","logo":{"@type":"ImageObject","inLanguage":"fr-FR","@id":"https:\/\/comedialaon.fr\/#\/schema\/logo\/image\/","url":"https:\/\/comedialaon.fr\/wp-content\/uploads\/2019\/02\/LOGO-CL-et-OL.jpg","contentUrl":"https:\/\/comedialaon.fr\/wp-content\/uploads\/2019\/02\/LOGO-CL-et-OL.jpg","width":756,"height":210,"caption":"Com\u00e9dia Laon"},"image":{"@id":"https:\/\/comedialaon.fr\/#\/schema\/logo\/image\/"},"sameAs":["https:\/\/www.facebook.com\/profile.php?id=100008459438996","https:\/\/www.youtube.com\/results?search_query=comedia laon"]},{"@type":"Person","@id":"https:\/\/comedialaon.fr\/#\/schema\/person\/b5fa2097d9c2df39b18b24eb09a90f30","name":"Muppet 2","image":{"@type":"ImageObject","inLanguage":"fr-FR","@id":"https:\/\/secure.gravatar.com\/avatar\/8e9847ab3b902434f6deca39973d429601dcdadf46a57d80eec28699158bf63a?s=96&d=mm&r=g","url":"https:\/\/secure.gravatar.com\/avatar\/8e9847ab3b902434f6deca39973d429601dcdadf46a57d80eec28699158bf63a?s=96&d=mm&r=g","contentUrl":"https:\/\/secure.gravatar.com\/avatar\/8e9847ab3b902434f6deca39973d429601dcdadf46a57d80eec28699158bf63a?s=96&d=mm&r=g","caption":"Muppet 2"},"sameAs":["https:\/\/www.comedialaon.fr"]}]}},"_links":{"self":[{"href":"https:\/\/comedialaon.fr\/index.php?rest_route=\/wp\/v2\/posts\/763","targetHints":{"allow":["GET"]}}],"collection":[{"href":"https:\/\/comedialaon.fr\/index.php?rest_route=\/wp\/v2\/posts"}],"about":[{"href":"https:\/\/comedialaon.fr\/index.php?rest_route=\/wp\/v2\/types\/post"}],"author":[{"embeddable":true,"href":"https:\/\/comedialaon.fr\/index.php?rest_route=\/wp\/v2\/users\/1"}],"replies":[{"embeddable":true,"href":"https:\/\/comedialaon.fr\/index.php?rest_route=%2Fwp%2Fv2%2Fcomments&post=763"}],"version-history":[{"count":28,"href":"https:\/\/comedialaon.fr\/index.php?rest_route=\/wp\/v2\/posts\/763\/revisions"}],"predecessor-version":[{"id":4840,"href":"https:\/\/comedialaon.fr\/index.php?rest_route=\/wp\/v2\/posts\/763\/revisions\/4840"}],"wp:featuredmedia":[{"embeddable":true,"href":"https:\/\/comedialaon.fr\/index.php?rest_route=\/wp\/v2\/media\/768"}],"wp:attachment":[{"href":"https:\/\/comedialaon.fr\/index.php?rest_route=%2Fwp%2Fv2%2Fmedia&parent=763"}],"wp:term":[{"taxonomy":"category","embeddable":true,"href":"https:\/\/comedialaon.fr\/index.php?rest_route=%2Fwp%2Fv2%2Fcategories&post=763"},{"taxonomy":"post_tag","embeddable":true,"href":"https:\/\/comedialaon.fr\/index.php?rest_route=%2Fwp%2Fv2%2Ftags&post=763"}],"curies":[{"name":"wp","href":"https:\/\/api.w.org\/{rel}","templated":true}]}}