{"id":665,"date":"2015-03-30T19:43:06","date_gmt":"2015-03-30T18:43:06","guid":{"rendered":"https:\/\/comedialaon.fr\/?p=665"},"modified":"2021-08-10T13:34:28","modified_gmt":"2021-08-10T11:34:28","slug":"le-telethon-et-matele","status":"publish","type":"post","link":"https:\/\/comedialaon.fr\/?p=665","title":{"rendered":"LE T\u00c9L\u00c9THON ET MAT\u00c9L\u00c9"},"content":{"rendered":"<p>Hier, superbe repr\u00e9sentation dans la salle de spectacle \u00e0 c\u00f4t\u00e9 de la Maison de Retraite D\u00e9partementale de LAON. Le public pr\u00e9sent \u00e9tait ravi et de nombreux applaudissements sont venus remercier les com\u00e9diens.<br \/>\nSamedi, une partie de la troupe s&rsquo;est rendue \u00e0 SAINT QUENTIN au th\u00e9\u00e2tre Jean VILAR pour une interview par \u00ab\u00a0MATELE\u00a0\u00bb la chaine TV de SAINT QUENTIN. Dans ce superbe \u00e9difice, notre Pr\u00e9sident Christian, notre Metteur en Sc\u00e8ne Patrice ainsi que Bernard, Catherine, Christian, Gilles, S\u00e9verine et Sylvie ont pu pr\u00e9senter bri\u00e8vement notre compagnie et annoncer notre repr\u00e9sentation au profit du T\u00e9l\u00e9thon le 26 avril 2015 \u00e0 15H30 \u00e0 la salle des f\u00eates de CREPY, en partenariat avec la commune de MONS EN LAONNOIS.<\/p>\n<p><a href=\"https:\/\/comedialaon.fr\/wp-content\/uploads\/2015\/03\/logomatele.jpg\"><img loading=\"lazy\" decoding=\"async\" src=\"https:\/\/comedialaon.fr\/wp-content\/uploads\/2015\/03\/logomatele.jpg\" alt=\"MATELE\" width=\"160\" height=\"160\" class=\"alignleft size-full wp-image-671\" srcset=\"https:\/\/comedialaon.fr\/wp-content\/uploads\/2015\/03\/logomatele.jpg 160w, https:\/\/comedialaon.fr\/wp-content\/uploads\/2015\/03\/logomatele-150x150.jpg 150w\" sizes=\"auto, (max-width: 160px) 100vw, 160px\" \/><\/a><a href=\"https:\/\/comedialaon.fr\/wp-content\/uploads\/2015\/03\/logotelethon.png\"><img loading=\"lazy\" decoding=\"async\" src=\"https:\/\/comedialaon.fr\/wp-content\/uploads\/2015\/03\/logotelethon-300x54.png\" alt=\"logotelethon\" width=\"300\" height=\"54\" class=\"alignright size-medium wp-image-672\" srcset=\"https:\/\/comedialaon.fr\/wp-content\/uploads\/2015\/03\/logotelethon-300x54.png 300w, https:\/\/comedialaon.fr\/wp-content\/uploads\/2015\/03\/logotelethon.png 380w\" sizes=\"auto, (max-width: 300px) 100vw, 300px\" \/><\/a><\/p>\n<p><a href=\"https:\/\/viamatele.tv\" >Site MATELE<\/a> &#8211; <a href=\"https:\/\/www.telethon.fr\" t>Site TELETHON<\/a><\/p>\n<p>L&rsquo;interview sera diffus\u00e9e jeudi 2 avril entre 17H30 et 23H00 et rediffus\u00e9e le vendredi 3 avril entre 9H et 11H30 (canal 34 sur la TNT, canal 239 sur ORANGE ou sur le site MATELE.TV).<\/p>\n<p>Encore un GRAND MERCI \u00e0 STEPHAN (MATELE) pour son accueil.<\/p>\n","protected":false},"excerpt":{"rendered":"<p>Hier, superbe repr\u00e9sentation dans la salle de spectacle \u00e0 c\u00f4t\u00e9 de la Maison de Retraite D\u00e9partementale de LAON. Le public pr\u00e9sent \u00e9tait ravi et de nombreux applaudissements sont venus remercier les com\u00e9diens. Samedi, une partie de la troupe s&rsquo;est rendue \u00e0 SAINT QUENTIN au th\u00e9\u00e2tre Jean VILAR pour une interview par \u00ab\u00a0MATELE\u00a0\u00bb la chaine TV<\/p>\n<p><a class=\"excerpt-more blog-excerpt\" href=\"https:\/\/comedialaon.fr\/?p=665\">Lire la suite<\/a><\/p>\n","protected":false},"author":1,"featured_media":0,"comment_status":"closed","ping_status":"open","sticky":false,"template":"","format":"gallery","meta":{"footnotes":""},"categories":[11],"tags":[],"class_list":["post-665","post","type-post","status-publish","format-gallery","hentry","category-infos-live","post_format-post-format-gallery"],"yoast_head":"<!-- This site is optimized with the Yoast SEO plugin v27.5 - https:\/\/yoast.com\/product\/yoast-seo-wordpress\/ -->\n<title>LE T\u00c9L\u00c9THON ET MAT\u00c9L\u00c9 &#8226; Com\u00e9dia Laon<\/title>\n<meta name=\"robots\" content=\"index, follow, max-snippet:-1, max-image-preview:large, max-video-preview:-1\" \/>\n<link rel=\"canonical\" href=\"https:\/\/comedialaon.fr\/?p=665\" \/>\n<meta property=\"og:locale\" content=\"fr_FR\" \/>\n<meta property=\"og:type\" content=\"article\" \/>\n<meta property=\"og:title\" content=\"LE T\u00c9L\u00c9THON ET MAT\u00c9L\u00c9 &#8226; Com\u00e9dia Laon\" \/>\n<meta property=\"og:description\" content=\"Hier, superbe repr\u00e9sentation dans la salle de spectacle \u00e0 c\u00f4t\u00e9 de la Maison de Retraite D\u00e9partementale de LAON. Le public pr\u00e9sent \u00e9tait ravi et de nombreux applaudissements sont venus remercier les com\u00e9diens. Samedi, une partie de la troupe s&rsquo;est rendue \u00e0 SAINT QUENTIN au th\u00e9\u00e2tre Jean VILAR pour une interview par \u00ab\u00a0MATELE\u00a0\u00bb la chaine TVLire la suite\" \/>\n<meta property=\"og:url\" content=\"https:\/\/comedialaon.fr\/?p=665\" \/>\n<meta property=\"og:site_name\" content=\"Com\u00e9dia Laon\" \/>\n<meta property=\"article:publisher\" content=\"https:\/\/www.facebook.com\/profile.php?id=100008459438996\" \/>\n<meta property=\"article:published_time\" content=\"2015-03-30T18:43:06+00:00\" \/>\n<meta property=\"article:modified_time\" content=\"2021-08-10T11:34:28+00:00\" \/>\n<meta property=\"og:image\" content=\"https:\/\/comedialaon.fr\/wp-content\/uploads\/2015\/03\/logomatele.jpg\" \/>\n<meta name=\"author\" content=\"Muppet 2\" \/>\n<meta name=\"twitter:label1\" content=\"\u00c9crit par\" \/>\n\t<meta name=\"twitter:data1\" content=\"Muppet 2\" \/>\n\t<meta name=\"twitter:label2\" content=\"Dur\u00e9e de lecture estim\u00e9e\" \/>\n\t<meta name=\"twitter:data2\" content=\"1 minute\" \/>\n<script type=\"application\/ld+json\" class=\"yoast-schema-graph\">{\"@context\":\"https:\\\/\\\/schema.org\",\"@graph\":[{\"@type\":\"Article\",\"@id\":\"https:\\\/\\\/comedialaon.fr\\\/?p=665#article\",\"isPartOf\":{\"@id\":\"https:\\\/\\\/comedialaon.fr\\\/?p=665\"},\"author\":{\"name\":\"Muppet 2\",\"@id\":\"https:\\\/\\\/comedialaon.fr\\\/#\\\/schema\\\/person\\\/b5fa2097d9c2df39b18b24eb09a90f30\"},\"headline\":\"LE T\u00c9L\u00c9THON ET MAT\u00c9L\u00c9\",\"datePublished\":\"2015-03-30T18:43:06+00:00\",\"dateModified\":\"2021-08-10T11:34:28+00:00\",\"mainEntityOfPage\":{\"@id\":\"https:\\\/\\\/comedialaon.fr\\\/?p=665\"},\"wordCount\":180,\"publisher\":{\"@id\":\"https:\\\/\\\/comedialaon.fr\\\/#organization\"},\"image\":{\"@id\":\"https:\\\/\\\/comedialaon.fr\\\/?p=665#primaryimage\"},\"thumbnailUrl\":\"https:\\\/\\\/comedialaon.fr\\\/wp-content\\\/uploads\\\/2015\\\/03\\\/logomatele.jpg\",\"articleSection\":[\"Infos LIVE\"],\"inLanguage\":\"fr-FR\"},{\"@type\":\"WebPage\",\"@id\":\"https:\\\/\\\/comedialaon.fr\\\/?p=665\",\"url\":\"https:\\\/\\\/comedialaon.fr\\\/?p=665\",\"name\":\"LE T\u00c9L\u00c9THON ET MAT\u00c9L\u00c9 &#8226; Com\u00e9dia Laon\",\"isPartOf\":{\"@id\":\"https:\\\/\\\/comedialaon.fr\\\/#website\"},\"primaryImageOfPage\":{\"@id\":\"https:\\\/\\\/comedialaon.fr\\\/?p=665#primaryimage\"},\"image\":{\"@id\":\"https:\\\/\\\/comedialaon.fr\\\/?p=665#primaryimage\"},\"thumbnailUrl\":\"https:\\\/\\\/comedialaon.fr\\\/wp-content\\\/uploads\\\/2015\\\/03\\\/logomatele.jpg\",\"datePublished\":\"2015-03-30T18:43:06+00:00\",\"dateModified\":\"2021-08-10T11:34:28+00:00\",\"breadcrumb\":{\"@id\":\"https:\\\/\\\/comedialaon.fr\\\/?p=665#breadcrumb\"},\"inLanguage\":\"fr-FR\",\"potentialAction\":[{\"@type\":\"ReadAction\",\"target\":[\"https:\\\/\\\/comedialaon.fr\\\/?p=665\"]}]},{\"@type\":\"ImageObject\",\"inLanguage\":\"fr-FR\",\"@id\":\"https:\\\/\\\/comedialaon.fr\\\/?p=665#primaryimage\",\"url\":\"https:\\\/\\\/comedialaon.fr\\\/wp-content\\\/uploads\\\/2015\\\/03\\\/logomatele.jpg\",\"contentUrl\":\"https:\\\/\\\/comedialaon.fr\\\/wp-content\\\/uploads\\\/2015\\\/03\\\/logomatele.jpg\",\"width\":160,\"height\":160},{\"@type\":\"BreadcrumbList\",\"@id\":\"https:\\\/\\\/comedialaon.fr\\\/?p=665#breadcrumb\",\"itemListElement\":[{\"@type\":\"ListItem\",\"position\":1,\"name\":\"Accueil\",\"item\":\"https:\\\/\\\/comedialaon.fr\\\/\"},{\"@type\":\"ListItem\",\"position\":2,\"name\":\"LE T\u00c9L\u00c9THON ET MAT\u00c9L\u00c9\"}]},{\"@type\":\"WebSite\",\"@id\":\"https:\\\/\\\/comedialaon.fr\\\/#website\",\"url\":\"https:\\\/\\\/comedialaon.fr\\\/\",\"name\":\"Com\u00e9dia Laon\",\"description\":\"Prendre et donner du PLAISIR ... !!! ;-)\",\"publisher\":{\"@id\":\"https:\\\/\\\/comedialaon.fr\\\/#organization\"},\"potentialAction\":[{\"@type\":\"SearchAction\",\"target\":{\"@type\":\"EntryPoint\",\"urlTemplate\":\"https:\\\/\\\/comedialaon.fr\\\/?s={search_term_string}\"},\"query-input\":{\"@type\":\"PropertyValueSpecification\",\"valueRequired\":true,\"valueName\":\"search_term_string\"}}],\"inLanguage\":\"fr-FR\"},{\"@type\":\"Organization\",\"@id\":\"https:\\\/\\\/comedialaon.fr\\\/#organization\",\"name\":\"Com\u00e9dia Laon\",\"url\":\"https:\\\/\\\/comedialaon.fr\\\/\",\"logo\":{\"@type\":\"ImageObject\",\"inLanguage\":\"fr-FR\",\"@id\":\"https:\\\/\\\/comedialaon.fr\\\/#\\\/schema\\\/logo\\\/image\\\/\",\"url\":\"https:\\\/\\\/comedialaon.fr\\\/wp-content\\\/uploads\\\/2019\\\/02\\\/LOGO-CL-et-OL.jpg\",\"contentUrl\":\"https:\\\/\\\/comedialaon.fr\\\/wp-content\\\/uploads\\\/2019\\\/02\\\/LOGO-CL-et-OL.jpg\",\"width\":756,\"height\":210,\"caption\":\"Com\u00e9dia Laon\"},\"image\":{\"@id\":\"https:\\\/\\\/comedialaon.fr\\\/#\\\/schema\\\/logo\\\/image\\\/\"},\"sameAs\":[\"https:\\\/\\\/www.facebook.com\\\/profile.php?id=100008459438996\",\"https:\\\/\\\/www.youtube.com\\\/results?search_query=comedia laon\"]},{\"@type\":\"Person\",\"@id\":\"https:\\\/\\\/comedialaon.fr\\\/#\\\/schema\\\/person\\\/b5fa2097d9c2df39b18b24eb09a90f30\",\"name\":\"Muppet 2\",\"image\":{\"@type\":\"ImageObject\",\"inLanguage\":\"fr-FR\",\"@id\":\"https:\\\/\\\/secure.gravatar.com\\\/avatar\\\/8e9847ab3b902434f6deca39973d429601dcdadf46a57d80eec28699158bf63a?s=96&d=mm&r=g\",\"url\":\"https:\\\/\\\/secure.gravatar.com\\\/avatar\\\/8e9847ab3b902434f6deca39973d429601dcdadf46a57d80eec28699158bf63a?s=96&d=mm&r=g\",\"contentUrl\":\"https:\\\/\\\/secure.gravatar.com\\\/avatar\\\/8e9847ab3b902434f6deca39973d429601dcdadf46a57d80eec28699158bf63a?s=96&d=mm&r=g\",\"caption\":\"Muppet 2\"},\"sameAs\":[\"https:\\\/\\\/www.comedialaon.fr\"]}]}<\/script>\n<!-- \/ Yoast SEO plugin. -->","yoast_head_json":{"title":"LE T\u00c9L\u00c9THON ET MAT\u00c9L\u00c9 &#8226; Com\u00e9dia Laon","robots":{"index":"index","follow":"follow","max-snippet":"max-snippet:-1","max-image-preview":"max-image-preview:large","max-video-preview":"max-video-preview:-1"},"canonical":"https:\/\/comedialaon.fr\/?p=665","og_locale":"fr_FR","og_type":"article","og_title":"LE T\u00c9L\u00c9THON ET MAT\u00c9L\u00c9 &#8226; Com\u00e9dia Laon","og_description":"Hier, superbe repr\u00e9sentation dans la salle de spectacle \u00e0 c\u00f4t\u00e9 de la Maison de Retraite D\u00e9partementale de LAON. Le public pr\u00e9sent \u00e9tait ravi et de nombreux applaudissements sont venus remercier les com\u00e9diens. Samedi, une partie de la troupe s&rsquo;est rendue \u00e0 SAINT QUENTIN au th\u00e9\u00e2tre Jean VILAR pour une interview par \u00ab\u00a0MATELE\u00a0\u00bb la chaine TVLire la suite","og_url":"https:\/\/comedialaon.fr\/?p=665","og_site_name":"Com\u00e9dia Laon","article_publisher":"https:\/\/www.facebook.com\/profile.php?id=100008459438996","article_published_time":"2015-03-30T18:43:06+00:00","article_modified_time":"2021-08-10T11:34:28+00:00","og_image":[{"url":"https:\/\/comedialaon.fr\/wp-content\/uploads\/2015\/03\/logomatele.jpg","type":"","width":"","height":""}],"author":"Muppet 2","twitter_misc":{"\u00c9crit par":"Muppet 2","Dur\u00e9e de lecture estim\u00e9e":"1 minute"},"schema":{"@context":"https:\/\/schema.org","@graph":[{"@type":"Article","@id":"https:\/\/comedialaon.fr\/?p=665#article","isPartOf":{"@id":"https:\/\/comedialaon.fr\/?p=665"},"author":{"name":"Muppet 2","@id":"https:\/\/comedialaon.fr\/#\/schema\/person\/b5fa2097d9c2df39b18b24eb09a90f30"},"headline":"LE T\u00c9L\u00c9THON ET MAT\u00c9L\u00c9","datePublished":"2015-03-30T18:43:06+00:00","dateModified":"2021-08-10T11:34:28+00:00","mainEntityOfPage":{"@id":"https:\/\/comedialaon.fr\/?p=665"},"wordCount":180,"publisher":{"@id":"https:\/\/comedialaon.fr\/#organization"},"image":{"@id":"https:\/\/comedialaon.fr\/?p=665#primaryimage"},"thumbnailUrl":"https:\/\/comedialaon.fr\/wp-content\/uploads\/2015\/03\/logomatele.jpg","articleSection":["Infos LIVE"],"inLanguage":"fr-FR"},{"@type":"WebPage","@id":"https:\/\/comedialaon.fr\/?p=665","url":"https:\/\/comedialaon.fr\/?p=665","name":"LE T\u00c9L\u00c9THON ET MAT\u00c9L\u00c9 &#8226; Com\u00e9dia Laon","isPartOf":{"@id":"https:\/\/comedialaon.fr\/#website"},"primaryImageOfPage":{"@id":"https:\/\/comedialaon.fr\/?p=665#primaryimage"},"image":{"@id":"https:\/\/comedialaon.fr\/?p=665#primaryimage"},"thumbnailUrl":"https:\/\/comedialaon.fr\/wp-content\/uploads\/2015\/03\/logomatele.jpg","datePublished":"2015-03-30T18:43:06+00:00","dateModified":"2021-08-10T11:34:28+00:00","breadcrumb":{"@id":"https:\/\/comedialaon.fr\/?p=665#breadcrumb"},"inLanguage":"fr-FR","potentialAction":[{"@type":"ReadAction","target":["https:\/\/comedialaon.fr\/?p=665"]}]},{"@type":"ImageObject","inLanguage":"fr-FR","@id":"https:\/\/comedialaon.fr\/?p=665#primaryimage","url":"https:\/\/comedialaon.fr\/wp-content\/uploads\/2015\/03\/logomatele.jpg","contentUrl":"https:\/\/comedialaon.fr\/wp-content\/uploads\/2015\/03\/logomatele.jpg","width":160,"height":160},{"@type":"BreadcrumbList","@id":"https:\/\/comedialaon.fr\/?p=665#breadcrumb","itemListElement":[{"@type":"ListItem","position":1,"name":"Accueil","item":"https:\/\/comedialaon.fr\/"},{"@type":"ListItem","position":2,"name":"LE T\u00c9L\u00c9THON ET MAT\u00c9L\u00c9"}]},{"@type":"WebSite","@id":"https:\/\/comedialaon.fr\/#website","url":"https:\/\/comedialaon.fr\/","name":"Com\u00e9dia Laon","description":"Prendre et donner du PLAISIR ... !!! ;-)","publisher":{"@id":"https:\/\/comedialaon.fr\/#organization"},"potentialAction":[{"@type":"SearchAction","target":{"@type":"EntryPoint","urlTemplate":"https:\/\/comedialaon.fr\/?s={search_term_string}"},"query-input":{"@type":"PropertyValueSpecification","valueRequired":true,"valueName":"search_term_string"}}],"inLanguage":"fr-FR"},{"@type":"Organization","@id":"https:\/\/comedialaon.fr\/#organization","name":"Com\u00e9dia Laon","url":"https:\/\/comedialaon.fr\/","logo":{"@type":"ImageObject","inLanguage":"fr-FR","@id":"https:\/\/comedialaon.fr\/#\/schema\/logo\/image\/","url":"https:\/\/comedialaon.fr\/wp-content\/uploads\/2019\/02\/LOGO-CL-et-OL.jpg","contentUrl":"https:\/\/comedialaon.fr\/wp-content\/uploads\/2019\/02\/LOGO-CL-et-OL.jpg","width":756,"height":210,"caption":"Com\u00e9dia Laon"},"image":{"@id":"https:\/\/comedialaon.fr\/#\/schema\/logo\/image\/"},"sameAs":["https:\/\/www.facebook.com\/profile.php?id=100008459438996","https:\/\/www.youtube.com\/results?search_query=comedia laon"]},{"@type":"Person","@id":"https:\/\/comedialaon.fr\/#\/schema\/person\/b5fa2097d9c2df39b18b24eb09a90f30","name":"Muppet 2","image":{"@type":"ImageObject","inLanguage":"fr-FR","@id":"https:\/\/secure.gravatar.com\/avatar\/8e9847ab3b902434f6deca39973d429601dcdadf46a57d80eec28699158bf63a?s=96&d=mm&r=g","url":"https:\/\/secure.gravatar.com\/avatar\/8e9847ab3b902434f6deca39973d429601dcdadf46a57d80eec28699158bf63a?s=96&d=mm&r=g","contentUrl":"https:\/\/secure.gravatar.com\/avatar\/8e9847ab3b902434f6deca39973d429601dcdadf46a57d80eec28699158bf63a?s=96&d=mm&r=g","caption":"Muppet 2"},"sameAs":["https:\/\/www.comedialaon.fr"]}]}},"_links":{"self":[{"href":"https:\/\/comedialaon.fr\/index.php?rest_route=\/wp\/v2\/posts\/665","targetHints":{"allow":["GET"]}}],"collection":[{"href":"https:\/\/comedialaon.fr\/index.php?rest_route=\/wp\/v2\/posts"}],"about":[{"href":"https:\/\/comedialaon.fr\/index.php?rest_route=\/wp\/v2\/types\/post"}],"author":[{"embeddable":true,"href":"https:\/\/comedialaon.fr\/index.php?rest_route=\/wp\/v2\/users\/1"}],"replies":[{"embeddable":true,"href":"https:\/\/comedialaon.fr\/index.php?rest_route=%2Fwp%2Fv2%2Fcomments&post=665"}],"version-history":[{"count":24,"href":"https:\/\/comedialaon.fr\/index.php?rest_route=\/wp\/v2\/posts\/665\/revisions"}],"predecessor-version":[{"id":682,"href":"https:\/\/comedialaon.fr\/index.php?rest_route=\/wp\/v2\/posts\/665\/revisions\/682"}],"wp:attachment":[{"href":"https:\/\/comedialaon.fr\/index.php?rest_route=%2Fwp%2Fv2%2Fmedia&parent=665"}],"wp:term":[{"taxonomy":"category","embeddable":true,"href":"https:\/\/comedialaon.fr\/index.php?rest_route=%2Fwp%2Fv2%2Fcategories&post=665"},{"taxonomy":"post_tag","embeddable":true,"href":"https:\/\/comedialaon.fr\/index.php?rest_route=%2Fwp%2Fv2%2Ftags&post=665"}],"curies":[{"name":"wp","href":"https:\/\/api.w.org\/{rel}","templated":true}]}}