{"id":5288,"date":"2022-05-13T13:41:23","date_gmt":"2022-05-13T11:41:23","guid":{"rendered":"https:\/\/comedialaon.fr\/?p=5288"},"modified":"2022-10-07T11:09:34","modified_gmt":"2022-10-07T09:09:34","slug":"derniere-de-la-saison","status":"publish","type":"post","link":"https:\/\/comedialaon.fr\/?p=5288","title":{"rendered":"<u><b>DERNI\u00c8RE DE LA SAISON<\/b><\/u>"},"content":{"rendered":"<div id=\"attachment_5292\" style=\"width: 310px\" class=\"wp-caption alignleft\"><a href=\"https:\/\/comedialaon.fr\/wp-content\/uploads\/2022\/05\/La-compagnie-theatrale-Comedia-Laon-creee-en-2010-compte-14-adherents-2-modifiee.jpg\"><img loading=\"lazy\" decoding=\"async\" aria-describedby=\"caption-attachment-5292\" src=\"https:\/\/comedialaon.fr\/wp-content\/uploads\/2022\/05\/La-compagnie-theatrale-Comedia-Laon-creee-en-2010-compte-14-adherents-2-modifiee-300x170.jpg\" alt=\"\" width=\"300\" height=\"170\" class=\"size-medium wp-image-5292\" srcset=\"https:\/\/comedialaon.fr\/wp-content\/uploads\/2022\/05\/La-compagnie-theatrale-Comedia-Laon-creee-en-2010-compte-14-adherents-2-modifiee-300x170.jpg 300w, https:\/\/comedialaon.fr\/wp-content\/uploads\/2022\/05\/La-compagnie-theatrale-Comedia-Laon-creee-en-2010-compte-14-adherents-2-modifiee-768x434.jpg 768w, https:\/\/comedialaon.fr\/wp-content\/uploads\/2022\/05\/La-compagnie-theatrale-Comedia-Laon-creee-en-2010-compte-14-adherents-2-modifiee.jpg 800w\" sizes=\"auto, (max-width: 300px) 100vw, 300px\" \/><\/a><p id=\"caption-attachment-5292\" class=\"wp-caption-text\">Assembl\u00e9e G\u00e9n\u00e9rale du 6 mai 2022<\/p><\/div>\n<p>Apr\u00e8s notre Assembl\u00e9e G\u00e9n\u00e9rale qui s&rsquo;est d\u00e9roul\u00e9e ce vendredi 6 mai 2022, nous allons cl\u00f4turer notre saison par notre derni\u00e8re repr\u00e9sentation de <a href=\"https:\/\/comedialaon.fr\/?page_id=3917\" title=\"\u201cPOURQUOI MOI ?!\u201d\">\u201cPOURQUOI MOI ?!\u201d<\/a> \u00e0 l&rsquo;Espace Drouot \u00e0 LA F\u00c8RE le samedi 14 mai 2022 \u00e0 20H30. Encore merci \u00e0 \u00c9ric (D\u00e9l\u00e9gu\u00e9 \u00e0 la Communication et au Th\u00e9\u00e2tre de la Ville) d&rsquo;avoir trouv\u00e9 une nouvelle date pour nous accueillir suite \u00e0 l&rsquo;annulation de la repr\u00e9sentation du 12 mars 2022 pour cas de COVID.<\/p>\n<p>Lors de notre Assembl\u00e9e G\u00e9n\u00e9rale, Patrice, notre metteur en sc\u00e8ne, nous a annonc\u00e9 en primeur que \u201cL&rsquo;indice \u00e0 l&rsquo;index\u201d sera la prochaine pi\u00e8ce que nous allons pr\u00e9senter en 2023 &#8230; L&rsquo;auteur n&rsquo;est autre que notre ami <a href=\"https:\/\/comedialaon.fr\/?page_id=887\" title=\"Hugues DE ROSAMEL\">Hugues de ROSAMEL<\/a>. Plus d&rsquo;informations \u00e0 suivre apr\u00e8s la premi\u00e8re lecture qui devrait se d\u00e9rouler prochainement !!! <\/p>\n<p>le journal l&rsquo;Union a publi\u00e9 <a href=\" https:\/\/comedialaon.fr\/?attachment_id=5290 \" >un article<\/a> le 11 mai 2022<\/p>\n","protected":false},"excerpt":{"rendered":"<p>Apr\u00e8s notre Assembl\u00e9e G\u00e9n\u00e9rale qui s&rsquo;est d\u00e9roul\u00e9e ce vendredi 6 mai 2022, nous allons cl\u00f4turer notre saison par notre derni\u00e8re repr\u00e9sentation de \u201cPOURQUOI MOI ?!\u201d \u00e0 l&rsquo;Espace Drouot \u00e0 LA F\u00c8RE le samedi 14 mai 2022 \u00e0 20H30. Encore merci \u00e0 \u00c9ric (D\u00e9l\u00e9gu\u00e9 \u00e0 la Communication et au Th\u00e9\u00e2tre de la Ville) d&rsquo;avoir trouv\u00e9 une<\/p>\n<p><a class=\"excerpt-more blog-excerpt\" href=\"https:\/\/comedialaon.fr\/?p=5288\">Lire la suite<\/a><\/p>\n","protected":false},"author":1,"featured_media":0,"comment_status":"closed","ping_status":"open","sticky":false,"template":"","format":"standard","meta":{"footnotes":""},"categories":[11],"tags":[],"class_list":["post-5288","post","type-post","status-publish","format-standard","hentry","category-infos-live"],"yoast_head":"<!-- This site is optimized with the Yoast SEO plugin v27.5 - https:\/\/yoast.com\/product\/yoast-seo-wordpress\/ -->\n<title>DERNI\u00c8RE DE LA SAISON &#8226; Com\u00e9dia Laon<\/title>\n<meta name=\"robots\" content=\"index, follow, max-snippet:-1, max-image-preview:large, max-video-preview:-1\" \/>\n<link rel=\"canonical\" href=\"https:\/\/comedialaon.fr\/?p=5288\" \/>\n<meta property=\"og:locale\" content=\"fr_FR\" \/>\n<meta property=\"og:type\" content=\"article\" \/>\n<meta property=\"og:title\" content=\"DERNI\u00c8RE DE LA SAISON &#8226; Com\u00e9dia Laon\" \/>\n<meta property=\"og:description\" content=\"Apr\u00e8s notre Assembl\u00e9e G\u00e9n\u00e9rale qui s&rsquo;est d\u00e9roul\u00e9e ce vendredi 6 mai 2022, nous allons cl\u00f4turer notre saison par notre derni\u00e8re repr\u00e9sentation de \u201cPOURQUOI MOI ?!\u201d \u00e0 l&rsquo;Espace Drouot \u00e0 LA F\u00c8RE le samedi 14 mai 2022 \u00e0 20H30. Encore merci \u00e0 \u00c9ric (D\u00e9l\u00e9gu\u00e9 \u00e0 la Communication et au Th\u00e9\u00e2tre de la Ville) d&rsquo;avoir trouv\u00e9 uneLire la suite\" \/>\n<meta property=\"og:url\" content=\"https:\/\/comedialaon.fr\/?p=5288\" \/>\n<meta property=\"og:site_name\" content=\"Com\u00e9dia Laon\" \/>\n<meta property=\"article:publisher\" content=\"https:\/\/www.facebook.com\/profile.php?id=100008459438996\" \/>\n<meta property=\"article:published_time\" content=\"2022-05-13T11:41:23+00:00\" \/>\n<meta property=\"article:modified_time\" content=\"2022-10-07T09:09:34+00:00\" \/>\n<meta property=\"og:image\" content=\"https:\/\/comedialaon.fr\/wp-content\/uploads\/2022\/05\/La-compagnie-theatrale-Comedia-Laon-creee-en-2010-compte-14-adherents-2-modifiee-300x170.jpg\" \/>\n<meta name=\"author\" content=\"Muppet 2\" \/>\n<meta name=\"twitter:label1\" content=\"\u00c9crit par\" \/>\n\t<meta name=\"twitter:data1\" content=\"Muppet 2\" \/>\n\t<meta name=\"twitter:label2\" content=\"Dur\u00e9e de lecture estim\u00e9e\" \/>\n\t<meta name=\"twitter:data2\" content=\"1 minute\" \/>\n<script type=\"application\/ld+json\" class=\"yoast-schema-graph\">{\"@context\":\"https:\\\/\\\/schema.org\",\"@graph\":[{\"@type\":\"Article\",\"@id\":\"https:\\\/\\\/comedialaon.fr\\\/?p=5288#article\",\"isPartOf\":{\"@id\":\"https:\\\/\\\/comedialaon.fr\\\/?p=5288\"},\"author\":{\"name\":\"Muppet 2\",\"@id\":\"https:\\\/\\\/comedialaon.fr\\\/#\\\/schema\\\/person\\\/b5fa2097d9c2df39b18b24eb09a90f30\"},\"headline\":\"DERNI\u00c8RE DE LA SAISON\",\"datePublished\":\"2022-05-13T11:41:23+00:00\",\"dateModified\":\"2022-10-07T09:09:34+00:00\",\"mainEntityOfPage\":{\"@id\":\"https:\\\/\\\/comedialaon.fr\\\/?p=5288\"},\"wordCount\":170,\"publisher\":{\"@id\":\"https:\\\/\\\/comedialaon.fr\\\/#organization\"},\"image\":{\"@id\":\"https:\\\/\\\/comedialaon.fr\\\/?p=5288#primaryimage\"},\"thumbnailUrl\":\"https:\\\/\\\/comedialaon.fr\\\/wp-content\\\/uploads\\\/2022\\\/05\\\/La-compagnie-theatrale-Comedia-Laon-creee-en-2010-compte-14-adherents-2-modifiee-300x170.jpg\",\"articleSection\":[\"Infos LIVE\"],\"inLanguage\":\"fr-FR\"},{\"@type\":\"WebPage\",\"@id\":\"https:\\\/\\\/comedialaon.fr\\\/?p=5288\",\"url\":\"https:\\\/\\\/comedialaon.fr\\\/?p=5288\",\"name\":\"DERNI\u00c8RE DE LA SAISON &#8226; Com\u00e9dia Laon\",\"isPartOf\":{\"@id\":\"https:\\\/\\\/comedialaon.fr\\\/#website\"},\"primaryImageOfPage\":{\"@id\":\"https:\\\/\\\/comedialaon.fr\\\/?p=5288#primaryimage\"},\"image\":{\"@id\":\"https:\\\/\\\/comedialaon.fr\\\/?p=5288#primaryimage\"},\"thumbnailUrl\":\"https:\\\/\\\/comedialaon.fr\\\/wp-content\\\/uploads\\\/2022\\\/05\\\/La-compagnie-theatrale-Comedia-Laon-creee-en-2010-compte-14-adherents-2-modifiee-300x170.jpg\",\"datePublished\":\"2022-05-13T11:41:23+00:00\",\"dateModified\":\"2022-10-07T09:09:34+00:00\",\"breadcrumb\":{\"@id\":\"https:\\\/\\\/comedialaon.fr\\\/?p=5288#breadcrumb\"},\"inLanguage\":\"fr-FR\",\"potentialAction\":[{\"@type\":\"ReadAction\",\"target\":[\"https:\\\/\\\/comedialaon.fr\\\/?p=5288\"]}]},{\"@type\":\"ImageObject\",\"inLanguage\":\"fr-FR\",\"@id\":\"https:\\\/\\\/comedialaon.fr\\\/?p=5288#primaryimage\",\"url\":\"https:\\\/\\\/comedialaon.fr\\\/wp-content\\\/uploads\\\/2022\\\/05\\\/La-compagnie-theatrale-Comedia-Laon-creee-en-2010-compte-14-adherents-2-modifiee.jpg\",\"contentUrl\":\"https:\\\/\\\/comedialaon.fr\\\/wp-content\\\/uploads\\\/2022\\\/05\\\/La-compagnie-theatrale-Comedia-Laon-creee-en-2010-compte-14-adherents-2-modifiee.jpg\",\"width\":800,\"height\":452,\"caption\":\"Assembl\u00e9e G\u00e9n\u00e9rale du 6 mai 2022\"},{\"@type\":\"BreadcrumbList\",\"@id\":\"https:\\\/\\\/comedialaon.fr\\\/?p=5288#breadcrumb\",\"itemListElement\":[{\"@type\":\"ListItem\",\"position\":1,\"name\":\"Accueil\",\"item\":\"https:\\\/\\\/comedialaon.fr\\\/\"},{\"@type\":\"ListItem\",\"position\":2,\"name\":\"DERNI\u00c8RE DE LA SAISON\"}]},{\"@type\":\"WebSite\",\"@id\":\"https:\\\/\\\/comedialaon.fr\\\/#website\",\"url\":\"https:\\\/\\\/comedialaon.fr\\\/\",\"name\":\"Com\u00e9dia Laon\",\"description\":\"Prendre et donner du PLAISIR ... !!! ;-)\",\"publisher\":{\"@id\":\"https:\\\/\\\/comedialaon.fr\\\/#organization\"},\"potentialAction\":[{\"@type\":\"SearchAction\",\"target\":{\"@type\":\"EntryPoint\",\"urlTemplate\":\"https:\\\/\\\/comedialaon.fr\\\/?s={search_term_string}\"},\"query-input\":{\"@type\":\"PropertyValueSpecification\",\"valueRequired\":true,\"valueName\":\"search_term_string\"}}],\"inLanguage\":\"fr-FR\"},{\"@type\":\"Organization\",\"@id\":\"https:\\\/\\\/comedialaon.fr\\\/#organization\",\"name\":\"Com\u00e9dia Laon\",\"url\":\"https:\\\/\\\/comedialaon.fr\\\/\",\"logo\":{\"@type\":\"ImageObject\",\"inLanguage\":\"fr-FR\",\"@id\":\"https:\\\/\\\/comedialaon.fr\\\/#\\\/schema\\\/logo\\\/image\\\/\",\"url\":\"https:\\\/\\\/comedialaon.fr\\\/wp-content\\\/uploads\\\/2019\\\/02\\\/LOGO-CL-et-OL.jpg\",\"contentUrl\":\"https:\\\/\\\/comedialaon.fr\\\/wp-content\\\/uploads\\\/2019\\\/02\\\/LOGO-CL-et-OL.jpg\",\"width\":756,\"height\":210,\"caption\":\"Com\u00e9dia Laon\"},\"image\":{\"@id\":\"https:\\\/\\\/comedialaon.fr\\\/#\\\/schema\\\/logo\\\/image\\\/\"},\"sameAs\":[\"https:\\\/\\\/www.facebook.com\\\/profile.php?id=100008459438996\",\"https:\\\/\\\/www.youtube.com\\\/results?search_query=comedia laon\"]},{\"@type\":\"Person\",\"@id\":\"https:\\\/\\\/comedialaon.fr\\\/#\\\/schema\\\/person\\\/b5fa2097d9c2df39b18b24eb09a90f30\",\"name\":\"Muppet 2\",\"image\":{\"@type\":\"ImageObject\",\"inLanguage\":\"fr-FR\",\"@id\":\"https:\\\/\\\/secure.gravatar.com\\\/avatar\\\/8e9847ab3b902434f6deca39973d429601dcdadf46a57d80eec28699158bf63a?s=96&d=mm&r=g\",\"url\":\"https:\\\/\\\/secure.gravatar.com\\\/avatar\\\/8e9847ab3b902434f6deca39973d429601dcdadf46a57d80eec28699158bf63a?s=96&d=mm&r=g\",\"contentUrl\":\"https:\\\/\\\/secure.gravatar.com\\\/avatar\\\/8e9847ab3b902434f6deca39973d429601dcdadf46a57d80eec28699158bf63a?s=96&d=mm&r=g\",\"caption\":\"Muppet 2\"},\"sameAs\":[\"https:\\\/\\\/www.comedialaon.fr\"]}]}<\/script>\n<!-- \/ Yoast SEO plugin. -->","yoast_head_json":{"title":"DERNI\u00c8RE DE LA SAISON &#8226; Com\u00e9dia Laon","robots":{"index":"index","follow":"follow","max-snippet":"max-snippet:-1","max-image-preview":"max-image-preview:large","max-video-preview":"max-video-preview:-1"},"canonical":"https:\/\/comedialaon.fr\/?p=5288","og_locale":"fr_FR","og_type":"article","og_title":"DERNI\u00c8RE DE LA SAISON &#8226; Com\u00e9dia Laon","og_description":"Apr\u00e8s notre Assembl\u00e9e G\u00e9n\u00e9rale qui s&rsquo;est d\u00e9roul\u00e9e ce vendredi 6 mai 2022, nous allons cl\u00f4turer notre saison par notre derni\u00e8re repr\u00e9sentation de \u201cPOURQUOI MOI ?!\u201d \u00e0 l&rsquo;Espace Drouot \u00e0 LA F\u00c8RE le samedi 14 mai 2022 \u00e0 20H30. Encore merci \u00e0 \u00c9ric (D\u00e9l\u00e9gu\u00e9 \u00e0 la Communication et au Th\u00e9\u00e2tre de la Ville) d&rsquo;avoir trouv\u00e9 uneLire la suite","og_url":"https:\/\/comedialaon.fr\/?p=5288","og_site_name":"Com\u00e9dia Laon","article_publisher":"https:\/\/www.facebook.com\/profile.php?id=100008459438996","article_published_time":"2022-05-13T11:41:23+00:00","article_modified_time":"2022-10-07T09:09:34+00:00","og_image":[{"url":"https:\/\/comedialaon.fr\/wp-content\/uploads\/2022\/05\/La-compagnie-theatrale-Comedia-Laon-creee-en-2010-compte-14-adherents-2-modifiee-300x170.jpg","type":"","width":"","height":""}],"author":"Muppet 2","twitter_misc":{"\u00c9crit par":"Muppet 2","Dur\u00e9e de lecture estim\u00e9e":"1 minute"},"schema":{"@context":"https:\/\/schema.org","@graph":[{"@type":"Article","@id":"https:\/\/comedialaon.fr\/?p=5288#article","isPartOf":{"@id":"https:\/\/comedialaon.fr\/?p=5288"},"author":{"name":"Muppet 2","@id":"https:\/\/comedialaon.fr\/#\/schema\/person\/b5fa2097d9c2df39b18b24eb09a90f30"},"headline":"DERNI\u00c8RE DE LA SAISON","datePublished":"2022-05-13T11:41:23+00:00","dateModified":"2022-10-07T09:09:34+00:00","mainEntityOfPage":{"@id":"https:\/\/comedialaon.fr\/?p=5288"},"wordCount":170,"publisher":{"@id":"https:\/\/comedialaon.fr\/#organization"},"image":{"@id":"https:\/\/comedialaon.fr\/?p=5288#primaryimage"},"thumbnailUrl":"https:\/\/comedialaon.fr\/wp-content\/uploads\/2022\/05\/La-compagnie-theatrale-Comedia-Laon-creee-en-2010-compte-14-adherents-2-modifiee-300x170.jpg","articleSection":["Infos LIVE"],"inLanguage":"fr-FR"},{"@type":"WebPage","@id":"https:\/\/comedialaon.fr\/?p=5288","url":"https:\/\/comedialaon.fr\/?p=5288","name":"DERNI\u00c8RE DE LA SAISON &#8226; Com\u00e9dia Laon","isPartOf":{"@id":"https:\/\/comedialaon.fr\/#website"},"primaryImageOfPage":{"@id":"https:\/\/comedialaon.fr\/?p=5288#primaryimage"},"image":{"@id":"https:\/\/comedialaon.fr\/?p=5288#primaryimage"},"thumbnailUrl":"https:\/\/comedialaon.fr\/wp-content\/uploads\/2022\/05\/La-compagnie-theatrale-Comedia-Laon-creee-en-2010-compte-14-adherents-2-modifiee-300x170.jpg","datePublished":"2022-05-13T11:41:23+00:00","dateModified":"2022-10-07T09:09:34+00:00","breadcrumb":{"@id":"https:\/\/comedialaon.fr\/?p=5288#breadcrumb"},"inLanguage":"fr-FR","potentialAction":[{"@type":"ReadAction","target":["https:\/\/comedialaon.fr\/?p=5288"]}]},{"@type":"ImageObject","inLanguage":"fr-FR","@id":"https:\/\/comedialaon.fr\/?p=5288#primaryimage","url":"https:\/\/comedialaon.fr\/wp-content\/uploads\/2022\/05\/La-compagnie-theatrale-Comedia-Laon-creee-en-2010-compte-14-adherents-2-modifiee.jpg","contentUrl":"https:\/\/comedialaon.fr\/wp-content\/uploads\/2022\/05\/La-compagnie-theatrale-Comedia-Laon-creee-en-2010-compte-14-adherents-2-modifiee.jpg","width":800,"height":452,"caption":"Assembl\u00e9e G\u00e9n\u00e9rale du 6 mai 2022"},{"@type":"BreadcrumbList","@id":"https:\/\/comedialaon.fr\/?p=5288#breadcrumb","itemListElement":[{"@type":"ListItem","position":1,"name":"Accueil","item":"https:\/\/comedialaon.fr\/"},{"@type":"ListItem","position":2,"name":"DERNI\u00c8RE DE LA SAISON"}]},{"@type":"WebSite","@id":"https:\/\/comedialaon.fr\/#website","url":"https:\/\/comedialaon.fr\/","name":"Com\u00e9dia Laon","description":"Prendre et donner du PLAISIR ... !!! ;-)","publisher":{"@id":"https:\/\/comedialaon.fr\/#organization"},"potentialAction":[{"@type":"SearchAction","target":{"@type":"EntryPoint","urlTemplate":"https:\/\/comedialaon.fr\/?s={search_term_string}"},"query-input":{"@type":"PropertyValueSpecification","valueRequired":true,"valueName":"search_term_string"}}],"inLanguage":"fr-FR"},{"@type":"Organization","@id":"https:\/\/comedialaon.fr\/#organization","name":"Com\u00e9dia Laon","url":"https:\/\/comedialaon.fr\/","logo":{"@type":"ImageObject","inLanguage":"fr-FR","@id":"https:\/\/comedialaon.fr\/#\/schema\/logo\/image\/","url":"https:\/\/comedialaon.fr\/wp-content\/uploads\/2019\/02\/LOGO-CL-et-OL.jpg","contentUrl":"https:\/\/comedialaon.fr\/wp-content\/uploads\/2019\/02\/LOGO-CL-et-OL.jpg","width":756,"height":210,"caption":"Com\u00e9dia Laon"},"image":{"@id":"https:\/\/comedialaon.fr\/#\/schema\/logo\/image\/"},"sameAs":["https:\/\/www.facebook.com\/profile.php?id=100008459438996","https:\/\/www.youtube.com\/results?search_query=comedia laon"]},{"@type":"Person","@id":"https:\/\/comedialaon.fr\/#\/schema\/person\/b5fa2097d9c2df39b18b24eb09a90f30","name":"Muppet 2","image":{"@type":"ImageObject","inLanguage":"fr-FR","@id":"https:\/\/secure.gravatar.com\/avatar\/8e9847ab3b902434f6deca39973d429601dcdadf46a57d80eec28699158bf63a?s=96&d=mm&r=g","url":"https:\/\/secure.gravatar.com\/avatar\/8e9847ab3b902434f6deca39973d429601dcdadf46a57d80eec28699158bf63a?s=96&d=mm&r=g","contentUrl":"https:\/\/secure.gravatar.com\/avatar\/8e9847ab3b902434f6deca39973d429601dcdadf46a57d80eec28699158bf63a?s=96&d=mm&r=g","caption":"Muppet 2"},"sameAs":["https:\/\/www.comedialaon.fr"]}]}},"_links":{"self":[{"href":"https:\/\/comedialaon.fr\/index.php?rest_route=\/wp\/v2\/posts\/5288","targetHints":{"allow":["GET"]}}],"collection":[{"href":"https:\/\/comedialaon.fr\/index.php?rest_route=\/wp\/v2\/posts"}],"about":[{"href":"https:\/\/comedialaon.fr\/index.php?rest_route=\/wp\/v2\/types\/post"}],"author":[{"embeddable":true,"href":"https:\/\/comedialaon.fr\/index.php?rest_route=\/wp\/v2\/users\/1"}],"replies":[{"embeddable":true,"href":"https:\/\/comedialaon.fr\/index.php?rest_route=%2Fwp%2Fv2%2Fcomments&post=5288"}],"version-history":[{"count":12,"href":"https:\/\/comedialaon.fr\/index.php?rest_route=\/wp\/v2\/posts\/5288\/revisions"}],"predecessor-version":[{"id":8107,"href":"https:\/\/comedialaon.fr\/index.php?rest_route=\/wp\/v2\/posts\/5288\/revisions\/8107"}],"wp:attachment":[{"href":"https:\/\/comedialaon.fr\/index.php?rest_route=%2Fwp%2Fv2%2Fmedia&parent=5288"}],"wp:term":[{"taxonomy":"category","embeddable":true,"href":"https:\/\/comedialaon.fr\/index.php?rest_route=%2Fwp%2Fv2%2Fcategories&post=5288"},{"taxonomy":"post_tag","embeddable":true,"href":"https:\/\/comedialaon.fr\/index.php?rest_route=%2Fwp%2Fv2%2Ftags&post=5288"}],"curies":[{"name":"wp","href":"https:\/\/api.w.org\/{rel}","templated":true}]}}