{"id":5227,"date":"2022-03-17T11:12:33","date_gmt":"2022-03-17T09:12:33","guid":{"rendered":"https:\/\/comedialaon.fr\/?p=5227"},"modified":"2022-03-17T11:12:33","modified_gmt":"2022-03-17T09:12:33","slug":"enfin-de-retour","status":"publish","type":"post","link":"https:\/\/comedialaon.fr\/?p=5227","title":{"rendered":"<u><b> ENFIN DE RETOUR !!!<\/b><\/u>"},"content":{"rendered":"<div id=\"attachment_5239\" style=\"width: 160px\" class=\"wp-caption alignleft\"><a href=\"https:\/\/comedialaon.fr\/wp-content\/uploads\/2022\/03\/Mons-carre.jpg\"><img loading=\"lazy\" decoding=\"async\" aria-describedby=\"caption-attachment-5239\" src=\"https:\/\/comedialaon.fr\/wp-content\/uploads\/2022\/03\/Mons-carre-150x150.jpg\" alt=\"\" width=\"150\" height=\"150\" class=\"size-thumbnail wp-image-5239\" srcset=\"https:\/\/comedialaon.fr\/wp-content\/uploads\/2022\/03\/Mons-carre-150x150.jpg 150w, https:\/\/comedialaon.fr\/wp-content\/uploads\/2022\/03\/Mons-carre-300x300.jpg 300w, https:\/\/comedialaon.fr\/wp-content\/uploads\/2022\/03\/Mons-carre.jpg 600w\" sizes=\"auto, (max-width: 150px) 100vw, 150px\" \/><\/a><p id=\"caption-attachment-5239\" class=\"wp-caption-text\">Bernadette et Patrice<\/p><\/div>\n<p>Apr\u00e8s deux ans d&rsquo;une absence li\u00e9e \u00e0 la pand\u00e9mie, nous sommes de retour \u00e0 la Maison des Art et Loisirs de LAON pour vous pr\u00e9senter notre pi\u00e8ce <a href=\"https:\/\/comedialaon.fr\/?page_id=3917\" title=\"\u201cPOURQUOI MOI ?!\u201d\">\u201cPOURQUOI MOI ?!\u201d<\/a>.<\/p>\n<p>Ce vendredi 18 mars 2022 \u00e0 20H30, nous allons retrouver la salle Guy Sabatier et notre fid\u00e8le public. A deux jours de cette repr\u00e9sentation, il ne reste que quelques places dans cette salle compos\u00e9e de plus de 500 si\u00e8ges et nous en sommes ravis.<\/p>\n<p>Cette apr\u00e8s-midi, nous nous retrouvons pour d\u00e9buter l&rsquo;installation des d\u00e9cors et d\u00e9finir les derniers r\u00e9glages.<\/p>\n<p>Avec cette pi\u00e8ce de notre parrain <a href=\"https:\/\/www.olivierlejeune.fr\/cms\/pourquoi-moi-e\" title=\"Olivier LEJEUNE\">Olivier LEJEUNE<\/a>, toute la troupe esp\u00e8re que vous passerez un agr\u00e9able moment de d\u00e9tente et de rires. N&rsquo;oubliez pas de chauffer vos mains et vos zygomatiques &#8230;<\/p>\n<p><a href=\"https:\/\/comedialaon.fr\/?page_id=4086\" title=\"Nos dates de repr\u00e9sentations pour 2022\">Nos dates de repr\u00e9sentations pour 2022<\/a><\/p>\n<div id=\"attachment_5234\" style=\"width: 285px\" class=\"wp-caption alignleft\"><a href=\"https:\/\/comedialaon.fr\/wp-content\/uploads\/2022\/03\/Scene-MAL-1.jpg\"><img loading=\"lazy\" decoding=\"async\" aria-describedby=\"caption-attachment-5234\" src=\"https:\/\/comedialaon.fr\/wp-content\/uploads\/2022\/03\/Scene-MAL-1.jpg\" alt=\"\" width=\"275\" height=\"183\" class=\"size-full wp-image-5234\" \/><\/a><p id=\"caption-attachment-5234\" class=\"wp-caption-text\">Maison des Arts et Loisirs de LAON<\/p><\/div>\n<div id=\"attachment_5236\" style=\"width: 269px\" class=\"wp-caption alignleft\"><a href=\"https:\/\/comedialaon.fr\/wp-content\/uploads\/2022\/03\/Scene-MAL-3.jpg\"><img loading=\"lazy\" decoding=\"async\" aria-describedby=\"caption-attachment-5236\" src=\"https:\/\/comedialaon.fr\/wp-content\/uploads\/2022\/03\/Scene-MAL-3.jpg\" alt=\"\" width=\"259\" height=\"194\" class=\"size-full wp-image-5236\" \/><\/a><p id=\"caption-attachment-5236\" class=\"wp-caption-text\">Maison des Arts et Loisirs de LAON<\/p><\/div>\n<div id=\"attachment_5235\" style=\"width: 301px\" class=\"wp-caption alignleft\"><a href=\"https:\/\/comedialaon.fr\/wp-content\/uploads\/2022\/03\/Scene-MAL-2.jpg\"><img loading=\"lazy\" decoding=\"async\" aria-describedby=\"caption-attachment-5235\" src=\"https:\/\/comedialaon.fr\/wp-content\/uploads\/2022\/03\/Scene-MAL-2.jpg\" alt=\"\" width=\"291\" height=\"173\" class=\"size-full wp-image-5235\" \/><\/a><p id=\"caption-attachment-5235\" class=\"wp-caption-text\">Maison des Arts et Loisirs de LAON<\/p><\/div>\n","protected":false},"excerpt":{"rendered":"<p>Apr\u00e8s deux ans d&rsquo;une absence li\u00e9e \u00e0 la pand\u00e9mie, nous sommes de retour \u00e0 la Maison des Art et Loisirs de LAON pour vous pr\u00e9senter notre pi\u00e8ce \u201cPOURQUOI MOI ?!\u201d. Ce vendredi 18 mars 2022 \u00e0 20H30, nous allons retrouver la salle Guy Sabatier et notre fid\u00e8le public. A deux jours de cette repr\u00e9sentation, il<\/p>\n<p><a class=\"excerpt-more blog-excerpt\" href=\"https:\/\/comedialaon.fr\/?p=5227\">Lire la suite<\/a><\/p>\n","protected":false},"author":1,"featured_media":0,"comment_status":"closed","ping_status":"open","sticky":false,"template":"","format":"standard","meta":{"footnotes":""},"categories":[11],"tags":[],"class_list":["post-5227","post","type-post","status-publish","format-standard","hentry","category-infos-live"],"yoast_head":"<!-- This site is optimized with the Yoast SEO plugin v27.5 - https:\/\/yoast.com\/product\/yoast-seo-wordpress\/ -->\n<title>ENFIN DE RETOUR !!! &#8226; Com\u00e9dia Laon<\/title>\n<meta name=\"robots\" content=\"index, follow, max-snippet:-1, max-image-preview:large, max-video-preview:-1\" \/>\n<link rel=\"canonical\" href=\"https:\/\/comedialaon.fr\/?p=5227\" \/>\n<meta property=\"og:locale\" content=\"fr_FR\" \/>\n<meta property=\"og:type\" content=\"article\" \/>\n<meta property=\"og:title\" content=\"ENFIN DE RETOUR !!! &#8226; Com\u00e9dia Laon\" \/>\n<meta property=\"og:description\" content=\"Apr\u00e8s deux ans d&rsquo;une absence li\u00e9e \u00e0 la pand\u00e9mie, nous sommes de retour \u00e0 la Maison des Art et Loisirs de LAON pour vous pr\u00e9senter notre pi\u00e8ce \u201cPOURQUOI MOI ?!\u201d. Ce vendredi 18 mars 2022 \u00e0 20H30, nous allons retrouver la salle Guy Sabatier et notre fid\u00e8le public. A deux jours de cette repr\u00e9sentation, ilLire la suite\" \/>\n<meta property=\"og:url\" content=\"https:\/\/comedialaon.fr\/?p=5227\" \/>\n<meta property=\"og:site_name\" content=\"Com\u00e9dia Laon\" \/>\n<meta property=\"article:publisher\" content=\"https:\/\/www.facebook.com\/profile.php?id=100008459438996\" \/>\n<meta property=\"article:published_time\" content=\"2022-03-17T09:12:33+00:00\" \/>\n<meta property=\"og:image\" content=\"https:\/\/comedialaon.fr\/wp-content\/uploads\/2022\/03\/Mons-carre-150x150.jpg\" \/>\n<meta name=\"author\" content=\"Muppet 2\" \/>\n<meta name=\"twitter:label1\" content=\"\u00c9crit par\" \/>\n\t<meta name=\"twitter:data1\" content=\"Muppet 2\" \/>\n\t<meta name=\"twitter:label2\" content=\"Dur\u00e9e de lecture estim\u00e9e\" \/>\n\t<meta name=\"twitter:data2\" content=\"1 minute\" \/>\n<script type=\"application\/ld+json\" class=\"yoast-schema-graph\">{\"@context\":\"https:\\\/\\\/schema.org\",\"@graph\":[{\"@type\":\"Article\",\"@id\":\"https:\\\/\\\/comedialaon.fr\\\/?p=5227#article\",\"isPartOf\":{\"@id\":\"https:\\\/\\\/comedialaon.fr\\\/?p=5227\"},\"author\":{\"name\":\"Muppet 2\",\"@id\":\"https:\\\/\\\/comedialaon.fr\\\/#\\\/schema\\\/person\\\/b5fa2097d9c2df39b18b24eb09a90f30\"},\"headline\":\"ENFIN DE RETOUR !!!\",\"datePublished\":\"2022-03-17T09:12:33+00:00\",\"mainEntityOfPage\":{\"@id\":\"https:\\\/\\\/comedialaon.fr\\\/?p=5227\"},\"wordCount\":196,\"publisher\":{\"@id\":\"https:\\\/\\\/comedialaon.fr\\\/#organization\"},\"image\":{\"@id\":\"https:\\\/\\\/comedialaon.fr\\\/?p=5227#primaryimage\"},\"thumbnailUrl\":\"https:\\\/\\\/comedialaon.fr\\\/wp-content\\\/uploads\\\/2022\\\/03\\\/Mons-carre-150x150.jpg\",\"articleSection\":[\"Infos LIVE\"],\"inLanguage\":\"fr-FR\"},{\"@type\":\"WebPage\",\"@id\":\"https:\\\/\\\/comedialaon.fr\\\/?p=5227\",\"url\":\"https:\\\/\\\/comedialaon.fr\\\/?p=5227\",\"name\":\"ENFIN DE RETOUR !!! &#8226; Com\u00e9dia Laon\",\"isPartOf\":{\"@id\":\"https:\\\/\\\/comedialaon.fr\\\/#website\"},\"primaryImageOfPage\":{\"@id\":\"https:\\\/\\\/comedialaon.fr\\\/?p=5227#primaryimage\"},\"image\":{\"@id\":\"https:\\\/\\\/comedialaon.fr\\\/?p=5227#primaryimage\"},\"thumbnailUrl\":\"https:\\\/\\\/comedialaon.fr\\\/wp-content\\\/uploads\\\/2022\\\/03\\\/Mons-carre-150x150.jpg\",\"datePublished\":\"2022-03-17T09:12:33+00:00\",\"breadcrumb\":{\"@id\":\"https:\\\/\\\/comedialaon.fr\\\/?p=5227#breadcrumb\"},\"inLanguage\":\"fr-FR\",\"potentialAction\":[{\"@type\":\"ReadAction\",\"target\":[\"https:\\\/\\\/comedialaon.fr\\\/?p=5227\"]}]},{\"@type\":\"ImageObject\",\"inLanguage\":\"fr-FR\",\"@id\":\"https:\\\/\\\/comedialaon.fr\\\/?p=5227#primaryimage\",\"url\":\"https:\\\/\\\/comedialaon.fr\\\/wp-content\\\/uploads\\\/2022\\\/03\\\/Mons-carre.jpg\",\"contentUrl\":\"https:\\\/\\\/comedialaon.fr\\\/wp-content\\\/uploads\\\/2022\\\/03\\\/Mons-carre.jpg\",\"width\":600,\"height\":597,\"caption\":\"Bernadette et Patrice\"},{\"@type\":\"BreadcrumbList\",\"@id\":\"https:\\\/\\\/comedialaon.fr\\\/?p=5227#breadcrumb\",\"itemListElement\":[{\"@type\":\"ListItem\",\"position\":1,\"name\":\"Accueil\",\"item\":\"https:\\\/\\\/comedialaon.fr\\\/\"},{\"@type\":\"ListItem\",\"position\":2,\"name\":\"ENFIN DE RETOUR !!!\"}]},{\"@type\":\"WebSite\",\"@id\":\"https:\\\/\\\/comedialaon.fr\\\/#website\",\"url\":\"https:\\\/\\\/comedialaon.fr\\\/\",\"name\":\"Com\u00e9dia Laon\",\"description\":\"Prendre et donner du PLAISIR ... !!! ;-)\",\"publisher\":{\"@id\":\"https:\\\/\\\/comedialaon.fr\\\/#organization\"},\"potentialAction\":[{\"@type\":\"SearchAction\",\"target\":{\"@type\":\"EntryPoint\",\"urlTemplate\":\"https:\\\/\\\/comedialaon.fr\\\/?s={search_term_string}\"},\"query-input\":{\"@type\":\"PropertyValueSpecification\",\"valueRequired\":true,\"valueName\":\"search_term_string\"}}],\"inLanguage\":\"fr-FR\"},{\"@type\":\"Organization\",\"@id\":\"https:\\\/\\\/comedialaon.fr\\\/#organization\",\"name\":\"Com\u00e9dia Laon\",\"url\":\"https:\\\/\\\/comedialaon.fr\\\/\",\"logo\":{\"@type\":\"ImageObject\",\"inLanguage\":\"fr-FR\",\"@id\":\"https:\\\/\\\/comedialaon.fr\\\/#\\\/schema\\\/logo\\\/image\\\/\",\"url\":\"https:\\\/\\\/comedialaon.fr\\\/wp-content\\\/uploads\\\/2019\\\/02\\\/LOGO-CL-et-OL.jpg\",\"contentUrl\":\"https:\\\/\\\/comedialaon.fr\\\/wp-content\\\/uploads\\\/2019\\\/02\\\/LOGO-CL-et-OL.jpg\",\"width\":756,\"height\":210,\"caption\":\"Com\u00e9dia Laon\"},\"image\":{\"@id\":\"https:\\\/\\\/comedialaon.fr\\\/#\\\/schema\\\/logo\\\/image\\\/\"},\"sameAs\":[\"https:\\\/\\\/www.facebook.com\\\/profile.php?id=100008459438996\",\"https:\\\/\\\/www.youtube.com\\\/results?search_query=comedia laon\"]},{\"@type\":\"Person\",\"@id\":\"https:\\\/\\\/comedialaon.fr\\\/#\\\/schema\\\/person\\\/b5fa2097d9c2df39b18b24eb09a90f30\",\"name\":\"Muppet 2\",\"image\":{\"@type\":\"ImageObject\",\"inLanguage\":\"fr-FR\",\"@id\":\"https:\\\/\\\/secure.gravatar.com\\\/avatar\\\/8e9847ab3b902434f6deca39973d429601dcdadf46a57d80eec28699158bf63a?s=96&d=mm&r=g\",\"url\":\"https:\\\/\\\/secure.gravatar.com\\\/avatar\\\/8e9847ab3b902434f6deca39973d429601dcdadf46a57d80eec28699158bf63a?s=96&d=mm&r=g\",\"contentUrl\":\"https:\\\/\\\/secure.gravatar.com\\\/avatar\\\/8e9847ab3b902434f6deca39973d429601dcdadf46a57d80eec28699158bf63a?s=96&d=mm&r=g\",\"caption\":\"Muppet 2\"},\"sameAs\":[\"https:\\\/\\\/www.comedialaon.fr\"]}]}<\/script>\n<!-- \/ Yoast SEO plugin. -->","yoast_head_json":{"title":"ENFIN DE RETOUR !!! &#8226; Com\u00e9dia Laon","robots":{"index":"index","follow":"follow","max-snippet":"max-snippet:-1","max-image-preview":"max-image-preview:large","max-video-preview":"max-video-preview:-1"},"canonical":"https:\/\/comedialaon.fr\/?p=5227","og_locale":"fr_FR","og_type":"article","og_title":"ENFIN DE RETOUR !!! &#8226; Com\u00e9dia Laon","og_description":"Apr\u00e8s deux ans d&rsquo;une absence li\u00e9e \u00e0 la pand\u00e9mie, nous sommes de retour \u00e0 la Maison des Art et Loisirs de LAON pour vous pr\u00e9senter notre pi\u00e8ce \u201cPOURQUOI MOI ?!\u201d. Ce vendredi 18 mars 2022 \u00e0 20H30, nous allons retrouver la salle Guy Sabatier et notre fid\u00e8le public. A deux jours de cette repr\u00e9sentation, ilLire la suite","og_url":"https:\/\/comedialaon.fr\/?p=5227","og_site_name":"Com\u00e9dia Laon","article_publisher":"https:\/\/www.facebook.com\/profile.php?id=100008459438996","article_published_time":"2022-03-17T09:12:33+00:00","og_image":[{"url":"https:\/\/comedialaon.fr\/wp-content\/uploads\/2022\/03\/Mons-carre-150x150.jpg","type":"","width":"","height":""}],"author":"Muppet 2","twitter_misc":{"\u00c9crit par":"Muppet 2","Dur\u00e9e de lecture estim\u00e9e":"1 minute"},"schema":{"@context":"https:\/\/schema.org","@graph":[{"@type":"Article","@id":"https:\/\/comedialaon.fr\/?p=5227#article","isPartOf":{"@id":"https:\/\/comedialaon.fr\/?p=5227"},"author":{"name":"Muppet 2","@id":"https:\/\/comedialaon.fr\/#\/schema\/person\/b5fa2097d9c2df39b18b24eb09a90f30"},"headline":"ENFIN DE RETOUR !!!","datePublished":"2022-03-17T09:12:33+00:00","mainEntityOfPage":{"@id":"https:\/\/comedialaon.fr\/?p=5227"},"wordCount":196,"publisher":{"@id":"https:\/\/comedialaon.fr\/#organization"},"image":{"@id":"https:\/\/comedialaon.fr\/?p=5227#primaryimage"},"thumbnailUrl":"https:\/\/comedialaon.fr\/wp-content\/uploads\/2022\/03\/Mons-carre-150x150.jpg","articleSection":["Infos LIVE"],"inLanguage":"fr-FR"},{"@type":"WebPage","@id":"https:\/\/comedialaon.fr\/?p=5227","url":"https:\/\/comedialaon.fr\/?p=5227","name":"ENFIN DE RETOUR !!! &#8226; Com\u00e9dia Laon","isPartOf":{"@id":"https:\/\/comedialaon.fr\/#website"},"primaryImageOfPage":{"@id":"https:\/\/comedialaon.fr\/?p=5227#primaryimage"},"image":{"@id":"https:\/\/comedialaon.fr\/?p=5227#primaryimage"},"thumbnailUrl":"https:\/\/comedialaon.fr\/wp-content\/uploads\/2022\/03\/Mons-carre-150x150.jpg","datePublished":"2022-03-17T09:12:33+00:00","breadcrumb":{"@id":"https:\/\/comedialaon.fr\/?p=5227#breadcrumb"},"inLanguage":"fr-FR","potentialAction":[{"@type":"ReadAction","target":["https:\/\/comedialaon.fr\/?p=5227"]}]},{"@type":"ImageObject","inLanguage":"fr-FR","@id":"https:\/\/comedialaon.fr\/?p=5227#primaryimage","url":"https:\/\/comedialaon.fr\/wp-content\/uploads\/2022\/03\/Mons-carre.jpg","contentUrl":"https:\/\/comedialaon.fr\/wp-content\/uploads\/2022\/03\/Mons-carre.jpg","width":600,"height":597,"caption":"Bernadette et Patrice"},{"@type":"BreadcrumbList","@id":"https:\/\/comedialaon.fr\/?p=5227#breadcrumb","itemListElement":[{"@type":"ListItem","position":1,"name":"Accueil","item":"https:\/\/comedialaon.fr\/"},{"@type":"ListItem","position":2,"name":"ENFIN DE RETOUR !!!"}]},{"@type":"WebSite","@id":"https:\/\/comedialaon.fr\/#website","url":"https:\/\/comedialaon.fr\/","name":"Com\u00e9dia Laon","description":"Prendre et donner du PLAISIR ... !!! ;-)","publisher":{"@id":"https:\/\/comedialaon.fr\/#organization"},"potentialAction":[{"@type":"SearchAction","target":{"@type":"EntryPoint","urlTemplate":"https:\/\/comedialaon.fr\/?s={search_term_string}"},"query-input":{"@type":"PropertyValueSpecification","valueRequired":true,"valueName":"search_term_string"}}],"inLanguage":"fr-FR"},{"@type":"Organization","@id":"https:\/\/comedialaon.fr\/#organization","name":"Com\u00e9dia Laon","url":"https:\/\/comedialaon.fr\/","logo":{"@type":"ImageObject","inLanguage":"fr-FR","@id":"https:\/\/comedialaon.fr\/#\/schema\/logo\/image\/","url":"https:\/\/comedialaon.fr\/wp-content\/uploads\/2019\/02\/LOGO-CL-et-OL.jpg","contentUrl":"https:\/\/comedialaon.fr\/wp-content\/uploads\/2019\/02\/LOGO-CL-et-OL.jpg","width":756,"height":210,"caption":"Com\u00e9dia Laon"},"image":{"@id":"https:\/\/comedialaon.fr\/#\/schema\/logo\/image\/"},"sameAs":["https:\/\/www.facebook.com\/profile.php?id=100008459438996","https:\/\/www.youtube.com\/results?search_query=comedia laon"]},{"@type":"Person","@id":"https:\/\/comedialaon.fr\/#\/schema\/person\/b5fa2097d9c2df39b18b24eb09a90f30","name":"Muppet 2","image":{"@type":"ImageObject","inLanguage":"fr-FR","@id":"https:\/\/secure.gravatar.com\/avatar\/8e9847ab3b902434f6deca39973d429601dcdadf46a57d80eec28699158bf63a?s=96&d=mm&r=g","url":"https:\/\/secure.gravatar.com\/avatar\/8e9847ab3b902434f6deca39973d429601dcdadf46a57d80eec28699158bf63a?s=96&d=mm&r=g","contentUrl":"https:\/\/secure.gravatar.com\/avatar\/8e9847ab3b902434f6deca39973d429601dcdadf46a57d80eec28699158bf63a?s=96&d=mm&r=g","caption":"Muppet 2"},"sameAs":["https:\/\/www.comedialaon.fr"]}]}},"_links":{"self":[{"href":"https:\/\/comedialaon.fr\/index.php?rest_route=\/wp\/v2\/posts\/5227","targetHints":{"allow":["GET"]}}],"collection":[{"href":"https:\/\/comedialaon.fr\/index.php?rest_route=\/wp\/v2\/posts"}],"about":[{"href":"https:\/\/comedialaon.fr\/index.php?rest_route=\/wp\/v2\/types\/post"}],"author":[{"embeddable":true,"href":"https:\/\/comedialaon.fr\/index.php?rest_route=\/wp\/v2\/users\/1"}],"replies":[{"embeddable":true,"href":"https:\/\/comedialaon.fr\/index.php?rest_route=%2Fwp%2Fv2%2Fcomments&post=5227"}],"version-history":[{"count":13,"href":"https:\/\/comedialaon.fr\/index.php?rest_route=\/wp\/v2\/posts\/5227\/revisions"}],"predecessor-version":[{"id":5244,"href":"https:\/\/comedialaon.fr\/index.php?rest_route=\/wp\/v2\/posts\/5227\/revisions\/5244"}],"wp:attachment":[{"href":"https:\/\/comedialaon.fr\/index.php?rest_route=%2Fwp%2Fv2%2Fmedia&parent=5227"}],"wp:term":[{"taxonomy":"category","embeddable":true,"href":"https:\/\/comedialaon.fr\/index.php?rest_route=%2Fwp%2Fv2%2Fcategories&post=5227"},{"taxonomy":"post_tag","embeddable":true,"href":"https:\/\/comedialaon.fr\/index.php?rest_route=%2Fwp%2Fv2%2Ftags&post=5227"}],"curies":[{"name":"wp","href":"https:\/\/api.w.org\/{rel}","templated":true}]}}