{"id":4073,"date":"2021-06-25T14:18:53","date_gmt":"2021-06-25T12:18:53","guid":{"rendered":"https:\/\/comedialaon.fr\/?p=4073"},"modified":"2021-08-10T14:11:08","modified_gmt":"2021-08-10T12:11:08","slug":"prochaine-saison","status":"publish","type":"post","link":"https:\/\/comedialaon.fr\/?p=4073","title":{"rendered":"<u><b>PROCHAINE SAISON<\/b><\/u>"},"content":{"rendered":"<div id=\"attachment_4080\" style=\"width: 220px\" class=\"wp-caption alignleft\"><a href=\"https:\/\/comedialaon.fr\/wp-content\/uploads\/2021\/06\/Affiche-2022-Pourquoi-moi-sans-date.jpg\"><img loading=\"lazy\" decoding=\"async\" aria-describedby=\"caption-attachment-4080\" src=\"https:\/\/comedialaon.fr\/wp-content\/uploads\/2021\/06\/Affiche-2022-Pourquoi-moi-sans-date-210x300.jpg\" alt=\"\" width=\"210\" height=\"300\" class=\"size-medium wp-image-4080\" srcset=\"https:\/\/comedialaon.fr\/wp-content\/uploads\/2021\/06\/Affiche-2022-Pourquoi-moi-sans-date-210x300.jpg 210w, https:\/\/comedialaon.fr\/wp-content\/uploads\/2021\/06\/Affiche-2022-Pourquoi-moi-sans-date-717x1024.jpg 717w, https:\/\/comedialaon.fr\/wp-content\/uploads\/2021\/06\/Affiche-2022-Pourquoi-moi-sans-date-768x1097.jpg 768w, https:\/\/comedialaon.fr\/wp-content\/uploads\/2021\/06\/Affiche-2022-Pourquoi-moi-sans-date-1075x1536.jpg 1075w, https:\/\/comedialaon.fr\/wp-content\/uploads\/2021\/06\/Affiche-2022-Pourquoi-moi-sans-date.jpg 1085w\" sizes=\"auto, (max-width: 210px) 100vw, 210px\" \/><\/a><p id=\"caption-attachment-4080\" class=\"wp-caption-text\">Spectacle 2022 : POURQUOI MOI ?! d&rsquo;Olivier LEJEUNE<\/p><\/div>\n<p>Avec le d\u00e9confinement, l&rsquo;avanc\u00e9e de la vaccination  et la suppression progressive des restrictions sanitaires, nous commen\u00e7ons \u00e0 pr\u00e9parer notre prochaine saison.<\/p>\n<p>Pour 2021, nous avions choisi la pi\u00e8ce <a href=\"https:\/\/comedialaon.fr\/?page_id=3917\" title=\"\u201cPOURQUOI MOI?!\u201d\">\u201cPOURQUOI MOI?!\u201d<\/a> d&rsquo;<a href=\"https:\/\/www.olivierlejeune.fr\/cms\/pourquoi-moi-e\" title=\"Olivier LEJEUNE\">Olivier LEJEUNE<\/a>. Avec la pand\u00e9mie, aucune repr\u00e9sentation n&rsquo;a pu avoir lieu.<\/p>\n<p>Pour notre saison 2021-2022 nous allons donc reprendre cette pi\u00e8ce en esp\u00e9rant, cette fois, pouvoir vous la pr\u00e9senter &#8230;<\/p>\n<p>Nous allons nous r\u00e9unir prochainement pour d\u00e9finir le futur planning des r\u00e9p\u00e9titions ainsi que le calendrier des repr\u00e9sentations. Nous ne manquerons pas de vous tenir inform\u00e9.<\/p>\n<p>Vous pouvez d\u00e9j\u00e0 noter sur vos agendas la date du <big><u> vendredi 18 mars 2022 <\/u><\/big> pour notre repr\u00e9sentation \u00e0 la Maison des Arts et Loisirs de LAON.<\/p>\n<p><a href=\"https:\/\/comedialaon.fr\/?page_id=4086\" title=\"Nos dates de repr\u00e9sentations pour 2022\"> Nos dates de repr\u00e9sentations pour 2022<\/a><\/p>\n","protected":false},"excerpt":{"rendered":"<p>Avec le d\u00e9confinement, l&rsquo;avanc\u00e9e de la vaccination et la suppression progressive des restrictions sanitaires, nous commen\u00e7ons \u00e0 pr\u00e9parer notre prochaine saison. Pour 2021, nous avions choisi la pi\u00e8ce \u201cPOURQUOI MOI?!\u201d d&rsquo;Olivier LEJEUNE. Avec la pand\u00e9mie, aucune repr\u00e9sentation n&rsquo;a pu avoir lieu. Pour notre saison 2021-2022 nous allons donc reprendre cette pi\u00e8ce en esp\u00e9rant, cette fois,<\/p>\n<p><a class=\"excerpt-more blog-excerpt\" href=\"https:\/\/comedialaon.fr\/?p=4073\">Lire la suite<\/a><\/p>\n","protected":false},"author":1,"featured_media":0,"comment_status":"closed","ping_status":"open","sticky":false,"template":"","format":"standard","meta":{"footnotes":""},"categories":[11],"tags":[],"class_list":["post-4073","post","type-post","status-publish","format-standard","hentry","category-infos-live"],"yoast_head":"<!-- This site is optimized with the Yoast SEO plugin v27.5 - https:\/\/yoast.com\/product\/yoast-seo-wordpress\/ -->\n<title>PROCHAINE SAISON &#8226; Com\u00e9dia Laon<\/title>\n<meta name=\"robots\" content=\"index, follow, max-snippet:-1, max-image-preview:large, max-video-preview:-1\" \/>\n<link rel=\"canonical\" href=\"https:\/\/comedialaon.fr\/?p=4073\" \/>\n<meta property=\"og:locale\" content=\"fr_FR\" \/>\n<meta property=\"og:type\" content=\"article\" \/>\n<meta property=\"og:title\" content=\"PROCHAINE SAISON &#8226; Com\u00e9dia Laon\" \/>\n<meta property=\"og:description\" content=\"Avec le d\u00e9confinement, l&rsquo;avanc\u00e9e de la vaccination et la suppression progressive des restrictions sanitaires, nous commen\u00e7ons \u00e0 pr\u00e9parer notre prochaine saison. Pour 2021, nous avions choisi la pi\u00e8ce \u201cPOURQUOI MOI?!\u201d d&rsquo;Olivier LEJEUNE. Avec la pand\u00e9mie, aucune repr\u00e9sentation n&rsquo;a pu avoir lieu. Pour notre saison 2021-2022 nous allons donc reprendre cette pi\u00e8ce en esp\u00e9rant, cette fois,Lire la suite\" \/>\n<meta property=\"og:url\" content=\"https:\/\/comedialaon.fr\/?p=4073\" \/>\n<meta property=\"og:site_name\" content=\"Com\u00e9dia Laon\" \/>\n<meta property=\"article:publisher\" content=\"https:\/\/www.facebook.com\/profile.php?id=100008459438996\" \/>\n<meta property=\"article:published_time\" content=\"2021-06-25T12:18:53+00:00\" \/>\n<meta property=\"article:modified_time\" content=\"2021-08-10T12:11:08+00:00\" \/>\n<meta property=\"og:image\" content=\"https:\/\/comedialaon.fr\/wp-content\/uploads\/2021\/06\/Affiche-2022-Pourquoi-moi-sans-date-210x300.jpg\" \/>\n<meta name=\"author\" content=\"Muppet 2\" \/>\n<meta name=\"twitter:label1\" content=\"\u00c9crit par\" \/>\n\t<meta name=\"twitter:data1\" content=\"Muppet 2\" \/>\n\t<meta name=\"twitter:label2\" content=\"Dur\u00e9e de lecture estim\u00e9e\" \/>\n\t<meta name=\"twitter:data2\" content=\"1 minute\" \/>\n<script type=\"application\/ld+json\" class=\"yoast-schema-graph\">{\"@context\":\"https:\\\/\\\/schema.org\",\"@graph\":[{\"@type\":\"Article\",\"@id\":\"https:\\\/\\\/comedialaon.fr\\\/?p=4073#article\",\"isPartOf\":{\"@id\":\"https:\\\/\\\/comedialaon.fr\\\/?p=4073\"},\"author\":{\"name\":\"Muppet 2\",\"@id\":\"https:\\\/\\\/comedialaon.fr\\\/#\\\/schema\\\/person\\\/b5fa2097d9c2df39b18b24eb09a90f30\"},\"headline\":\"PROCHAINE SAISON\",\"datePublished\":\"2021-06-25T12:18:53+00:00\",\"dateModified\":\"2021-08-10T12:11:08+00:00\",\"mainEntityOfPage\":{\"@id\":\"https:\\\/\\\/comedialaon.fr\\\/?p=4073\"},\"wordCount\":147,\"publisher\":{\"@id\":\"https:\\\/\\\/comedialaon.fr\\\/#organization\"},\"image\":{\"@id\":\"https:\\\/\\\/comedialaon.fr\\\/?p=4073#primaryimage\"},\"thumbnailUrl\":\"https:\\\/\\\/comedialaon.fr\\\/wp-content\\\/uploads\\\/2021\\\/06\\\/Affiche-2022-Pourquoi-moi-sans-date-210x300.jpg\",\"articleSection\":[\"Infos LIVE\"],\"inLanguage\":\"fr-FR\"},{\"@type\":\"WebPage\",\"@id\":\"https:\\\/\\\/comedialaon.fr\\\/?p=4073\",\"url\":\"https:\\\/\\\/comedialaon.fr\\\/?p=4073\",\"name\":\"PROCHAINE SAISON &#8226; Com\u00e9dia Laon\",\"isPartOf\":{\"@id\":\"https:\\\/\\\/comedialaon.fr\\\/#website\"},\"primaryImageOfPage\":{\"@id\":\"https:\\\/\\\/comedialaon.fr\\\/?p=4073#primaryimage\"},\"image\":{\"@id\":\"https:\\\/\\\/comedialaon.fr\\\/?p=4073#primaryimage\"},\"thumbnailUrl\":\"https:\\\/\\\/comedialaon.fr\\\/wp-content\\\/uploads\\\/2021\\\/06\\\/Affiche-2022-Pourquoi-moi-sans-date-210x300.jpg\",\"datePublished\":\"2021-06-25T12:18:53+00:00\",\"dateModified\":\"2021-08-10T12:11:08+00:00\",\"breadcrumb\":{\"@id\":\"https:\\\/\\\/comedialaon.fr\\\/?p=4073#breadcrumb\"},\"inLanguage\":\"fr-FR\",\"potentialAction\":[{\"@type\":\"ReadAction\",\"target\":[\"https:\\\/\\\/comedialaon.fr\\\/?p=4073\"]}]},{\"@type\":\"ImageObject\",\"inLanguage\":\"fr-FR\",\"@id\":\"https:\\\/\\\/comedialaon.fr\\\/?p=4073#primaryimage\",\"url\":\"https:\\\/\\\/comedialaon.fr\\\/wp-content\\\/uploads\\\/2021\\\/06\\\/Affiche-2022-Pourquoi-moi-sans-date.jpg\",\"contentUrl\":\"https:\\\/\\\/comedialaon.fr\\\/wp-content\\\/uploads\\\/2021\\\/06\\\/Affiche-2022-Pourquoi-moi-sans-date.jpg\",\"width\":1085,\"height\":1550,\"caption\":\"Spectacle 2022 : POURQUOI MOI ?! d'Olivier LEJEUNE\"},{\"@type\":\"BreadcrumbList\",\"@id\":\"https:\\\/\\\/comedialaon.fr\\\/?p=4073#breadcrumb\",\"itemListElement\":[{\"@type\":\"ListItem\",\"position\":1,\"name\":\"Accueil\",\"item\":\"https:\\\/\\\/comedialaon.fr\\\/\"},{\"@type\":\"ListItem\",\"position\":2,\"name\":\"PROCHAINE SAISON\"}]},{\"@type\":\"WebSite\",\"@id\":\"https:\\\/\\\/comedialaon.fr\\\/#website\",\"url\":\"https:\\\/\\\/comedialaon.fr\\\/\",\"name\":\"Com\u00e9dia Laon\",\"description\":\"Prendre et donner du PLAISIR ... !!! ;-)\",\"publisher\":{\"@id\":\"https:\\\/\\\/comedialaon.fr\\\/#organization\"},\"potentialAction\":[{\"@type\":\"SearchAction\",\"target\":{\"@type\":\"EntryPoint\",\"urlTemplate\":\"https:\\\/\\\/comedialaon.fr\\\/?s={search_term_string}\"},\"query-input\":{\"@type\":\"PropertyValueSpecification\",\"valueRequired\":true,\"valueName\":\"search_term_string\"}}],\"inLanguage\":\"fr-FR\"},{\"@type\":\"Organization\",\"@id\":\"https:\\\/\\\/comedialaon.fr\\\/#organization\",\"name\":\"Com\u00e9dia Laon\",\"url\":\"https:\\\/\\\/comedialaon.fr\\\/\",\"logo\":{\"@type\":\"ImageObject\",\"inLanguage\":\"fr-FR\",\"@id\":\"https:\\\/\\\/comedialaon.fr\\\/#\\\/schema\\\/logo\\\/image\\\/\",\"url\":\"https:\\\/\\\/comedialaon.fr\\\/wp-content\\\/uploads\\\/2019\\\/02\\\/LOGO-CL-et-OL.jpg\",\"contentUrl\":\"https:\\\/\\\/comedialaon.fr\\\/wp-content\\\/uploads\\\/2019\\\/02\\\/LOGO-CL-et-OL.jpg\",\"width\":756,\"height\":210,\"caption\":\"Com\u00e9dia Laon\"},\"image\":{\"@id\":\"https:\\\/\\\/comedialaon.fr\\\/#\\\/schema\\\/logo\\\/image\\\/\"},\"sameAs\":[\"https:\\\/\\\/www.facebook.com\\\/profile.php?id=100008459438996\",\"https:\\\/\\\/www.youtube.com\\\/results?search_query=comedia laon\"]},{\"@type\":\"Person\",\"@id\":\"https:\\\/\\\/comedialaon.fr\\\/#\\\/schema\\\/person\\\/b5fa2097d9c2df39b18b24eb09a90f30\",\"name\":\"Muppet 2\",\"image\":{\"@type\":\"ImageObject\",\"inLanguage\":\"fr-FR\",\"@id\":\"https:\\\/\\\/secure.gravatar.com\\\/avatar\\\/8e9847ab3b902434f6deca39973d429601dcdadf46a57d80eec28699158bf63a?s=96&d=mm&r=g\",\"url\":\"https:\\\/\\\/secure.gravatar.com\\\/avatar\\\/8e9847ab3b902434f6deca39973d429601dcdadf46a57d80eec28699158bf63a?s=96&d=mm&r=g\",\"contentUrl\":\"https:\\\/\\\/secure.gravatar.com\\\/avatar\\\/8e9847ab3b902434f6deca39973d429601dcdadf46a57d80eec28699158bf63a?s=96&d=mm&r=g\",\"caption\":\"Muppet 2\"},\"sameAs\":[\"https:\\\/\\\/www.comedialaon.fr\"]}]}<\/script>\n<!-- \/ Yoast SEO plugin. -->","yoast_head_json":{"title":"PROCHAINE SAISON &#8226; Com\u00e9dia Laon","robots":{"index":"index","follow":"follow","max-snippet":"max-snippet:-1","max-image-preview":"max-image-preview:large","max-video-preview":"max-video-preview:-1"},"canonical":"https:\/\/comedialaon.fr\/?p=4073","og_locale":"fr_FR","og_type":"article","og_title":"PROCHAINE SAISON &#8226; Com\u00e9dia Laon","og_description":"Avec le d\u00e9confinement, l&rsquo;avanc\u00e9e de la vaccination et la suppression progressive des restrictions sanitaires, nous commen\u00e7ons \u00e0 pr\u00e9parer notre prochaine saison. Pour 2021, nous avions choisi la pi\u00e8ce \u201cPOURQUOI MOI?!\u201d d&rsquo;Olivier LEJEUNE. Avec la pand\u00e9mie, aucune repr\u00e9sentation n&rsquo;a pu avoir lieu. Pour notre saison 2021-2022 nous allons donc reprendre cette pi\u00e8ce en esp\u00e9rant, cette fois,Lire la suite","og_url":"https:\/\/comedialaon.fr\/?p=4073","og_site_name":"Com\u00e9dia Laon","article_publisher":"https:\/\/www.facebook.com\/profile.php?id=100008459438996","article_published_time":"2021-06-25T12:18:53+00:00","article_modified_time":"2021-08-10T12:11:08+00:00","og_image":[{"url":"https:\/\/comedialaon.fr\/wp-content\/uploads\/2021\/06\/Affiche-2022-Pourquoi-moi-sans-date-210x300.jpg","type":"","width":"","height":""}],"author":"Muppet 2","twitter_misc":{"\u00c9crit par":"Muppet 2","Dur\u00e9e de lecture estim\u00e9e":"1 minute"},"schema":{"@context":"https:\/\/schema.org","@graph":[{"@type":"Article","@id":"https:\/\/comedialaon.fr\/?p=4073#article","isPartOf":{"@id":"https:\/\/comedialaon.fr\/?p=4073"},"author":{"name":"Muppet 2","@id":"https:\/\/comedialaon.fr\/#\/schema\/person\/b5fa2097d9c2df39b18b24eb09a90f30"},"headline":"PROCHAINE SAISON","datePublished":"2021-06-25T12:18:53+00:00","dateModified":"2021-08-10T12:11:08+00:00","mainEntityOfPage":{"@id":"https:\/\/comedialaon.fr\/?p=4073"},"wordCount":147,"publisher":{"@id":"https:\/\/comedialaon.fr\/#organization"},"image":{"@id":"https:\/\/comedialaon.fr\/?p=4073#primaryimage"},"thumbnailUrl":"https:\/\/comedialaon.fr\/wp-content\/uploads\/2021\/06\/Affiche-2022-Pourquoi-moi-sans-date-210x300.jpg","articleSection":["Infos LIVE"],"inLanguage":"fr-FR"},{"@type":"WebPage","@id":"https:\/\/comedialaon.fr\/?p=4073","url":"https:\/\/comedialaon.fr\/?p=4073","name":"PROCHAINE SAISON &#8226; Com\u00e9dia Laon","isPartOf":{"@id":"https:\/\/comedialaon.fr\/#website"},"primaryImageOfPage":{"@id":"https:\/\/comedialaon.fr\/?p=4073#primaryimage"},"image":{"@id":"https:\/\/comedialaon.fr\/?p=4073#primaryimage"},"thumbnailUrl":"https:\/\/comedialaon.fr\/wp-content\/uploads\/2021\/06\/Affiche-2022-Pourquoi-moi-sans-date-210x300.jpg","datePublished":"2021-06-25T12:18:53+00:00","dateModified":"2021-08-10T12:11:08+00:00","breadcrumb":{"@id":"https:\/\/comedialaon.fr\/?p=4073#breadcrumb"},"inLanguage":"fr-FR","potentialAction":[{"@type":"ReadAction","target":["https:\/\/comedialaon.fr\/?p=4073"]}]},{"@type":"ImageObject","inLanguage":"fr-FR","@id":"https:\/\/comedialaon.fr\/?p=4073#primaryimage","url":"https:\/\/comedialaon.fr\/wp-content\/uploads\/2021\/06\/Affiche-2022-Pourquoi-moi-sans-date.jpg","contentUrl":"https:\/\/comedialaon.fr\/wp-content\/uploads\/2021\/06\/Affiche-2022-Pourquoi-moi-sans-date.jpg","width":1085,"height":1550,"caption":"Spectacle 2022 : POURQUOI MOI ?! d'Olivier LEJEUNE"},{"@type":"BreadcrumbList","@id":"https:\/\/comedialaon.fr\/?p=4073#breadcrumb","itemListElement":[{"@type":"ListItem","position":1,"name":"Accueil","item":"https:\/\/comedialaon.fr\/"},{"@type":"ListItem","position":2,"name":"PROCHAINE SAISON"}]},{"@type":"WebSite","@id":"https:\/\/comedialaon.fr\/#website","url":"https:\/\/comedialaon.fr\/","name":"Com\u00e9dia Laon","description":"Prendre et donner du PLAISIR ... !!! ;-)","publisher":{"@id":"https:\/\/comedialaon.fr\/#organization"},"potentialAction":[{"@type":"SearchAction","target":{"@type":"EntryPoint","urlTemplate":"https:\/\/comedialaon.fr\/?s={search_term_string}"},"query-input":{"@type":"PropertyValueSpecification","valueRequired":true,"valueName":"search_term_string"}}],"inLanguage":"fr-FR"},{"@type":"Organization","@id":"https:\/\/comedialaon.fr\/#organization","name":"Com\u00e9dia Laon","url":"https:\/\/comedialaon.fr\/","logo":{"@type":"ImageObject","inLanguage":"fr-FR","@id":"https:\/\/comedialaon.fr\/#\/schema\/logo\/image\/","url":"https:\/\/comedialaon.fr\/wp-content\/uploads\/2019\/02\/LOGO-CL-et-OL.jpg","contentUrl":"https:\/\/comedialaon.fr\/wp-content\/uploads\/2019\/02\/LOGO-CL-et-OL.jpg","width":756,"height":210,"caption":"Com\u00e9dia Laon"},"image":{"@id":"https:\/\/comedialaon.fr\/#\/schema\/logo\/image\/"},"sameAs":["https:\/\/www.facebook.com\/profile.php?id=100008459438996","https:\/\/www.youtube.com\/results?search_query=comedia laon"]},{"@type":"Person","@id":"https:\/\/comedialaon.fr\/#\/schema\/person\/b5fa2097d9c2df39b18b24eb09a90f30","name":"Muppet 2","image":{"@type":"ImageObject","inLanguage":"fr-FR","@id":"https:\/\/secure.gravatar.com\/avatar\/8e9847ab3b902434f6deca39973d429601dcdadf46a57d80eec28699158bf63a?s=96&d=mm&r=g","url":"https:\/\/secure.gravatar.com\/avatar\/8e9847ab3b902434f6deca39973d429601dcdadf46a57d80eec28699158bf63a?s=96&d=mm&r=g","contentUrl":"https:\/\/secure.gravatar.com\/avatar\/8e9847ab3b902434f6deca39973d429601dcdadf46a57d80eec28699158bf63a?s=96&d=mm&r=g","caption":"Muppet 2"},"sameAs":["https:\/\/www.comedialaon.fr"]}]}},"_links":{"self":[{"href":"https:\/\/comedialaon.fr\/index.php?rest_route=\/wp\/v2\/posts\/4073","targetHints":{"allow":["GET"]}}],"collection":[{"href":"https:\/\/comedialaon.fr\/index.php?rest_route=\/wp\/v2\/posts"}],"about":[{"href":"https:\/\/comedialaon.fr\/index.php?rest_route=\/wp\/v2\/types\/post"}],"author":[{"embeddable":true,"href":"https:\/\/comedialaon.fr\/index.php?rest_route=\/wp\/v2\/users\/1"}],"replies":[{"embeddable":true,"href":"https:\/\/comedialaon.fr\/index.php?rest_route=%2Fwp%2Fv2%2Fcomments&post=4073"}],"version-history":[{"count":14,"href":"https:\/\/comedialaon.fr\/index.php?rest_route=\/wp\/v2\/posts\/4073\/revisions"}],"predecessor-version":[{"id":4408,"href":"https:\/\/comedialaon.fr\/index.php?rest_route=\/wp\/v2\/posts\/4073\/revisions\/4408"}],"wp:attachment":[{"href":"https:\/\/comedialaon.fr\/index.php?rest_route=%2Fwp%2Fv2%2Fmedia&parent=4073"}],"wp:term":[{"taxonomy":"category","embeddable":true,"href":"https:\/\/comedialaon.fr\/index.php?rest_route=%2Fwp%2Fv2%2Fcategories&post=4073"},{"taxonomy":"post_tag","embeddable":true,"href":"https:\/\/comedialaon.fr\/index.php?rest_route=%2Fwp%2Fv2%2Ftags&post=4073"}],"curies":[{"name":"wp","href":"https:\/\/api.w.org\/{rel}","templated":true}]}}