{"id":3899,"date":"2020-06-30T10:44:50","date_gmt":"2020-06-30T08:44:50","guid":{"rendered":"https:\/\/comedialaon.fr\/?p=3899"},"modified":"2021-07-16T12:19:24","modified_gmt":"2021-07-16T10:19:24","slug":"nouvelle-saison-et-nouveau-spectacle","status":"publish","type":"post","link":"https:\/\/comedialaon.fr\/?p=3899","title":{"rendered":"<u><b>NOUVELLE SAISON ET NOUVEAU SPECTACLE<\/b><\/u>"},"content":{"rendered":"<p><div id=\"attachment_3989\" style=\"width: 218px\" class=\"wp-caption alignleft\"><a href=\"https:\/\/comedialaon.fr\/wp-content\/uploads\/2020\/07\/Affiche-A5-Pourquoi-moi-sans-date.jpg\"><img loading=\"lazy\" decoding=\"async\" aria-describedby=\"caption-attachment-3989\" src=\"https:\/\/comedialaon.fr\/wp-content\/uploads\/2020\/07\/Affiche-A5-Pourquoi-moi-sans-date-208x300.jpg\" alt=\"\" width=\"208\" height=\"300\" class=\"size-medium wp-image-3989\" srcset=\"https:\/\/comedialaon.fr\/wp-content\/uploads\/2020\/07\/Affiche-A5-Pourquoi-moi-sans-date-208x300.jpg 208w, https:\/\/comedialaon.fr\/wp-content\/uploads\/2020\/07\/Affiche-A5-Pourquoi-moi-sans-date.jpg 523w\" sizes=\"auto, (max-width: 208px) 100vw, 208px\" \/><\/a><p id=\"caption-attachment-3989\" class=\"wp-caption-text\">Spectacle 2021 : POURQUOI MOI ?! d&rsquo;Olivier LEJEUNE<\/p><\/div><br \/>\nApr\u00e8s un arr\u00eat brutal de notre saison 2020 et les annulations des repr\u00e9sentations de notre pi\u00e8ce \u201cESP\u00c8CES MENAC\u00c9ES\u201d de Ray COONEY, nous nous mettons en marche pour pr\u00e9parer notre futur spectacle et la saison 2021.<\/p>\n<p>Patrice, notre Metteur en Sc\u00e8ne, a choisi une pi\u00e8ce r\u00e9cente de notre Parrain <a href=\"https:\/\/www.olivierlejeune.fr\/cms\/pourquoi-moi-e\" title=\"Olivier LEJEUNE\">Olivier LEJEUNE<\/a> :<\/p>\n<p><a href=\"https:\/\/comedialaon.fr\/?page_id=3917\" title=\"\u201cPOURQUOI MOI?!\u201d\">\u201cPOURQUOI MOI?!\u201d<\/a>.<\/p>\n<p>Cette pi\u00e8ce, n\u00e9e en 2009, \u00e9crite pour et avec Vincent LAGAF&rsquo;, est un FEYDEAU actuel et moderne. Les rires ainsi que sa construction vont crescendo. L&rsquo;auteur nous porte et nous emporte gr\u00e2ce cette \u00e9criture pr\u00e9cise qu&rsquo;on lui conna\u00eet. Chaque mot, chaque r\u00e9plique, chaque situation provoque chez le spectateur d&rsquo;immenses rires, la joie et la satisfaction d&rsquo;un bon moment pass\u00e9 en compagnie des acteurs.<\/p>\n<p>Vous pouvez noter sur vos calendriers la date de repr\u00e9sentation du vendredi 26 mars 2021 \u00e0 20H30 \u00e0 la Maison des Arts et Loisirs de LAON.<\/p>\n<p><a href=\"https:\/\/comedialaon.fr\/?page_id=3919\" title=\"Nos dates de repr\u00e9sentations pour 2021\"> Nos dates de repr\u00e9sentations pour 2021<\/a><\/p>\n","protected":false},"excerpt":{"rendered":"<p>Apr\u00e8s un arr\u00eat brutal de notre saison 2020 et les annulations des repr\u00e9sentations de notre pi\u00e8ce \u201cESP\u00c8CES MENAC\u00c9ES\u201d de Ray COONEY, nous nous mettons en marche pour pr\u00e9parer notre futur spectacle et la saison 2021. Patrice, notre Metteur en Sc\u00e8ne, a choisi une pi\u00e8ce r\u00e9cente de notre Parrain Olivier LEJEUNE : \u201cPOURQUOI MOI?!\u201d. Cette pi\u00e8ce,<\/p>\n<p><a class=\"excerpt-more blog-excerpt\" href=\"https:\/\/comedialaon.fr\/?p=3899\">Lire la suite<\/a><\/p>\n","protected":false},"author":1,"featured_media":0,"comment_status":"closed","ping_status":"open","sticky":false,"template":"","format":"standard","meta":{"footnotes":""},"categories":[11],"tags":[],"class_list":["post-3899","post","type-post","status-publish","format-standard","hentry","category-infos-live"],"yoast_head":"<!-- This site is optimized with the Yoast SEO plugin v27.5 - https:\/\/yoast.com\/product\/yoast-seo-wordpress\/ -->\n<title>NOUVELLE SAISON ET NOUVEAU SPECTACLE &#8226; Com\u00e9dia Laon<\/title>\n<meta name=\"robots\" content=\"index, follow, max-snippet:-1, max-image-preview:large, max-video-preview:-1\" \/>\n<link rel=\"canonical\" href=\"https:\/\/comedialaon.fr\/?p=3899\" \/>\n<meta property=\"og:locale\" content=\"fr_FR\" \/>\n<meta property=\"og:type\" content=\"article\" \/>\n<meta property=\"og:title\" content=\"NOUVELLE SAISON ET NOUVEAU SPECTACLE &#8226; Com\u00e9dia Laon\" \/>\n<meta property=\"og:description\" content=\"Apr\u00e8s un arr\u00eat brutal de notre saison 2020 et les annulations des repr\u00e9sentations de notre pi\u00e8ce \u201cESP\u00c8CES MENAC\u00c9ES\u201d de Ray COONEY, nous nous mettons en marche pour pr\u00e9parer notre futur spectacle et la saison 2021. Patrice, notre Metteur en Sc\u00e8ne, a choisi une pi\u00e8ce r\u00e9cente de notre Parrain Olivier LEJEUNE : \u201cPOURQUOI MOI?!\u201d. Cette pi\u00e8ce,Lire la suite\" \/>\n<meta property=\"og:url\" content=\"https:\/\/comedialaon.fr\/?p=3899\" \/>\n<meta property=\"og:site_name\" content=\"Com\u00e9dia Laon\" \/>\n<meta property=\"article:publisher\" content=\"https:\/\/www.facebook.com\/profile.php?id=100008459438996\" \/>\n<meta property=\"article:published_time\" content=\"2020-06-30T08:44:50+00:00\" \/>\n<meta property=\"article:modified_time\" content=\"2021-07-16T10:19:24+00:00\" \/>\n<meta property=\"og:image\" content=\"https:\/\/comedialaon.fr\/wp-content\/uploads\/2020\/07\/Affiche-A5-Pourquoi-moi-sans-date-208x300.jpg\" \/>\n<meta name=\"author\" content=\"Muppet 2\" \/>\n<meta name=\"twitter:label1\" content=\"\u00c9crit par\" \/>\n\t<meta name=\"twitter:data1\" content=\"Muppet 2\" \/>\n\t<meta name=\"twitter:label2\" content=\"Dur\u00e9e de lecture estim\u00e9e\" \/>\n\t<meta name=\"twitter:data2\" content=\"1 minute\" \/>\n<script type=\"application\/ld+json\" class=\"yoast-schema-graph\">{\"@context\":\"https:\\\/\\\/schema.org\",\"@graph\":[{\"@type\":\"Article\",\"@id\":\"https:\\\/\\\/comedialaon.fr\\\/?p=3899#article\",\"isPartOf\":{\"@id\":\"https:\\\/\\\/comedialaon.fr\\\/?p=3899\"},\"author\":{\"name\":\"Muppet 2\",\"@id\":\"https:\\\/\\\/comedialaon.fr\\\/#\\\/schema\\\/person\\\/b5fa2097d9c2df39b18b24eb09a90f30\"},\"headline\":\"NOUVELLE SAISON ET NOUVEAU SPECTACLE\",\"datePublished\":\"2020-06-30T08:44:50+00:00\",\"dateModified\":\"2021-07-16T10:19:24+00:00\",\"mainEntityOfPage\":{\"@id\":\"https:\\\/\\\/comedialaon.fr\\\/?p=3899\"},\"wordCount\":179,\"publisher\":{\"@id\":\"https:\\\/\\\/comedialaon.fr\\\/#organization\"},\"image\":{\"@id\":\"https:\\\/\\\/comedialaon.fr\\\/?p=3899#primaryimage\"},\"thumbnailUrl\":\"https:\\\/\\\/comedialaon.fr\\\/wp-content\\\/uploads\\\/2020\\\/07\\\/Affiche-A5-Pourquoi-moi-sans-date-208x300.jpg\",\"articleSection\":[\"Infos LIVE\"],\"inLanguage\":\"fr-FR\"},{\"@type\":\"WebPage\",\"@id\":\"https:\\\/\\\/comedialaon.fr\\\/?p=3899\",\"url\":\"https:\\\/\\\/comedialaon.fr\\\/?p=3899\",\"name\":\"NOUVELLE SAISON ET NOUVEAU SPECTACLE &#8226; Com\u00e9dia Laon\",\"isPartOf\":{\"@id\":\"https:\\\/\\\/comedialaon.fr\\\/#website\"},\"primaryImageOfPage\":{\"@id\":\"https:\\\/\\\/comedialaon.fr\\\/?p=3899#primaryimage\"},\"image\":{\"@id\":\"https:\\\/\\\/comedialaon.fr\\\/?p=3899#primaryimage\"},\"thumbnailUrl\":\"https:\\\/\\\/comedialaon.fr\\\/wp-content\\\/uploads\\\/2020\\\/07\\\/Affiche-A5-Pourquoi-moi-sans-date-208x300.jpg\",\"datePublished\":\"2020-06-30T08:44:50+00:00\",\"dateModified\":\"2021-07-16T10:19:24+00:00\",\"breadcrumb\":{\"@id\":\"https:\\\/\\\/comedialaon.fr\\\/?p=3899#breadcrumb\"},\"inLanguage\":\"fr-FR\",\"potentialAction\":[{\"@type\":\"ReadAction\",\"target\":[\"https:\\\/\\\/comedialaon.fr\\\/?p=3899\"]}]},{\"@type\":\"ImageObject\",\"inLanguage\":\"fr-FR\",\"@id\":\"https:\\\/\\\/comedialaon.fr\\\/?p=3899#primaryimage\",\"url\":\"https:\\\/\\\/comedialaon.fr\\\/wp-content\\\/uploads\\\/2020\\\/07\\\/Affiche-A5-Pourquoi-moi-sans-date.jpg\",\"contentUrl\":\"https:\\\/\\\/comedialaon.fr\\\/wp-content\\\/uploads\\\/2020\\\/07\\\/Affiche-A5-Pourquoi-moi-sans-date.jpg\",\"width\":523,\"height\":756,\"caption\":\"Spectacle 2021 : POURQUOI MOI ?! d'Olivier LEJEUNE\"},{\"@type\":\"BreadcrumbList\",\"@id\":\"https:\\\/\\\/comedialaon.fr\\\/?p=3899#breadcrumb\",\"itemListElement\":[{\"@type\":\"ListItem\",\"position\":1,\"name\":\"Accueil\",\"item\":\"https:\\\/\\\/comedialaon.fr\\\/\"},{\"@type\":\"ListItem\",\"position\":2,\"name\":\"NOUVELLE SAISON ET NOUVEAU SPECTACLE\"}]},{\"@type\":\"WebSite\",\"@id\":\"https:\\\/\\\/comedialaon.fr\\\/#website\",\"url\":\"https:\\\/\\\/comedialaon.fr\\\/\",\"name\":\"Com\u00e9dia Laon\",\"description\":\"Prendre et donner du PLAISIR ... !!! ;-)\",\"publisher\":{\"@id\":\"https:\\\/\\\/comedialaon.fr\\\/#organization\"},\"potentialAction\":[{\"@type\":\"SearchAction\",\"target\":{\"@type\":\"EntryPoint\",\"urlTemplate\":\"https:\\\/\\\/comedialaon.fr\\\/?s={search_term_string}\"},\"query-input\":{\"@type\":\"PropertyValueSpecification\",\"valueRequired\":true,\"valueName\":\"search_term_string\"}}],\"inLanguage\":\"fr-FR\"},{\"@type\":\"Organization\",\"@id\":\"https:\\\/\\\/comedialaon.fr\\\/#organization\",\"name\":\"Com\u00e9dia Laon\",\"url\":\"https:\\\/\\\/comedialaon.fr\\\/\",\"logo\":{\"@type\":\"ImageObject\",\"inLanguage\":\"fr-FR\",\"@id\":\"https:\\\/\\\/comedialaon.fr\\\/#\\\/schema\\\/logo\\\/image\\\/\",\"url\":\"https:\\\/\\\/comedialaon.fr\\\/wp-content\\\/uploads\\\/2019\\\/02\\\/LOGO-CL-et-OL.jpg\",\"contentUrl\":\"https:\\\/\\\/comedialaon.fr\\\/wp-content\\\/uploads\\\/2019\\\/02\\\/LOGO-CL-et-OL.jpg\",\"width\":756,\"height\":210,\"caption\":\"Com\u00e9dia Laon\"},\"image\":{\"@id\":\"https:\\\/\\\/comedialaon.fr\\\/#\\\/schema\\\/logo\\\/image\\\/\"},\"sameAs\":[\"https:\\\/\\\/www.facebook.com\\\/profile.php?id=100008459438996\",\"https:\\\/\\\/www.youtube.com\\\/results?search_query=comedia laon\"]},{\"@type\":\"Person\",\"@id\":\"https:\\\/\\\/comedialaon.fr\\\/#\\\/schema\\\/person\\\/b5fa2097d9c2df39b18b24eb09a90f30\",\"name\":\"Muppet 2\",\"image\":{\"@type\":\"ImageObject\",\"inLanguage\":\"fr-FR\",\"@id\":\"https:\\\/\\\/secure.gravatar.com\\\/avatar\\\/8e9847ab3b902434f6deca39973d429601dcdadf46a57d80eec28699158bf63a?s=96&d=mm&r=g\",\"url\":\"https:\\\/\\\/secure.gravatar.com\\\/avatar\\\/8e9847ab3b902434f6deca39973d429601dcdadf46a57d80eec28699158bf63a?s=96&d=mm&r=g\",\"contentUrl\":\"https:\\\/\\\/secure.gravatar.com\\\/avatar\\\/8e9847ab3b902434f6deca39973d429601dcdadf46a57d80eec28699158bf63a?s=96&d=mm&r=g\",\"caption\":\"Muppet 2\"},\"sameAs\":[\"https:\\\/\\\/www.comedialaon.fr\"]}]}<\/script>\n<!-- \/ Yoast SEO plugin. -->","yoast_head_json":{"title":"NOUVELLE SAISON ET NOUVEAU SPECTACLE &#8226; Com\u00e9dia Laon","robots":{"index":"index","follow":"follow","max-snippet":"max-snippet:-1","max-image-preview":"max-image-preview:large","max-video-preview":"max-video-preview:-1"},"canonical":"https:\/\/comedialaon.fr\/?p=3899","og_locale":"fr_FR","og_type":"article","og_title":"NOUVELLE SAISON ET NOUVEAU SPECTACLE &#8226; Com\u00e9dia Laon","og_description":"Apr\u00e8s un arr\u00eat brutal de notre saison 2020 et les annulations des repr\u00e9sentations de notre pi\u00e8ce \u201cESP\u00c8CES MENAC\u00c9ES\u201d de Ray COONEY, nous nous mettons en marche pour pr\u00e9parer notre futur spectacle et la saison 2021. Patrice, notre Metteur en Sc\u00e8ne, a choisi une pi\u00e8ce r\u00e9cente de notre Parrain Olivier LEJEUNE : \u201cPOURQUOI MOI?!\u201d. Cette pi\u00e8ce,Lire la suite","og_url":"https:\/\/comedialaon.fr\/?p=3899","og_site_name":"Com\u00e9dia Laon","article_publisher":"https:\/\/www.facebook.com\/profile.php?id=100008459438996","article_published_time":"2020-06-30T08:44:50+00:00","article_modified_time":"2021-07-16T10:19:24+00:00","og_image":[{"url":"https:\/\/comedialaon.fr\/wp-content\/uploads\/2020\/07\/Affiche-A5-Pourquoi-moi-sans-date-208x300.jpg","type":"","width":"","height":""}],"author":"Muppet 2","twitter_misc":{"\u00c9crit par":"Muppet 2","Dur\u00e9e de lecture estim\u00e9e":"1 minute"},"schema":{"@context":"https:\/\/schema.org","@graph":[{"@type":"Article","@id":"https:\/\/comedialaon.fr\/?p=3899#article","isPartOf":{"@id":"https:\/\/comedialaon.fr\/?p=3899"},"author":{"name":"Muppet 2","@id":"https:\/\/comedialaon.fr\/#\/schema\/person\/b5fa2097d9c2df39b18b24eb09a90f30"},"headline":"NOUVELLE SAISON ET NOUVEAU SPECTACLE","datePublished":"2020-06-30T08:44:50+00:00","dateModified":"2021-07-16T10:19:24+00:00","mainEntityOfPage":{"@id":"https:\/\/comedialaon.fr\/?p=3899"},"wordCount":179,"publisher":{"@id":"https:\/\/comedialaon.fr\/#organization"},"image":{"@id":"https:\/\/comedialaon.fr\/?p=3899#primaryimage"},"thumbnailUrl":"https:\/\/comedialaon.fr\/wp-content\/uploads\/2020\/07\/Affiche-A5-Pourquoi-moi-sans-date-208x300.jpg","articleSection":["Infos LIVE"],"inLanguage":"fr-FR"},{"@type":"WebPage","@id":"https:\/\/comedialaon.fr\/?p=3899","url":"https:\/\/comedialaon.fr\/?p=3899","name":"NOUVELLE SAISON ET NOUVEAU SPECTACLE &#8226; Com\u00e9dia Laon","isPartOf":{"@id":"https:\/\/comedialaon.fr\/#website"},"primaryImageOfPage":{"@id":"https:\/\/comedialaon.fr\/?p=3899#primaryimage"},"image":{"@id":"https:\/\/comedialaon.fr\/?p=3899#primaryimage"},"thumbnailUrl":"https:\/\/comedialaon.fr\/wp-content\/uploads\/2020\/07\/Affiche-A5-Pourquoi-moi-sans-date-208x300.jpg","datePublished":"2020-06-30T08:44:50+00:00","dateModified":"2021-07-16T10:19:24+00:00","breadcrumb":{"@id":"https:\/\/comedialaon.fr\/?p=3899#breadcrumb"},"inLanguage":"fr-FR","potentialAction":[{"@type":"ReadAction","target":["https:\/\/comedialaon.fr\/?p=3899"]}]},{"@type":"ImageObject","inLanguage":"fr-FR","@id":"https:\/\/comedialaon.fr\/?p=3899#primaryimage","url":"https:\/\/comedialaon.fr\/wp-content\/uploads\/2020\/07\/Affiche-A5-Pourquoi-moi-sans-date.jpg","contentUrl":"https:\/\/comedialaon.fr\/wp-content\/uploads\/2020\/07\/Affiche-A5-Pourquoi-moi-sans-date.jpg","width":523,"height":756,"caption":"Spectacle 2021 : POURQUOI MOI ?! d'Olivier LEJEUNE"},{"@type":"BreadcrumbList","@id":"https:\/\/comedialaon.fr\/?p=3899#breadcrumb","itemListElement":[{"@type":"ListItem","position":1,"name":"Accueil","item":"https:\/\/comedialaon.fr\/"},{"@type":"ListItem","position":2,"name":"NOUVELLE SAISON ET NOUVEAU SPECTACLE"}]},{"@type":"WebSite","@id":"https:\/\/comedialaon.fr\/#website","url":"https:\/\/comedialaon.fr\/","name":"Com\u00e9dia Laon","description":"Prendre et donner du PLAISIR ... !!! ;-)","publisher":{"@id":"https:\/\/comedialaon.fr\/#organization"},"potentialAction":[{"@type":"SearchAction","target":{"@type":"EntryPoint","urlTemplate":"https:\/\/comedialaon.fr\/?s={search_term_string}"},"query-input":{"@type":"PropertyValueSpecification","valueRequired":true,"valueName":"search_term_string"}}],"inLanguage":"fr-FR"},{"@type":"Organization","@id":"https:\/\/comedialaon.fr\/#organization","name":"Com\u00e9dia Laon","url":"https:\/\/comedialaon.fr\/","logo":{"@type":"ImageObject","inLanguage":"fr-FR","@id":"https:\/\/comedialaon.fr\/#\/schema\/logo\/image\/","url":"https:\/\/comedialaon.fr\/wp-content\/uploads\/2019\/02\/LOGO-CL-et-OL.jpg","contentUrl":"https:\/\/comedialaon.fr\/wp-content\/uploads\/2019\/02\/LOGO-CL-et-OL.jpg","width":756,"height":210,"caption":"Com\u00e9dia Laon"},"image":{"@id":"https:\/\/comedialaon.fr\/#\/schema\/logo\/image\/"},"sameAs":["https:\/\/www.facebook.com\/profile.php?id=100008459438996","https:\/\/www.youtube.com\/results?search_query=comedia laon"]},{"@type":"Person","@id":"https:\/\/comedialaon.fr\/#\/schema\/person\/b5fa2097d9c2df39b18b24eb09a90f30","name":"Muppet 2","image":{"@type":"ImageObject","inLanguage":"fr-FR","@id":"https:\/\/secure.gravatar.com\/avatar\/8e9847ab3b902434f6deca39973d429601dcdadf46a57d80eec28699158bf63a?s=96&d=mm&r=g","url":"https:\/\/secure.gravatar.com\/avatar\/8e9847ab3b902434f6deca39973d429601dcdadf46a57d80eec28699158bf63a?s=96&d=mm&r=g","contentUrl":"https:\/\/secure.gravatar.com\/avatar\/8e9847ab3b902434f6deca39973d429601dcdadf46a57d80eec28699158bf63a?s=96&d=mm&r=g","caption":"Muppet 2"},"sameAs":["https:\/\/www.comedialaon.fr"]}]}},"_links":{"self":[{"href":"https:\/\/comedialaon.fr\/index.php?rest_route=\/wp\/v2\/posts\/3899","targetHints":{"allow":["GET"]}}],"collection":[{"href":"https:\/\/comedialaon.fr\/index.php?rest_route=\/wp\/v2\/posts"}],"about":[{"href":"https:\/\/comedialaon.fr\/index.php?rest_route=\/wp\/v2\/types\/post"}],"author":[{"embeddable":true,"href":"https:\/\/comedialaon.fr\/index.php?rest_route=\/wp\/v2\/users\/1"}],"replies":[{"embeddable":true,"href":"https:\/\/comedialaon.fr\/index.php?rest_route=%2Fwp%2Fv2%2Fcomments&post=3899"}],"version-history":[{"count":28,"href":"https:\/\/comedialaon.fr\/index.php?rest_route=\/wp\/v2\/posts\/3899\/revisions"}],"predecessor-version":[{"id":4410,"href":"https:\/\/comedialaon.fr\/index.php?rest_route=\/wp\/v2\/posts\/3899\/revisions\/4410"}],"wp:attachment":[{"href":"https:\/\/comedialaon.fr\/index.php?rest_route=%2Fwp%2Fv2%2Fmedia&parent=3899"}],"wp:term":[{"taxonomy":"category","embeddable":true,"href":"https:\/\/comedialaon.fr\/index.php?rest_route=%2Fwp%2Fv2%2Fcategories&post=3899"},{"taxonomy":"post_tag","embeddable":true,"href":"https:\/\/comedialaon.fr\/index.php?rest_route=%2Fwp%2Fv2%2Ftags&post=3899"}],"curies":[{"name":"wp","href":"https:\/\/api.w.org\/{rel}","templated":true}]}}