{"id":3702,"date":"2020-02-19T14:21:10","date_gmt":"2020-02-19T12:21:10","guid":{"rendered":"https:\/\/comedialaon.fr\/?p=3702"},"modified":"2021-07-20T15:19:10","modified_gmt":"2021-07-20T13:19:10","slug":"telethon-et-premiere-au-capno","status":"publish","type":"post","link":"https:\/\/comedialaon.fr\/?p=3702","title":{"rendered":"T\u00c9L\u00c9THON ET PREMI\u00c8RE AU CAPNO"},"content":{"rendered":"<div id=\"attachment_3818\" style=\"width: 310px\" class=\"wp-caption alignleft\"><a href=\"https:\/\/comedialaon.fr\/wp-content\/uploads\/2020\/02\/Mons-9-f\u00e9vrier-2020_105.jpg\"><img loading=\"lazy\" decoding=\"async\" aria-describedby=\"caption-attachment-3818\" src=\"https:\/\/comedialaon.fr\/wp-content\/uploads\/2020\/02\/Mons-9-f\u00e9vrier-2020_105-300x244.jpg\" alt=\"\" width=\"300\" height=\"244\" class=\"size-medium wp-image-3818\" srcset=\"https:\/\/comedialaon.fr\/wp-content\/uploads\/2020\/02\/Mons-9-f\u00e9vrier-2020_105-300x244.jpg 300w, https:\/\/comedialaon.fr\/wp-content\/uploads\/2020\/02\/Mons-9-f\u00e9vrier-2020_105.jpg 739w\" sizes=\"auto, (max-width: 300px) 100vw, 300px\" \/><\/a><p id=\"caption-attachment-3818\" class=\"wp-caption-text\">T\u00e9l\u00e9thon \u00e0 Mons en Laonnois le 9 f\u00e9vrier 2020<\/p><\/div>\n<p>Pour notre derni\u00e8re R\u00e9p\u00e9tition G\u00e9n\u00e9rale au profit du T\u00e9l\u00e9thon, les spectateurs \u00e9taient au rendez-vous. C&rsquo;est sous les applaudissements de plus de cent personnes que les com\u00e9diens ont pu r\u00e9aliser la qualit\u00e9 de la pi\u00e8ce \u201cEsp\u00e8ces menac\u00e9es\u201d, tant les nombreux rires et la joie sur les visages sonnaient comme une r\u00e9compense. Notre ami G\u00e9rard, pour son 25\u00e8me T\u00e9l\u00e9thon, \u00e9tait ravi du r\u00e9sultat malgr\u00e9 des conditions m\u00e9t\u00e9o ex\u00e9crables.<\/p>\n<p>Ce week-end, pour notre \u201cPremi\u00e8re\u201d au Centre Social CAPNO de LAON, un peu plus d&rsquo;une cinquantaine de personnes avaient, elles aussi, brav\u00e9 les conditions m\u00e9t\u00e9o pour assister au spectacle. L\u00e0 encore, l&rsquo;assistance est repartie contente de l&rsquo;agr\u00e9able moment pass\u00e9, apr\u00e8s avoir \u00e9chang\u00e9 un long moment avec les com\u00e9diens.<\/p>\n<div id=\"attachment_3824\" style=\"width: 310px\" class=\"wp-caption alignright\"><a href=\"https:\/\/comedialaon.fr\/wp-content\/uploads\/2020\/02\/Mons-9-f\u00e9vrier-2020_111.jpg\"><img loading=\"lazy\" decoding=\"async\" aria-describedby=\"caption-attachment-3824\" src=\"https:\/\/comedialaon.fr\/wp-content\/uploads\/2020\/02\/Mons-9-f\u00e9vrier-2020_111-300x173.jpg\" alt=\"\" width=\"300\" height=\"173\" class=\"size-medium wp-image-3824\" srcset=\"https:\/\/comedialaon.fr\/wp-content\/uploads\/2020\/02\/Mons-9-f\u00e9vrier-2020_111-300x173.jpg 300w, https:\/\/comedialaon.fr\/wp-content\/uploads\/2020\/02\/Mons-9-f\u00e9vrier-2020_111-768x442.jpg 768w, https:\/\/comedialaon.fr\/wp-content\/uploads\/2020\/02\/Mons-9-f\u00e9vrier-2020_111.jpg 800w\" sizes=\"auto, (max-width: 300px) 100vw, 300px\" \/><\/a><p id=\"caption-attachment-3824\" class=\"wp-caption-text\">T\u00e9l\u00e9thon \u00e0 Mons en Laonnois le 9 f\u00e9vrier 2020<\/p><\/div>\n<p>Le journal l&rsquo;Union a publi\u00e9 <a href=\" https:\/\/comedialaon.fr\/?attachment_id=3709 \" title=\"un article\">un article<\/a> le 17 f\u00e9vrier 2020.<\/p>\n<p><a href=\"https:\/\/comedialaon.fr\/?page_id=4618\" title=\"Album photos MONS EN LAONNOIS\">Album photos MONS EN LAONNOIS<\/a><\/p>\n<p>Com\u00e9dia Laon a re\u00e7u <a href=\" https:\/\/comedialaon.fr\/?attachment_id=3863 \" title=\"un dipl\u00f4me\">un dipl\u00f4me<\/a> du T\u00e9l\u00e9thon.<\/p>\n<p>Rendez-vous \u00e0 PINON le dimanche 1er mars 2020 \u00e0 15H00 pour notre prochaine repr\u00e9sentation.<\/p>\n<p><a href=\"https:\/\/comedialaon.fr\/?page_id=3456\" title=\"Nos dates de repr\u00e9sentations pour 2020\"> Nos dates de repr\u00e9sentations pour 2020<\/a><\/p>\n","protected":false},"excerpt":{"rendered":"<p>Pour notre derni\u00e8re R\u00e9p\u00e9tition G\u00e9n\u00e9rale au profit du T\u00e9l\u00e9thon, les spectateurs \u00e9taient au rendez-vous. C&rsquo;est sous les applaudissements de plus de cent personnes que les com\u00e9diens ont pu r\u00e9aliser la qualit\u00e9 de la pi\u00e8ce \u201cEsp\u00e8ces menac\u00e9es\u201d, tant les nombreux rires et la joie sur les visages sonnaient comme une r\u00e9compense. Notre ami G\u00e9rard, pour son<\/p>\n<p><a class=\"excerpt-more blog-excerpt\" href=\"https:\/\/comedialaon.fr\/?p=3702\">Lire la suite<\/a><\/p>\n","protected":false},"author":1,"featured_media":0,"comment_status":"closed","ping_status":"open","sticky":false,"template":"","format":"standard","meta":{"footnotes":""},"categories":[11],"tags":[],"class_list":["post-3702","post","type-post","status-publish","format-standard","hentry","category-infos-live"],"yoast_head":"<!-- This site is optimized with the Yoast SEO plugin v27.5 - https:\/\/yoast.com\/product\/yoast-seo-wordpress\/ -->\n<title>T\u00c9L\u00c9THON ET PREMI\u00c8RE AU CAPNO &#8226; Com\u00e9dia Laon<\/title>\n<meta name=\"robots\" content=\"index, follow, max-snippet:-1, max-image-preview:large, max-video-preview:-1\" \/>\n<link rel=\"canonical\" href=\"https:\/\/comedialaon.fr\/?p=3702\" \/>\n<meta property=\"og:locale\" content=\"fr_FR\" \/>\n<meta property=\"og:type\" content=\"article\" \/>\n<meta property=\"og:title\" content=\"T\u00c9L\u00c9THON ET PREMI\u00c8RE AU CAPNO &#8226; Com\u00e9dia Laon\" \/>\n<meta property=\"og:description\" content=\"Pour notre derni\u00e8re R\u00e9p\u00e9tition G\u00e9n\u00e9rale au profit du T\u00e9l\u00e9thon, les spectateurs \u00e9taient au rendez-vous. C&rsquo;est sous les applaudissements de plus de cent personnes que les com\u00e9diens ont pu r\u00e9aliser la qualit\u00e9 de la pi\u00e8ce \u201cEsp\u00e8ces menac\u00e9es\u201d, tant les nombreux rires et la joie sur les visages sonnaient comme une r\u00e9compense. Notre ami G\u00e9rard, pour sonLire la suite\" \/>\n<meta property=\"og:url\" content=\"https:\/\/comedialaon.fr\/?p=3702\" \/>\n<meta property=\"og:site_name\" content=\"Com\u00e9dia Laon\" \/>\n<meta property=\"article:publisher\" content=\"https:\/\/www.facebook.com\/profile.php?id=100008459438996\" \/>\n<meta property=\"article:published_time\" content=\"2020-02-19T12:21:10+00:00\" \/>\n<meta property=\"article:modified_time\" content=\"2021-07-20T13:19:10+00:00\" \/>\n<meta property=\"og:image\" content=\"https:\/\/comedialaon.fr\/wp-content\/uploads\/2020\/02\/Mons-9-f\u00e9vrier-2020_105-300x244.jpg\" \/>\n<meta name=\"author\" content=\"Muppet 2\" \/>\n<meta name=\"twitter:label1\" content=\"\u00c9crit par\" \/>\n\t<meta name=\"twitter:data1\" content=\"Muppet 2\" \/>\n\t<meta name=\"twitter:label2\" content=\"Dur\u00e9e de lecture estim\u00e9e\" \/>\n\t<meta name=\"twitter:data2\" content=\"1 minute\" \/>\n<script type=\"application\/ld+json\" class=\"yoast-schema-graph\">{\"@context\":\"https:\\\/\\\/schema.org\",\"@graph\":[{\"@type\":\"Article\",\"@id\":\"https:\\\/\\\/comedialaon.fr\\\/?p=3702#article\",\"isPartOf\":{\"@id\":\"https:\\\/\\\/comedialaon.fr\\\/?p=3702\"},\"author\":{\"name\":\"Muppet 2\",\"@id\":\"https:\\\/\\\/comedialaon.fr\\\/#\\\/schema\\\/person\\\/b5fa2097d9c2df39b18b24eb09a90f30\"},\"headline\":\"T\u00c9L\u00c9THON ET PREMI\u00c8RE AU CAPNO\",\"datePublished\":\"2020-02-19T12:21:10+00:00\",\"dateModified\":\"2021-07-20T13:19:10+00:00\",\"mainEntityOfPage\":{\"@id\":\"https:\\\/\\\/comedialaon.fr\\\/?p=3702\"},\"wordCount\":231,\"publisher\":{\"@id\":\"https:\\\/\\\/comedialaon.fr\\\/#organization\"},\"articleSection\":[\"Infos LIVE\"],\"inLanguage\":\"fr-FR\"},{\"@type\":\"WebPage\",\"@id\":\"https:\\\/\\\/comedialaon.fr\\\/?p=3702\",\"url\":\"https:\\\/\\\/comedialaon.fr\\\/?p=3702\",\"name\":\"T\u00c9L\u00c9THON ET PREMI\u00c8RE AU CAPNO &#8226; Com\u00e9dia Laon\",\"isPartOf\":{\"@id\":\"https:\\\/\\\/comedialaon.fr\\\/#website\"},\"datePublished\":\"2020-02-19T12:21:10+00:00\",\"dateModified\":\"2021-07-20T13:19:10+00:00\",\"breadcrumb\":{\"@id\":\"https:\\\/\\\/comedialaon.fr\\\/?p=3702#breadcrumb\"},\"inLanguage\":\"fr-FR\",\"potentialAction\":[{\"@type\":\"ReadAction\",\"target\":[\"https:\\\/\\\/comedialaon.fr\\\/?p=3702\"]}]},{\"@type\":\"BreadcrumbList\",\"@id\":\"https:\\\/\\\/comedialaon.fr\\\/?p=3702#breadcrumb\",\"itemListElement\":[{\"@type\":\"ListItem\",\"position\":1,\"name\":\"Accueil\",\"item\":\"https:\\\/\\\/comedialaon.fr\\\/\"},{\"@type\":\"ListItem\",\"position\":2,\"name\":\"T\u00c9L\u00c9THON ET PREMI\u00c8RE AU CAPNO\"}]},{\"@type\":\"WebSite\",\"@id\":\"https:\\\/\\\/comedialaon.fr\\\/#website\",\"url\":\"https:\\\/\\\/comedialaon.fr\\\/\",\"name\":\"Com\u00e9dia Laon\",\"description\":\"Prendre et donner du PLAISIR ... !!! ;-)\",\"publisher\":{\"@id\":\"https:\\\/\\\/comedialaon.fr\\\/#organization\"},\"potentialAction\":[{\"@type\":\"SearchAction\",\"target\":{\"@type\":\"EntryPoint\",\"urlTemplate\":\"https:\\\/\\\/comedialaon.fr\\\/?s={search_term_string}\"},\"query-input\":{\"@type\":\"PropertyValueSpecification\",\"valueRequired\":true,\"valueName\":\"search_term_string\"}}],\"inLanguage\":\"fr-FR\"},{\"@type\":\"Organization\",\"@id\":\"https:\\\/\\\/comedialaon.fr\\\/#organization\",\"name\":\"Com\u00e9dia Laon\",\"url\":\"https:\\\/\\\/comedialaon.fr\\\/\",\"logo\":{\"@type\":\"ImageObject\",\"inLanguage\":\"fr-FR\",\"@id\":\"https:\\\/\\\/comedialaon.fr\\\/#\\\/schema\\\/logo\\\/image\\\/\",\"url\":\"https:\\\/\\\/comedialaon.fr\\\/wp-content\\\/uploads\\\/2019\\\/02\\\/LOGO-CL-et-OL.jpg\",\"contentUrl\":\"https:\\\/\\\/comedialaon.fr\\\/wp-content\\\/uploads\\\/2019\\\/02\\\/LOGO-CL-et-OL.jpg\",\"width\":756,\"height\":210,\"caption\":\"Com\u00e9dia Laon\"},\"image\":{\"@id\":\"https:\\\/\\\/comedialaon.fr\\\/#\\\/schema\\\/logo\\\/image\\\/\"},\"sameAs\":[\"https:\\\/\\\/www.facebook.com\\\/profile.php?id=100008459438996\",\"https:\\\/\\\/www.youtube.com\\\/results?search_query=comedia laon\"]},{\"@type\":\"Person\",\"@id\":\"https:\\\/\\\/comedialaon.fr\\\/#\\\/schema\\\/person\\\/b5fa2097d9c2df39b18b24eb09a90f30\",\"name\":\"Muppet 2\",\"image\":{\"@type\":\"ImageObject\",\"inLanguage\":\"fr-FR\",\"@id\":\"https:\\\/\\\/secure.gravatar.com\\\/avatar\\\/8e9847ab3b902434f6deca39973d429601dcdadf46a57d80eec28699158bf63a?s=96&d=mm&r=g\",\"url\":\"https:\\\/\\\/secure.gravatar.com\\\/avatar\\\/8e9847ab3b902434f6deca39973d429601dcdadf46a57d80eec28699158bf63a?s=96&d=mm&r=g\",\"contentUrl\":\"https:\\\/\\\/secure.gravatar.com\\\/avatar\\\/8e9847ab3b902434f6deca39973d429601dcdadf46a57d80eec28699158bf63a?s=96&d=mm&r=g\",\"caption\":\"Muppet 2\"},\"sameAs\":[\"https:\\\/\\\/www.comedialaon.fr\"]}]}<\/script>\n<!-- \/ Yoast SEO plugin. -->","yoast_head_json":{"title":"T\u00c9L\u00c9THON ET PREMI\u00c8RE AU CAPNO &#8226; Com\u00e9dia Laon","robots":{"index":"index","follow":"follow","max-snippet":"max-snippet:-1","max-image-preview":"max-image-preview:large","max-video-preview":"max-video-preview:-1"},"canonical":"https:\/\/comedialaon.fr\/?p=3702","og_locale":"fr_FR","og_type":"article","og_title":"T\u00c9L\u00c9THON ET PREMI\u00c8RE AU CAPNO &#8226; Com\u00e9dia Laon","og_description":"Pour notre derni\u00e8re R\u00e9p\u00e9tition G\u00e9n\u00e9rale au profit du T\u00e9l\u00e9thon, les spectateurs \u00e9taient au rendez-vous. C&rsquo;est sous les applaudissements de plus de cent personnes que les com\u00e9diens ont pu r\u00e9aliser la qualit\u00e9 de la pi\u00e8ce \u201cEsp\u00e8ces menac\u00e9es\u201d, tant les nombreux rires et la joie sur les visages sonnaient comme une r\u00e9compense. Notre ami G\u00e9rard, pour sonLire la suite","og_url":"https:\/\/comedialaon.fr\/?p=3702","og_site_name":"Com\u00e9dia Laon","article_publisher":"https:\/\/www.facebook.com\/profile.php?id=100008459438996","article_published_time":"2020-02-19T12:21:10+00:00","article_modified_time":"2021-07-20T13:19:10+00:00","og_image":[{"url":"https:\/\/comedialaon.fr\/wp-content\/uploads\/2020\/02\/Mons-9-f\u00e9vrier-2020_105-300x244.jpg","type":"","width":"","height":""}],"author":"Muppet 2","twitter_misc":{"\u00c9crit par":"Muppet 2","Dur\u00e9e de lecture estim\u00e9e":"1 minute"},"schema":{"@context":"https:\/\/schema.org","@graph":[{"@type":"Article","@id":"https:\/\/comedialaon.fr\/?p=3702#article","isPartOf":{"@id":"https:\/\/comedialaon.fr\/?p=3702"},"author":{"name":"Muppet 2","@id":"https:\/\/comedialaon.fr\/#\/schema\/person\/b5fa2097d9c2df39b18b24eb09a90f30"},"headline":"T\u00c9L\u00c9THON ET PREMI\u00c8RE AU CAPNO","datePublished":"2020-02-19T12:21:10+00:00","dateModified":"2021-07-20T13:19:10+00:00","mainEntityOfPage":{"@id":"https:\/\/comedialaon.fr\/?p=3702"},"wordCount":231,"publisher":{"@id":"https:\/\/comedialaon.fr\/#organization"},"articleSection":["Infos LIVE"],"inLanguage":"fr-FR"},{"@type":"WebPage","@id":"https:\/\/comedialaon.fr\/?p=3702","url":"https:\/\/comedialaon.fr\/?p=3702","name":"T\u00c9L\u00c9THON ET PREMI\u00c8RE AU CAPNO &#8226; Com\u00e9dia Laon","isPartOf":{"@id":"https:\/\/comedialaon.fr\/#website"},"datePublished":"2020-02-19T12:21:10+00:00","dateModified":"2021-07-20T13:19:10+00:00","breadcrumb":{"@id":"https:\/\/comedialaon.fr\/?p=3702#breadcrumb"},"inLanguage":"fr-FR","potentialAction":[{"@type":"ReadAction","target":["https:\/\/comedialaon.fr\/?p=3702"]}]},{"@type":"BreadcrumbList","@id":"https:\/\/comedialaon.fr\/?p=3702#breadcrumb","itemListElement":[{"@type":"ListItem","position":1,"name":"Accueil","item":"https:\/\/comedialaon.fr\/"},{"@type":"ListItem","position":2,"name":"T\u00c9L\u00c9THON ET PREMI\u00c8RE AU CAPNO"}]},{"@type":"WebSite","@id":"https:\/\/comedialaon.fr\/#website","url":"https:\/\/comedialaon.fr\/","name":"Com\u00e9dia Laon","description":"Prendre et donner du PLAISIR ... !!! ;-)","publisher":{"@id":"https:\/\/comedialaon.fr\/#organization"},"potentialAction":[{"@type":"SearchAction","target":{"@type":"EntryPoint","urlTemplate":"https:\/\/comedialaon.fr\/?s={search_term_string}"},"query-input":{"@type":"PropertyValueSpecification","valueRequired":true,"valueName":"search_term_string"}}],"inLanguage":"fr-FR"},{"@type":"Organization","@id":"https:\/\/comedialaon.fr\/#organization","name":"Com\u00e9dia Laon","url":"https:\/\/comedialaon.fr\/","logo":{"@type":"ImageObject","inLanguage":"fr-FR","@id":"https:\/\/comedialaon.fr\/#\/schema\/logo\/image\/","url":"https:\/\/comedialaon.fr\/wp-content\/uploads\/2019\/02\/LOGO-CL-et-OL.jpg","contentUrl":"https:\/\/comedialaon.fr\/wp-content\/uploads\/2019\/02\/LOGO-CL-et-OL.jpg","width":756,"height":210,"caption":"Com\u00e9dia Laon"},"image":{"@id":"https:\/\/comedialaon.fr\/#\/schema\/logo\/image\/"},"sameAs":["https:\/\/www.facebook.com\/profile.php?id=100008459438996","https:\/\/www.youtube.com\/results?search_query=comedia laon"]},{"@type":"Person","@id":"https:\/\/comedialaon.fr\/#\/schema\/person\/b5fa2097d9c2df39b18b24eb09a90f30","name":"Muppet 2","image":{"@type":"ImageObject","inLanguage":"fr-FR","@id":"https:\/\/secure.gravatar.com\/avatar\/8e9847ab3b902434f6deca39973d429601dcdadf46a57d80eec28699158bf63a?s=96&d=mm&r=g","url":"https:\/\/secure.gravatar.com\/avatar\/8e9847ab3b902434f6deca39973d429601dcdadf46a57d80eec28699158bf63a?s=96&d=mm&r=g","contentUrl":"https:\/\/secure.gravatar.com\/avatar\/8e9847ab3b902434f6deca39973d429601dcdadf46a57d80eec28699158bf63a?s=96&d=mm&r=g","caption":"Muppet 2"},"sameAs":["https:\/\/www.comedialaon.fr"]}]}},"_links":{"self":[{"href":"https:\/\/comedialaon.fr\/index.php?rest_route=\/wp\/v2\/posts\/3702","targetHints":{"allow":["GET"]}}],"collection":[{"href":"https:\/\/comedialaon.fr\/index.php?rest_route=\/wp\/v2\/posts"}],"about":[{"href":"https:\/\/comedialaon.fr\/index.php?rest_route=\/wp\/v2\/types\/post"}],"author":[{"embeddable":true,"href":"https:\/\/comedialaon.fr\/index.php?rest_route=\/wp\/v2\/users\/1"}],"replies":[{"embeddable":true,"href":"https:\/\/comedialaon.fr\/index.php?rest_route=%2Fwp%2Fv2%2Fcomments&post=3702"}],"version-history":[{"count":15,"href":"https:\/\/comedialaon.fr\/index.php?rest_route=\/wp\/v2\/posts\/3702\/revisions"}],"predecessor-version":[{"id":3861,"href":"https:\/\/comedialaon.fr\/index.php?rest_route=\/wp\/v2\/posts\/3702\/revisions\/3861"}],"wp:attachment":[{"href":"https:\/\/comedialaon.fr\/index.php?rest_route=%2Fwp%2Fv2%2Fmedia&parent=3702"}],"wp:term":[{"taxonomy":"category","embeddable":true,"href":"https:\/\/comedialaon.fr\/index.php?rest_route=%2Fwp%2Fv2%2Fcategories&post=3702"},{"taxonomy":"post_tag","embeddable":true,"href":"https:\/\/comedialaon.fr\/index.php?rest_route=%2Fwp%2Fv2%2Ftags&post=3702"}],"curies":[{"name":"wp","href":"https:\/\/api.w.org\/{rel}","templated":true}]}}