{"id":3434,"date":"2019-10-01T11:11:42","date_gmt":"2019-10-01T09:11:42","guid":{"rendered":"https:\/\/comedialaon.fr\/?p=3434"},"modified":"2021-08-10T14:03:59","modified_gmt":"2021-08-10T12:03:59","slug":"saison-2020-cest-parti","status":"publish","type":"post","link":"https:\/\/comedialaon.fr\/?p=3434","title":{"rendered":"SAISON 2020 : C&rsquo;EST PARTI !!!"},"content":{"rendered":"<div id=\"attachment_3441\" style=\"width: 222px\" class=\"wp-caption alignleft\"><a href=\"https:\/\/comedialaon.fr\/wp-content\/uploads\/2019\/09\/Affiche-Esp\u00e8ces-Menac\u00e9es-MAL-27-03-2020.jpg\"><img loading=\"lazy\" decoding=\"async\" aria-describedby=\"caption-attachment-3441\" src=\"https:\/\/comedialaon.fr\/wp-content\/uploads\/2019\/09\/Affiche-Esp\u00e8ces-Menac\u00e9es-MAL-27-03-2020-212x300.jpg\" alt=\"\" width=\"212\" height=\"300\" class=\"size-medium wp-image-3441\" srcset=\"https:\/\/comedialaon.fr\/wp-content\/uploads\/2019\/09\/Affiche-Esp\u00e8ces-Menac\u00e9es-MAL-27-03-2020-212x300.jpg 212w, https:\/\/comedialaon.fr\/wp-content\/uploads\/2019\/09\/Affiche-Esp\u00e8ces-Menac\u00e9es-MAL-27-03-2020-768x1086.jpg 768w, https:\/\/comedialaon.fr\/wp-content\/uploads\/2019\/09\/Affiche-Esp\u00e8ces-Menac\u00e9es-MAL-27-03-2020-724x1024.jpg 724w, https:\/\/comedialaon.fr\/wp-content\/uploads\/2019\/09\/Affiche-Esp\u00e8ces-Menac\u00e9es-MAL-27-03-2020.jpg 794w\" sizes=\"auto, (max-width: 212px) 100vw, 212px\" \/><\/a><p id=\"caption-attachment-3441\" class=\"wp-caption-text\">Esp\u00e8ces Menac\u00e9es le 27 mars 2020 \u00e0 la Maison des Arts et Loisirs de LAON<\/p><\/div>\n<p>En ce 30 septembre 2019, c&rsquo;est la premi\u00e8re r\u00e9p\u00e9tition de notre prochaine pi\u00e8ce. Gr\u00e2ce \u00e0 Olivier LEJEUNE, nous avons l&rsquo;autorisation de jouer <a href=\"https:\/\/comedialaon.fr\/?page_id=2820\" title=\"\u201cESP\u00c8CES MENAC\u00c9ES\u201d\">\u201cESP\u00c8CES MENAC\u00c9ES\u201d<\/a> une com\u00e9die de Ray COONEY.<\/p>\n<p><u> En primeur, voici deux premi\u00e8res dates \u00e0 noter sur votre calendrier<\/u> :<\/p>\n<p>Le dimanche 9 f\u00e9vrier 2020 \u00e0 15H00 \u00e0 MONS EN LAONNOIS : nous sommes invit\u00e9 par notre ami G\u00e9rard pour une r\u00e9p\u00e9tition g\u00e9n\u00e9rale au profit du T\u00e9l\u00e9thon.<\/p>\n<p>Le vendredi 27 mars 2020 \u00e0 20H30 \u00e0 la Maison des Arts et Loisirs de LAON ( attention cette ann\u00e9e ce n&rsquo;est pas au mois de mai &#8230; \ud83d\ude09 ).<\/p>\n<p><a href=\"https:\/\/comedialaon.fr\/?page_id=3456\" title=\"Nos dates de repr\u00e9sentations pour 2020\"> Nos dates de repr\u00e9sentations pour 2020<\/a><\/p>\n<p> <u>Petite info sur la troupe Montloon Compagnie <\/u> : Le journal l&rsquo;Union a publi\u00e9 <a href=\" https:\/\/comedialaon.fr\/?attachment_id=3515 \" title=\"un article\">un article<\/a> le 29 octobre 2019 et vous trouverez quelques photos <a href=\" https:\/\/comedialaon.fr\/?attachment_id=4678 \" title=\"ici\">ici<\/a>.<\/p>\n<p><u>Pour les amateurs de Th\u00e9\u00e2tre <\/u> : Ne manquer pas <a href=\" https:\/\/comedialaon.fr\/?attachment_id=4880 \" title=\"\u201cJ'ai envie de toi\u201d\">\u201cJ&rsquo;ai envie de toi\u201d<\/a> de S\u00e9bastien CASTRO au Th\u00e9\u00e2tre Fontaine \u00e0 Paris. Toute la troupe a pu voir cette pi\u00e8ce magnifique et remarquablement \u00e9crite. Nous avons retrouv\u00e9 sur place notre parrain Olivier LEJEUNE qui nous a pr\u00e9sent\u00e9 l&rsquo;auteur. Merci \u00e0 S\u00e9bastien d&rsquo;avoir pris sur son temps pour \u00e9changer avec nous sur la pi\u00e8ce.<\/p>\n","protected":false},"excerpt":{"rendered":"<p>En ce 30 septembre 2019, c&rsquo;est la premi\u00e8re r\u00e9p\u00e9tition de notre prochaine pi\u00e8ce. Gr\u00e2ce \u00e0 Olivier LEJEUNE, nous avons l&rsquo;autorisation de jouer \u201cESP\u00c8CES MENAC\u00c9ES\u201d une com\u00e9die de Ray COONEY. En primeur, voici deux premi\u00e8res dates \u00e0 noter sur votre calendrier : Le dimanche 9 f\u00e9vrier 2020 \u00e0 15H00 \u00e0 MONS EN LAONNOIS : nous sommes<\/p>\n<p><a class=\"excerpt-more blog-excerpt\" href=\"https:\/\/comedialaon.fr\/?p=3434\">Lire la suite<\/a><\/p>\n","protected":false},"author":1,"featured_media":0,"comment_status":"closed","ping_status":"open","sticky":false,"template":"","format":"standard","meta":{"footnotes":""},"categories":[11],"tags":[],"class_list":["post-3434","post","type-post","status-publish","format-standard","hentry","category-infos-live"],"yoast_head":"<!-- This site is optimized with the Yoast SEO plugin v27.5 - https:\/\/yoast.com\/product\/yoast-seo-wordpress\/ -->\n<title>SAISON 2020 : C&#039;EST PARTI !!! &#8226; Com\u00e9dia Laon<\/title>\n<meta name=\"robots\" content=\"index, follow, max-snippet:-1, max-image-preview:large, max-video-preview:-1\" \/>\n<link rel=\"canonical\" href=\"https:\/\/comedialaon.fr\/?p=3434\" \/>\n<meta property=\"og:locale\" content=\"fr_FR\" \/>\n<meta property=\"og:type\" content=\"article\" \/>\n<meta property=\"og:title\" content=\"SAISON 2020 : C&#039;EST PARTI !!! &#8226; Com\u00e9dia Laon\" \/>\n<meta property=\"og:description\" content=\"En ce 30 septembre 2019, c&rsquo;est la premi\u00e8re r\u00e9p\u00e9tition de notre prochaine pi\u00e8ce. Gr\u00e2ce \u00e0 Olivier LEJEUNE, nous avons l&rsquo;autorisation de jouer \u201cESP\u00c8CES MENAC\u00c9ES\u201d une com\u00e9die de Ray COONEY. En primeur, voici deux premi\u00e8res dates \u00e0 noter sur votre calendrier : Le dimanche 9 f\u00e9vrier 2020 \u00e0 15H00 \u00e0 MONS EN LAONNOIS : nous sommesLire la suite\" \/>\n<meta property=\"og:url\" content=\"https:\/\/comedialaon.fr\/?p=3434\" \/>\n<meta property=\"og:site_name\" content=\"Com\u00e9dia Laon\" \/>\n<meta property=\"article:publisher\" content=\"https:\/\/www.facebook.com\/profile.php?id=100008459438996\" \/>\n<meta property=\"article:published_time\" content=\"2019-10-01T09:11:42+00:00\" \/>\n<meta property=\"article:modified_time\" content=\"2021-08-10T12:03:59+00:00\" \/>\n<meta property=\"og:image\" content=\"https:\/\/comedialaon.fr\/wp-content\/uploads\/2019\/09\/Affiche-Esp\u00e8ces-Menac\u00e9es-MAL-27-03-2020-212x300.jpg\" \/>\n<meta name=\"author\" content=\"Muppet 2\" \/>\n<meta name=\"twitter:label1\" content=\"\u00c9crit par\" \/>\n\t<meta name=\"twitter:data1\" content=\"Muppet 2\" \/>\n\t<meta name=\"twitter:label2\" content=\"Dur\u00e9e de lecture estim\u00e9e\" \/>\n\t<meta name=\"twitter:data2\" content=\"1 minute\" \/>\n<script type=\"application\/ld+json\" class=\"yoast-schema-graph\">{\"@context\":\"https:\\\/\\\/schema.org\",\"@graph\":[{\"@type\":\"Article\",\"@id\":\"https:\\\/\\\/comedialaon.fr\\\/?p=3434#article\",\"isPartOf\":{\"@id\":\"https:\\\/\\\/comedialaon.fr\\\/?p=3434\"},\"author\":{\"name\":\"Muppet 2\",\"@id\":\"https:\\\/\\\/comedialaon.fr\\\/#\\\/schema\\\/person\\\/b5fa2097d9c2df39b18b24eb09a90f30\"},\"headline\":\"SAISON 2020 : C&rsquo;EST PARTI !!!\",\"datePublished\":\"2019-10-01T09:11:42+00:00\",\"dateModified\":\"2021-08-10T12:03:59+00:00\",\"mainEntityOfPage\":{\"@id\":\"https:\\\/\\\/comedialaon.fr\\\/?p=3434\"},\"wordCount\":225,\"publisher\":{\"@id\":\"https:\\\/\\\/comedialaon.fr\\\/#organization\"},\"articleSection\":[\"Infos LIVE\"],\"inLanguage\":\"fr-FR\"},{\"@type\":\"WebPage\",\"@id\":\"https:\\\/\\\/comedialaon.fr\\\/?p=3434\",\"url\":\"https:\\\/\\\/comedialaon.fr\\\/?p=3434\",\"name\":\"SAISON 2020 : C'EST PARTI !!! &#8226; Com\u00e9dia Laon\",\"isPartOf\":{\"@id\":\"https:\\\/\\\/comedialaon.fr\\\/#website\"},\"datePublished\":\"2019-10-01T09:11:42+00:00\",\"dateModified\":\"2021-08-10T12:03:59+00:00\",\"breadcrumb\":{\"@id\":\"https:\\\/\\\/comedialaon.fr\\\/?p=3434#breadcrumb\"},\"inLanguage\":\"fr-FR\",\"potentialAction\":[{\"@type\":\"ReadAction\",\"target\":[\"https:\\\/\\\/comedialaon.fr\\\/?p=3434\"]}]},{\"@type\":\"BreadcrumbList\",\"@id\":\"https:\\\/\\\/comedialaon.fr\\\/?p=3434#breadcrumb\",\"itemListElement\":[{\"@type\":\"ListItem\",\"position\":1,\"name\":\"Accueil\",\"item\":\"https:\\\/\\\/comedialaon.fr\\\/\"},{\"@type\":\"ListItem\",\"position\":2,\"name\":\"SAISON 2020 : C&rsquo;EST PARTI !!!\"}]},{\"@type\":\"WebSite\",\"@id\":\"https:\\\/\\\/comedialaon.fr\\\/#website\",\"url\":\"https:\\\/\\\/comedialaon.fr\\\/\",\"name\":\"Com\u00e9dia Laon\",\"description\":\"Prendre et donner du PLAISIR ... !!! ;-)\",\"publisher\":{\"@id\":\"https:\\\/\\\/comedialaon.fr\\\/#organization\"},\"potentialAction\":[{\"@type\":\"SearchAction\",\"target\":{\"@type\":\"EntryPoint\",\"urlTemplate\":\"https:\\\/\\\/comedialaon.fr\\\/?s={search_term_string}\"},\"query-input\":{\"@type\":\"PropertyValueSpecification\",\"valueRequired\":true,\"valueName\":\"search_term_string\"}}],\"inLanguage\":\"fr-FR\"},{\"@type\":\"Organization\",\"@id\":\"https:\\\/\\\/comedialaon.fr\\\/#organization\",\"name\":\"Com\u00e9dia Laon\",\"url\":\"https:\\\/\\\/comedialaon.fr\\\/\",\"logo\":{\"@type\":\"ImageObject\",\"inLanguage\":\"fr-FR\",\"@id\":\"https:\\\/\\\/comedialaon.fr\\\/#\\\/schema\\\/logo\\\/image\\\/\",\"url\":\"https:\\\/\\\/comedialaon.fr\\\/wp-content\\\/uploads\\\/2019\\\/02\\\/LOGO-CL-et-OL.jpg\",\"contentUrl\":\"https:\\\/\\\/comedialaon.fr\\\/wp-content\\\/uploads\\\/2019\\\/02\\\/LOGO-CL-et-OL.jpg\",\"width\":756,\"height\":210,\"caption\":\"Com\u00e9dia Laon\"},\"image\":{\"@id\":\"https:\\\/\\\/comedialaon.fr\\\/#\\\/schema\\\/logo\\\/image\\\/\"},\"sameAs\":[\"https:\\\/\\\/www.facebook.com\\\/profile.php?id=100008459438996\",\"https:\\\/\\\/www.youtube.com\\\/results?search_query=comedia laon\"]},{\"@type\":\"Person\",\"@id\":\"https:\\\/\\\/comedialaon.fr\\\/#\\\/schema\\\/person\\\/b5fa2097d9c2df39b18b24eb09a90f30\",\"name\":\"Muppet 2\",\"image\":{\"@type\":\"ImageObject\",\"inLanguage\":\"fr-FR\",\"@id\":\"https:\\\/\\\/secure.gravatar.com\\\/avatar\\\/8e9847ab3b902434f6deca39973d429601dcdadf46a57d80eec28699158bf63a?s=96&d=mm&r=g\",\"url\":\"https:\\\/\\\/secure.gravatar.com\\\/avatar\\\/8e9847ab3b902434f6deca39973d429601dcdadf46a57d80eec28699158bf63a?s=96&d=mm&r=g\",\"contentUrl\":\"https:\\\/\\\/secure.gravatar.com\\\/avatar\\\/8e9847ab3b902434f6deca39973d429601dcdadf46a57d80eec28699158bf63a?s=96&d=mm&r=g\",\"caption\":\"Muppet 2\"},\"sameAs\":[\"https:\\\/\\\/www.comedialaon.fr\"]}]}<\/script>\n<!-- \/ Yoast SEO plugin. -->","yoast_head_json":{"title":"SAISON 2020 : C'EST PARTI !!! &#8226; Com\u00e9dia Laon","robots":{"index":"index","follow":"follow","max-snippet":"max-snippet:-1","max-image-preview":"max-image-preview:large","max-video-preview":"max-video-preview:-1"},"canonical":"https:\/\/comedialaon.fr\/?p=3434","og_locale":"fr_FR","og_type":"article","og_title":"SAISON 2020 : C'EST PARTI !!! &#8226; Com\u00e9dia Laon","og_description":"En ce 30 septembre 2019, c&rsquo;est la premi\u00e8re r\u00e9p\u00e9tition de notre prochaine pi\u00e8ce. Gr\u00e2ce \u00e0 Olivier LEJEUNE, nous avons l&rsquo;autorisation de jouer \u201cESP\u00c8CES MENAC\u00c9ES\u201d une com\u00e9die de Ray COONEY. En primeur, voici deux premi\u00e8res dates \u00e0 noter sur votre calendrier : Le dimanche 9 f\u00e9vrier 2020 \u00e0 15H00 \u00e0 MONS EN LAONNOIS : nous sommesLire la suite","og_url":"https:\/\/comedialaon.fr\/?p=3434","og_site_name":"Com\u00e9dia Laon","article_publisher":"https:\/\/www.facebook.com\/profile.php?id=100008459438996","article_published_time":"2019-10-01T09:11:42+00:00","article_modified_time":"2021-08-10T12:03:59+00:00","og_image":[{"url":"https:\/\/comedialaon.fr\/wp-content\/uploads\/2019\/09\/Affiche-Esp\u00e8ces-Menac\u00e9es-MAL-27-03-2020-212x300.jpg","type":"","width":"","height":""}],"author":"Muppet 2","twitter_misc":{"\u00c9crit par":"Muppet 2","Dur\u00e9e de lecture estim\u00e9e":"1 minute"},"schema":{"@context":"https:\/\/schema.org","@graph":[{"@type":"Article","@id":"https:\/\/comedialaon.fr\/?p=3434#article","isPartOf":{"@id":"https:\/\/comedialaon.fr\/?p=3434"},"author":{"name":"Muppet 2","@id":"https:\/\/comedialaon.fr\/#\/schema\/person\/b5fa2097d9c2df39b18b24eb09a90f30"},"headline":"SAISON 2020 : C&rsquo;EST PARTI !!!","datePublished":"2019-10-01T09:11:42+00:00","dateModified":"2021-08-10T12:03:59+00:00","mainEntityOfPage":{"@id":"https:\/\/comedialaon.fr\/?p=3434"},"wordCount":225,"publisher":{"@id":"https:\/\/comedialaon.fr\/#organization"},"articleSection":["Infos LIVE"],"inLanguage":"fr-FR"},{"@type":"WebPage","@id":"https:\/\/comedialaon.fr\/?p=3434","url":"https:\/\/comedialaon.fr\/?p=3434","name":"SAISON 2020 : C'EST PARTI !!! &#8226; Com\u00e9dia Laon","isPartOf":{"@id":"https:\/\/comedialaon.fr\/#website"},"datePublished":"2019-10-01T09:11:42+00:00","dateModified":"2021-08-10T12:03:59+00:00","breadcrumb":{"@id":"https:\/\/comedialaon.fr\/?p=3434#breadcrumb"},"inLanguage":"fr-FR","potentialAction":[{"@type":"ReadAction","target":["https:\/\/comedialaon.fr\/?p=3434"]}]},{"@type":"BreadcrumbList","@id":"https:\/\/comedialaon.fr\/?p=3434#breadcrumb","itemListElement":[{"@type":"ListItem","position":1,"name":"Accueil","item":"https:\/\/comedialaon.fr\/"},{"@type":"ListItem","position":2,"name":"SAISON 2020 : C&rsquo;EST PARTI !!!"}]},{"@type":"WebSite","@id":"https:\/\/comedialaon.fr\/#website","url":"https:\/\/comedialaon.fr\/","name":"Com\u00e9dia Laon","description":"Prendre et donner du PLAISIR ... !!! ;-)","publisher":{"@id":"https:\/\/comedialaon.fr\/#organization"},"potentialAction":[{"@type":"SearchAction","target":{"@type":"EntryPoint","urlTemplate":"https:\/\/comedialaon.fr\/?s={search_term_string}"},"query-input":{"@type":"PropertyValueSpecification","valueRequired":true,"valueName":"search_term_string"}}],"inLanguage":"fr-FR"},{"@type":"Organization","@id":"https:\/\/comedialaon.fr\/#organization","name":"Com\u00e9dia Laon","url":"https:\/\/comedialaon.fr\/","logo":{"@type":"ImageObject","inLanguage":"fr-FR","@id":"https:\/\/comedialaon.fr\/#\/schema\/logo\/image\/","url":"https:\/\/comedialaon.fr\/wp-content\/uploads\/2019\/02\/LOGO-CL-et-OL.jpg","contentUrl":"https:\/\/comedialaon.fr\/wp-content\/uploads\/2019\/02\/LOGO-CL-et-OL.jpg","width":756,"height":210,"caption":"Com\u00e9dia Laon"},"image":{"@id":"https:\/\/comedialaon.fr\/#\/schema\/logo\/image\/"},"sameAs":["https:\/\/www.facebook.com\/profile.php?id=100008459438996","https:\/\/www.youtube.com\/results?search_query=comedia laon"]},{"@type":"Person","@id":"https:\/\/comedialaon.fr\/#\/schema\/person\/b5fa2097d9c2df39b18b24eb09a90f30","name":"Muppet 2","image":{"@type":"ImageObject","inLanguage":"fr-FR","@id":"https:\/\/secure.gravatar.com\/avatar\/8e9847ab3b902434f6deca39973d429601dcdadf46a57d80eec28699158bf63a?s=96&d=mm&r=g","url":"https:\/\/secure.gravatar.com\/avatar\/8e9847ab3b902434f6deca39973d429601dcdadf46a57d80eec28699158bf63a?s=96&d=mm&r=g","contentUrl":"https:\/\/secure.gravatar.com\/avatar\/8e9847ab3b902434f6deca39973d429601dcdadf46a57d80eec28699158bf63a?s=96&d=mm&r=g","caption":"Muppet 2"},"sameAs":["https:\/\/www.comedialaon.fr"]}]}},"_links":{"self":[{"href":"https:\/\/comedialaon.fr\/index.php?rest_route=\/wp\/v2\/posts\/3434","targetHints":{"allow":["GET"]}}],"collection":[{"href":"https:\/\/comedialaon.fr\/index.php?rest_route=\/wp\/v2\/posts"}],"about":[{"href":"https:\/\/comedialaon.fr\/index.php?rest_route=\/wp\/v2\/types\/post"}],"author":[{"embeddable":true,"href":"https:\/\/comedialaon.fr\/index.php?rest_route=\/wp\/v2\/users\/1"}],"replies":[{"embeddable":true,"href":"https:\/\/comedialaon.fr\/index.php?rest_route=%2Fwp%2Fv2%2Fcomments&post=3434"}],"version-history":[{"count":18,"href":"https:\/\/comedialaon.fr\/index.php?rest_route=\/wp\/v2\/posts\/3434\/revisions"}],"predecessor-version":[{"id":3501,"href":"https:\/\/comedialaon.fr\/index.php?rest_route=\/wp\/v2\/posts\/3434\/revisions\/3501"}],"wp:attachment":[{"href":"https:\/\/comedialaon.fr\/index.php?rest_route=%2Fwp%2Fv2%2Fmedia&parent=3434"}],"wp:term":[{"taxonomy":"category","embeddable":true,"href":"https:\/\/comedialaon.fr\/index.php?rest_route=%2Fwp%2Fv2%2Fcategories&post=3434"},{"taxonomy":"post_tag","embeddable":true,"href":"https:\/\/comedialaon.fr\/index.php?rest_route=%2Fwp%2Fv2%2Ftags&post=3434"}],"curies":[{"name":"wp","href":"https:\/\/api.w.org\/{rel}","templated":true}]}}