{"id":3403,"date":"2019-06-13T16:55:06","date_gmt":"2019-06-13T14:55:06","guid":{"rendered":"https:\/\/comedialaon.fr\/?p=3403"},"modified":"2019-06-13T16:55:06","modified_gmt":"2019-06-13T14:55:06","slug":"notre-assemblee-generale","status":"publish","type":"post","link":"https:\/\/comedialaon.fr\/?p=3403","title":{"rendered":"NOTRE ASSEMBL\u00c9E G\u00c9N\u00c9RALE"},"content":{"rendered":"<div id=\"attachment_3419\" style=\"width: 310px\" class=\"wp-caption alignleft\"><a href=\"https:\/\/comedialaon.fr\/wp-content\/uploads\/2019\/06\/Photo-pour-article-site-internet.jpg\"><img loading=\"lazy\" decoding=\"async\" aria-describedby=\"caption-attachment-3419\" src=\"https:\/\/comedialaon.fr\/wp-content\/uploads\/2019\/06\/Photo-pour-article-site-internet-300x140.jpg\" alt=\"\" width=\"300\" height=\"140\" class=\"size-medium wp-image-3419\" srcset=\"https:\/\/comedialaon.fr\/wp-content\/uploads\/2019\/06\/Photo-pour-article-site-internet-300x140.jpg 300w, https:\/\/comedialaon.fr\/wp-content\/uploads\/2019\/06\/Photo-pour-article-site-internet-768x359.jpg 768w, https:\/\/comedialaon.fr\/wp-content\/uploads\/2019\/06\/Photo-pour-article-site-internet-1024x479.jpg 1024w, https:\/\/comedialaon.fr\/wp-content\/uploads\/2019\/06\/Photo-pour-article-site-internet.jpg 1213w\" sizes=\"auto, (max-width: 300px) 100vw, 300px\" \/><\/a><p id=\"caption-attachment-3419\" class=\"wp-caption-text\">Assembl\u00e9e G\u00e9n\u00e9rale du 7 juin 2019<\/p><\/div>\n<p>Notre Assembl\u00e9e G\u00e9n\u00e9rale a eu lieu le vendredi 7 juin 2019. Christian, notre Pr\u00e9sident \u00e9tait ravi de nous accueillir dans nos nouveaux locaux. Le bilan de notre saison avec les repr\u00e9sentations de la \u00ab\u00a0Symphonie des faux culs\u00a0\u00bb est excellent, puisque 1100 spectateurs sont venus appr\u00e9cier cette magnifique pi\u00e8ce.<\/p>\n<p>Le journal l&rsquo;Union a publi\u00e9 <a href=\" https:\/\/comedialaon.fr\/?attachment_id=3406 \" title=\"un article\">un article<\/a> le 11 juin 2019.<\/p>\n<p>Pour 2020, nous avons l&rsquo;autorisation de jouer la pi\u00e8ce <a href=\"https:\/\/comedialaon.fr\/?page_id=2820\" title=\"\u201cESP\u00c8CES MENAC\u00c9ES\u201d\">\u201cESP\u00c8CES MENAC\u00c9ES\u201d<\/a>de Ray COONEY : L&rsquo;\u00e9change malencontreux d&rsquo;une sacoche, l&rsquo;arriv\u00e9e d\u2019un couple d\u2019amis inopportuns, d\u2019un policier douteux, d\u2019un commissaire tatillon, d\u2019un chauffeur de taxi irascible, et d\u2019un tueur vous feront d\u00e9couvrir une histoire hilarante et rocambolesque.<\/p>\n<p>Profitez bien des vacances &#8230;   <\/p>\n","protected":false},"excerpt":{"rendered":"<p>Notre Assembl\u00e9e G\u00e9n\u00e9rale a eu lieu le vendredi 7 juin 2019. Christian, notre Pr\u00e9sident \u00e9tait ravi de nous accueillir dans nos nouveaux locaux. Le bilan de notre saison avec les repr\u00e9sentations de la \u00ab\u00a0Symphonie des faux culs\u00a0\u00bb est excellent, puisque 1100 spectateurs sont venus appr\u00e9cier cette magnifique pi\u00e8ce. Le journal l&rsquo;Union a publi\u00e9 un article<\/p>\n<p><a class=\"excerpt-more blog-excerpt\" href=\"https:\/\/comedialaon.fr\/?p=3403\">Lire la suite<\/a><\/p>\n","protected":false},"author":1,"featured_media":0,"comment_status":"closed","ping_status":"open","sticky":false,"template":"","format":"standard","meta":{"footnotes":""},"categories":[11],"tags":[],"class_list":["post-3403","post","type-post","status-publish","format-standard","hentry","category-infos-live"],"yoast_head":"<!-- This site is optimized with the Yoast SEO plugin v27.5 - https:\/\/yoast.com\/product\/yoast-seo-wordpress\/ -->\n<title>NOTRE ASSEMBL\u00c9E G\u00c9N\u00c9RALE &#8226; Com\u00e9dia Laon<\/title>\n<meta name=\"robots\" content=\"index, follow, max-snippet:-1, max-image-preview:large, max-video-preview:-1\" \/>\n<link rel=\"canonical\" href=\"https:\/\/comedialaon.fr\/?p=3403\" \/>\n<meta property=\"og:locale\" content=\"fr_FR\" \/>\n<meta property=\"og:type\" content=\"article\" \/>\n<meta property=\"og:title\" content=\"NOTRE ASSEMBL\u00c9E G\u00c9N\u00c9RALE &#8226; Com\u00e9dia Laon\" \/>\n<meta property=\"og:description\" content=\"Notre Assembl\u00e9e G\u00e9n\u00e9rale a eu lieu le vendredi 7 juin 2019. Christian, notre Pr\u00e9sident \u00e9tait ravi de nous accueillir dans nos nouveaux locaux. Le bilan de notre saison avec les repr\u00e9sentations de la \u00ab\u00a0Symphonie des faux culs\u00a0\u00bb est excellent, puisque 1100 spectateurs sont venus appr\u00e9cier cette magnifique pi\u00e8ce. Le journal l&rsquo;Union a publi\u00e9 un articleLire la suite\" \/>\n<meta property=\"og:url\" content=\"https:\/\/comedialaon.fr\/?p=3403\" \/>\n<meta property=\"og:site_name\" content=\"Com\u00e9dia Laon\" \/>\n<meta property=\"article:publisher\" content=\"https:\/\/www.facebook.com\/profile.php?id=100008459438996\" \/>\n<meta property=\"article:published_time\" content=\"2019-06-13T14:55:06+00:00\" \/>\n<meta property=\"og:image\" content=\"https:\/\/comedialaon.fr\/wp-content\/uploads\/2019\/06\/Photo-pour-article-site-internet-300x140.jpg\" \/>\n<meta name=\"author\" content=\"Muppet 2\" \/>\n<meta name=\"twitter:label1\" content=\"\u00c9crit par\" \/>\n\t<meta name=\"twitter:data1\" content=\"Muppet 2\" \/>\n\t<meta name=\"twitter:label2\" content=\"Dur\u00e9e de lecture estim\u00e9e\" \/>\n\t<meta name=\"twitter:data2\" content=\"1 minute\" \/>\n<script type=\"application\/ld+json\" class=\"yoast-schema-graph\">{\"@context\":\"https:\\\/\\\/schema.org\",\"@graph\":[{\"@type\":\"Article\",\"@id\":\"https:\\\/\\\/comedialaon.fr\\\/?p=3403#article\",\"isPartOf\":{\"@id\":\"https:\\\/\\\/comedialaon.fr\\\/?p=3403\"},\"author\":{\"name\":\"Muppet 2\",\"@id\":\"https:\\\/\\\/comedialaon.fr\\\/#\\\/schema\\\/person\\\/b5fa2097d9c2df39b18b24eb09a90f30\"},\"headline\":\"NOTRE ASSEMBL\u00c9E G\u00c9N\u00c9RALE\",\"datePublished\":\"2019-06-13T14:55:06+00:00\",\"mainEntityOfPage\":{\"@id\":\"https:\\\/\\\/comedialaon.fr\\\/?p=3403\"},\"wordCount\":145,\"publisher\":{\"@id\":\"https:\\\/\\\/comedialaon.fr\\\/#organization\"},\"image\":{\"@id\":\"https:\\\/\\\/comedialaon.fr\\\/?p=3403#primaryimage\"},\"thumbnailUrl\":\"https:\\\/\\\/comedialaon.fr\\\/wp-content\\\/uploads\\\/2019\\\/06\\\/Photo-pour-article-site-internet-300x140.jpg\",\"articleSection\":[\"Infos LIVE\"],\"inLanguage\":\"fr-FR\"},{\"@type\":\"WebPage\",\"@id\":\"https:\\\/\\\/comedialaon.fr\\\/?p=3403\",\"url\":\"https:\\\/\\\/comedialaon.fr\\\/?p=3403\",\"name\":\"NOTRE ASSEMBL\u00c9E G\u00c9N\u00c9RALE &#8226; Com\u00e9dia Laon\",\"isPartOf\":{\"@id\":\"https:\\\/\\\/comedialaon.fr\\\/#website\"},\"primaryImageOfPage\":{\"@id\":\"https:\\\/\\\/comedialaon.fr\\\/?p=3403#primaryimage\"},\"image\":{\"@id\":\"https:\\\/\\\/comedialaon.fr\\\/?p=3403#primaryimage\"},\"thumbnailUrl\":\"https:\\\/\\\/comedialaon.fr\\\/wp-content\\\/uploads\\\/2019\\\/06\\\/Photo-pour-article-site-internet-300x140.jpg\",\"datePublished\":\"2019-06-13T14:55:06+00:00\",\"breadcrumb\":{\"@id\":\"https:\\\/\\\/comedialaon.fr\\\/?p=3403#breadcrumb\"},\"inLanguage\":\"fr-FR\",\"potentialAction\":[{\"@type\":\"ReadAction\",\"target\":[\"https:\\\/\\\/comedialaon.fr\\\/?p=3403\"]}]},{\"@type\":\"ImageObject\",\"inLanguage\":\"fr-FR\",\"@id\":\"https:\\\/\\\/comedialaon.fr\\\/?p=3403#primaryimage\",\"url\":\"https:\\\/\\\/comedialaon.fr\\\/wp-content\\\/uploads\\\/2019\\\/06\\\/Photo-pour-article-site-internet.jpg\",\"contentUrl\":\"https:\\\/\\\/comedialaon.fr\\\/wp-content\\\/uploads\\\/2019\\\/06\\\/Photo-pour-article-site-internet.jpg\",\"width\":1213,\"height\":567,\"caption\":\"AG du 7 juin 2019\"},{\"@type\":\"BreadcrumbList\",\"@id\":\"https:\\\/\\\/comedialaon.fr\\\/?p=3403#breadcrumb\",\"itemListElement\":[{\"@type\":\"ListItem\",\"position\":1,\"name\":\"Accueil\",\"item\":\"https:\\\/\\\/comedialaon.fr\\\/\"},{\"@type\":\"ListItem\",\"position\":2,\"name\":\"NOTRE ASSEMBL\u00c9E G\u00c9N\u00c9RALE\"}]},{\"@type\":\"WebSite\",\"@id\":\"https:\\\/\\\/comedialaon.fr\\\/#website\",\"url\":\"https:\\\/\\\/comedialaon.fr\\\/\",\"name\":\"Com\u00e9dia Laon\",\"description\":\"Prendre et donner du PLAISIR ... !!! ;-)\",\"publisher\":{\"@id\":\"https:\\\/\\\/comedialaon.fr\\\/#organization\"},\"potentialAction\":[{\"@type\":\"SearchAction\",\"target\":{\"@type\":\"EntryPoint\",\"urlTemplate\":\"https:\\\/\\\/comedialaon.fr\\\/?s={search_term_string}\"},\"query-input\":{\"@type\":\"PropertyValueSpecification\",\"valueRequired\":true,\"valueName\":\"search_term_string\"}}],\"inLanguage\":\"fr-FR\"},{\"@type\":\"Organization\",\"@id\":\"https:\\\/\\\/comedialaon.fr\\\/#organization\",\"name\":\"Com\u00e9dia Laon\",\"url\":\"https:\\\/\\\/comedialaon.fr\\\/\",\"logo\":{\"@type\":\"ImageObject\",\"inLanguage\":\"fr-FR\",\"@id\":\"https:\\\/\\\/comedialaon.fr\\\/#\\\/schema\\\/logo\\\/image\\\/\",\"url\":\"https:\\\/\\\/comedialaon.fr\\\/wp-content\\\/uploads\\\/2019\\\/02\\\/LOGO-CL-et-OL.jpg\",\"contentUrl\":\"https:\\\/\\\/comedialaon.fr\\\/wp-content\\\/uploads\\\/2019\\\/02\\\/LOGO-CL-et-OL.jpg\",\"width\":756,\"height\":210,\"caption\":\"Com\u00e9dia Laon\"},\"image\":{\"@id\":\"https:\\\/\\\/comedialaon.fr\\\/#\\\/schema\\\/logo\\\/image\\\/\"},\"sameAs\":[\"https:\\\/\\\/www.facebook.com\\\/profile.php?id=100008459438996\",\"https:\\\/\\\/www.youtube.com\\\/results?search_query=comedia laon\"]},{\"@type\":\"Person\",\"@id\":\"https:\\\/\\\/comedialaon.fr\\\/#\\\/schema\\\/person\\\/b5fa2097d9c2df39b18b24eb09a90f30\",\"name\":\"Muppet 2\",\"image\":{\"@type\":\"ImageObject\",\"inLanguage\":\"fr-FR\",\"@id\":\"https:\\\/\\\/secure.gravatar.com\\\/avatar\\\/8e9847ab3b902434f6deca39973d429601dcdadf46a57d80eec28699158bf63a?s=96&d=mm&r=g\",\"url\":\"https:\\\/\\\/secure.gravatar.com\\\/avatar\\\/8e9847ab3b902434f6deca39973d429601dcdadf46a57d80eec28699158bf63a?s=96&d=mm&r=g\",\"contentUrl\":\"https:\\\/\\\/secure.gravatar.com\\\/avatar\\\/8e9847ab3b902434f6deca39973d429601dcdadf46a57d80eec28699158bf63a?s=96&d=mm&r=g\",\"caption\":\"Muppet 2\"},\"sameAs\":[\"https:\\\/\\\/www.comedialaon.fr\"]}]}<\/script>\n<!-- \/ Yoast SEO plugin. -->","yoast_head_json":{"title":"NOTRE ASSEMBL\u00c9E G\u00c9N\u00c9RALE &#8226; Com\u00e9dia Laon","robots":{"index":"index","follow":"follow","max-snippet":"max-snippet:-1","max-image-preview":"max-image-preview:large","max-video-preview":"max-video-preview:-1"},"canonical":"https:\/\/comedialaon.fr\/?p=3403","og_locale":"fr_FR","og_type":"article","og_title":"NOTRE ASSEMBL\u00c9E G\u00c9N\u00c9RALE &#8226; Com\u00e9dia Laon","og_description":"Notre Assembl\u00e9e G\u00e9n\u00e9rale a eu lieu le vendredi 7 juin 2019. Christian, notre Pr\u00e9sident \u00e9tait ravi de nous accueillir dans nos nouveaux locaux. Le bilan de notre saison avec les repr\u00e9sentations de la \u00ab\u00a0Symphonie des faux culs\u00a0\u00bb est excellent, puisque 1100 spectateurs sont venus appr\u00e9cier cette magnifique pi\u00e8ce. Le journal l&rsquo;Union a publi\u00e9 un articleLire la suite","og_url":"https:\/\/comedialaon.fr\/?p=3403","og_site_name":"Com\u00e9dia Laon","article_publisher":"https:\/\/www.facebook.com\/profile.php?id=100008459438996","article_published_time":"2019-06-13T14:55:06+00:00","og_image":[{"url":"https:\/\/comedialaon.fr\/wp-content\/uploads\/2019\/06\/Photo-pour-article-site-internet-300x140.jpg","type":"","width":"","height":""}],"author":"Muppet 2","twitter_misc":{"\u00c9crit par":"Muppet 2","Dur\u00e9e de lecture estim\u00e9e":"1 minute"},"schema":{"@context":"https:\/\/schema.org","@graph":[{"@type":"Article","@id":"https:\/\/comedialaon.fr\/?p=3403#article","isPartOf":{"@id":"https:\/\/comedialaon.fr\/?p=3403"},"author":{"name":"Muppet 2","@id":"https:\/\/comedialaon.fr\/#\/schema\/person\/b5fa2097d9c2df39b18b24eb09a90f30"},"headline":"NOTRE ASSEMBL\u00c9E G\u00c9N\u00c9RALE","datePublished":"2019-06-13T14:55:06+00:00","mainEntityOfPage":{"@id":"https:\/\/comedialaon.fr\/?p=3403"},"wordCount":145,"publisher":{"@id":"https:\/\/comedialaon.fr\/#organization"},"image":{"@id":"https:\/\/comedialaon.fr\/?p=3403#primaryimage"},"thumbnailUrl":"https:\/\/comedialaon.fr\/wp-content\/uploads\/2019\/06\/Photo-pour-article-site-internet-300x140.jpg","articleSection":["Infos LIVE"],"inLanguage":"fr-FR"},{"@type":"WebPage","@id":"https:\/\/comedialaon.fr\/?p=3403","url":"https:\/\/comedialaon.fr\/?p=3403","name":"NOTRE ASSEMBL\u00c9E G\u00c9N\u00c9RALE &#8226; Com\u00e9dia Laon","isPartOf":{"@id":"https:\/\/comedialaon.fr\/#website"},"primaryImageOfPage":{"@id":"https:\/\/comedialaon.fr\/?p=3403#primaryimage"},"image":{"@id":"https:\/\/comedialaon.fr\/?p=3403#primaryimage"},"thumbnailUrl":"https:\/\/comedialaon.fr\/wp-content\/uploads\/2019\/06\/Photo-pour-article-site-internet-300x140.jpg","datePublished":"2019-06-13T14:55:06+00:00","breadcrumb":{"@id":"https:\/\/comedialaon.fr\/?p=3403#breadcrumb"},"inLanguage":"fr-FR","potentialAction":[{"@type":"ReadAction","target":["https:\/\/comedialaon.fr\/?p=3403"]}]},{"@type":"ImageObject","inLanguage":"fr-FR","@id":"https:\/\/comedialaon.fr\/?p=3403#primaryimage","url":"https:\/\/comedialaon.fr\/wp-content\/uploads\/2019\/06\/Photo-pour-article-site-internet.jpg","contentUrl":"https:\/\/comedialaon.fr\/wp-content\/uploads\/2019\/06\/Photo-pour-article-site-internet.jpg","width":1213,"height":567,"caption":"AG du 7 juin 2019"},{"@type":"BreadcrumbList","@id":"https:\/\/comedialaon.fr\/?p=3403#breadcrumb","itemListElement":[{"@type":"ListItem","position":1,"name":"Accueil","item":"https:\/\/comedialaon.fr\/"},{"@type":"ListItem","position":2,"name":"NOTRE ASSEMBL\u00c9E G\u00c9N\u00c9RALE"}]},{"@type":"WebSite","@id":"https:\/\/comedialaon.fr\/#website","url":"https:\/\/comedialaon.fr\/","name":"Com\u00e9dia Laon","description":"Prendre et donner du PLAISIR ... !!! ;-)","publisher":{"@id":"https:\/\/comedialaon.fr\/#organization"},"potentialAction":[{"@type":"SearchAction","target":{"@type":"EntryPoint","urlTemplate":"https:\/\/comedialaon.fr\/?s={search_term_string}"},"query-input":{"@type":"PropertyValueSpecification","valueRequired":true,"valueName":"search_term_string"}}],"inLanguage":"fr-FR"},{"@type":"Organization","@id":"https:\/\/comedialaon.fr\/#organization","name":"Com\u00e9dia Laon","url":"https:\/\/comedialaon.fr\/","logo":{"@type":"ImageObject","inLanguage":"fr-FR","@id":"https:\/\/comedialaon.fr\/#\/schema\/logo\/image\/","url":"https:\/\/comedialaon.fr\/wp-content\/uploads\/2019\/02\/LOGO-CL-et-OL.jpg","contentUrl":"https:\/\/comedialaon.fr\/wp-content\/uploads\/2019\/02\/LOGO-CL-et-OL.jpg","width":756,"height":210,"caption":"Com\u00e9dia Laon"},"image":{"@id":"https:\/\/comedialaon.fr\/#\/schema\/logo\/image\/"},"sameAs":["https:\/\/www.facebook.com\/profile.php?id=100008459438996","https:\/\/www.youtube.com\/results?search_query=comedia laon"]},{"@type":"Person","@id":"https:\/\/comedialaon.fr\/#\/schema\/person\/b5fa2097d9c2df39b18b24eb09a90f30","name":"Muppet 2","image":{"@type":"ImageObject","inLanguage":"fr-FR","@id":"https:\/\/secure.gravatar.com\/avatar\/8e9847ab3b902434f6deca39973d429601dcdadf46a57d80eec28699158bf63a?s=96&d=mm&r=g","url":"https:\/\/secure.gravatar.com\/avatar\/8e9847ab3b902434f6deca39973d429601dcdadf46a57d80eec28699158bf63a?s=96&d=mm&r=g","contentUrl":"https:\/\/secure.gravatar.com\/avatar\/8e9847ab3b902434f6deca39973d429601dcdadf46a57d80eec28699158bf63a?s=96&d=mm&r=g","caption":"Muppet 2"},"sameAs":["https:\/\/www.comedialaon.fr"]}]}},"_links":{"self":[{"href":"https:\/\/comedialaon.fr\/index.php?rest_route=\/wp\/v2\/posts\/3403","targetHints":{"allow":["GET"]}}],"collection":[{"href":"https:\/\/comedialaon.fr\/index.php?rest_route=\/wp\/v2\/posts"}],"about":[{"href":"https:\/\/comedialaon.fr\/index.php?rest_route=\/wp\/v2\/types\/post"}],"author":[{"embeddable":true,"href":"https:\/\/comedialaon.fr\/index.php?rest_route=\/wp\/v2\/users\/1"}],"replies":[{"embeddable":true,"href":"https:\/\/comedialaon.fr\/index.php?rest_route=%2Fwp%2Fv2%2Fcomments&post=3403"}],"version-history":[{"count":13,"href":"https:\/\/comedialaon.fr\/index.php?rest_route=\/wp\/v2\/posts\/3403\/revisions"}],"predecessor-version":[{"id":3437,"href":"https:\/\/comedialaon.fr\/index.php?rest_route=\/wp\/v2\/posts\/3403\/revisions\/3437"}],"wp:attachment":[{"href":"https:\/\/comedialaon.fr\/index.php?rest_route=%2Fwp%2Fv2%2Fmedia&parent=3403"}],"wp:term":[{"taxonomy":"category","embeddable":true,"href":"https:\/\/comedialaon.fr\/index.php?rest_route=%2Fwp%2Fv2%2Fcategories&post=3403"},{"taxonomy":"post_tag","embeddable":true,"href":"https:\/\/comedialaon.fr\/index.php?rest_route=%2Fwp%2Fv2%2Ftags&post=3403"}],"curies":[{"name":"wp","href":"https:\/\/api.w.org\/{rel}","templated":true}]}}