{"id":3376,"date":"2019-05-26T12:30:37","date_gmt":"2019-05-26T10:30:37","guid":{"rendered":"https:\/\/comedialaon.fr\/?p=3376"},"modified":"2019-06-13T14:58:01","modified_gmt":"2019-06-13T12:58:01","slug":"magnifique-communion-avec-le-public","status":"publish","type":"post","link":"https:\/\/comedialaon.fr\/?p=3376","title":{"rendered":"MAGNIFIQUE COMMUNION AVEC LE PUBLIC !!!"},"content":{"rendered":"<div id=\"attachment_3382\" style=\"width: 650px\" class=\"wp-caption alignleft\"><a href=\"https:\/\/comedialaon.fr\/wp-content\/uploads\/2019\/05\/MAL-le-24-mai-2019.jpg\"><img loading=\"lazy\" decoding=\"async\" aria-describedby=\"caption-attachment-3382\" src=\"https:\/\/comedialaon.fr\/wp-content\/uploads\/2019\/05\/MAL-le-24-mai-2019-1024x649.jpg\" alt=\"\" width=\"640\" height=\"406\" class=\"size-large wp-image-3382\" srcset=\"https:\/\/comedialaon.fr\/wp-content\/uploads\/2019\/05\/MAL-le-24-mai-2019-1024x649.jpg 1024w, https:\/\/comedialaon.fr\/wp-content\/uploads\/2019\/05\/MAL-le-24-mai-2019-300x190.jpg 300w, https:\/\/comedialaon.fr\/wp-content\/uploads\/2019\/05\/MAL-le-24-mai-2019-768x486.jpg 768w, https:\/\/comedialaon.fr\/wp-content\/uploads\/2019\/05\/MAL-le-24-mai-2019.jpg 1334w\" sizes=\"auto, (max-width: 640px) 100vw, 640px\" \/><\/a><p id=\"caption-attachment-3382\" class=\"wp-caption-text\">La MAL le 24 mai 2019 \u00e0 LAON<\/p><\/div>\n<p>Ce vendredi 24 mai 2019 \u00e0 la Maison des Arts et Loisirs de LAON restera un magnifique souvenir pour tous les membres de la troupe. Quelle magnifique communion avec le public pr\u00e9sent dans la salle Guy SABATIER pleine \u00e0 craquer. Que de rires et d&rsquo;applaudissements, que de joie et de bonheur pour les com\u00e9diens et les com\u00e9diennes. Notre saison se cl\u00f4ture sur ce moment de partage avec ceux qui nous suivent fid\u00e8lement depuis longtemps. Les commentaires et les visages r\u00e9jouis apr\u00e8s le spectacle nous ont fait chaud au c\u0153ur et c&rsquo;est pour de tel moment que nous avons choisi de faire du th\u00e9\u00e2tre.<\/p>\n<p>Le journal l&rsquo;Union a publi\u00e9 <a href=\" https:\/\/comedialaon.fr\/?attachment_id=3389 \" title=\"un article\">un article<\/a> le 24 mai 2019.<\/p>\n<p>Pour la prochaine saison, gr\u00e2ce \u00e0 notre parrain Olivier LEJEUNE, nous avons l&rsquo;autorisation de jouer la pi\u00e8ce \u201cESP\u00c8CES MENAC\u00c9ES\u201d de Ray COONEY. Vous aurez bient\u00f4t d&rsquo;autres informations. <\/p>\n","protected":false},"excerpt":{"rendered":"<p>Ce vendredi 24 mai 2019 \u00e0 la Maison des Arts et Loisirs de LAON restera un magnifique souvenir pour tous les membres de la troupe. Quelle magnifique communion avec le public pr\u00e9sent dans la salle Guy SABATIER pleine \u00e0 craquer. Que de rires et d&rsquo;applaudissements, que de joie et de bonheur pour les com\u00e9diens et<\/p>\n<p><a class=\"excerpt-more blog-excerpt\" href=\"https:\/\/comedialaon.fr\/?p=3376\">Lire la suite<\/a><\/p>\n","protected":false},"author":1,"featured_media":0,"comment_status":"closed","ping_status":"open","sticky":false,"template":"","format":"standard","meta":{"footnotes":""},"categories":[11],"tags":[],"class_list":["post-3376","post","type-post","status-publish","format-standard","hentry","category-infos-live"],"yoast_head":"<!-- This site is optimized with the Yoast SEO plugin v27.5 - https:\/\/yoast.com\/product\/yoast-seo-wordpress\/ -->\n<title>MAGNIFIQUE COMMUNION AVEC LE PUBLIC !!! &#8226; Com\u00e9dia Laon<\/title>\n<meta name=\"robots\" content=\"index, follow, max-snippet:-1, max-image-preview:large, max-video-preview:-1\" \/>\n<link rel=\"canonical\" href=\"https:\/\/comedialaon.fr\/?p=3376\" \/>\n<meta property=\"og:locale\" content=\"fr_FR\" \/>\n<meta property=\"og:type\" content=\"article\" \/>\n<meta property=\"og:title\" content=\"MAGNIFIQUE COMMUNION AVEC LE PUBLIC !!! &#8226; Com\u00e9dia Laon\" \/>\n<meta property=\"og:description\" content=\"Ce vendredi 24 mai 2019 \u00e0 la Maison des Arts et Loisirs de LAON restera un magnifique souvenir pour tous les membres de la troupe. Quelle magnifique communion avec le public pr\u00e9sent dans la salle Guy SABATIER pleine \u00e0 craquer. Que de rires et d&rsquo;applaudissements, que de joie et de bonheur pour les com\u00e9diens etLire la suite\" \/>\n<meta property=\"og:url\" content=\"https:\/\/comedialaon.fr\/?p=3376\" \/>\n<meta property=\"og:site_name\" content=\"Com\u00e9dia Laon\" \/>\n<meta property=\"article:publisher\" content=\"https:\/\/www.facebook.com\/profile.php?id=100008459438996\" \/>\n<meta property=\"article:published_time\" content=\"2019-05-26T10:30:37+00:00\" \/>\n<meta property=\"article:modified_time\" content=\"2019-06-13T12:58:01+00:00\" \/>\n<meta property=\"og:image\" content=\"https:\/\/comedialaon.fr\/wp-content\/uploads\/2019\/05\/MAL-le-24-mai-2019-1024x649.jpg\" \/>\n<meta name=\"author\" content=\"Muppet 2\" \/>\n<meta name=\"twitter:label1\" content=\"\u00c9crit par\" \/>\n\t<meta name=\"twitter:data1\" content=\"Muppet 2\" \/>\n\t<meta name=\"twitter:label2\" content=\"Dur\u00e9e de lecture estim\u00e9e\" \/>\n\t<meta name=\"twitter:data2\" content=\"1 minute\" \/>\n<script type=\"application\/ld+json\" class=\"yoast-schema-graph\">{\"@context\":\"https:\\\/\\\/schema.org\",\"@graph\":[{\"@type\":\"Article\",\"@id\":\"https:\\\/\\\/comedialaon.fr\\\/?p=3376#article\",\"isPartOf\":{\"@id\":\"https:\\\/\\\/comedialaon.fr\\\/?p=3376\"},\"author\":{\"name\":\"Muppet 2\",\"@id\":\"https:\\\/\\\/comedialaon.fr\\\/#\\\/schema\\\/person\\\/b5fa2097d9c2df39b18b24eb09a90f30\"},\"headline\":\"MAGNIFIQUE COMMUNION AVEC LE PUBLIC !!!\",\"datePublished\":\"2019-05-26T10:30:37+00:00\",\"dateModified\":\"2019-06-13T12:58:01+00:00\",\"mainEntityOfPage\":{\"@id\":\"https:\\\/\\\/comedialaon.fr\\\/?p=3376\"},\"wordCount\":170,\"publisher\":{\"@id\":\"https:\\\/\\\/comedialaon.fr\\\/#organization\"},\"image\":{\"@id\":\"https:\\\/\\\/comedialaon.fr\\\/?p=3376#primaryimage\"},\"thumbnailUrl\":\"https:\\\/\\\/comedialaon.fr\\\/wp-content\\\/uploads\\\/2019\\\/05\\\/MAL-le-24-mai-2019-1024x649.jpg\",\"articleSection\":[\"Infos LIVE\"],\"inLanguage\":\"fr-FR\"},{\"@type\":\"WebPage\",\"@id\":\"https:\\\/\\\/comedialaon.fr\\\/?p=3376\",\"url\":\"https:\\\/\\\/comedialaon.fr\\\/?p=3376\",\"name\":\"MAGNIFIQUE COMMUNION AVEC LE PUBLIC !!! &#8226; Com\u00e9dia Laon\",\"isPartOf\":{\"@id\":\"https:\\\/\\\/comedialaon.fr\\\/#website\"},\"primaryImageOfPage\":{\"@id\":\"https:\\\/\\\/comedialaon.fr\\\/?p=3376#primaryimage\"},\"image\":{\"@id\":\"https:\\\/\\\/comedialaon.fr\\\/?p=3376#primaryimage\"},\"thumbnailUrl\":\"https:\\\/\\\/comedialaon.fr\\\/wp-content\\\/uploads\\\/2019\\\/05\\\/MAL-le-24-mai-2019-1024x649.jpg\",\"datePublished\":\"2019-05-26T10:30:37+00:00\",\"dateModified\":\"2019-06-13T12:58:01+00:00\",\"breadcrumb\":{\"@id\":\"https:\\\/\\\/comedialaon.fr\\\/?p=3376#breadcrumb\"},\"inLanguage\":\"fr-FR\",\"potentialAction\":[{\"@type\":\"ReadAction\",\"target\":[\"https:\\\/\\\/comedialaon.fr\\\/?p=3376\"]}]},{\"@type\":\"ImageObject\",\"inLanguage\":\"fr-FR\",\"@id\":\"https:\\\/\\\/comedialaon.fr\\\/?p=3376#primaryimage\",\"url\":\"https:\\\/\\\/comedialaon.fr\\\/wp-content\\\/uploads\\\/2019\\\/05\\\/MAL-le-24-mai-2019.jpg\",\"contentUrl\":\"https:\\\/\\\/comedialaon.fr\\\/wp-content\\\/uploads\\\/2019\\\/05\\\/MAL-le-24-mai-2019.jpg\",\"width\":1334,\"height\":845,\"caption\":\"\u201cLA SYMPHONIE DES FAUX CULS\u201d : S\u00e9verine, Christian, Patrice, Bernadette et Bernard le 24 mai 2019 \u00e0 LA MAL \u00e0 LAON\"},{\"@type\":\"BreadcrumbList\",\"@id\":\"https:\\\/\\\/comedialaon.fr\\\/?p=3376#breadcrumb\",\"itemListElement\":[{\"@type\":\"ListItem\",\"position\":1,\"name\":\"Accueil\",\"item\":\"https:\\\/\\\/comedialaon.fr\\\/\"},{\"@type\":\"ListItem\",\"position\":2,\"name\":\"MAGNIFIQUE COMMUNION AVEC LE PUBLIC !!!\"}]},{\"@type\":\"WebSite\",\"@id\":\"https:\\\/\\\/comedialaon.fr\\\/#website\",\"url\":\"https:\\\/\\\/comedialaon.fr\\\/\",\"name\":\"Com\u00e9dia Laon\",\"description\":\"Prendre et donner du PLAISIR ... !!! ;-)\",\"publisher\":{\"@id\":\"https:\\\/\\\/comedialaon.fr\\\/#organization\"},\"potentialAction\":[{\"@type\":\"SearchAction\",\"target\":{\"@type\":\"EntryPoint\",\"urlTemplate\":\"https:\\\/\\\/comedialaon.fr\\\/?s={search_term_string}\"},\"query-input\":{\"@type\":\"PropertyValueSpecification\",\"valueRequired\":true,\"valueName\":\"search_term_string\"}}],\"inLanguage\":\"fr-FR\"},{\"@type\":\"Organization\",\"@id\":\"https:\\\/\\\/comedialaon.fr\\\/#organization\",\"name\":\"Com\u00e9dia Laon\",\"url\":\"https:\\\/\\\/comedialaon.fr\\\/\",\"logo\":{\"@type\":\"ImageObject\",\"inLanguage\":\"fr-FR\",\"@id\":\"https:\\\/\\\/comedialaon.fr\\\/#\\\/schema\\\/logo\\\/image\\\/\",\"url\":\"https:\\\/\\\/comedialaon.fr\\\/wp-content\\\/uploads\\\/2019\\\/02\\\/LOGO-CL-et-OL.jpg\",\"contentUrl\":\"https:\\\/\\\/comedialaon.fr\\\/wp-content\\\/uploads\\\/2019\\\/02\\\/LOGO-CL-et-OL.jpg\",\"width\":756,\"height\":210,\"caption\":\"Com\u00e9dia Laon\"},\"image\":{\"@id\":\"https:\\\/\\\/comedialaon.fr\\\/#\\\/schema\\\/logo\\\/image\\\/\"},\"sameAs\":[\"https:\\\/\\\/www.facebook.com\\\/profile.php?id=100008459438996\",\"https:\\\/\\\/www.youtube.com\\\/results?search_query=comedia laon\"]},{\"@type\":\"Person\",\"@id\":\"https:\\\/\\\/comedialaon.fr\\\/#\\\/schema\\\/person\\\/b5fa2097d9c2df39b18b24eb09a90f30\",\"name\":\"Muppet 2\",\"image\":{\"@type\":\"ImageObject\",\"inLanguage\":\"fr-FR\",\"@id\":\"https:\\\/\\\/secure.gravatar.com\\\/avatar\\\/8e9847ab3b902434f6deca39973d429601dcdadf46a57d80eec28699158bf63a?s=96&d=mm&r=g\",\"url\":\"https:\\\/\\\/secure.gravatar.com\\\/avatar\\\/8e9847ab3b902434f6deca39973d429601dcdadf46a57d80eec28699158bf63a?s=96&d=mm&r=g\",\"contentUrl\":\"https:\\\/\\\/secure.gravatar.com\\\/avatar\\\/8e9847ab3b902434f6deca39973d429601dcdadf46a57d80eec28699158bf63a?s=96&d=mm&r=g\",\"caption\":\"Muppet 2\"},\"sameAs\":[\"https:\\\/\\\/www.comedialaon.fr\"]}]}<\/script>\n<!-- \/ Yoast SEO plugin. -->","yoast_head_json":{"title":"MAGNIFIQUE COMMUNION AVEC LE PUBLIC !!! &#8226; Com\u00e9dia Laon","robots":{"index":"index","follow":"follow","max-snippet":"max-snippet:-1","max-image-preview":"max-image-preview:large","max-video-preview":"max-video-preview:-1"},"canonical":"https:\/\/comedialaon.fr\/?p=3376","og_locale":"fr_FR","og_type":"article","og_title":"MAGNIFIQUE COMMUNION AVEC LE PUBLIC !!! &#8226; Com\u00e9dia Laon","og_description":"Ce vendredi 24 mai 2019 \u00e0 la Maison des Arts et Loisirs de LAON restera un magnifique souvenir pour tous les membres de la troupe. Quelle magnifique communion avec le public pr\u00e9sent dans la salle Guy SABATIER pleine \u00e0 craquer. Que de rires et d&rsquo;applaudissements, que de joie et de bonheur pour les com\u00e9diens etLire la suite","og_url":"https:\/\/comedialaon.fr\/?p=3376","og_site_name":"Com\u00e9dia Laon","article_publisher":"https:\/\/www.facebook.com\/profile.php?id=100008459438996","article_published_time":"2019-05-26T10:30:37+00:00","article_modified_time":"2019-06-13T12:58:01+00:00","og_image":[{"url":"https:\/\/comedialaon.fr\/wp-content\/uploads\/2019\/05\/MAL-le-24-mai-2019-1024x649.jpg","type":"","width":"","height":""}],"author":"Muppet 2","twitter_misc":{"\u00c9crit par":"Muppet 2","Dur\u00e9e de lecture estim\u00e9e":"1 minute"},"schema":{"@context":"https:\/\/schema.org","@graph":[{"@type":"Article","@id":"https:\/\/comedialaon.fr\/?p=3376#article","isPartOf":{"@id":"https:\/\/comedialaon.fr\/?p=3376"},"author":{"name":"Muppet 2","@id":"https:\/\/comedialaon.fr\/#\/schema\/person\/b5fa2097d9c2df39b18b24eb09a90f30"},"headline":"MAGNIFIQUE COMMUNION AVEC LE PUBLIC !!!","datePublished":"2019-05-26T10:30:37+00:00","dateModified":"2019-06-13T12:58:01+00:00","mainEntityOfPage":{"@id":"https:\/\/comedialaon.fr\/?p=3376"},"wordCount":170,"publisher":{"@id":"https:\/\/comedialaon.fr\/#organization"},"image":{"@id":"https:\/\/comedialaon.fr\/?p=3376#primaryimage"},"thumbnailUrl":"https:\/\/comedialaon.fr\/wp-content\/uploads\/2019\/05\/MAL-le-24-mai-2019-1024x649.jpg","articleSection":["Infos LIVE"],"inLanguage":"fr-FR"},{"@type":"WebPage","@id":"https:\/\/comedialaon.fr\/?p=3376","url":"https:\/\/comedialaon.fr\/?p=3376","name":"MAGNIFIQUE COMMUNION AVEC LE PUBLIC !!! &#8226; Com\u00e9dia Laon","isPartOf":{"@id":"https:\/\/comedialaon.fr\/#website"},"primaryImageOfPage":{"@id":"https:\/\/comedialaon.fr\/?p=3376#primaryimage"},"image":{"@id":"https:\/\/comedialaon.fr\/?p=3376#primaryimage"},"thumbnailUrl":"https:\/\/comedialaon.fr\/wp-content\/uploads\/2019\/05\/MAL-le-24-mai-2019-1024x649.jpg","datePublished":"2019-05-26T10:30:37+00:00","dateModified":"2019-06-13T12:58:01+00:00","breadcrumb":{"@id":"https:\/\/comedialaon.fr\/?p=3376#breadcrumb"},"inLanguage":"fr-FR","potentialAction":[{"@type":"ReadAction","target":["https:\/\/comedialaon.fr\/?p=3376"]}]},{"@type":"ImageObject","inLanguage":"fr-FR","@id":"https:\/\/comedialaon.fr\/?p=3376#primaryimage","url":"https:\/\/comedialaon.fr\/wp-content\/uploads\/2019\/05\/MAL-le-24-mai-2019.jpg","contentUrl":"https:\/\/comedialaon.fr\/wp-content\/uploads\/2019\/05\/MAL-le-24-mai-2019.jpg","width":1334,"height":845,"caption":"\u201cLA SYMPHONIE DES FAUX CULS\u201d : S\u00e9verine, Christian, Patrice, Bernadette et Bernard le 24 mai 2019 \u00e0 LA MAL \u00e0 LAON"},{"@type":"BreadcrumbList","@id":"https:\/\/comedialaon.fr\/?p=3376#breadcrumb","itemListElement":[{"@type":"ListItem","position":1,"name":"Accueil","item":"https:\/\/comedialaon.fr\/"},{"@type":"ListItem","position":2,"name":"MAGNIFIQUE COMMUNION AVEC LE PUBLIC !!!"}]},{"@type":"WebSite","@id":"https:\/\/comedialaon.fr\/#website","url":"https:\/\/comedialaon.fr\/","name":"Com\u00e9dia Laon","description":"Prendre et donner du PLAISIR ... !!! ;-)","publisher":{"@id":"https:\/\/comedialaon.fr\/#organization"},"potentialAction":[{"@type":"SearchAction","target":{"@type":"EntryPoint","urlTemplate":"https:\/\/comedialaon.fr\/?s={search_term_string}"},"query-input":{"@type":"PropertyValueSpecification","valueRequired":true,"valueName":"search_term_string"}}],"inLanguage":"fr-FR"},{"@type":"Organization","@id":"https:\/\/comedialaon.fr\/#organization","name":"Com\u00e9dia Laon","url":"https:\/\/comedialaon.fr\/","logo":{"@type":"ImageObject","inLanguage":"fr-FR","@id":"https:\/\/comedialaon.fr\/#\/schema\/logo\/image\/","url":"https:\/\/comedialaon.fr\/wp-content\/uploads\/2019\/02\/LOGO-CL-et-OL.jpg","contentUrl":"https:\/\/comedialaon.fr\/wp-content\/uploads\/2019\/02\/LOGO-CL-et-OL.jpg","width":756,"height":210,"caption":"Com\u00e9dia Laon"},"image":{"@id":"https:\/\/comedialaon.fr\/#\/schema\/logo\/image\/"},"sameAs":["https:\/\/www.facebook.com\/profile.php?id=100008459438996","https:\/\/www.youtube.com\/results?search_query=comedia laon"]},{"@type":"Person","@id":"https:\/\/comedialaon.fr\/#\/schema\/person\/b5fa2097d9c2df39b18b24eb09a90f30","name":"Muppet 2","image":{"@type":"ImageObject","inLanguage":"fr-FR","@id":"https:\/\/secure.gravatar.com\/avatar\/8e9847ab3b902434f6deca39973d429601dcdadf46a57d80eec28699158bf63a?s=96&d=mm&r=g","url":"https:\/\/secure.gravatar.com\/avatar\/8e9847ab3b902434f6deca39973d429601dcdadf46a57d80eec28699158bf63a?s=96&d=mm&r=g","contentUrl":"https:\/\/secure.gravatar.com\/avatar\/8e9847ab3b902434f6deca39973d429601dcdadf46a57d80eec28699158bf63a?s=96&d=mm&r=g","caption":"Muppet 2"},"sameAs":["https:\/\/www.comedialaon.fr"]}]}},"_links":{"self":[{"href":"https:\/\/comedialaon.fr\/index.php?rest_route=\/wp\/v2\/posts\/3376","targetHints":{"allow":["GET"]}}],"collection":[{"href":"https:\/\/comedialaon.fr\/index.php?rest_route=\/wp\/v2\/posts"}],"about":[{"href":"https:\/\/comedialaon.fr\/index.php?rest_route=\/wp\/v2\/types\/post"}],"author":[{"embeddable":true,"href":"https:\/\/comedialaon.fr\/index.php?rest_route=\/wp\/v2\/users\/1"}],"replies":[{"embeddable":true,"href":"https:\/\/comedialaon.fr\/index.php?rest_route=%2Fwp%2Fv2%2Fcomments&post=3376"}],"version-history":[{"count":9,"href":"https:\/\/comedialaon.fr\/index.php?rest_route=\/wp\/v2\/posts\/3376\/revisions"}],"predecessor-version":[{"id":3410,"href":"https:\/\/comedialaon.fr\/index.php?rest_route=\/wp\/v2\/posts\/3376\/revisions\/3410"}],"wp:attachment":[{"href":"https:\/\/comedialaon.fr\/index.php?rest_route=%2Fwp%2Fv2%2Fmedia&parent=3376"}],"wp:term":[{"taxonomy":"category","embeddable":true,"href":"https:\/\/comedialaon.fr\/index.php?rest_route=%2Fwp%2Fv2%2Fcategories&post=3376"},{"taxonomy":"post_tag","embeddable":true,"href":"https:\/\/comedialaon.fr\/index.php?rest_route=%2Fwp%2Fv2%2Ftags&post=3376"}],"curies":[{"name":"wp","href":"https:\/\/api.w.org\/{rel}","templated":true}]}}