{"id":3356,"date":"2019-05-16T18:18:32","date_gmt":"2019-05-16T16:18:32","guid":{"rendered":"https:\/\/comedialaon.fr\/?p=3356"},"modified":"2021-07-21T15:57:53","modified_gmt":"2021-07-21T13:57:53","slug":"la-derniere-affiche-complet","status":"publish","type":"post","link":"https:\/\/comedialaon.fr\/?p=3356","title":{"rendered":"LA DERNI\u00c8RE AFFICHE \u201cCOMPLET\u201d"},"content":{"rendered":"<div id=\"attachment_3355\" style=\"width: 222px\" class=\"wp-caption alignleft\"><a href=\"https:\/\/comedialaon.fr\/wp-content\/uploads\/2019\/05\/Affiche-La-symphonie-des-faux-culs-LA-MAL-24-05-2019-complet.jpg\"><img loading=\"lazy\" decoding=\"async\" aria-describedby=\"caption-attachment-3355\" src=\"https:\/\/comedialaon.fr\/wp-content\/uploads\/2019\/05\/Affiche-La-symphonie-des-faux-culs-LA-MAL-24-05-2019-complet-212x300.jpg\" alt=\"\" width=\"212\" height=\"300\" class=\"size-medium wp-image-3355\" srcset=\"https:\/\/comedialaon.fr\/wp-content\/uploads\/2019\/05\/Affiche-La-symphonie-des-faux-culs-LA-MAL-24-05-2019-complet-212x300.jpg 212w, https:\/\/comedialaon.fr\/wp-content\/uploads\/2019\/05\/Affiche-La-symphonie-des-faux-culs-LA-MAL-24-05-2019-complet-768x1086.jpg 768w, https:\/\/comedialaon.fr\/wp-content\/uploads\/2019\/05\/Affiche-La-symphonie-des-faux-culs-LA-MAL-24-05-2019-complet-724x1024.jpg 724w, https:\/\/comedialaon.fr\/wp-content\/uploads\/2019\/05\/Affiche-La-symphonie-des-faux-culs-LA-MAL-24-05-2019-complet.jpg 794w\" sizes=\"auto, (max-width: 212px) 100vw, 212px\" \/><\/a><p id=\"caption-attachment-3355\" class=\"wp-caption-text\">La symphonie des faux culs \u00e0 la MAL le 24 mai 2019 : COMPLET \u00e0 8 jours du spectacle !!!<\/p><\/div>\n<p>Quelle joie et quelle r\u00e9compense pour notre troupe : La derni\u00e8re repr\u00e9sentation de notre \u201cSymphonie des faux culs\u201d affiche \u201cCOMPLET\u201d <u> 8 jours avant la date &#8230; <\/u><\/p>\n<p>Quel plaisir et quelle motivation pour les com\u00e9diennes et les com\u00e9diens de pouvoir jouer devant plus de 500 personnes, cela va \u00eatre le \u201cPIED\u201d.<\/p>\n<p>Rendez-vous donc aux heureux titulaires d&rsquo;un billet vendredi prochain dans la magnifique salle Guy SABATIER de la Maison des Arts et Loisirs de LAON.<\/p>\n<p><a href=\"https:\/\/comedialaon.fr\/?page_id=4628\" title=\"Album photos PINON\">Album photos PINON<\/a><\/p>\n<p><a href=\"https:\/\/comedialaon.fr\/?page_id=4640\" title=\"Album photos MONS EN LAONNOIS\">Album photos MONS EN LAONNOIS<\/a><\/p>\n<p><a href=\"https:\/\/comedialaon.fr\/?page_id=2814\" title=\"Nos dates de repr\u00e9sentations pour 2019\"> Nos dates de repr\u00e9sentations pour 2019<\/a><\/p>\n","protected":false},"excerpt":{"rendered":"<p>Quelle joie et quelle r\u00e9compense pour notre troupe : La derni\u00e8re repr\u00e9sentation de notre \u201cSymphonie des faux culs\u201d affiche \u201cCOMPLET\u201d 8 jours avant la date &#8230; Quel plaisir et quelle motivation pour les com\u00e9diennes et les com\u00e9diens de pouvoir jouer devant plus de 500 personnes, cela va \u00eatre le \u201cPIED\u201d. Rendez-vous donc aux heureux titulaires<\/p>\n<p><a class=\"excerpt-more blog-excerpt\" href=\"https:\/\/comedialaon.fr\/?p=3356\">Lire la suite<\/a><\/p>\n","protected":false},"author":1,"featured_media":0,"comment_status":"closed","ping_status":"open","sticky":false,"template":"","format":"standard","meta":{"footnotes":""},"categories":[11],"tags":[],"class_list":["post-3356","post","type-post","status-publish","format-standard","hentry","category-infos-live"],"yoast_head":"<!-- This site is optimized with the Yoast SEO plugin v27.5 - https:\/\/yoast.com\/product\/yoast-seo-wordpress\/ -->\n<title>LA DERNI\u00c8RE AFFICHE \u201cCOMPLET\u201d &#8226; Com\u00e9dia Laon<\/title>\n<meta name=\"robots\" content=\"index, follow, max-snippet:-1, max-image-preview:large, max-video-preview:-1\" \/>\n<link rel=\"canonical\" href=\"https:\/\/comedialaon.fr\/?p=3356\" \/>\n<meta property=\"og:locale\" content=\"fr_FR\" \/>\n<meta property=\"og:type\" content=\"article\" \/>\n<meta property=\"og:title\" content=\"LA DERNI\u00c8RE AFFICHE \u201cCOMPLET\u201d &#8226; Com\u00e9dia Laon\" \/>\n<meta property=\"og:description\" content=\"Quelle joie et quelle r\u00e9compense pour notre troupe : La derni\u00e8re repr\u00e9sentation de notre \u201cSymphonie des faux culs\u201d affiche \u201cCOMPLET\u201d 8 jours avant la date &#8230; Quel plaisir et quelle motivation pour les com\u00e9diennes et les com\u00e9diens de pouvoir jouer devant plus de 500 personnes, cela va \u00eatre le \u201cPIED\u201d. Rendez-vous donc aux heureux titulairesLire la suite\" \/>\n<meta property=\"og:url\" content=\"https:\/\/comedialaon.fr\/?p=3356\" \/>\n<meta property=\"og:site_name\" content=\"Com\u00e9dia Laon\" \/>\n<meta property=\"article:publisher\" content=\"https:\/\/www.facebook.com\/profile.php?id=100008459438996\" \/>\n<meta property=\"article:published_time\" content=\"2019-05-16T16:18:32+00:00\" \/>\n<meta property=\"article:modified_time\" content=\"2021-07-21T13:57:53+00:00\" \/>\n<meta property=\"og:image\" content=\"https:\/\/comedialaon.fr\/wp-content\/uploads\/2019\/05\/Affiche-La-symphonie-des-faux-culs-LA-MAL-24-05-2019-complet-212x300.jpg\" \/>\n<meta name=\"author\" content=\"Muppet 2\" \/>\n<meta name=\"twitter:label1\" content=\"\u00c9crit par\" \/>\n\t<meta name=\"twitter:data1\" content=\"Muppet 2\" \/>\n\t<meta name=\"twitter:label2\" content=\"Dur\u00e9e de lecture estim\u00e9e\" \/>\n\t<meta name=\"twitter:data2\" content=\"1 minute\" \/>\n<script type=\"application\/ld+json\" class=\"yoast-schema-graph\">{\"@context\":\"https:\\\/\\\/schema.org\",\"@graph\":[{\"@type\":\"Article\",\"@id\":\"https:\\\/\\\/comedialaon.fr\\\/?p=3356#article\",\"isPartOf\":{\"@id\":\"https:\\\/\\\/comedialaon.fr\\\/?p=3356\"},\"author\":{\"name\":\"Muppet 2\",\"@id\":\"https:\\\/\\\/comedialaon.fr\\\/#\\\/schema\\\/person\\\/b5fa2097d9c2df39b18b24eb09a90f30\"},\"headline\":\"LA DERNI\u00c8RE AFFICHE \u201cCOMPLET\u201d\",\"datePublished\":\"2019-05-16T16:18:32+00:00\",\"dateModified\":\"2021-07-21T13:57:53+00:00\",\"mainEntityOfPage\":{\"@id\":\"https:\\\/\\\/comedialaon.fr\\\/?p=3356\"},\"wordCount\":115,\"publisher\":{\"@id\":\"https:\\\/\\\/comedialaon.fr\\\/#organization\"},\"image\":{\"@id\":\"https:\\\/\\\/comedialaon.fr\\\/?p=3356#primaryimage\"},\"thumbnailUrl\":\"https:\\\/\\\/comedialaon.fr\\\/wp-content\\\/uploads\\\/2019\\\/05\\\/Affiche-La-symphonie-des-faux-culs-LA-MAL-24-05-2019-complet-212x300.jpg\",\"articleSection\":[\"Infos LIVE\"],\"inLanguage\":\"fr-FR\"},{\"@type\":\"WebPage\",\"@id\":\"https:\\\/\\\/comedialaon.fr\\\/?p=3356\",\"url\":\"https:\\\/\\\/comedialaon.fr\\\/?p=3356\",\"name\":\"LA DERNI\u00c8RE AFFICHE \u201cCOMPLET\u201d &#8226; Com\u00e9dia Laon\",\"isPartOf\":{\"@id\":\"https:\\\/\\\/comedialaon.fr\\\/#website\"},\"primaryImageOfPage\":{\"@id\":\"https:\\\/\\\/comedialaon.fr\\\/?p=3356#primaryimage\"},\"image\":{\"@id\":\"https:\\\/\\\/comedialaon.fr\\\/?p=3356#primaryimage\"},\"thumbnailUrl\":\"https:\\\/\\\/comedialaon.fr\\\/wp-content\\\/uploads\\\/2019\\\/05\\\/Affiche-La-symphonie-des-faux-culs-LA-MAL-24-05-2019-complet-212x300.jpg\",\"datePublished\":\"2019-05-16T16:18:32+00:00\",\"dateModified\":\"2021-07-21T13:57:53+00:00\",\"breadcrumb\":{\"@id\":\"https:\\\/\\\/comedialaon.fr\\\/?p=3356#breadcrumb\"},\"inLanguage\":\"fr-FR\",\"potentialAction\":[{\"@type\":\"ReadAction\",\"target\":[\"https:\\\/\\\/comedialaon.fr\\\/?p=3356\"]}]},{\"@type\":\"ImageObject\",\"inLanguage\":\"fr-FR\",\"@id\":\"https:\\\/\\\/comedialaon.fr\\\/?p=3356#primaryimage\",\"url\":\"https:\\\/\\\/comedialaon.fr\\\/wp-content\\\/uploads\\\/2019\\\/05\\\/Affiche-La-symphonie-des-faux-culs-LA-MAL-24-05-2019-complet.jpg\",\"contentUrl\":\"https:\\\/\\\/comedialaon.fr\\\/wp-content\\\/uploads\\\/2019\\\/05\\\/Affiche-La-symphonie-des-faux-culs-LA-MAL-24-05-2019-complet.jpg\",\"width\":794,\"height\":1123,\"caption\":\"La symphonie des faux culs \u00e0 la MAL le 24 mai 2019 : COMPLET \u00e0 8 jours du spectacle !!!\"},{\"@type\":\"BreadcrumbList\",\"@id\":\"https:\\\/\\\/comedialaon.fr\\\/?p=3356#breadcrumb\",\"itemListElement\":[{\"@type\":\"ListItem\",\"position\":1,\"name\":\"Accueil\",\"item\":\"https:\\\/\\\/comedialaon.fr\\\/\"},{\"@type\":\"ListItem\",\"position\":2,\"name\":\"LA DERNI\u00c8RE AFFICHE \u201cCOMPLET\u201d\"}]},{\"@type\":\"WebSite\",\"@id\":\"https:\\\/\\\/comedialaon.fr\\\/#website\",\"url\":\"https:\\\/\\\/comedialaon.fr\\\/\",\"name\":\"Com\u00e9dia Laon\",\"description\":\"Prendre et donner du PLAISIR ... !!! ;-)\",\"publisher\":{\"@id\":\"https:\\\/\\\/comedialaon.fr\\\/#organization\"},\"potentialAction\":[{\"@type\":\"SearchAction\",\"target\":{\"@type\":\"EntryPoint\",\"urlTemplate\":\"https:\\\/\\\/comedialaon.fr\\\/?s={search_term_string}\"},\"query-input\":{\"@type\":\"PropertyValueSpecification\",\"valueRequired\":true,\"valueName\":\"search_term_string\"}}],\"inLanguage\":\"fr-FR\"},{\"@type\":\"Organization\",\"@id\":\"https:\\\/\\\/comedialaon.fr\\\/#organization\",\"name\":\"Com\u00e9dia Laon\",\"url\":\"https:\\\/\\\/comedialaon.fr\\\/\",\"logo\":{\"@type\":\"ImageObject\",\"inLanguage\":\"fr-FR\",\"@id\":\"https:\\\/\\\/comedialaon.fr\\\/#\\\/schema\\\/logo\\\/image\\\/\",\"url\":\"https:\\\/\\\/comedialaon.fr\\\/wp-content\\\/uploads\\\/2019\\\/02\\\/LOGO-CL-et-OL.jpg\",\"contentUrl\":\"https:\\\/\\\/comedialaon.fr\\\/wp-content\\\/uploads\\\/2019\\\/02\\\/LOGO-CL-et-OL.jpg\",\"width\":756,\"height\":210,\"caption\":\"Com\u00e9dia Laon\"},\"image\":{\"@id\":\"https:\\\/\\\/comedialaon.fr\\\/#\\\/schema\\\/logo\\\/image\\\/\"},\"sameAs\":[\"https:\\\/\\\/www.facebook.com\\\/profile.php?id=100008459438996\",\"https:\\\/\\\/www.youtube.com\\\/results?search_query=comedia laon\"]},{\"@type\":\"Person\",\"@id\":\"https:\\\/\\\/comedialaon.fr\\\/#\\\/schema\\\/person\\\/b5fa2097d9c2df39b18b24eb09a90f30\",\"name\":\"Muppet 2\",\"image\":{\"@type\":\"ImageObject\",\"inLanguage\":\"fr-FR\",\"@id\":\"https:\\\/\\\/secure.gravatar.com\\\/avatar\\\/8e9847ab3b902434f6deca39973d429601dcdadf46a57d80eec28699158bf63a?s=96&d=mm&r=g\",\"url\":\"https:\\\/\\\/secure.gravatar.com\\\/avatar\\\/8e9847ab3b902434f6deca39973d429601dcdadf46a57d80eec28699158bf63a?s=96&d=mm&r=g\",\"contentUrl\":\"https:\\\/\\\/secure.gravatar.com\\\/avatar\\\/8e9847ab3b902434f6deca39973d429601dcdadf46a57d80eec28699158bf63a?s=96&d=mm&r=g\",\"caption\":\"Muppet 2\"},\"sameAs\":[\"https:\\\/\\\/www.comedialaon.fr\"]}]}<\/script>\n<!-- \/ Yoast SEO plugin. -->","yoast_head_json":{"title":"LA DERNI\u00c8RE AFFICHE \u201cCOMPLET\u201d &#8226; Com\u00e9dia Laon","robots":{"index":"index","follow":"follow","max-snippet":"max-snippet:-1","max-image-preview":"max-image-preview:large","max-video-preview":"max-video-preview:-1"},"canonical":"https:\/\/comedialaon.fr\/?p=3356","og_locale":"fr_FR","og_type":"article","og_title":"LA DERNI\u00c8RE AFFICHE \u201cCOMPLET\u201d &#8226; Com\u00e9dia Laon","og_description":"Quelle joie et quelle r\u00e9compense pour notre troupe : La derni\u00e8re repr\u00e9sentation de notre \u201cSymphonie des faux culs\u201d affiche \u201cCOMPLET\u201d 8 jours avant la date &#8230; Quel plaisir et quelle motivation pour les com\u00e9diennes et les com\u00e9diens de pouvoir jouer devant plus de 500 personnes, cela va \u00eatre le \u201cPIED\u201d. Rendez-vous donc aux heureux titulairesLire la suite","og_url":"https:\/\/comedialaon.fr\/?p=3356","og_site_name":"Com\u00e9dia Laon","article_publisher":"https:\/\/www.facebook.com\/profile.php?id=100008459438996","article_published_time":"2019-05-16T16:18:32+00:00","article_modified_time":"2021-07-21T13:57:53+00:00","og_image":[{"url":"https:\/\/comedialaon.fr\/wp-content\/uploads\/2019\/05\/Affiche-La-symphonie-des-faux-culs-LA-MAL-24-05-2019-complet-212x300.jpg","type":"","width":"","height":""}],"author":"Muppet 2","twitter_misc":{"\u00c9crit par":"Muppet 2","Dur\u00e9e de lecture estim\u00e9e":"1 minute"},"schema":{"@context":"https:\/\/schema.org","@graph":[{"@type":"Article","@id":"https:\/\/comedialaon.fr\/?p=3356#article","isPartOf":{"@id":"https:\/\/comedialaon.fr\/?p=3356"},"author":{"name":"Muppet 2","@id":"https:\/\/comedialaon.fr\/#\/schema\/person\/b5fa2097d9c2df39b18b24eb09a90f30"},"headline":"LA DERNI\u00c8RE AFFICHE \u201cCOMPLET\u201d","datePublished":"2019-05-16T16:18:32+00:00","dateModified":"2021-07-21T13:57:53+00:00","mainEntityOfPage":{"@id":"https:\/\/comedialaon.fr\/?p=3356"},"wordCount":115,"publisher":{"@id":"https:\/\/comedialaon.fr\/#organization"},"image":{"@id":"https:\/\/comedialaon.fr\/?p=3356#primaryimage"},"thumbnailUrl":"https:\/\/comedialaon.fr\/wp-content\/uploads\/2019\/05\/Affiche-La-symphonie-des-faux-culs-LA-MAL-24-05-2019-complet-212x300.jpg","articleSection":["Infos LIVE"],"inLanguage":"fr-FR"},{"@type":"WebPage","@id":"https:\/\/comedialaon.fr\/?p=3356","url":"https:\/\/comedialaon.fr\/?p=3356","name":"LA DERNI\u00c8RE AFFICHE \u201cCOMPLET\u201d &#8226; Com\u00e9dia Laon","isPartOf":{"@id":"https:\/\/comedialaon.fr\/#website"},"primaryImageOfPage":{"@id":"https:\/\/comedialaon.fr\/?p=3356#primaryimage"},"image":{"@id":"https:\/\/comedialaon.fr\/?p=3356#primaryimage"},"thumbnailUrl":"https:\/\/comedialaon.fr\/wp-content\/uploads\/2019\/05\/Affiche-La-symphonie-des-faux-culs-LA-MAL-24-05-2019-complet-212x300.jpg","datePublished":"2019-05-16T16:18:32+00:00","dateModified":"2021-07-21T13:57:53+00:00","breadcrumb":{"@id":"https:\/\/comedialaon.fr\/?p=3356#breadcrumb"},"inLanguage":"fr-FR","potentialAction":[{"@type":"ReadAction","target":["https:\/\/comedialaon.fr\/?p=3356"]}]},{"@type":"ImageObject","inLanguage":"fr-FR","@id":"https:\/\/comedialaon.fr\/?p=3356#primaryimage","url":"https:\/\/comedialaon.fr\/wp-content\/uploads\/2019\/05\/Affiche-La-symphonie-des-faux-culs-LA-MAL-24-05-2019-complet.jpg","contentUrl":"https:\/\/comedialaon.fr\/wp-content\/uploads\/2019\/05\/Affiche-La-symphonie-des-faux-culs-LA-MAL-24-05-2019-complet.jpg","width":794,"height":1123,"caption":"La symphonie des faux culs \u00e0 la MAL le 24 mai 2019 : COMPLET \u00e0 8 jours du spectacle !!!"},{"@type":"BreadcrumbList","@id":"https:\/\/comedialaon.fr\/?p=3356#breadcrumb","itemListElement":[{"@type":"ListItem","position":1,"name":"Accueil","item":"https:\/\/comedialaon.fr\/"},{"@type":"ListItem","position":2,"name":"LA DERNI\u00c8RE AFFICHE \u201cCOMPLET\u201d"}]},{"@type":"WebSite","@id":"https:\/\/comedialaon.fr\/#website","url":"https:\/\/comedialaon.fr\/","name":"Com\u00e9dia Laon","description":"Prendre et donner du PLAISIR ... !!! ;-)","publisher":{"@id":"https:\/\/comedialaon.fr\/#organization"},"potentialAction":[{"@type":"SearchAction","target":{"@type":"EntryPoint","urlTemplate":"https:\/\/comedialaon.fr\/?s={search_term_string}"},"query-input":{"@type":"PropertyValueSpecification","valueRequired":true,"valueName":"search_term_string"}}],"inLanguage":"fr-FR"},{"@type":"Organization","@id":"https:\/\/comedialaon.fr\/#organization","name":"Com\u00e9dia Laon","url":"https:\/\/comedialaon.fr\/","logo":{"@type":"ImageObject","inLanguage":"fr-FR","@id":"https:\/\/comedialaon.fr\/#\/schema\/logo\/image\/","url":"https:\/\/comedialaon.fr\/wp-content\/uploads\/2019\/02\/LOGO-CL-et-OL.jpg","contentUrl":"https:\/\/comedialaon.fr\/wp-content\/uploads\/2019\/02\/LOGO-CL-et-OL.jpg","width":756,"height":210,"caption":"Com\u00e9dia Laon"},"image":{"@id":"https:\/\/comedialaon.fr\/#\/schema\/logo\/image\/"},"sameAs":["https:\/\/www.facebook.com\/profile.php?id=100008459438996","https:\/\/www.youtube.com\/results?search_query=comedia laon"]},{"@type":"Person","@id":"https:\/\/comedialaon.fr\/#\/schema\/person\/b5fa2097d9c2df39b18b24eb09a90f30","name":"Muppet 2","image":{"@type":"ImageObject","inLanguage":"fr-FR","@id":"https:\/\/secure.gravatar.com\/avatar\/8e9847ab3b902434f6deca39973d429601dcdadf46a57d80eec28699158bf63a?s=96&d=mm&r=g","url":"https:\/\/secure.gravatar.com\/avatar\/8e9847ab3b902434f6deca39973d429601dcdadf46a57d80eec28699158bf63a?s=96&d=mm&r=g","contentUrl":"https:\/\/secure.gravatar.com\/avatar\/8e9847ab3b902434f6deca39973d429601dcdadf46a57d80eec28699158bf63a?s=96&d=mm&r=g","caption":"Muppet 2"},"sameAs":["https:\/\/www.comedialaon.fr"]}]}},"_links":{"self":[{"href":"https:\/\/comedialaon.fr\/index.php?rest_route=\/wp\/v2\/posts\/3356","targetHints":{"allow":["GET"]}}],"collection":[{"href":"https:\/\/comedialaon.fr\/index.php?rest_route=\/wp\/v2\/posts"}],"about":[{"href":"https:\/\/comedialaon.fr\/index.php?rest_route=\/wp\/v2\/types\/post"}],"author":[{"embeddable":true,"href":"https:\/\/comedialaon.fr\/index.php?rest_route=\/wp\/v2\/users\/1"}],"replies":[{"embeddable":true,"href":"https:\/\/comedialaon.fr\/index.php?rest_route=%2Fwp%2Fv2%2Fcomments&post=3356"}],"version-history":[{"count":11,"href":"https:\/\/comedialaon.fr\/index.php?rest_route=\/wp\/v2\/posts\/3356\/revisions"}],"predecessor-version":[{"id":4669,"href":"https:\/\/comedialaon.fr\/index.php?rest_route=\/wp\/v2\/posts\/3356\/revisions\/4669"}],"wp:attachment":[{"href":"https:\/\/comedialaon.fr\/index.php?rest_route=%2Fwp%2Fv2%2Fmedia&parent=3356"}],"wp:term":[{"taxonomy":"category","embeddable":true,"href":"https:\/\/comedialaon.fr\/index.php?rest_route=%2Fwp%2Fv2%2Fcategories&post=3356"},{"taxonomy":"post_tag","embeddable":true,"href":"https:\/\/comedialaon.fr\/index.php?rest_route=%2Fwp%2Fv2%2Ftags&post=3356"}],"curies":[{"name":"wp","href":"https:\/\/api.w.org\/{rel}","templated":true}]}}