{"id":3202,"date":"2019-04-13T11:08:01","date_gmt":"2019-04-13T09:08:01","guid":{"rendered":"https:\/\/comedialaon.fr\/?p=3202"},"modified":"2019-05-02T14:34:22","modified_gmt":"2019-05-02T12:34:22","slug":"__trashed","status":"publish","type":"post","link":"https:\/\/comedialaon.fr\/?p=3202","title":{"rendered":"VERVINS : UN PUBLIC CONQUIT"},"content":{"rendered":"<div id=\"attachment_3200\" style=\"width: 425px\" class=\"wp-caption alignleft\"><a href=\"https:\/\/comedialaon.fr\/wp-content\/uploads\/2019\/04\/Vervins2.jpg\"><img loading=\"lazy\" decoding=\"async\" aria-describedby=\"caption-attachment-3200\" src=\"https:\/\/comedialaon.fr\/wp-content\/uploads\/2019\/04\/Vervins2.jpg\" alt=\"\" class=\"size-medium wp-image-3200\" width=\"415\" height=\"355\"><\/a><p id=\"caption-attachment-3200\" class=\"wp-caption-text\">VERVINS le 7 avril 2019<\/p><\/div>\n<p>En ce dimanche 7 avril 2019, nous \u00e9tions au Cin\u00e9ma PICCOLI-PICCOLO \u00e0 VERVINS. Malgr\u00e9 le magnifique soleil, le public \u00e9tait venu en nombre. Devant le spectacle au tempo effr\u00e9n\u00e9, les rires et les applaudissements des spectateurs se sont m\u00eal\u00e9s aux r\u00e9pliques percutantes des com\u00e9diens et des com\u00e9diennes.<\/p>\n<p>A la sortie du Cin\u00e9ma, tout le monde avait pass\u00e9 un bon moment et \u00e9tait unanime sur la qualit\u00e9 de la pi\u00e8ce \u00e9crite par notre parrain Olivier LEJEUNE et sur l&rsquo;excellent jeu des acteurs.<\/p>\n<p>Pour cette troisi\u00e8me ann\u00e9e \u00e0 VERVINS, nous tenons \u00e0 remercier la Mairie de VERVINS et tout particuli\u00e8rement Madame Marie-Jos\u00e9 JOSEPH pour son accueil et sa disponibilit\u00e9. Apr\u00e8s avoir offert le pot de l&rsquo;amiti\u00e9, Madame JOSEPH nous donne rendez-vous en 2020 &#8230;<\/p>\n<p>Le journal la Thi\u00e9rache a publi\u00e9 <a href=\" https:\/\/comedialaon.fr\/?attachment_id=3278 \" title=\"un article\">un article<\/a>.<\/p>\n<p><a href=\"https:\/\/comedialaon.fr\/?page_id=2814\" title=\"Nos dates de repr\u00e9sentations pour 2019\"> Nos dates de repr\u00e9sentations pour 2019<\/a><\/p>\n<div id=\"attachment_3201\" style=\"width: 425px\" class=\"wp-caption alignleft\"><a href=\"https:\/\/comedialaon.fr\/wp-content\/uploads\/2019\/04\/Vervins3.jpg\"><img loading=\"lazy\" decoding=\"async\" aria-describedby=\"caption-attachment-3201\" src=\"https:\/\/comedialaon.fr\/wp-content\/uploads\/2019\/04\/Vervins3.jpg\" alt=\"\" class=\"size-medium wp-image-3201\" width=\"415\" height=\"355\"><\/a><p id=\"caption-attachment-3201\" class=\"wp-caption-text\">VERVINS le 7 avril 2019<\/p><\/div>\n<div id=\"attachment_3199\" style=\"width: 425px\" class=\"wp-caption alignleft\"><a href=\"https:\/\/comedialaon.fr\/wp-content\/uploads\/2019\/04\/Vervins1.jpg\"><img loading=\"lazy\" decoding=\"async\" aria-describedby=\"caption-attachment-3199\" src=\"https:\/\/comedialaon.fr\/wp-content\/uploads\/2019\/04\/Vervins1.jpg\" alt=\"\" class=\"size-medium wp-image-3199\" width=\"415\" height=\"355\"><\/a><p id=\"caption-attachment-3199\" class=\"wp-caption-text\">VERVINS le 7 avril 2019<\/p><\/div>\n","protected":false},"excerpt":{"rendered":"<p>En ce dimanche 7 avril 2019, nous \u00e9tions au Cin\u00e9ma PICCOLI-PICCOLO \u00e0 VERVINS. Malgr\u00e9 le magnifique soleil, le public \u00e9tait venu en nombre. Devant le spectacle au tempo effr\u00e9n\u00e9, les rires et les applaudissements des spectateurs se sont m\u00eal\u00e9s aux r\u00e9pliques percutantes des com\u00e9diens et des com\u00e9diennes. A la sortie du Cin\u00e9ma, tout le monde<\/p>\n<p><a class=\"excerpt-more blog-excerpt\" href=\"https:\/\/comedialaon.fr\/?p=3202\">Lire la suite<\/a><\/p>\n","protected":false},"author":1,"featured_media":0,"comment_status":"closed","ping_status":"open","sticky":false,"template":"","format":"standard","meta":{"footnotes":""},"categories":[11],"tags":[],"class_list":["post-3202","post","type-post","status-publish","format-standard","hentry","category-infos-live"],"yoast_head":"<!-- This site is optimized with the Yoast SEO plugin v27.5 - https:\/\/yoast.com\/product\/yoast-seo-wordpress\/ -->\n<title>VERVINS : UN PUBLIC CONQUIT &#8226; Com\u00e9dia Laon<\/title>\n<meta name=\"robots\" content=\"index, follow, max-snippet:-1, max-image-preview:large, max-video-preview:-1\" \/>\n<link rel=\"canonical\" href=\"https:\/\/comedialaon.fr\/?p=3202\" \/>\n<meta property=\"og:locale\" content=\"fr_FR\" \/>\n<meta property=\"og:type\" content=\"article\" \/>\n<meta property=\"og:title\" content=\"VERVINS : UN PUBLIC CONQUIT &#8226; Com\u00e9dia Laon\" \/>\n<meta property=\"og:description\" content=\"En ce dimanche 7 avril 2019, nous \u00e9tions au Cin\u00e9ma PICCOLI-PICCOLO \u00e0 VERVINS. Malgr\u00e9 le magnifique soleil, le public \u00e9tait venu en nombre. Devant le spectacle au tempo effr\u00e9n\u00e9, les rires et les applaudissements des spectateurs se sont m\u00eal\u00e9s aux r\u00e9pliques percutantes des com\u00e9diens et des com\u00e9diennes. A la sortie du Cin\u00e9ma, tout le mondeLire la suite\" \/>\n<meta property=\"og:url\" content=\"https:\/\/comedialaon.fr\/?p=3202\" \/>\n<meta property=\"og:site_name\" content=\"Com\u00e9dia Laon\" \/>\n<meta property=\"article:publisher\" content=\"https:\/\/www.facebook.com\/profile.php?id=100008459438996\" \/>\n<meta property=\"article:published_time\" content=\"2019-04-13T09:08:01+00:00\" \/>\n<meta property=\"article:modified_time\" content=\"2019-05-02T12:34:22+00:00\" \/>\n<meta property=\"og:image\" content=\"https:\/\/comedialaon.fr\/wp-content\/uploads\/2019\/04\/Vervins2.jpg\" \/>\n<meta name=\"author\" content=\"Muppet 2\" \/>\n<meta name=\"twitter:label1\" content=\"\u00c9crit par\" \/>\n\t<meta name=\"twitter:data1\" content=\"Muppet 2\" \/>\n\t<meta name=\"twitter:label2\" content=\"Dur\u00e9e de lecture estim\u00e9e\" \/>\n\t<meta name=\"twitter:data2\" content=\"1 minute\" \/>\n<script type=\"application\/ld+json\" class=\"yoast-schema-graph\">{\"@context\":\"https:\\\/\\\/schema.org\",\"@graph\":[{\"@type\":\"Article\",\"@id\":\"https:\\\/\\\/comedialaon.fr\\\/?p=3202#article\",\"isPartOf\":{\"@id\":\"https:\\\/\\\/comedialaon.fr\\\/?p=3202\"},\"author\":{\"name\":\"Muppet 2\",\"@id\":\"https:\\\/\\\/comedialaon.fr\\\/#\\\/schema\\\/person\\\/b5fa2097d9c2df39b18b24eb09a90f30\"},\"headline\":\"VERVINS : UN PUBLIC CONQUIT\",\"datePublished\":\"2019-04-13T09:08:01+00:00\",\"dateModified\":\"2019-05-02T12:34:22+00:00\",\"mainEntityOfPage\":{\"@id\":\"https:\\\/\\\/comedialaon.fr\\\/?p=3202\"},\"wordCount\":179,\"publisher\":{\"@id\":\"https:\\\/\\\/comedialaon.fr\\\/#organization\"},\"image\":{\"@id\":\"https:\\\/\\\/comedialaon.fr\\\/?p=3202#primaryimage\"},\"thumbnailUrl\":\"https:\\\/\\\/comedialaon.fr\\\/wp-content\\\/uploads\\\/2019\\\/04\\\/Vervins2.jpg\",\"articleSection\":[\"Infos LIVE\"],\"inLanguage\":\"fr-FR\"},{\"@type\":\"WebPage\",\"@id\":\"https:\\\/\\\/comedialaon.fr\\\/?p=3202\",\"url\":\"https:\\\/\\\/comedialaon.fr\\\/?p=3202\",\"name\":\"VERVINS : UN PUBLIC CONQUIT &#8226; Com\u00e9dia Laon\",\"isPartOf\":{\"@id\":\"https:\\\/\\\/comedialaon.fr\\\/#website\"},\"primaryImageOfPage\":{\"@id\":\"https:\\\/\\\/comedialaon.fr\\\/?p=3202#primaryimage\"},\"image\":{\"@id\":\"https:\\\/\\\/comedialaon.fr\\\/?p=3202#primaryimage\"},\"thumbnailUrl\":\"https:\\\/\\\/comedialaon.fr\\\/wp-content\\\/uploads\\\/2019\\\/04\\\/Vervins2.jpg\",\"datePublished\":\"2019-04-13T09:08:01+00:00\",\"dateModified\":\"2019-05-02T12:34:22+00:00\",\"breadcrumb\":{\"@id\":\"https:\\\/\\\/comedialaon.fr\\\/?p=3202#breadcrumb\"},\"inLanguage\":\"fr-FR\",\"potentialAction\":[{\"@type\":\"ReadAction\",\"target\":[\"https:\\\/\\\/comedialaon.fr\\\/?p=3202\"]}]},{\"@type\":\"ImageObject\",\"inLanguage\":\"fr-FR\",\"@id\":\"https:\\\/\\\/comedialaon.fr\\\/?p=3202#primaryimage\",\"url\":\"https:\\\/\\\/comedialaon.fr\\\/wp-content\\\/uploads\\\/2019\\\/04\\\/Vervins2.jpg\",\"contentUrl\":\"https:\\\/\\\/comedialaon.fr\\\/wp-content\\\/uploads\\\/2019\\\/04\\\/Vervins2.jpg\",\"width\":346,\"height\":260,\"caption\":\"Vervins le 7 avril 2019\"},{\"@type\":\"BreadcrumbList\",\"@id\":\"https:\\\/\\\/comedialaon.fr\\\/?p=3202#breadcrumb\",\"itemListElement\":[{\"@type\":\"ListItem\",\"position\":1,\"name\":\"Accueil\",\"item\":\"https:\\\/\\\/comedialaon.fr\\\/\"},{\"@type\":\"ListItem\",\"position\":2,\"name\":\"VERVINS : UN PUBLIC CONQUIT\"}]},{\"@type\":\"WebSite\",\"@id\":\"https:\\\/\\\/comedialaon.fr\\\/#website\",\"url\":\"https:\\\/\\\/comedialaon.fr\\\/\",\"name\":\"Com\u00e9dia Laon\",\"description\":\"Prendre et donner du PLAISIR ... !!! ;-)\",\"publisher\":{\"@id\":\"https:\\\/\\\/comedialaon.fr\\\/#organization\"},\"potentialAction\":[{\"@type\":\"SearchAction\",\"target\":{\"@type\":\"EntryPoint\",\"urlTemplate\":\"https:\\\/\\\/comedialaon.fr\\\/?s={search_term_string}\"},\"query-input\":{\"@type\":\"PropertyValueSpecification\",\"valueRequired\":true,\"valueName\":\"search_term_string\"}}],\"inLanguage\":\"fr-FR\"},{\"@type\":\"Organization\",\"@id\":\"https:\\\/\\\/comedialaon.fr\\\/#organization\",\"name\":\"Com\u00e9dia Laon\",\"url\":\"https:\\\/\\\/comedialaon.fr\\\/\",\"logo\":{\"@type\":\"ImageObject\",\"inLanguage\":\"fr-FR\",\"@id\":\"https:\\\/\\\/comedialaon.fr\\\/#\\\/schema\\\/logo\\\/image\\\/\",\"url\":\"https:\\\/\\\/comedialaon.fr\\\/wp-content\\\/uploads\\\/2019\\\/02\\\/LOGO-CL-et-OL.jpg\",\"contentUrl\":\"https:\\\/\\\/comedialaon.fr\\\/wp-content\\\/uploads\\\/2019\\\/02\\\/LOGO-CL-et-OL.jpg\",\"width\":756,\"height\":210,\"caption\":\"Com\u00e9dia Laon\"},\"image\":{\"@id\":\"https:\\\/\\\/comedialaon.fr\\\/#\\\/schema\\\/logo\\\/image\\\/\"},\"sameAs\":[\"https:\\\/\\\/www.facebook.com\\\/profile.php?id=100008459438996\",\"https:\\\/\\\/www.youtube.com\\\/results?search_query=comedia laon\"]},{\"@type\":\"Person\",\"@id\":\"https:\\\/\\\/comedialaon.fr\\\/#\\\/schema\\\/person\\\/b5fa2097d9c2df39b18b24eb09a90f30\",\"name\":\"Muppet 2\",\"image\":{\"@type\":\"ImageObject\",\"inLanguage\":\"fr-FR\",\"@id\":\"https:\\\/\\\/secure.gravatar.com\\\/avatar\\\/8e9847ab3b902434f6deca39973d429601dcdadf46a57d80eec28699158bf63a?s=96&d=mm&r=g\",\"url\":\"https:\\\/\\\/secure.gravatar.com\\\/avatar\\\/8e9847ab3b902434f6deca39973d429601dcdadf46a57d80eec28699158bf63a?s=96&d=mm&r=g\",\"contentUrl\":\"https:\\\/\\\/secure.gravatar.com\\\/avatar\\\/8e9847ab3b902434f6deca39973d429601dcdadf46a57d80eec28699158bf63a?s=96&d=mm&r=g\",\"caption\":\"Muppet 2\"},\"sameAs\":[\"https:\\\/\\\/www.comedialaon.fr\"]}]}<\/script>\n<!-- \/ Yoast SEO plugin. -->","yoast_head_json":{"title":"VERVINS : UN PUBLIC CONQUIT &#8226; Com\u00e9dia Laon","robots":{"index":"index","follow":"follow","max-snippet":"max-snippet:-1","max-image-preview":"max-image-preview:large","max-video-preview":"max-video-preview:-1"},"canonical":"https:\/\/comedialaon.fr\/?p=3202","og_locale":"fr_FR","og_type":"article","og_title":"VERVINS : UN PUBLIC CONQUIT &#8226; Com\u00e9dia Laon","og_description":"En ce dimanche 7 avril 2019, nous \u00e9tions au Cin\u00e9ma PICCOLI-PICCOLO \u00e0 VERVINS. Malgr\u00e9 le magnifique soleil, le public \u00e9tait venu en nombre. Devant le spectacle au tempo effr\u00e9n\u00e9, les rires et les applaudissements des spectateurs se sont m\u00eal\u00e9s aux r\u00e9pliques percutantes des com\u00e9diens et des com\u00e9diennes. A la sortie du Cin\u00e9ma, tout le mondeLire la suite","og_url":"https:\/\/comedialaon.fr\/?p=3202","og_site_name":"Com\u00e9dia Laon","article_publisher":"https:\/\/www.facebook.com\/profile.php?id=100008459438996","article_published_time":"2019-04-13T09:08:01+00:00","article_modified_time":"2019-05-02T12:34:22+00:00","og_image":[{"url":"https:\/\/comedialaon.fr\/wp-content\/uploads\/2019\/04\/Vervins2.jpg","type":"","width":"","height":""}],"author":"Muppet 2","twitter_misc":{"\u00c9crit par":"Muppet 2","Dur\u00e9e de lecture estim\u00e9e":"1 minute"},"schema":{"@context":"https:\/\/schema.org","@graph":[{"@type":"Article","@id":"https:\/\/comedialaon.fr\/?p=3202#article","isPartOf":{"@id":"https:\/\/comedialaon.fr\/?p=3202"},"author":{"name":"Muppet 2","@id":"https:\/\/comedialaon.fr\/#\/schema\/person\/b5fa2097d9c2df39b18b24eb09a90f30"},"headline":"VERVINS : UN PUBLIC CONQUIT","datePublished":"2019-04-13T09:08:01+00:00","dateModified":"2019-05-02T12:34:22+00:00","mainEntityOfPage":{"@id":"https:\/\/comedialaon.fr\/?p=3202"},"wordCount":179,"publisher":{"@id":"https:\/\/comedialaon.fr\/#organization"},"image":{"@id":"https:\/\/comedialaon.fr\/?p=3202#primaryimage"},"thumbnailUrl":"https:\/\/comedialaon.fr\/wp-content\/uploads\/2019\/04\/Vervins2.jpg","articleSection":["Infos LIVE"],"inLanguage":"fr-FR"},{"@type":"WebPage","@id":"https:\/\/comedialaon.fr\/?p=3202","url":"https:\/\/comedialaon.fr\/?p=3202","name":"VERVINS : UN PUBLIC CONQUIT &#8226; Com\u00e9dia Laon","isPartOf":{"@id":"https:\/\/comedialaon.fr\/#website"},"primaryImageOfPage":{"@id":"https:\/\/comedialaon.fr\/?p=3202#primaryimage"},"image":{"@id":"https:\/\/comedialaon.fr\/?p=3202#primaryimage"},"thumbnailUrl":"https:\/\/comedialaon.fr\/wp-content\/uploads\/2019\/04\/Vervins2.jpg","datePublished":"2019-04-13T09:08:01+00:00","dateModified":"2019-05-02T12:34:22+00:00","breadcrumb":{"@id":"https:\/\/comedialaon.fr\/?p=3202#breadcrumb"},"inLanguage":"fr-FR","potentialAction":[{"@type":"ReadAction","target":["https:\/\/comedialaon.fr\/?p=3202"]}]},{"@type":"ImageObject","inLanguage":"fr-FR","@id":"https:\/\/comedialaon.fr\/?p=3202#primaryimage","url":"https:\/\/comedialaon.fr\/wp-content\/uploads\/2019\/04\/Vervins2.jpg","contentUrl":"https:\/\/comedialaon.fr\/wp-content\/uploads\/2019\/04\/Vervins2.jpg","width":346,"height":260,"caption":"Vervins le 7 avril 2019"},{"@type":"BreadcrumbList","@id":"https:\/\/comedialaon.fr\/?p=3202#breadcrumb","itemListElement":[{"@type":"ListItem","position":1,"name":"Accueil","item":"https:\/\/comedialaon.fr\/"},{"@type":"ListItem","position":2,"name":"VERVINS : UN PUBLIC CONQUIT"}]},{"@type":"WebSite","@id":"https:\/\/comedialaon.fr\/#website","url":"https:\/\/comedialaon.fr\/","name":"Com\u00e9dia Laon","description":"Prendre et donner du PLAISIR ... !!! ;-)","publisher":{"@id":"https:\/\/comedialaon.fr\/#organization"},"potentialAction":[{"@type":"SearchAction","target":{"@type":"EntryPoint","urlTemplate":"https:\/\/comedialaon.fr\/?s={search_term_string}"},"query-input":{"@type":"PropertyValueSpecification","valueRequired":true,"valueName":"search_term_string"}}],"inLanguage":"fr-FR"},{"@type":"Organization","@id":"https:\/\/comedialaon.fr\/#organization","name":"Com\u00e9dia Laon","url":"https:\/\/comedialaon.fr\/","logo":{"@type":"ImageObject","inLanguage":"fr-FR","@id":"https:\/\/comedialaon.fr\/#\/schema\/logo\/image\/","url":"https:\/\/comedialaon.fr\/wp-content\/uploads\/2019\/02\/LOGO-CL-et-OL.jpg","contentUrl":"https:\/\/comedialaon.fr\/wp-content\/uploads\/2019\/02\/LOGO-CL-et-OL.jpg","width":756,"height":210,"caption":"Com\u00e9dia Laon"},"image":{"@id":"https:\/\/comedialaon.fr\/#\/schema\/logo\/image\/"},"sameAs":["https:\/\/www.facebook.com\/profile.php?id=100008459438996","https:\/\/www.youtube.com\/results?search_query=comedia laon"]},{"@type":"Person","@id":"https:\/\/comedialaon.fr\/#\/schema\/person\/b5fa2097d9c2df39b18b24eb09a90f30","name":"Muppet 2","image":{"@type":"ImageObject","inLanguage":"fr-FR","@id":"https:\/\/secure.gravatar.com\/avatar\/8e9847ab3b902434f6deca39973d429601dcdadf46a57d80eec28699158bf63a?s=96&d=mm&r=g","url":"https:\/\/secure.gravatar.com\/avatar\/8e9847ab3b902434f6deca39973d429601dcdadf46a57d80eec28699158bf63a?s=96&d=mm&r=g","contentUrl":"https:\/\/secure.gravatar.com\/avatar\/8e9847ab3b902434f6deca39973d429601dcdadf46a57d80eec28699158bf63a?s=96&d=mm&r=g","caption":"Muppet 2"},"sameAs":["https:\/\/www.comedialaon.fr"]}]}},"_links":{"self":[{"href":"https:\/\/comedialaon.fr\/index.php?rest_route=\/wp\/v2\/posts\/3202","targetHints":{"allow":["GET"]}}],"collection":[{"href":"https:\/\/comedialaon.fr\/index.php?rest_route=\/wp\/v2\/posts"}],"about":[{"href":"https:\/\/comedialaon.fr\/index.php?rest_route=\/wp\/v2\/types\/post"}],"author":[{"embeddable":true,"href":"https:\/\/comedialaon.fr\/index.php?rest_route=\/wp\/v2\/users\/1"}],"replies":[{"embeddable":true,"href":"https:\/\/comedialaon.fr\/index.php?rest_route=%2Fwp%2Fv2%2Fcomments&post=3202"}],"version-history":[{"count":14,"href":"https:\/\/comedialaon.fr\/index.php?rest_route=\/wp\/v2\/posts\/3202\/revisions"}],"predecessor-version":[{"id":3281,"href":"https:\/\/comedialaon.fr\/index.php?rest_route=\/wp\/v2\/posts\/3202\/revisions\/3281"}],"wp:attachment":[{"href":"https:\/\/comedialaon.fr\/index.php?rest_route=%2Fwp%2Fv2%2Fmedia&parent=3202"}],"wp:term":[{"taxonomy":"category","embeddable":true,"href":"https:\/\/comedialaon.fr\/index.php?rest_route=%2Fwp%2Fv2%2Fcategories&post=3202"},{"taxonomy":"post_tag","embeddable":true,"href":"https:\/\/comedialaon.fr\/index.php?rest_route=%2Fwp%2Fv2%2Ftags&post=3202"}],"curies":[{"name":"wp","href":"https:\/\/api.w.org\/{rel}","templated":true}]}}