{"id":3070,"date":"2019-02-25T21:37:15","date_gmt":"2019-02-25T19:37:15","guid":{"rendered":"https:\/\/comedialaon.fr\/?p=3070"},"modified":"2021-07-21T16:00:00","modified_gmt":"2021-07-21T14:00:00","slug":"on-sest-regale","status":"publish","type":"post","link":"https:\/\/comedialaon.fr\/?p=3070","title":{"rendered":"ON S&rsquo;EST R\u00c9GAL\u00c9 !!!"},"content":{"rendered":"<div id=\"attachment_3094\" style=\"width: 425px\" class=\"wp-caption alignleft\"><a href=\"https:\/\/comedialaon.fr\/wp-content\/uploads\/2019\/02\/19-Patrice-...-1566-pourquoi-.jpg\"><img loading=\"lazy\" decoding=\"async\" aria-describedby=\"caption-attachment-3094\" src=\"https:\/\/comedialaon.fr\/wp-content\/uploads\/2019\/02\/19-Patrice-...-1566-pourquoi-.jpg\" alt=\"\" class=\"size-medium wp-image-3094\" width=\"415\" height=\"355\" srcset=\"https:\/\/comedialaon.fr\/wp-content\/uploads\/2019\/02\/19-Patrice-...-1566-pourquoi-.jpg 829w, https:\/\/comedialaon.fr\/wp-content\/uploads\/2019\/02\/19-Patrice-...-1566-pourquoi--300x257.jpg 300w, https:\/\/comedialaon.fr\/wp-content\/uploads\/2019\/02\/19-Patrice-...-1566-pourquoi--768x657.jpg 768w\" sizes=\"auto, (max-width: 415px) 100vw, 415px\" \/><\/a><p id=\"caption-attachment-3094\" class=\"wp-caption-text\">PINON le 24 f\u00e9vrier 2019<\/p><\/div>\n<p>Ce dimanche s&rsquo;est d\u00e9roul\u00e9e \u00ab\u00a0La Premi\u00e8re\u00a0\u00bb de \u00ab\u00a0La symphonie des faux-culs\u00a0\u00bb notre nouvelle pi\u00e8ce cr\u00e9\u00e9e et remarquablement \u00e9crite par notre parrain Olivier LEJEUNE.<\/p>\n<p>Encore un grand merci au Comit\u00e9 des F\u00eates de PINON, que nous retrouvons chaque ann\u00e9e depuis 2014, pour son accueil, sa disponibilit\u00e9 et sa bienveillance.<\/p>\n<p>Les cent quarante spectateurs pr\u00e9sents ont port\u00e9 les com\u00e9diens durant une heure quarante faite de rires, de fous rires, de joie et d&rsquo;applaudissements.<\/p>\n<p>Apr\u00e8s deux mois et demi d&rsquo;une pr\u00e9paration compliqu\u00e9e et intense, cela nous a prouv\u00e9 que nous avions fait le bon choix apr\u00e8s notre d\u00e9convenue avec la soci\u00e9t\u00e9 de production \u00ab\u00a0Nouvelle sc\u00e8ne\u00a0\u00bb.<\/p>\n<p>En attendant notre prochaine repr\u00e9sentation le samedi 16 mars 2019 \u00e0 20H30 au Foyer G\u00e9rard Philipe \u00e0 CHAMBRY qui nous accueillera pour la premi\u00e8re fois, nous allons prendre, d&rsquo;ici quelques jours, possession de nos nouveaux locaux \u00e0 c\u00f4t\u00e9 de l\u2019A\u00e9rodrome de LAON.<\/p>\n<p><a href=\"https:\/\/comedialaon.fr\/?page_id=4628\" title=\"Album photos PINON\">Album photos PINON<\/a><\/p>\n<p><a href=\"https:\/\/comedialaon.fr\/?page_id=2814\" title=\"Nos dates de repr\u00e9sentations pour 2019\"> Nos dates de repr\u00e9sentations pour 2019<\/a><\/p>\n","protected":false},"excerpt":{"rendered":"<p>Ce dimanche s&rsquo;est d\u00e9roul\u00e9e \u00ab\u00a0La Premi\u00e8re\u00a0\u00bb de \u00ab\u00a0La symphonie des faux-culs\u00a0\u00bb notre nouvelle pi\u00e8ce cr\u00e9\u00e9e et remarquablement \u00e9crite par notre parrain Olivier LEJEUNE. Encore un grand merci au Comit\u00e9 des F\u00eates de PINON, que nous retrouvons chaque ann\u00e9e depuis 2014, pour son accueil, sa disponibilit\u00e9 et sa bienveillance. Les cent quarante spectateurs pr\u00e9sents ont port\u00e9<\/p>\n<p><a class=\"excerpt-more blog-excerpt\" href=\"https:\/\/comedialaon.fr\/?p=3070\">Lire la suite<\/a><\/p>\n","protected":false},"author":1,"featured_media":0,"comment_status":"closed","ping_status":"open","sticky":false,"template":"","format":"standard","meta":{"footnotes":""},"categories":[11],"tags":[],"class_list":["post-3070","post","type-post","status-publish","format-standard","hentry","category-infos-live"],"yoast_head":"<!-- This site is optimized with the Yoast SEO plugin v27.5 - https:\/\/yoast.com\/product\/yoast-seo-wordpress\/ -->\n<title>ON S&#039;EST R\u00c9GAL\u00c9 !!! &#8226; Com\u00e9dia Laon<\/title>\n<meta name=\"robots\" content=\"index, follow, max-snippet:-1, max-image-preview:large, max-video-preview:-1\" \/>\n<link rel=\"canonical\" href=\"https:\/\/comedialaon.fr\/?p=3070\" \/>\n<meta property=\"og:locale\" content=\"fr_FR\" \/>\n<meta property=\"og:type\" content=\"article\" \/>\n<meta property=\"og:title\" content=\"ON S&#039;EST R\u00c9GAL\u00c9 !!! &#8226; Com\u00e9dia Laon\" \/>\n<meta property=\"og:description\" content=\"Ce dimanche s&rsquo;est d\u00e9roul\u00e9e \u00ab\u00a0La Premi\u00e8re\u00a0\u00bb de \u00ab\u00a0La symphonie des faux-culs\u00a0\u00bb notre nouvelle pi\u00e8ce cr\u00e9\u00e9e et remarquablement \u00e9crite par notre parrain Olivier LEJEUNE. Encore un grand merci au Comit\u00e9 des F\u00eates de PINON, que nous retrouvons chaque ann\u00e9e depuis 2014, pour son accueil, sa disponibilit\u00e9 et sa bienveillance. Les cent quarante spectateurs pr\u00e9sents ont port\u00e9Lire la suite\" \/>\n<meta property=\"og:url\" content=\"https:\/\/comedialaon.fr\/?p=3070\" \/>\n<meta property=\"og:site_name\" content=\"Com\u00e9dia Laon\" \/>\n<meta property=\"article:publisher\" content=\"https:\/\/www.facebook.com\/profile.php?id=100008459438996\" \/>\n<meta property=\"article:published_time\" content=\"2019-02-25T19:37:15+00:00\" \/>\n<meta property=\"article:modified_time\" content=\"2021-07-21T14:00:00+00:00\" \/>\n<meta property=\"og:image\" content=\"https:\/\/comedialaon.fr\/wp-content\/uploads\/2019\/02\/19-Patrice-...-1566-pourquoi-.jpg\" \/>\n<meta name=\"author\" content=\"Muppet 2\" \/>\n<meta name=\"twitter:label1\" content=\"\u00c9crit par\" \/>\n\t<meta name=\"twitter:data1\" content=\"Muppet 2\" \/>\n\t<meta name=\"twitter:label2\" content=\"Dur\u00e9e de lecture estim\u00e9e\" \/>\n\t<meta name=\"twitter:data2\" content=\"1 minute\" \/>\n<script type=\"application\/ld+json\" class=\"yoast-schema-graph\">{\"@context\":\"https:\\\/\\\/schema.org\",\"@graph\":[{\"@type\":\"Article\",\"@id\":\"https:\\\/\\\/comedialaon.fr\\\/?p=3070#article\",\"isPartOf\":{\"@id\":\"https:\\\/\\\/comedialaon.fr\\\/?p=3070\"},\"author\":{\"name\":\"Muppet 2\",\"@id\":\"https:\\\/\\\/comedialaon.fr\\\/#\\\/schema\\\/person\\\/b5fa2097d9c2df39b18b24eb09a90f30\"},\"headline\":\"ON S&rsquo;EST R\u00c9GAL\u00c9 !!!\",\"datePublished\":\"2019-02-25T19:37:15+00:00\",\"dateModified\":\"2021-07-21T14:00:00+00:00\",\"mainEntityOfPage\":{\"@id\":\"https:\\\/\\\/comedialaon.fr\\\/?p=3070\"},\"wordCount\":189,\"publisher\":{\"@id\":\"https:\\\/\\\/comedialaon.fr\\\/#organization\"},\"image\":{\"@id\":\"https:\\\/\\\/comedialaon.fr\\\/?p=3070#primaryimage\"},\"thumbnailUrl\":\"https:\\\/\\\/comedialaon.fr\\\/wp-content\\\/uploads\\\/2019\\\/02\\\/19-Patrice-...-1566-pourquoi-.jpg\",\"articleSection\":[\"Infos LIVE\"],\"inLanguage\":\"fr-FR\"},{\"@type\":\"WebPage\",\"@id\":\"https:\\\/\\\/comedialaon.fr\\\/?p=3070\",\"url\":\"https:\\\/\\\/comedialaon.fr\\\/?p=3070\",\"name\":\"ON S'EST R\u00c9GAL\u00c9 !!! &#8226; Com\u00e9dia Laon\",\"isPartOf\":{\"@id\":\"https:\\\/\\\/comedialaon.fr\\\/#website\"},\"primaryImageOfPage\":{\"@id\":\"https:\\\/\\\/comedialaon.fr\\\/?p=3070#primaryimage\"},\"image\":{\"@id\":\"https:\\\/\\\/comedialaon.fr\\\/?p=3070#primaryimage\"},\"thumbnailUrl\":\"https:\\\/\\\/comedialaon.fr\\\/wp-content\\\/uploads\\\/2019\\\/02\\\/19-Patrice-...-1566-pourquoi-.jpg\",\"datePublished\":\"2019-02-25T19:37:15+00:00\",\"dateModified\":\"2021-07-21T14:00:00+00:00\",\"breadcrumb\":{\"@id\":\"https:\\\/\\\/comedialaon.fr\\\/?p=3070#breadcrumb\"},\"inLanguage\":\"fr-FR\",\"potentialAction\":[{\"@type\":\"ReadAction\",\"target\":[\"https:\\\/\\\/comedialaon.fr\\\/?p=3070\"]}]},{\"@type\":\"ImageObject\",\"inLanguage\":\"fr-FR\",\"@id\":\"https:\\\/\\\/comedialaon.fr\\\/?p=3070#primaryimage\",\"url\":\"https:\\\/\\\/comedialaon.fr\\\/wp-content\\\/uploads\\\/2019\\\/02\\\/19-Patrice-...-1566-pourquoi-.jpg\",\"contentUrl\":\"https:\\\/\\\/comedialaon.fr\\\/wp-content\\\/uploads\\\/2019\\\/02\\\/19-Patrice-...-1566-pourquoi-.jpg\",\"width\":829,\"height\":709,\"caption\":\"\u201cLA SYMPHONIE DES FAUX CULS\u201d : Patrice ... 1566 pourquoi ! le 23 F\u00c9VRIER 2019 \u00e0 PINON\"},{\"@type\":\"BreadcrumbList\",\"@id\":\"https:\\\/\\\/comedialaon.fr\\\/?p=3070#breadcrumb\",\"itemListElement\":[{\"@type\":\"ListItem\",\"position\":1,\"name\":\"Accueil\",\"item\":\"https:\\\/\\\/comedialaon.fr\\\/\"},{\"@type\":\"ListItem\",\"position\":2,\"name\":\"ON S&rsquo;EST R\u00c9GAL\u00c9 !!!\"}]},{\"@type\":\"WebSite\",\"@id\":\"https:\\\/\\\/comedialaon.fr\\\/#website\",\"url\":\"https:\\\/\\\/comedialaon.fr\\\/\",\"name\":\"Com\u00e9dia Laon\",\"description\":\"Prendre et donner du PLAISIR ... !!! ;-)\",\"publisher\":{\"@id\":\"https:\\\/\\\/comedialaon.fr\\\/#organization\"},\"potentialAction\":[{\"@type\":\"SearchAction\",\"target\":{\"@type\":\"EntryPoint\",\"urlTemplate\":\"https:\\\/\\\/comedialaon.fr\\\/?s={search_term_string}\"},\"query-input\":{\"@type\":\"PropertyValueSpecification\",\"valueRequired\":true,\"valueName\":\"search_term_string\"}}],\"inLanguage\":\"fr-FR\"},{\"@type\":\"Organization\",\"@id\":\"https:\\\/\\\/comedialaon.fr\\\/#organization\",\"name\":\"Com\u00e9dia Laon\",\"url\":\"https:\\\/\\\/comedialaon.fr\\\/\",\"logo\":{\"@type\":\"ImageObject\",\"inLanguage\":\"fr-FR\",\"@id\":\"https:\\\/\\\/comedialaon.fr\\\/#\\\/schema\\\/logo\\\/image\\\/\",\"url\":\"https:\\\/\\\/comedialaon.fr\\\/wp-content\\\/uploads\\\/2019\\\/02\\\/LOGO-CL-et-OL.jpg\",\"contentUrl\":\"https:\\\/\\\/comedialaon.fr\\\/wp-content\\\/uploads\\\/2019\\\/02\\\/LOGO-CL-et-OL.jpg\",\"width\":756,\"height\":210,\"caption\":\"Com\u00e9dia Laon\"},\"image\":{\"@id\":\"https:\\\/\\\/comedialaon.fr\\\/#\\\/schema\\\/logo\\\/image\\\/\"},\"sameAs\":[\"https:\\\/\\\/www.facebook.com\\\/profile.php?id=100008459438996\",\"https:\\\/\\\/www.youtube.com\\\/results?search_query=comedia laon\"]},{\"@type\":\"Person\",\"@id\":\"https:\\\/\\\/comedialaon.fr\\\/#\\\/schema\\\/person\\\/b5fa2097d9c2df39b18b24eb09a90f30\",\"name\":\"Muppet 2\",\"image\":{\"@type\":\"ImageObject\",\"inLanguage\":\"fr-FR\",\"@id\":\"https:\\\/\\\/secure.gravatar.com\\\/avatar\\\/8e9847ab3b902434f6deca39973d429601dcdadf46a57d80eec28699158bf63a?s=96&d=mm&r=g\",\"url\":\"https:\\\/\\\/secure.gravatar.com\\\/avatar\\\/8e9847ab3b902434f6deca39973d429601dcdadf46a57d80eec28699158bf63a?s=96&d=mm&r=g\",\"contentUrl\":\"https:\\\/\\\/secure.gravatar.com\\\/avatar\\\/8e9847ab3b902434f6deca39973d429601dcdadf46a57d80eec28699158bf63a?s=96&d=mm&r=g\",\"caption\":\"Muppet 2\"},\"sameAs\":[\"https:\\\/\\\/www.comedialaon.fr\"]}]}<\/script>\n<!-- \/ Yoast SEO plugin. -->","yoast_head_json":{"title":"ON S'EST R\u00c9GAL\u00c9 !!! &#8226; Com\u00e9dia Laon","robots":{"index":"index","follow":"follow","max-snippet":"max-snippet:-1","max-image-preview":"max-image-preview:large","max-video-preview":"max-video-preview:-1"},"canonical":"https:\/\/comedialaon.fr\/?p=3070","og_locale":"fr_FR","og_type":"article","og_title":"ON S'EST R\u00c9GAL\u00c9 !!! &#8226; Com\u00e9dia Laon","og_description":"Ce dimanche s&rsquo;est d\u00e9roul\u00e9e \u00ab\u00a0La Premi\u00e8re\u00a0\u00bb de \u00ab\u00a0La symphonie des faux-culs\u00a0\u00bb notre nouvelle pi\u00e8ce cr\u00e9\u00e9e et remarquablement \u00e9crite par notre parrain Olivier LEJEUNE. Encore un grand merci au Comit\u00e9 des F\u00eates de PINON, que nous retrouvons chaque ann\u00e9e depuis 2014, pour son accueil, sa disponibilit\u00e9 et sa bienveillance. Les cent quarante spectateurs pr\u00e9sents ont port\u00e9Lire la suite","og_url":"https:\/\/comedialaon.fr\/?p=3070","og_site_name":"Com\u00e9dia Laon","article_publisher":"https:\/\/www.facebook.com\/profile.php?id=100008459438996","article_published_time":"2019-02-25T19:37:15+00:00","article_modified_time":"2021-07-21T14:00:00+00:00","og_image":[{"url":"https:\/\/comedialaon.fr\/wp-content\/uploads\/2019\/02\/19-Patrice-...-1566-pourquoi-.jpg","type":"","width":"","height":""}],"author":"Muppet 2","twitter_misc":{"\u00c9crit par":"Muppet 2","Dur\u00e9e de lecture estim\u00e9e":"1 minute"},"schema":{"@context":"https:\/\/schema.org","@graph":[{"@type":"Article","@id":"https:\/\/comedialaon.fr\/?p=3070#article","isPartOf":{"@id":"https:\/\/comedialaon.fr\/?p=3070"},"author":{"name":"Muppet 2","@id":"https:\/\/comedialaon.fr\/#\/schema\/person\/b5fa2097d9c2df39b18b24eb09a90f30"},"headline":"ON S&rsquo;EST R\u00c9GAL\u00c9 !!!","datePublished":"2019-02-25T19:37:15+00:00","dateModified":"2021-07-21T14:00:00+00:00","mainEntityOfPage":{"@id":"https:\/\/comedialaon.fr\/?p=3070"},"wordCount":189,"publisher":{"@id":"https:\/\/comedialaon.fr\/#organization"},"image":{"@id":"https:\/\/comedialaon.fr\/?p=3070#primaryimage"},"thumbnailUrl":"https:\/\/comedialaon.fr\/wp-content\/uploads\/2019\/02\/19-Patrice-...-1566-pourquoi-.jpg","articleSection":["Infos LIVE"],"inLanguage":"fr-FR"},{"@type":"WebPage","@id":"https:\/\/comedialaon.fr\/?p=3070","url":"https:\/\/comedialaon.fr\/?p=3070","name":"ON S'EST R\u00c9GAL\u00c9 !!! &#8226; Com\u00e9dia Laon","isPartOf":{"@id":"https:\/\/comedialaon.fr\/#website"},"primaryImageOfPage":{"@id":"https:\/\/comedialaon.fr\/?p=3070#primaryimage"},"image":{"@id":"https:\/\/comedialaon.fr\/?p=3070#primaryimage"},"thumbnailUrl":"https:\/\/comedialaon.fr\/wp-content\/uploads\/2019\/02\/19-Patrice-...-1566-pourquoi-.jpg","datePublished":"2019-02-25T19:37:15+00:00","dateModified":"2021-07-21T14:00:00+00:00","breadcrumb":{"@id":"https:\/\/comedialaon.fr\/?p=3070#breadcrumb"},"inLanguage":"fr-FR","potentialAction":[{"@type":"ReadAction","target":["https:\/\/comedialaon.fr\/?p=3070"]}]},{"@type":"ImageObject","inLanguage":"fr-FR","@id":"https:\/\/comedialaon.fr\/?p=3070#primaryimage","url":"https:\/\/comedialaon.fr\/wp-content\/uploads\/2019\/02\/19-Patrice-...-1566-pourquoi-.jpg","contentUrl":"https:\/\/comedialaon.fr\/wp-content\/uploads\/2019\/02\/19-Patrice-...-1566-pourquoi-.jpg","width":829,"height":709,"caption":"\u201cLA SYMPHONIE DES FAUX CULS\u201d : Patrice ... 1566 pourquoi ! le 23 F\u00c9VRIER 2019 \u00e0 PINON"},{"@type":"BreadcrumbList","@id":"https:\/\/comedialaon.fr\/?p=3070#breadcrumb","itemListElement":[{"@type":"ListItem","position":1,"name":"Accueil","item":"https:\/\/comedialaon.fr\/"},{"@type":"ListItem","position":2,"name":"ON S&rsquo;EST R\u00c9GAL\u00c9 !!!"}]},{"@type":"WebSite","@id":"https:\/\/comedialaon.fr\/#website","url":"https:\/\/comedialaon.fr\/","name":"Com\u00e9dia Laon","description":"Prendre et donner du PLAISIR ... !!! ;-)","publisher":{"@id":"https:\/\/comedialaon.fr\/#organization"},"potentialAction":[{"@type":"SearchAction","target":{"@type":"EntryPoint","urlTemplate":"https:\/\/comedialaon.fr\/?s={search_term_string}"},"query-input":{"@type":"PropertyValueSpecification","valueRequired":true,"valueName":"search_term_string"}}],"inLanguage":"fr-FR"},{"@type":"Organization","@id":"https:\/\/comedialaon.fr\/#organization","name":"Com\u00e9dia Laon","url":"https:\/\/comedialaon.fr\/","logo":{"@type":"ImageObject","inLanguage":"fr-FR","@id":"https:\/\/comedialaon.fr\/#\/schema\/logo\/image\/","url":"https:\/\/comedialaon.fr\/wp-content\/uploads\/2019\/02\/LOGO-CL-et-OL.jpg","contentUrl":"https:\/\/comedialaon.fr\/wp-content\/uploads\/2019\/02\/LOGO-CL-et-OL.jpg","width":756,"height":210,"caption":"Com\u00e9dia Laon"},"image":{"@id":"https:\/\/comedialaon.fr\/#\/schema\/logo\/image\/"},"sameAs":["https:\/\/www.facebook.com\/profile.php?id=100008459438996","https:\/\/www.youtube.com\/results?search_query=comedia laon"]},{"@type":"Person","@id":"https:\/\/comedialaon.fr\/#\/schema\/person\/b5fa2097d9c2df39b18b24eb09a90f30","name":"Muppet 2","image":{"@type":"ImageObject","inLanguage":"fr-FR","@id":"https:\/\/secure.gravatar.com\/avatar\/8e9847ab3b902434f6deca39973d429601dcdadf46a57d80eec28699158bf63a?s=96&d=mm&r=g","url":"https:\/\/secure.gravatar.com\/avatar\/8e9847ab3b902434f6deca39973d429601dcdadf46a57d80eec28699158bf63a?s=96&d=mm&r=g","contentUrl":"https:\/\/secure.gravatar.com\/avatar\/8e9847ab3b902434f6deca39973d429601dcdadf46a57d80eec28699158bf63a?s=96&d=mm&r=g","caption":"Muppet 2"},"sameAs":["https:\/\/www.comedialaon.fr"]}]}},"_links":{"self":[{"href":"https:\/\/comedialaon.fr\/index.php?rest_route=\/wp\/v2\/posts\/3070","targetHints":{"allow":["GET"]}}],"collection":[{"href":"https:\/\/comedialaon.fr\/index.php?rest_route=\/wp\/v2\/posts"}],"about":[{"href":"https:\/\/comedialaon.fr\/index.php?rest_route=\/wp\/v2\/types\/post"}],"author":[{"embeddable":true,"href":"https:\/\/comedialaon.fr\/index.php?rest_route=\/wp\/v2\/users\/1"}],"replies":[{"embeddable":true,"href":"https:\/\/comedialaon.fr\/index.php?rest_route=%2Fwp%2Fv2%2Fcomments&post=3070"}],"version-history":[{"count":17,"href":"https:\/\/comedialaon.fr\/index.php?rest_route=\/wp\/v2\/posts\/3070\/revisions"}],"predecessor-version":[{"id":4671,"href":"https:\/\/comedialaon.fr\/index.php?rest_route=\/wp\/v2\/posts\/3070\/revisions\/4671"}],"wp:attachment":[{"href":"https:\/\/comedialaon.fr\/index.php?rest_route=%2Fwp%2Fv2%2Fmedia&parent=3070"}],"wp:term":[{"taxonomy":"category","embeddable":true,"href":"https:\/\/comedialaon.fr\/index.php?rest_route=%2Fwp%2Fv2%2Fcategories&post=3070"},{"taxonomy":"post_tag","embeddable":true,"href":"https:\/\/comedialaon.fr\/index.php?rest_route=%2Fwp%2Fv2%2Ftags&post=3070"}],"curies":[{"name":"wp","href":"https:\/\/api.w.org\/{rel}","templated":true}]}}