{"id":3030,"date":"2019-03-30T18:52:55","date_gmt":"2019-03-30T16:52:55","guid":{"rendered":"https:\/\/comedialaon.fr\/?p=3030"},"modified":"2019-05-02T14:32:02","modified_gmt":"2019-05-02T12:32:02","slug":"deux-excellentes-soirees","status":"publish","type":"post","link":"https:\/\/comedialaon.fr\/?p=3030","title":{"rendered":"DEUX EXCELLENTES SOIR\u00c9ES !!!"},"content":{"rendered":"\n\t\t<style type=\"text\/css\">\n\t\t\t#gallery-1 {\n\t\t\t\tmargin: auto;\n\t\t\t}\n\t\t\t#gallery-1 .gallery-item {\n\t\t\t\tfloat: left;\n\t\t\t\tmargin-top: 10px;\n\t\t\t\ttext-align: center;\n\t\t\t\twidth: 33%;\n\t\t\t}\n\t\t\t#gallery-1 img {\n\t\t\t\tborder: 2px solid #cfcfcf;\n\t\t\t}\n\t\t\t#gallery-1 .gallery-caption {\n\t\t\t\tmargin-left: 0;\n\t\t\t}\n\t\t\t\/* see gallery_shortcode() in wp-includes\/media.php *\/\n\t\t<\/style>\n\t\t<div id='gallery-1' class='gallery galleryid-3030 gallery-columns-3 gallery-size-thumbnail'><dl class='gallery-item'>\n\t\t\t<dt class='gallery-icon landscape'>\n\t\t\t\t<a href='https:\/\/comedialaon.fr\/?attachment_id=3164'><img loading=\"lazy\" decoding=\"async\" width=\"150\" height=\"150\" src=\"https:\/\/comedialaon.fr\/wp-content\/uploads\/2019\/03\/La-F\u00e8re-le-23-mars-2019_1-150x150.jpg\" class=\"attachment-thumbnail size-thumbnail\" alt=\"\" aria-describedby=\"gallery-1-3164\" \/><\/a>\n\t\t\t<\/dt>\n\t\t\t\t<dd class='wp-caption-text gallery-caption' id='gallery-1-3164'>\n\t\t\t\tLes \u201ccom\u00e9diennes\u201d et \u201ccom\u00e9diens\u201d\n\t\t\t\t<\/dd><\/dl><dl class='gallery-item'>\n\t\t\t<dt class='gallery-icon landscape'>\n\t\t\t\t<a href='https:\/\/comedialaon.fr\/?attachment_id=3165'><img loading=\"lazy\" decoding=\"async\" width=\"150\" height=\"150\" src=\"https:\/\/comedialaon.fr\/wp-content\/uploads\/2019\/03\/La-F\u00e8re-le-23-mars-2019_2-150x150.jpg\" class=\"attachment-thumbnail size-thumbnail\" alt=\"\" aria-describedby=\"gallery-1-3165\" \/><\/a>\n\t\t\t<\/dt>\n\t\t\t\t<dd class='wp-caption-text gallery-caption' id='gallery-1-3165'>\n\t\t\t\tLes \u201cfilles\u201d de la Troupe\n\t\t\t\t<\/dd><\/dl><dl class='gallery-item'>\n\t\t\t<dt class='gallery-icon landscape'>\n\t\t\t\t<a href='https:\/\/comedialaon.fr\/?attachment_id=3166'><img loading=\"lazy\" decoding=\"async\" width=\"150\" height=\"150\" src=\"https:\/\/comedialaon.fr\/wp-content\/uploads\/2019\/03\/La-F\u00e8re-le-23-mars-2019_3-150x150.jpg\" class=\"attachment-thumbnail size-thumbnail\" alt=\"\" aria-describedby=\"gallery-1-3166\" \/><\/a>\n\t\t\t<\/dt>\n\t\t\t\t<dd class='wp-caption-text gallery-caption' id='gallery-1-3166'>\n\t\t\t\tLes \u201cgar\u00e7ons\u201d de la Troupe\n\t\t\t\t<\/dd><\/dl><br style=\"clear: both\" \/>\n\t\t<\/div>\n\n<p>Le 16 mars \u00e0 CHAMBRY et le 23 mars \u00e0 LA F\u00c8RE nous avons pass\u00e9 deux excellentes soir\u00e9es &#8230; Le public \u00e9tait pr\u00e9sent et les rires et les applaudissements ont rythm\u00e9 ces deux repr\u00e9sentations. Pour une premi\u00e8re \u00e0 CHAMBRY, les membres de l&rsquo;Association du Foyer G\u00e9rard PHILIPE \u00e9taient enchant\u00e9s et un rendez-vous en 2020 est d\u00e9j\u00e0 pris. A LA F\u00c8RE, la Municipalit\u00e9, qui offre le spectacle, \u00e9tait ravie de la joie et des commentaires des spectateurs.<\/p>\n<p>Le journal l&rsquo;Axonais a publi\u00e9 <a href=\" https:\/\/comedialaon.fr\/?attachment_id=3274 \" title=\"un article\">un article<\/a> le 25 f\u00e9vrier 2019.<\/p>\n<p>Prochain rendez-vous le dimanche 7 avril 2019 \u00e0 17H50 au Cin\u00e9ma PICCOLI-PICCOLO de VERVINS.<\/p>\n<p><a href=\"https:\/\/comedialaon.fr\/?page_id=2814\" title=\"Nos dates de repr\u00e9sentations pour 2019\"> Nos dates de repr\u00e9sentations pour 2019<\/a><\/p>\n<p><u> Une information concernant notre metteur en sc\u00e8ne Patrice PIQUET <\/u>.<\/p>\n<p>Avec son ami de longue date Jean-Pierre CAMBIEN, il propose une nouvelle pi\u00e8ce intitul\u00e9e \u00ab\u00a0TRAIN D&rsquo;ENFER\u00a0\u00bb de Jean-Luc AUMEUNIER-PLOUVIN qu&rsquo;il met en sc\u00e8ne. Vous trouverez tous les renseignements <a href=\" https:\/\/comedialaon.fr\/?attachment_id=3160 \" title=\"ICI\">ICI<\/a><\/p>\n","protected":false},"excerpt":{"rendered":"<p>Le 16 mars \u00e0 CHAMBRY et le 23 mars \u00e0 LA F\u00c8RE nous avons pass\u00e9 deux excellentes soir\u00e9es &#8230; Le public \u00e9tait pr\u00e9sent et les rires et les applaudissements ont rythm\u00e9 ces deux repr\u00e9sentations. Pour une premi\u00e8re \u00e0 CHAMBRY, les membres de l&rsquo;Association du Foyer G\u00e9rard PHILIPE \u00e9taient enchant\u00e9s et un rendez-vous en 2020 est<\/p>\n<p><a class=\"excerpt-more blog-excerpt\" href=\"https:\/\/comedialaon.fr\/?p=3030\">Lire la suite<\/a><\/p>\n","protected":false},"author":1,"featured_media":0,"comment_status":"closed","ping_status":"open","sticky":false,"template":"","format":"standard","meta":{"footnotes":""},"categories":[11],"tags":[],"class_list":["post-3030","post","type-post","status-publish","format-standard","hentry","category-infos-live"],"yoast_head":"<!-- This site is optimized with the Yoast SEO plugin v27.5 - https:\/\/yoast.com\/product\/yoast-seo-wordpress\/ -->\n<title>DEUX EXCELLENTES SOIR\u00c9ES !!! &#8226; Com\u00e9dia Laon<\/title>\n<meta name=\"robots\" content=\"index, follow, max-snippet:-1, max-image-preview:large, max-video-preview:-1\" \/>\n<link rel=\"canonical\" href=\"https:\/\/comedialaon.fr\/?p=3030\" \/>\n<meta property=\"og:locale\" content=\"fr_FR\" \/>\n<meta property=\"og:type\" content=\"article\" \/>\n<meta property=\"og:title\" content=\"DEUX EXCELLENTES SOIR\u00c9ES !!! &#8226; Com\u00e9dia Laon\" \/>\n<meta property=\"og:description\" content=\"Le 16 mars \u00e0 CHAMBRY et le 23 mars \u00e0 LA F\u00c8RE nous avons pass\u00e9 deux excellentes soir\u00e9es &#8230; Le public \u00e9tait pr\u00e9sent et les rires et les applaudissements ont rythm\u00e9 ces deux repr\u00e9sentations. Pour une premi\u00e8re \u00e0 CHAMBRY, les membres de l&rsquo;Association du Foyer G\u00e9rard PHILIPE \u00e9taient enchant\u00e9s et un rendez-vous en 2020 estLire la suite\" \/>\n<meta property=\"og:url\" content=\"https:\/\/comedialaon.fr\/?p=3030\" \/>\n<meta property=\"og:site_name\" content=\"Com\u00e9dia Laon\" \/>\n<meta property=\"article:publisher\" content=\"https:\/\/www.facebook.com\/profile.php?id=100008459438996\" \/>\n<meta property=\"article:published_time\" content=\"2019-03-30T16:52:55+00:00\" \/>\n<meta property=\"article:modified_time\" content=\"2019-05-02T12:32:02+00:00\" \/>\n<meta property=\"og:image\" content=\"https:\/\/comedialaon.fr\/wp-content\/uploads\/2019\/03\/La-F\u00e8re-le-23-mars-2019_1-150x150.jpg\" \/>\n<meta name=\"author\" content=\"Muppet 2\" \/>\n<meta name=\"twitter:label1\" content=\"\u00c9crit par\" \/>\n\t<meta name=\"twitter:data1\" content=\"Muppet 2\" \/>\n\t<meta name=\"twitter:label2\" content=\"Dur\u00e9e de lecture estim\u00e9e\" \/>\n\t<meta name=\"twitter:data2\" content=\"1 minute\" \/>\n<script type=\"application\/ld+json\" class=\"yoast-schema-graph\">{\"@context\":\"https:\\\/\\\/schema.org\",\"@graph\":[{\"@type\":\"Article\",\"@id\":\"https:\\\/\\\/comedialaon.fr\\\/?p=3030#article\",\"isPartOf\":{\"@id\":\"https:\\\/\\\/comedialaon.fr\\\/?p=3030\"},\"author\":{\"name\":\"Muppet 2\",\"@id\":\"https:\\\/\\\/comedialaon.fr\\\/#\\\/schema\\\/person\\\/b5fa2097d9c2df39b18b24eb09a90f30\"},\"headline\":\"DEUX EXCELLENTES SOIR\u00c9ES !!!\",\"datePublished\":\"2019-03-30T16:52:55+00:00\",\"dateModified\":\"2019-05-02T12:32:02+00:00\",\"mainEntityOfPage\":{\"@id\":\"https:\\\/\\\/comedialaon.fr\\\/?p=3030\"},\"wordCount\":158,\"publisher\":{\"@id\":\"https:\\\/\\\/comedialaon.fr\\\/#organization\"},\"articleSection\":[\"Infos LIVE\"],\"inLanguage\":\"fr-FR\"},{\"@type\":\"WebPage\",\"@id\":\"https:\\\/\\\/comedialaon.fr\\\/?p=3030\",\"url\":\"https:\\\/\\\/comedialaon.fr\\\/?p=3030\",\"name\":\"DEUX EXCELLENTES SOIR\u00c9ES !!! &#8226; Com\u00e9dia Laon\",\"isPartOf\":{\"@id\":\"https:\\\/\\\/comedialaon.fr\\\/#website\"},\"datePublished\":\"2019-03-30T16:52:55+00:00\",\"dateModified\":\"2019-05-02T12:32:02+00:00\",\"breadcrumb\":{\"@id\":\"https:\\\/\\\/comedialaon.fr\\\/?p=3030#breadcrumb\"},\"inLanguage\":\"fr-FR\",\"potentialAction\":[{\"@type\":\"ReadAction\",\"target\":[\"https:\\\/\\\/comedialaon.fr\\\/?p=3030\"]}]},{\"@type\":\"BreadcrumbList\",\"@id\":\"https:\\\/\\\/comedialaon.fr\\\/?p=3030#breadcrumb\",\"itemListElement\":[{\"@type\":\"ListItem\",\"position\":1,\"name\":\"Accueil\",\"item\":\"https:\\\/\\\/comedialaon.fr\\\/\"},{\"@type\":\"ListItem\",\"position\":2,\"name\":\"DEUX EXCELLENTES SOIR\u00c9ES !!!\"}]},{\"@type\":\"WebSite\",\"@id\":\"https:\\\/\\\/comedialaon.fr\\\/#website\",\"url\":\"https:\\\/\\\/comedialaon.fr\\\/\",\"name\":\"Com\u00e9dia Laon\",\"description\":\"Prendre et donner du PLAISIR ... !!! ;-)\",\"publisher\":{\"@id\":\"https:\\\/\\\/comedialaon.fr\\\/#organization\"},\"potentialAction\":[{\"@type\":\"SearchAction\",\"target\":{\"@type\":\"EntryPoint\",\"urlTemplate\":\"https:\\\/\\\/comedialaon.fr\\\/?s={search_term_string}\"},\"query-input\":{\"@type\":\"PropertyValueSpecification\",\"valueRequired\":true,\"valueName\":\"search_term_string\"}}],\"inLanguage\":\"fr-FR\"},{\"@type\":\"Organization\",\"@id\":\"https:\\\/\\\/comedialaon.fr\\\/#organization\",\"name\":\"Com\u00e9dia Laon\",\"url\":\"https:\\\/\\\/comedialaon.fr\\\/\",\"logo\":{\"@type\":\"ImageObject\",\"inLanguage\":\"fr-FR\",\"@id\":\"https:\\\/\\\/comedialaon.fr\\\/#\\\/schema\\\/logo\\\/image\\\/\",\"url\":\"https:\\\/\\\/comedialaon.fr\\\/wp-content\\\/uploads\\\/2019\\\/02\\\/LOGO-CL-et-OL.jpg\",\"contentUrl\":\"https:\\\/\\\/comedialaon.fr\\\/wp-content\\\/uploads\\\/2019\\\/02\\\/LOGO-CL-et-OL.jpg\",\"width\":756,\"height\":210,\"caption\":\"Com\u00e9dia Laon\"},\"image\":{\"@id\":\"https:\\\/\\\/comedialaon.fr\\\/#\\\/schema\\\/logo\\\/image\\\/\"},\"sameAs\":[\"https:\\\/\\\/www.facebook.com\\\/profile.php?id=100008459438996\",\"https:\\\/\\\/www.youtube.com\\\/results?search_query=comedia laon\"]},{\"@type\":\"Person\",\"@id\":\"https:\\\/\\\/comedialaon.fr\\\/#\\\/schema\\\/person\\\/b5fa2097d9c2df39b18b24eb09a90f30\",\"name\":\"Muppet 2\",\"image\":{\"@type\":\"ImageObject\",\"inLanguage\":\"fr-FR\",\"@id\":\"https:\\\/\\\/secure.gravatar.com\\\/avatar\\\/8e9847ab3b902434f6deca39973d429601dcdadf46a57d80eec28699158bf63a?s=96&d=mm&r=g\",\"url\":\"https:\\\/\\\/secure.gravatar.com\\\/avatar\\\/8e9847ab3b902434f6deca39973d429601dcdadf46a57d80eec28699158bf63a?s=96&d=mm&r=g\",\"contentUrl\":\"https:\\\/\\\/secure.gravatar.com\\\/avatar\\\/8e9847ab3b902434f6deca39973d429601dcdadf46a57d80eec28699158bf63a?s=96&d=mm&r=g\",\"caption\":\"Muppet 2\"},\"sameAs\":[\"https:\\\/\\\/www.comedialaon.fr\"]}]}<\/script>\n<!-- \/ Yoast SEO plugin. -->","yoast_head_json":{"title":"DEUX EXCELLENTES SOIR\u00c9ES !!! &#8226; Com\u00e9dia Laon","robots":{"index":"index","follow":"follow","max-snippet":"max-snippet:-1","max-image-preview":"max-image-preview:large","max-video-preview":"max-video-preview:-1"},"canonical":"https:\/\/comedialaon.fr\/?p=3030","og_locale":"fr_FR","og_type":"article","og_title":"DEUX EXCELLENTES SOIR\u00c9ES !!! &#8226; Com\u00e9dia Laon","og_description":"Le 16 mars \u00e0 CHAMBRY et le 23 mars \u00e0 LA F\u00c8RE nous avons pass\u00e9 deux excellentes soir\u00e9es &#8230; Le public \u00e9tait pr\u00e9sent et les rires et les applaudissements ont rythm\u00e9 ces deux repr\u00e9sentations. Pour une premi\u00e8re \u00e0 CHAMBRY, les membres de l&rsquo;Association du Foyer G\u00e9rard PHILIPE \u00e9taient enchant\u00e9s et un rendez-vous en 2020 estLire la suite","og_url":"https:\/\/comedialaon.fr\/?p=3030","og_site_name":"Com\u00e9dia Laon","article_publisher":"https:\/\/www.facebook.com\/profile.php?id=100008459438996","article_published_time":"2019-03-30T16:52:55+00:00","article_modified_time":"2019-05-02T12:32:02+00:00","og_image":[{"url":"https:\/\/comedialaon.fr\/wp-content\/uploads\/2019\/03\/La-F\u00e8re-le-23-mars-2019_1-150x150.jpg","type":"","width":"","height":""}],"author":"Muppet 2","twitter_misc":{"\u00c9crit par":"Muppet 2","Dur\u00e9e de lecture estim\u00e9e":"1 minute"},"schema":{"@context":"https:\/\/schema.org","@graph":[{"@type":"Article","@id":"https:\/\/comedialaon.fr\/?p=3030#article","isPartOf":{"@id":"https:\/\/comedialaon.fr\/?p=3030"},"author":{"name":"Muppet 2","@id":"https:\/\/comedialaon.fr\/#\/schema\/person\/b5fa2097d9c2df39b18b24eb09a90f30"},"headline":"DEUX EXCELLENTES SOIR\u00c9ES !!!","datePublished":"2019-03-30T16:52:55+00:00","dateModified":"2019-05-02T12:32:02+00:00","mainEntityOfPage":{"@id":"https:\/\/comedialaon.fr\/?p=3030"},"wordCount":158,"publisher":{"@id":"https:\/\/comedialaon.fr\/#organization"},"articleSection":["Infos LIVE"],"inLanguage":"fr-FR"},{"@type":"WebPage","@id":"https:\/\/comedialaon.fr\/?p=3030","url":"https:\/\/comedialaon.fr\/?p=3030","name":"DEUX EXCELLENTES SOIR\u00c9ES !!! &#8226; Com\u00e9dia Laon","isPartOf":{"@id":"https:\/\/comedialaon.fr\/#website"},"datePublished":"2019-03-30T16:52:55+00:00","dateModified":"2019-05-02T12:32:02+00:00","breadcrumb":{"@id":"https:\/\/comedialaon.fr\/?p=3030#breadcrumb"},"inLanguage":"fr-FR","potentialAction":[{"@type":"ReadAction","target":["https:\/\/comedialaon.fr\/?p=3030"]}]},{"@type":"BreadcrumbList","@id":"https:\/\/comedialaon.fr\/?p=3030#breadcrumb","itemListElement":[{"@type":"ListItem","position":1,"name":"Accueil","item":"https:\/\/comedialaon.fr\/"},{"@type":"ListItem","position":2,"name":"DEUX EXCELLENTES SOIR\u00c9ES !!!"}]},{"@type":"WebSite","@id":"https:\/\/comedialaon.fr\/#website","url":"https:\/\/comedialaon.fr\/","name":"Com\u00e9dia Laon","description":"Prendre et donner du PLAISIR ... !!! ;-)","publisher":{"@id":"https:\/\/comedialaon.fr\/#organization"},"potentialAction":[{"@type":"SearchAction","target":{"@type":"EntryPoint","urlTemplate":"https:\/\/comedialaon.fr\/?s={search_term_string}"},"query-input":{"@type":"PropertyValueSpecification","valueRequired":true,"valueName":"search_term_string"}}],"inLanguage":"fr-FR"},{"@type":"Organization","@id":"https:\/\/comedialaon.fr\/#organization","name":"Com\u00e9dia Laon","url":"https:\/\/comedialaon.fr\/","logo":{"@type":"ImageObject","inLanguage":"fr-FR","@id":"https:\/\/comedialaon.fr\/#\/schema\/logo\/image\/","url":"https:\/\/comedialaon.fr\/wp-content\/uploads\/2019\/02\/LOGO-CL-et-OL.jpg","contentUrl":"https:\/\/comedialaon.fr\/wp-content\/uploads\/2019\/02\/LOGO-CL-et-OL.jpg","width":756,"height":210,"caption":"Com\u00e9dia Laon"},"image":{"@id":"https:\/\/comedialaon.fr\/#\/schema\/logo\/image\/"},"sameAs":["https:\/\/www.facebook.com\/profile.php?id=100008459438996","https:\/\/www.youtube.com\/results?search_query=comedia laon"]},{"@type":"Person","@id":"https:\/\/comedialaon.fr\/#\/schema\/person\/b5fa2097d9c2df39b18b24eb09a90f30","name":"Muppet 2","image":{"@type":"ImageObject","inLanguage":"fr-FR","@id":"https:\/\/secure.gravatar.com\/avatar\/8e9847ab3b902434f6deca39973d429601dcdadf46a57d80eec28699158bf63a?s=96&d=mm&r=g","url":"https:\/\/secure.gravatar.com\/avatar\/8e9847ab3b902434f6deca39973d429601dcdadf46a57d80eec28699158bf63a?s=96&d=mm&r=g","contentUrl":"https:\/\/secure.gravatar.com\/avatar\/8e9847ab3b902434f6deca39973d429601dcdadf46a57d80eec28699158bf63a?s=96&d=mm&r=g","caption":"Muppet 2"},"sameAs":["https:\/\/www.comedialaon.fr"]}]}},"_links":{"self":[{"href":"https:\/\/comedialaon.fr\/index.php?rest_route=\/wp\/v2\/posts\/3030","targetHints":{"allow":["GET"]}}],"collection":[{"href":"https:\/\/comedialaon.fr\/index.php?rest_route=\/wp\/v2\/posts"}],"about":[{"href":"https:\/\/comedialaon.fr\/index.php?rest_route=\/wp\/v2\/types\/post"}],"author":[{"embeddable":true,"href":"https:\/\/comedialaon.fr\/index.php?rest_route=\/wp\/v2\/users\/1"}],"replies":[{"embeddable":true,"href":"https:\/\/comedialaon.fr\/index.php?rest_route=%2Fwp%2Fv2%2Fcomments&post=3030"}],"version-history":[{"count":20,"href":"https:\/\/comedialaon.fr\/index.php?rest_route=\/wp\/v2\/posts\/3030\/revisions"}],"predecessor-version":[{"id":3276,"href":"https:\/\/comedialaon.fr\/index.php?rest_route=\/wp\/v2\/posts\/3030\/revisions\/3276"}],"wp:attachment":[{"href":"https:\/\/comedialaon.fr\/index.php?rest_route=%2Fwp%2Fv2%2Fmedia&parent=3030"}],"wp:term":[{"taxonomy":"category","embeddable":true,"href":"https:\/\/comedialaon.fr\/index.php?rest_route=%2Fwp%2Fv2%2Fcategories&post=3030"},{"taxonomy":"post_tag","embeddable":true,"href":"https:\/\/comedialaon.fr\/index.php?rest_route=%2Fwp%2Fv2%2Ftags&post=3030"}],"curies":[{"name":"wp","href":"https:\/\/api.w.org\/{rel}","templated":true}]}}