{"id":2862,"date":"2018-09-22T16:20:16","date_gmt":"2018-09-22T14:20:16","guid":{"rendered":"https:\/\/comedialaon.fr\/?p=2862"},"modified":"2019-05-02T14:26:21","modified_gmt":"2019-05-02T12:26:21","slug":"festival-gardincour-et-saison-2019","status":"publish","type":"post","link":"https:\/\/comedialaon.fr\/?p=2862","title":{"rendered":"FESTIVAL GARDIN&rsquo;COUR ET SAISON 2019"},"content":{"rendered":"<div id=\"attachment_2872\" style=\"width: 222px\" class=\"wp-caption alignleft\"><a href=\"https:\/\/comedialaon.fr\/wp-content\/uploads\/2018\/09\/Affiche-Gardincour-2018.jpg\"><img loading=\"lazy\" decoding=\"async\" aria-describedby=\"caption-attachment-2872\" src=\"https:\/\/comedialaon.fr\/wp-content\/uploads\/2018\/09\/Affiche-Gardincour-2018-212x300.jpg\" alt=\"\" width=\"212\" height=\"300\" class=\"size-medium wp-image-2872\" srcset=\"https:\/\/comedialaon.fr\/wp-content\/uploads\/2018\/09\/Affiche-Gardincour-2018-212x300.jpg 212w, https:\/\/comedialaon.fr\/wp-content\/uploads\/2018\/09\/Affiche-Gardincour-2018.jpg 644w\" sizes=\"auto, (max-width: 212px) 100vw, 212px\" \/><\/a><p id=\"caption-attachment-2872\" class=\"wp-caption-text\">Festival Gardin&rsquo;cour les 17 et 18 novembre 2018<\/p><\/div>\n<p>Comme annonc\u00e9 lors de notre derni\u00e8re Assembl\u00e9e G\u00e9n\u00e9rale, nous participerons au <a href=\"https:\/\/www.axothea.com\/festival-gardin-cour\/\" title=\"Festival Gardin'cour\">Festival Gardin&rsquo;cour<\/a> organis\u00e9 par <a href=\"https:\/\/www.axothea.com\/\" title=\"Axoth\u00e9a\">Axoth\u00e9a<\/a> les 17 et 18 novembre 2018 \u00e0 SISSONNE. Com\u00e9dia Laon jouera \u201cSI GUITRY M&rsquo;\u00c9TAIT JOU\u00c9\u201d le dimanche 18 novembre 2018 \u00e0 14H00. Ce Festival donne l&rsquo;occasion de voir six spectacles diff\u00e9rents sur deux jours cr\u00e9\u00e9s par le th\u00e9\u00e2tre amateur de cinq d\u00e9partements (02, 60, 71, 75, et 76 pour l&rsquo;\u00e9dition 2018). Nous vous y attendons nombreuses et nombreux.<\/p>\n<p>Le journal l&rsquo;Axonais a publi\u00e9 <a href=\" https:\/\/comedialaon.fr\/?attachment_id=3265 \" title=\"un article\">un article<\/a> le 15 novembre 2018.<\/p>\n<div id=\"attachment_2870\" style=\"width: 264px\" class=\"wp-caption alignright\"><a href=\"https:\/\/comedialaon.fr\/wp-content\/uploads\/2018\/09\/Affiche-Esp\u00e8ces-m\u00e9nac\u00e9es-avec-CL-OL-et-SPONSORS.jpg\"><img loading=\"lazy\" decoding=\"async\" aria-describedby=\"caption-attachment-2870\" src=\"https:\/\/comedialaon.fr\/wp-content\/uploads\/2018\/09\/Affiche-Esp\u00e8ces-m\u00e9nac\u00e9es-avec-CL-OL-et-SPONSORS-254x300.jpg\" alt=\"\" width=\"254\" height=\"300\" class=\"size-medium wp-image-2870\" srcset=\"https:\/\/comedialaon.fr\/wp-content\/uploads\/2018\/09\/Affiche-Esp\u00e8ces-m\u00e9nac\u00e9es-avec-CL-OL-et-SPONSORS-254x300.jpg 254w, https:\/\/comedialaon.fr\/wp-content\/uploads\/2018\/09\/Affiche-Esp\u00e8ces-m\u00e9nac\u00e9es-avec-CL-OL-et-SPONSORS-768x908.jpg 768w, https:\/\/comedialaon.fr\/wp-content\/uploads\/2018\/09\/Affiche-Esp\u00e8ces-m\u00e9nac\u00e9es-avec-CL-OL-et-SPONSORS.jpg 791w\" sizes=\"auto, (max-width: 254px) 100vw, 254px\" \/><\/a><p id=\"caption-attachment-2870\" class=\"wp-caption-text\"><s style=\"color:red\"> <span style=\"color:black\"> Spectacle 2019 : Esp\u00e8ces menac\u00e9es de Ray COONEY <\/span> <\/s><\/p><\/div>\n<p><s style=\"color:red\"> <span style=\"color:black\"> Pour notre saison 2019, nous vous proposerons la pi\u00e8ce <a href=\"https:\/\/comedialaon.fr\/?page_id=2820\" title=\"\u201cESP\u00c8CES MENAC\u00c9ES\u201d\">\u201cESP\u00c8CES MENAC\u00c9ES\u201d<\/a> de Ray COONEY. Comme dans la pi\u00e8ce du m\u00e8me auteur \u201cSTATIONNEMENT ALTERN\u00c9\u201d que nous avons jou\u00e9e en 2017, on y retrouve tous les ingr\u00e9dients d&rsquo;une com\u00e9die : quiproquos, situations cocasses, gags millim\u00e9tr\u00e9s, mensonges \u00e0 tiroirs. Tout cela sur un rythme soutenu qui provoque tr\u00e8s rapidement les rires que l&rsquo;on ne peut plus arr\u00eater. Tous les \u00e9l\u00e9ments d&rsquo;une com\u00e9die de boulevard sont r\u00e9unis. Vous voulez rire ? Alors venez nous voir &#8230; <\/span> <\/s><\/p>\n<p><a href=\"https:\/\/comedialaon.fr\/?page_id=2814\" title=\"Nos dates de repr\u00e9sentations pour 2019\">Nos dates de repr\u00e9sentations pour 2019<\/a><\/p>\n","protected":false},"excerpt":{"rendered":"<p>Comme annonc\u00e9 lors de notre derni\u00e8re Assembl\u00e9e G\u00e9n\u00e9rale, nous participerons au Festival Gardin&rsquo;cour organis\u00e9 par Axoth\u00e9a les 17 et 18 novembre 2018 \u00e0 SISSONNE. Com\u00e9dia Laon jouera \u201cSI GUITRY M&rsquo;\u00c9TAIT JOU\u00c9\u201d le dimanche 18 novembre 2018 \u00e0 14H00. Ce Festival donne l&rsquo;occasion de voir six spectacles diff\u00e9rents sur deux jours cr\u00e9\u00e9s par le th\u00e9\u00e2tre amateur<\/p>\n<p><a class=\"excerpt-more blog-excerpt\" href=\"https:\/\/comedialaon.fr\/?p=2862\">Lire la suite<\/a><\/p>\n","protected":false},"author":1,"featured_media":0,"comment_status":"closed","ping_status":"open","sticky":false,"template":"","format":"standard","meta":{"footnotes":""},"categories":[11],"tags":[],"class_list":["post-2862","post","type-post","status-publish","format-standard","hentry","category-infos-live"],"yoast_head":"<!-- This site is optimized with the Yoast SEO plugin v27.5 - https:\/\/yoast.com\/product\/yoast-seo-wordpress\/ -->\n<title>FESTIVAL GARDIN&#039;COUR ET SAISON 2019 &#8226; Com\u00e9dia Laon<\/title>\n<meta name=\"robots\" content=\"index, follow, max-snippet:-1, max-image-preview:large, max-video-preview:-1\" \/>\n<link rel=\"canonical\" href=\"https:\/\/comedialaon.fr\/?p=2862\" \/>\n<meta property=\"og:locale\" content=\"fr_FR\" \/>\n<meta property=\"og:type\" content=\"article\" \/>\n<meta property=\"og:title\" content=\"FESTIVAL GARDIN&#039;COUR ET SAISON 2019 &#8226; Com\u00e9dia Laon\" \/>\n<meta property=\"og:description\" content=\"Comme annonc\u00e9 lors de notre derni\u00e8re Assembl\u00e9e G\u00e9n\u00e9rale, nous participerons au Festival Gardin&rsquo;cour organis\u00e9 par Axoth\u00e9a les 17 et 18 novembre 2018 \u00e0 SISSONNE. Com\u00e9dia Laon jouera \u201cSI GUITRY M&rsquo;\u00c9TAIT JOU\u00c9\u201d le dimanche 18 novembre 2018 \u00e0 14H00. Ce Festival donne l&rsquo;occasion de voir six spectacles diff\u00e9rents sur deux jours cr\u00e9\u00e9s par le th\u00e9\u00e2tre amateurLire la suite\" \/>\n<meta property=\"og:url\" content=\"https:\/\/comedialaon.fr\/?p=2862\" \/>\n<meta property=\"og:site_name\" content=\"Com\u00e9dia Laon\" \/>\n<meta property=\"article:publisher\" content=\"https:\/\/www.facebook.com\/profile.php?id=100008459438996\" \/>\n<meta property=\"article:published_time\" content=\"2018-09-22T14:20:16+00:00\" \/>\n<meta property=\"article:modified_time\" content=\"2019-05-02T12:26:21+00:00\" \/>\n<meta property=\"og:image\" content=\"https:\/\/comedialaon.fr\/wp-content\/uploads\/2018\/09\/Affiche-Gardincour-2018-212x300.jpg\" \/>\n<meta name=\"author\" content=\"Muppet 2\" \/>\n<meta name=\"twitter:label1\" content=\"\u00c9crit par\" \/>\n\t<meta name=\"twitter:data1\" content=\"Muppet 2\" \/>\n\t<meta name=\"twitter:label2\" content=\"Dur\u00e9e de lecture estim\u00e9e\" \/>\n\t<meta name=\"twitter:data2\" content=\"2 minutes\" \/>\n<script type=\"application\/ld+json\" class=\"yoast-schema-graph\">{\"@context\":\"https:\\\/\\\/schema.org\",\"@graph\":[{\"@type\":\"Article\",\"@id\":\"https:\\\/\\\/comedialaon.fr\\\/?p=2862#article\",\"isPartOf\":{\"@id\":\"https:\\\/\\\/comedialaon.fr\\\/?p=2862\"},\"author\":{\"name\":\"Muppet 2\",\"@id\":\"https:\\\/\\\/comedialaon.fr\\\/#\\\/schema\\\/person\\\/b5fa2097d9c2df39b18b24eb09a90f30\"},\"headline\":\"FESTIVAL GARDIN&rsquo;COUR ET SAISON 2019\",\"datePublished\":\"2018-09-22T14:20:16+00:00\",\"dateModified\":\"2019-05-02T12:26:21+00:00\",\"mainEntityOfPage\":{\"@id\":\"https:\\\/\\\/comedialaon.fr\\\/?p=2862\"},\"wordCount\":218,\"publisher\":{\"@id\":\"https:\\\/\\\/comedialaon.fr\\\/#organization\"},\"image\":{\"@id\":\"https:\\\/\\\/comedialaon.fr\\\/?p=2862#primaryimage\"},\"thumbnailUrl\":\"https:\\\/\\\/comedialaon.fr\\\/wp-content\\\/uploads\\\/2018\\\/09\\\/Affiche-Gardincour-2018-212x300.jpg\",\"articleSection\":[\"Infos LIVE\"],\"inLanguage\":\"fr-FR\"},{\"@type\":\"WebPage\",\"@id\":\"https:\\\/\\\/comedialaon.fr\\\/?p=2862\",\"url\":\"https:\\\/\\\/comedialaon.fr\\\/?p=2862\",\"name\":\"FESTIVAL GARDIN'COUR ET SAISON 2019 &#8226; Com\u00e9dia Laon\",\"isPartOf\":{\"@id\":\"https:\\\/\\\/comedialaon.fr\\\/#website\"},\"primaryImageOfPage\":{\"@id\":\"https:\\\/\\\/comedialaon.fr\\\/?p=2862#primaryimage\"},\"image\":{\"@id\":\"https:\\\/\\\/comedialaon.fr\\\/?p=2862#primaryimage\"},\"thumbnailUrl\":\"https:\\\/\\\/comedialaon.fr\\\/wp-content\\\/uploads\\\/2018\\\/09\\\/Affiche-Gardincour-2018-212x300.jpg\",\"datePublished\":\"2018-09-22T14:20:16+00:00\",\"dateModified\":\"2019-05-02T12:26:21+00:00\",\"breadcrumb\":{\"@id\":\"https:\\\/\\\/comedialaon.fr\\\/?p=2862#breadcrumb\"},\"inLanguage\":\"fr-FR\",\"potentialAction\":[{\"@type\":\"ReadAction\",\"target\":[\"https:\\\/\\\/comedialaon.fr\\\/?p=2862\"]}]},{\"@type\":\"ImageObject\",\"inLanguage\":\"fr-FR\",\"@id\":\"https:\\\/\\\/comedialaon.fr\\\/?p=2862#primaryimage\",\"url\":\"https:\\\/\\\/comedialaon.fr\\\/wp-content\\\/uploads\\\/2018\\\/09\\\/Affiche-Gardincour-2018.jpg\",\"contentUrl\":\"https:\\\/\\\/comedialaon.fr\\\/wp-content\\\/uploads\\\/2018\\\/09\\\/Affiche-Gardincour-2018.jpg\",\"width\":644,\"height\":912,\"caption\":\"Festival Gardin'cour les 17 et 18 novembre 2018\"},{\"@type\":\"BreadcrumbList\",\"@id\":\"https:\\\/\\\/comedialaon.fr\\\/?p=2862#breadcrumb\",\"itemListElement\":[{\"@type\":\"ListItem\",\"position\":1,\"name\":\"Accueil\",\"item\":\"https:\\\/\\\/comedialaon.fr\\\/\"},{\"@type\":\"ListItem\",\"position\":2,\"name\":\"FESTIVAL GARDIN&rsquo;COUR ET SAISON 2019\"}]},{\"@type\":\"WebSite\",\"@id\":\"https:\\\/\\\/comedialaon.fr\\\/#website\",\"url\":\"https:\\\/\\\/comedialaon.fr\\\/\",\"name\":\"Com\u00e9dia Laon\",\"description\":\"Prendre et donner du PLAISIR ... !!! ;-)\",\"publisher\":{\"@id\":\"https:\\\/\\\/comedialaon.fr\\\/#organization\"},\"potentialAction\":[{\"@type\":\"SearchAction\",\"target\":{\"@type\":\"EntryPoint\",\"urlTemplate\":\"https:\\\/\\\/comedialaon.fr\\\/?s={search_term_string}\"},\"query-input\":{\"@type\":\"PropertyValueSpecification\",\"valueRequired\":true,\"valueName\":\"search_term_string\"}}],\"inLanguage\":\"fr-FR\"},{\"@type\":\"Organization\",\"@id\":\"https:\\\/\\\/comedialaon.fr\\\/#organization\",\"name\":\"Com\u00e9dia Laon\",\"url\":\"https:\\\/\\\/comedialaon.fr\\\/\",\"logo\":{\"@type\":\"ImageObject\",\"inLanguage\":\"fr-FR\",\"@id\":\"https:\\\/\\\/comedialaon.fr\\\/#\\\/schema\\\/logo\\\/image\\\/\",\"url\":\"https:\\\/\\\/comedialaon.fr\\\/wp-content\\\/uploads\\\/2019\\\/02\\\/LOGO-CL-et-OL.jpg\",\"contentUrl\":\"https:\\\/\\\/comedialaon.fr\\\/wp-content\\\/uploads\\\/2019\\\/02\\\/LOGO-CL-et-OL.jpg\",\"width\":756,\"height\":210,\"caption\":\"Com\u00e9dia Laon\"},\"image\":{\"@id\":\"https:\\\/\\\/comedialaon.fr\\\/#\\\/schema\\\/logo\\\/image\\\/\"},\"sameAs\":[\"https:\\\/\\\/www.facebook.com\\\/profile.php?id=100008459438996\",\"https:\\\/\\\/www.youtube.com\\\/results?search_query=comedia laon\"]},{\"@type\":\"Person\",\"@id\":\"https:\\\/\\\/comedialaon.fr\\\/#\\\/schema\\\/person\\\/b5fa2097d9c2df39b18b24eb09a90f30\",\"name\":\"Muppet 2\",\"image\":{\"@type\":\"ImageObject\",\"inLanguage\":\"fr-FR\",\"@id\":\"https:\\\/\\\/secure.gravatar.com\\\/avatar\\\/8e9847ab3b902434f6deca39973d429601dcdadf46a57d80eec28699158bf63a?s=96&d=mm&r=g\",\"url\":\"https:\\\/\\\/secure.gravatar.com\\\/avatar\\\/8e9847ab3b902434f6deca39973d429601dcdadf46a57d80eec28699158bf63a?s=96&d=mm&r=g\",\"contentUrl\":\"https:\\\/\\\/secure.gravatar.com\\\/avatar\\\/8e9847ab3b902434f6deca39973d429601dcdadf46a57d80eec28699158bf63a?s=96&d=mm&r=g\",\"caption\":\"Muppet 2\"},\"sameAs\":[\"https:\\\/\\\/www.comedialaon.fr\"]}]}<\/script>\n<!-- \/ Yoast SEO plugin. -->","yoast_head_json":{"title":"FESTIVAL GARDIN'COUR ET SAISON 2019 &#8226; Com\u00e9dia Laon","robots":{"index":"index","follow":"follow","max-snippet":"max-snippet:-1","max-image-preview":"max-image-preview:large","max-video-preview":"max-video-preview:-1"},"canonical":"https:\/\/comedialaon.fr\/?p=2862","og_locale":"fr_FR","og_type":"article","og_title":"FESTIVAL GARDIN'COUR ET SAISON 2019 &#8226; Com\u00e9dia Laon","og_description":"Comme annonc\u00e9 lors de notre derni\u00e8re Assembl\u00e9e G\u00e9n\u00e9rale, nous participerons au Festival Gardin&rsquo;cour organis\u00e9 par Axoth\u00e9a les 17 et 18 novembre 2018 \u00e0 SISSONNE. Com\u00e9dia Laon jouera \u201cSI GUITRY M&rsquo;\u00c9TAIT JOU\u00c9\u201d le dimanche 18 novembre 2018 \u00e0 14H00. Ce Festival donne l&rsquo;occasion de voir six spectacles diff\u00e9rents sur deux jours cr\u00e9\u00e9s par le th\u00e9\u00e2tre amateurLire la suite","og_url":"https:\/\/comedialaon.fr\/?p=2862","og_site_name":"Com\u00e9dia Laon","article_publisher":"https:\/\/www.facebook.com\/profile.php?id=100008459438996","article_published_time":"2018-09-22T14:20:16+00:00","article_modified_time":"2019-05-02T12:26:21+00:00","og_image":[{"url":"https:\/\/comedialaon.fr\/wp-content\/uploads\/2018\/09\/Affiche-Gardincour-2018-212x300.jpg","type":"","width":"","height":""}],"author":"Muppet 2","twitter_misc":{"\u00c9crit par":"Muppet 2","Dur\u00e9e de lecture estim\u00e9e":"2 minutes"},"schema":{"@context":"https:\/\/schema.org","@graph":[{"@type":"Article","@id":"https:\/\/comedialaon.fr\/?p=2862#article","isPartOf":{"@id":"https:\/\/comedialaon.fr\/?p=2862"},"author":{"name":"Muppet 2","@id":"https:\/\/comedialaon.fr\/#\/schema\/person\/b5fa2097d9c2df39b18b24eb09a90f30"},"headline":"FESTIVAL GARDIN&rsquo;COUR ET SAISON 2019","datePublished":"2018-09-22T14:20:16+00:00","dateModified":"2019-05-02T12:26:21+00:00","mainEntityOfPage":{"@id":"https:\/\/comedialaon.fr\/?p=2862"},"wordCount":218,"publisher":{"@id":"https:\/\/comedialaon.fr\/#organization"},"image":{"@id":"https:\/\/comedialaon.fr\/?p=2862#primaryimage"},"thumbnailUrl":"https:\/\/comedialaon.fr\/wp-content\/uploads\/2018\/09\/Affiche-Gardincour-2018-212x300.jpg","articleSection":["Infos LIVE"],"inLanguage":"fr-FR"},{"@type":"WebPage","@id":"https:\/\/comedialaon.fr\/?p=2862","url":"https:\/\/comedialaon.fr\/?p=2862","name":"FESTIVAL GARDIN'COUR ET SAISON 2019 &#8226; Com\u00e9dia Laon","isPartOf":{"@id":"https:\/\/comedialaon.fr\/#website"},"primaryImageOfPage":{"@id":"https:\/\/comedialaon.fr\/?p=2862#primaryimage"},"image":{"@id":"https:\/\/comedialaon.fr\/?p=2862#primaryimage"},"thumbnailUrl":"https:\/\/comedialaon.fr\/wp-content\/uploads\/2018\/09\/Affiche-Gardincour-2018-212x300.jpg","datePublished":"2018-09-22T14:20:16+00:00","dateModified":"2019-05-02T12:26:21+00:00","breadcrumb":{"@id":"https:\/\/comedialaon.fr\/?p=2862#breadcrumb"},"inLanguage":"fr-FR","potentialAction":[{"@type":"ReadAction","target":["https:\/\/comedialaon.fr\/?p=2862"]}]},{"@type":"ImageObject","inLanguage":"fr-FR","@id":"https:\/\/comedialaon.fr\/?p=2862#primaryimage","url":"https:\/\/comedialaon.fr\/wp-content\/uploads\/2018\/09\/Affiche-Gardincour-2018.jpg","contentUrl":"https:\/\/comedialaon.fr\/wp-content\/uploads\/2018\/09\/Affiche-Gardincour-2018.jpg","width":644,"height":912,"caption":"Festival Gardin'cour les 17 et 18 novembre 2018"},{"@type":"BreadcrumbList","@id":"https:\/\/comedialaon.fr\/?p=2862#breadcrumb","itemListElement":[{"@type":"ListItem","position":1,"name":"Accueil","item":"https:\/\/comedialaon.fr\/"},{"@type":"ListItem","position":2,"name":"FESTIVAL GARDIN&rsquo;COUR ET SAISON 2019"}]},{"@type":"WebSite","@id":"https:\/\/comedialaon.fr\/#website","url":"https:\/\/comedialaon.fr\/","name":"Com\u00e9dia Laon","description":"Prendre et donner du PLAISIR ... !!! ;-)","publisher":{"@id":"https:\/\/comedialaon.fr\/#organization"},"potentialAction":[{"@type":"SearchAction","target":{"@type":"EntryPoint","urlTemplate":"https:\/\/comedialaon.fr\/?s={search_term_string}"},"query-input":{"@type":"PropertyValueSpecification","valueRequired":true,"valueName":"search_term_string"}}],"inLanguage":"fr-FR"},{"@type":"Organization","@id":"https:\/\/comedialaon.fr\/#organization","name":"Com\u00e9dia Laon","url":"https:\/\/comedialaon.fr\/","logo":{"@type":"ImageObject","inLanguage":"fr-FR","@id":"https:\/\/comedialaon.fr\/#\/schema\/logo\/image\/","url":"https:\/\/comedialaon.fr\/wp-content\/uploads\/2019\/02\/LOGO-CL-et-OL.jpg","contentUrl":"https:\/\/comedialaon.fr\/wp-content\/uploads\/2019\/02\/LOGO-CL-et-OL.jpg","width":756,"height":210,"caption":"Com\u00e9dia Laon"},"image":{"@id":"https:\/\/comedialaon.fr\/#\/schema\/logo\/image\/"},"sameAs":["https:\/\/www.facebook.com\/profile.php?id=100008459438996","https:\/\/www.youtube.com\/results?search_query=comedia laon"]},{"@type":"Person","@id":"https:\/\/comedialaon.fr\/#\/schema\/person\/b5fa2097d9c2df39b18b24eb09a90f30","name":"Muppet 2","image":{"@type":"ImageObject","inLanguage":"fr-FR","@id":"https:\/\/secure.gravatar.com\/avatar\/8e9847ab3b902434f6deca39973d429601dcdadf46a57d80eec28699158bf63a?s=96&d=mm&r=g","url":"https:\/\/secure.gravatar.com\/avatar\/8e9847ab3b902434f6deca39973d429601dcdadf46a57d80eec28699158bf63a?s=96&d=mm&r=g","contentUrl":"https:\/\/secure.gravatar.com\/avatar\/8e9847ab3b902434f6deca39973d429601dcdadf46a57d80eec28699158bf63a?s=96&d=mm&r=g","caption":"Muppet 2"},"sameAs":["https:\/\/www.comedialaon.fr"]}]}},"_links":{"self":[{"href":"https:\/\/comedialaon.fr\/index.php?rest_route=\/wp\/v2\/posts\/2862","targetHints":{"allow":["GET"]}}],"collection":[{"href":"https:\/\/comedialaon.fr\/index.php?rest_route=\/wp\/v2\/posts"}],"about":[{"href":"https:\/\/comedialaon.fr\/index.php?rest_route=\/wp\/v2\/types\/post"}],"author":[{"embeddable":true,"href":"https:\/\/comedialaon.fr\/index.php?rest_route=\/wp\/v2\/users\/1"}],"replies":[{"embeddable":true,"href":"https:\/\/comedialaon.fr\/index.php?rest_route=%2Fwp%2Fv2%2Fcomments&post=2862"}],"version-history":[{"count":24,"href":"https:\/\/comedialaon.fr\/index.php?rest_route=\/wp\/v2\/posts\/2862\/revisions"}],"predecessor-version":[{"id":3268,"href":"https:\/\/comedialaon.fr\/index.php?rest_route=\/wp\/v2\/posts\/2862\/revisions\/3268"}],"wp:attachment":[{"href":"https:\/\/comedialaon.fr\/index.php?rest_route=%2Fwp%2Fv2%2Fmedia&parent=2862"}],"wp:term":[{"taxonomy":"category","embeddable":true,"href":"https:\/\/comedialaon.fr\/index.php?rest_route=%2Fwp%2Fv2%2Fcategories&post=2862"},{"taxonomy":"post_tag","embeddable":true,"href":"https:\/\/comedialaon.fr\/index.php?rest_route=%2Fwp%2Fv2%2Ftags&post=2862"}],"curies":[{"name":"wp","href":"https:\/\/api.w.org\/{rel}","templated":true}]}}