{"id":2788,"date":"2018-06-12T22:52:02","date_gmt":"2018-06-12T20:52:02","guid":{"rendered":"https:\/\/comedialaon.fr\/?p=2788"},"modified":"2021-08-10T13:22:40","modified_gmt":"2021-08-10T11:22:40","slug":"assemblee-generale","status":"publish","type":"post","link":"https:\/\/comedialaon.fr\/?p=2788","title":{"rendered":"ASSEMBL\u00c9E G\u00c9N\u00c9RALE"},"content":{"rendered":"<div id=\"attachment_2793\" style=\"width: 310px\" class=\"wp-caption alignleft\"><a href=\"https:\/\/comedialaon.fr\/wp-content\/uploads\/2018\/06\/Com\u00e9dia-Laon-le-12-juin-2018.jpg\"><img loading=\"lazy\" decoding=\"async\" aria-describedby=\"caption-attachment-2793\" src=\"https:\/\/comedialaon.fr\/wp-content\/uploads\/2018\/06\/Com\u00e9dia-Laon-le-12-juin-2018-300x291.jpg\" alt=\"\" width=\"300\" height=\"291\" class=\"size-medium wp-image-2793\" srcset=\"https:\/\/comedialaon.fr\/wp-content\/uploads\/2018\/06\/Com\u00e9dia-Laon-le-12-juin-2018-300x291.jpg 300w, https:\/\/comedialaon.fr\/wp-content\/uploads\/2018\/06\/Com\u00e9dia-Laon-le-12-juin-2018-768x745.jpg 768w, https:\/\/comedialaon.fr\/wp-content\/uploads\/2018\/06\/Com\u00e9dia-Laon-le-12-juin-2018.jpg 945w\" sizes=\"auto, (max-width: 300px) 100vw, 300px\" \/><\/a><p id=\"caption-attachment-2793\" class=\"wp-caption-text\">Com\u00e9dia Laon le 12 juin 2018<\/p><\/div>\n<p>Le vendredi 8 juin 2018 s&rsquo;est d\u00e9roul\u00e9 notre Assembl\u00e9e G\u00e9n\u00e9rale. En pr\u00e9sence de Monsieur \u00c9ric DELHAYE Maire de LAON et de Monsieur Christophe SEREC du journal l&rsquo;Union, notre Pr\u00e9sident a dress\u00e9 le bilan de notre saison 2017 et s&rsquo;est r\u00e9joui de l&rsquo;augmentation constante du nombre de spectateurs. Il a une nouvelle fois remerci\u00e9 le Maire de LAON d&rsquo;avoir trouv\u00e9 un local pour stocker notre mat\u00e9riel et par la suite faire nos r\u00e9p\u00e9titions.<br \/>\nIl a \u00e9galement annonc\u00e9 que notre troupe avait \u00e9t\u00e9 retenue pour le prochain Festival Gardin&rsquo;Cour qui se d\u00e9roulera \u00e0 SISSONNE les 17 et 18 novembre 2018. Nous vous donnerons de plus amples informations d\u00e8s que possible.<\/p>\n<p>Le journal l&rsquo;Union a publi\u00e9 <a href=\" https:\/\/comedialaon.fr\/?attachment_id=2796 \" title=\"un article\">un article<\/a> le 11 juin 2018.<\/p>\n<p>Le journal l&rsquo;Union a \u00e9galement publi\u00e9 <a href=\" https:\/\/comedialaon.fr\/?attachment_id=2798 \" title=\"une interview\">une interview<\/a> de notre Metteur en Sc\u00e8ne Patrice le 11 juin 2018.<\/p>\n","protected":false},"excerpt":{"rendered":"<p>Le vendredi 8 juin 2018 s&rsquo;est d\u00e9roul\u00e9 notre Assembl\u00e9e G\u00e9n\u00e9rale. En pr\u00e9sence de Monsieur \u00c9ric DELHAYE Maire de LAON et de Monsieur Christophe SEREC du journal l&rsquo;Union, notre Pr\u00e9sident a dress\u00e9 le bilan de notre saison 2017 et s&rsquo;est r\u00e9joui de l&rsquo;augmentation constante du nombre de spectateurs. Il a une nouvelle fois remerci\u00e9 le Maire<\/p>\n<p><a class=\"excerpt-more blog-excerpt\" href=\"https:\/\/comedialaon.fr\/?p=2788\">Lire la suite<\/a><\/p>\n","protected":false},"author":1,"featured_media":0,"comment_status":"closed","ping_status":"open","sticky":false,"template":"","format":"standard","meta":{"footnotes":""},"categories":[11],"tags":[],"class_list":["post-2788","post","type-post","status-publish","format-standard","hentry","category-infos-live"],"yoast_head":"<!-- This site is optimized with the Yoast SEO plugin v27.5 - https:\/\/yoast.com\/product\/yoast-seo-wordpress\/ -->\n<title>ASSEMBL\u00c9E G\u00c9N\u00c9RALE &#8226; Com\u00e9dia Laon<\/title>\n<meta name=\"robots\" content=\"index, follow, max-snippet:-1, max-image-preview:large, max-video-preview:-1\" \/>\n<link rel=\"canonical\" href=\"https:\/\/comedialaon.fr\/?p=2788\" \/>\n<meta property=\"og:locale\" content=\"fr_FR\" \/>\n<meta property=\"og:type\" content=\"article\" \/>\n<meta property=\"og:title\" content=\"ASSEMBL\u00c9E G\u00c9N\u00c9RALE &#8226; Com\u00e9dia Laon\" \/>\n<meta property=\"og:description\" content=\"Le vendredi 8 juin 2018 s&rsquo;est d\u00e9roul\u00e9 notre Assembl\u00e9e G\u00e9n\u00e9rale. En pr\u00e9sence de Monsieur \u00c9ric DELHAYE Maire de LAON et de Monsieur Christophe SEREC du journal l&rsquo;Union, notre Pr\u00e9sident a dress\u00e9 le bilan de notre saison 2017 et s&rsquo;est r\u00e9joui de l&rsquo;augmentation constante du nombre de spectateurs. Il a une nouvelle fois remerci\u00e9 le MaireLire la suite\" \/>\n<meta property=\"og:url\" content=\"https:\/\/comedialaon.fr\/?p=2788\" \/>\n<meta property=\"og:site_name\" content=\"Com\u00e9dia Laon\" \/>\n<meta property=\"article:publisher\" content=\"https:\/\/www.facebook.com\/profile.php?id=100008459438996\" \/>\n<meta property=\"article:published_time\" content=\"2018-06-12T20:52:02+00:00\" \/>\n<meta property=\"article:modified_time\" content=\"2021-08-10T11:22:40+00:00\" \/>\n<meta property=\"og:image\" content=\"https:\/\/comedialaon.fr\/wp-content\/uploads\/2018\/06\/Com\u00e9dia-Laon-le-12-juin-2018-300x291.jpg\" \/>\n<meta name=\"author\" content=\"Muppet 2\" \/>\n<meta name=\"twitter:label1\" content=\"\u00c9crit par\" \/>\n\t<meta name=\"twitter:data1\" content=\"Muppet 2\" \/>\n\t<meta name=\"twitter:label2\" content=\"Dur\u00e9e de lecture estim\u00e9e\" \/>\n\t<meta name=\"twitter:data2\" content=\"1 minute\" \/>\n<script type=\"application\/ld+json\" class=\"yoast-schema-graph\">{\"@context\":\"https:\\\/\\\/schema.org\",\"@graph\":[{\"@type\":\"Article\",\"@id\":\"https:\\\/\\\/comedialaon.fr\\\/?p=2788#article\",\"isPartOf\":{\"@id\":\"https:\\\/\\\/comedialaon.fr\\\/?p=2788\"},\"author\":{\"name\":\"Muppet 2\",\"@id\":\"https:\\\/\\\/comedialaon.fr\\\/#\\\/schema\\\/person\\\/b5fa2097d9c2df39b18b24eb09a90f30\"},\"headline\":\"ASSEMBL\u00c9E G\u00c9N\u00c9RALE\",\"datePublished\":\"2018-06-12T20:52:02+00:00\",\"dateModified\":\"2021-08-10T11:22:40+00:00\",\"mainEntityOfPage\":{\"@id\":\"https:\\\/\\\/comedialaon.fr\\\/?p=2788\"},\"wordCount\":164,\"publisher\":{\"@id\":\"https:\\\/\\\/comedialaon.fr\\\/#organization\"},\"articleSection\":[\"Infos LIVE\"],\"inLanguage\":\"fr-FR\"},{\"@type\":\"WebPage\",\"@id\":\"https:\\\/\\\/comedialaon.fr\\\/?p=2788\",\"url\":\"https:\\\/\\\/comedialaon.fr\\\/?p=2788\",\"name\":\"ASSEMBL\u00c9E G\u00c9N\u00c9RALE &#8226; Com\u00e9dia Laon\",\"isPartOf\":{\"@id\":\"https:\\\/\\\/comedialaon.fr\\\/#website\"},\"datePublished\":\"2018-06-12T20:52:02+00:00\",\"dateModified\":\"2021-08-10T11:22:40+00:00\",\"breadcrumb\":{\"@id\":\"https:\\\/\\\/comedialaon.fr\\\/?p=2788#breadcrumb\"},\"inLanguage\":\"fr-FR\",\"potentialAction\":[{\"@type\":\"ReadAction\",\"target\":[\"https:\\\/\\\/comedialaon.fr\\\/?p=2788\"]}]},{\"@type\":\"BreadcrumbList\",\"@id\":\"https:\\\/\\\/comedialaon.fr\\\/?p=2788#breadcrumb\",\"itemListElement\":[{\"@type\":\"ListItem\",\"position\":1,\"name\":\"Accueil\",\"item\":\"https:\\\/\\\/comedialaon.fr\\\/\"},{\"@type\":\"ListItem\",\"position\":2,\"name\":\"ASSEMBL\u00c9E G\u00c9N\u00c9RALE\"}]},{\"@type\":\"WebSite\",\"@id\":\"https:\\\/\\\/comedialaon.fr\\\/#website\",\"url\":\"https:\\\/\\\/comedialaon.fr\\\/\",\"name\":\"Com\u00e9dia Laon\",\"description\":\"Prendre et donner du PLAISIR ... !!! ;-)\",\"publisher\":{\"@id\":\"https:\\\/\\\/comedialaon.fr\\\/#organization\"},\"potentialAction\":[{\"@type\":\"SearchAction\",\"target\":{\"@type\":\"EntryPoint\",\"urlTemplate\":\"https:\\\/\\\/comedialaon.fr\\\/?s={search_term_string}\"},\"query-input\":{\"@type\":\"PropertyValueSpecification\",\"valueRequired\":true,\"valueName\":\"search_term_string\"}}],\"inLanguage\":\"fr-FR\"},{\"@type\":\"Organization\",\"@id\":\"https:\\\/\\\/comedialaon.fr\\\/#organization\",\"name\":\"Com\u00e9dia Laon\",\"url\":\"https:\\\/\\\/comedialaon.fr\\\/\",\"logo\":{\"@type\":\"ImageObject\",\"inLanguage\":\"fr-FR\",\"@id\":\"https:\\\/\\\/comedialaon.fr\\\/#\\\/schema\\\/logo\\\/image\\\/\",\"url\":\"https:\\\/\\\/comedialaon.fr\\\/wp-content\\\/uploads\\\/2019\\\/02\\\/LOGO-CL-et-OL.jpg\",\"contentUrl\":\"https:\\\/\\\/comedialaon.fr\\\/wp-content\\\/uploads\\\/2019\\\/02\\\/LOGO-CL-et-OL.jpg\",\"width\":756,\"height\":210,\"caption\":\"Com\u00e9dia Laon\"},\"image\":{\"@id\":\"https:\\\/\\\/comedialaon.fr\\\/#\\\/schema\\\/logo\\\/image\\\/\"},\"sameAs\":[\"https:\\\/\\\/www.facebook.com\\\/profile.php?id=100008459438996\",\"https:\\\/\\\/www.youtube.com\\\/results?search_query=comedia laon\"]},{\"@type\":\"Person\",\"@id\":\"https:\\\/\\\/comedialaon.fr\\\/#\\\/schema\\\/person\\\/b5fa2097d9c2df39b18b24eb09a90f30\",\"name\":\"Muppet 2\",\"image\":{\"@type\":\"ImageObject\",\"inLanguage\":\"fr-FR\",\"@id\":\"https:\\\/\\\/secure.gravatar.com\\\/avatar\\\/8e9847ab3b902434f6deca39973d429601dcdadf46a57d80eec28699158bf63a?s=96&d=mm&r=g\",\"url\":\"https:\\\/\\\/secure.gravatar.com\\\/avatar\\\/8e9847ab3b902434f6deca39973d429601dcdadf46a57d80eec28699158bf63a?s=96&d=mm&r=g\",\"contentUrl\":\"https:\\\/\\\/secure.gravatar.com\\\/avatar\\\/8e9847ab3b902434f6deca39973d429601dcdadf46a57d80eec28699158bf63a?s=96&d=mm&r=g\",\"caption\":\"Muppet 2\"},\"sameAs\":[\"https:\\\/\\\/www.comedialaon.fr\"]}]}<\/script>\n<!-- \/ Yoast SEO plugin. -->","yoast_head_json":{"title":"ASSEMBL\u00c9E G\u00c9N\u00c9RALE &#8226; Com\u00e9dia Laon","robots":{"index":"index","follow":"follow","max-snippet":"max-snippet:-1","max-image-preview":"max-image-preview:large","max-video-preview":"max-video-preview:-1"},"canonical":"https:\/\/comedialaon.fr\/?p=2788","og_locale":"fr_FR","og_type":"article","og_title":"ASSEMBL\u00c9E G\u00c9N\u00c9RALE &#8226; Com\u00e9dia Laon","og_description":"Le vendredi 8 juin 2018 s&rsquo;est d\u00e9roul\u00e9 notre Assembl\u00e9e G\u00e9n\u00e9rale. En pr\u00e9sence de Monsieur \u00c9ric DELHAYE Maire de LAON et de Monsieur Christophe SEREC du journal l&rsquo;Union, notre Pr\u00e9sident a dress\u00e9 le bilan de notre saison 2017 et s&rsquo;est r\u00e9joui de l&rsquo;augmentation constante du nombre de spectateurs. Il a une nouvelle fois remerci\u00e9 le MaireLire la suite","og_url":"https:\/\/comedialaon.fr\/?p=2788","og_site_name":"Com\u00e9dia Laon","article_publisher":"https:\/\/www.facebook.com\/profile.php?id=100008459438996","article_published_time":"2018-06-12T20:52:02+00:00","article_modified_time":"2021-08-10T11:22:40+00:00","og_image":[{"url":"https:\/\/comedialaon.fr\/wp-content\/uploads\/2018\/06\/Com\u00e9dia-Laon-le-12-juin-2018-300x291.jpg","type":"","width":"","height":""}],"author":"Muppet 2","twitter_misc":{"\u00c9crit par":"Muppet 2","Dur\u00e9e de lecture estim\u00e9e":"1 minute"},"schema":{"@context":"https:\/\/schema.org","@graph":[{"@type":"Article","@id":"https:\/\/comedialaon.fr\/?p=2788#article","isPartOf":{"@id":"https:\/\/comedialaon.fr\/?p=2788"},"author":{"name":"Muppet 2","@id":"https:\/\/comedialaon.fr\/#\/schema\/person\/b5fa2097d9c2df39b18b24eb09a90f30"},"headline":"ASSEMBL\u00c9E G\u00c9N\u00c9RALE","datePublished":"2018-06-12T20:52:02+00:00","dateModified":"2021-08-10T11:22:40+00:00","mainEntityOfPage":{"@id":"https:\/\/comedialaon.fr\/?p=2788"},"wordCount":164,"publisher":{"@id":"https:\/\/comedialaon.fr\/#organization"},"articleSection":["Infos LIVE"],"inLanguage":"fr-FR"},{"@type":"WebPage","@id":"https:\/\/comedialaon.fr\/?p=2788","url":"https:\/\/comedialaon.fr\/?p=2788","name":"ASSEMBL\u00c9E G\u00c9N\u00c9RALE &#8226; Com\u00e9dia Laon","isPartOf":{"@id":"https:\/\/comedialaon.fr\/#website"},"datePublished":"2018-06-12T20:52:02+00:00","dateModified":"2021-08-10T11:22:40+00:00","breadcrumb":{"@id":"https:\/\/comedialaon.fr\/?p=2788#breadcrumb"},"inLanguage":"fr-FR","potentialAction":[{"@type":"ReadAction","target":["https:\/\/comedialaon.fr\/?p=2788"]}]},{"@type":"BreadcrumbList","@id":"https:\/\/comedialaon.fr\/?p=2788#breadcrumb","itemListElement":[{"@type":"ListItem","position":1,"name":"Accueil","item":"https:\/\/comedialaon.fr\/"},{"@type":"ListItem","position":2,"name":"ASSEMBL\u00c9E G\u00c9N\u00c9RALE"}]},{"@type":"WebSite","@id":"https:\/\/comedialaon.fr\/#website","url":"https:\/\/comedialaon.fr\/","name":"Com\u00e9dia Laon","description":"Prendre et donner du PLAISIR ... !!! ;-)","publisher":{"@id":"https:\/\/comedialaon.fr\/#organization"},"potentialAction":[{"@type":"SearchAction","target":{"@type":"EntryPoint","urlTemplate":"https:\/\/comedialaon.fr\/?s={search_term_string}"},"query-input":{"@type":"PropertyValueSpecification","valueRequired":true,"valueName":"search_term_string"}}],"inLanguage":"fr-FR"},{"@type":"Organization","@id":"https:\/\/comedialaon.fr\/#organization","name":"Com\u00e9dia Laon","url":"https:\/\/comedialaon.fr\/","logo":{"@type":"ImageObject","inLanguage":"fr-FR","@id":"https:\/\/comedialaon.fr\/#\/schema\/logo\/image\/","url":"https:\/\/comedialaon.fr\/wp-content\/uploads\/2019\/02\/LOGO-CL-et-OL.jpg","contentUrl":"https:\/\/comedialaon.fr\/wp-content\/uploads\/2019\/02\/LOGO-CL-et-OL.jpg","width":756,"height":210,"caption":"Com\u00e9dia Laon"},"image":{"@id":"https:\/\/comedialaon.fr\/#\/schema\/logo\/image\/"},"sameAs":["https:\/\/www.facebook.com\/profile.php?id=100008459438996","https:\/\/www.youtube.com\/results?search_query=comedia laon"]},{"@type":"Person","@id":"https:\/\/comedialaon.fr\/#\/schema\/person\/b5fa2097d9c2df39b18b24eb09a90f30","name":"Muppet 2","image":{"@type":"ImageObject","inLanguage":"fr-FR","@id":"https:\/\/secure.gravatar.com\/avatar\/8e9847ab3b902434f6deca39973d429601dcdadf46a57d80eec28699158bf63a?s=96&d=mm&r=g","url":"https:\/\/secure.gravatar.com\/avatar\/8e9847ab3b902434f6deca39973d429601dcdadf46a57d80eec28699158bf63a?s=96&d=mm&r=g","contentUrl":"https:\/\/secure.gravatar.com\/avatar\/8e9847ab3b902434f6deca39973d429601dcdadf46a57d80eec28699158bf63a?s=96&d=mm&r=g","caption":"Muppet 2"},"sameAs":["https:\/\/www.comedialaon.fr"]}]}},"_links":{"self":[{"href":"https:\/\/comedialaon.fr\/index.php?rest_route=\/wp\/v2\/posts\/2788","targetHints":{"allow":["GET"]}}],"collection":[{"href":"https:\/\/comedialaon.fr\/index.php?rest_route=\/wp\/v2\/posts"}],"about":[{"href":"https:\/\/comedialaon.fr\/index.php?rest_route=\/wp\/v2\/types\/post"}],"author":[{"embeddable":true,"href":"https:\/\/comedialaon.fr\/index.php?rest_route=\/wp\/v2\/users\/1"}],"replies":[{"embeddable":true,"href":"https:\/\/comedialaon.fr\/index.php?rest_route=%2Fwp%2Fv2%2Fcomments&post=2788"}],"version-history":[{"count":7,"href":"https:\/\/comedialaon.fr\/index.php?rest_route=\/wp\/v2\/posts\/2788\/revisions"}],"predecessor-version":[{"id":2803,"href":"https:\/\/comedialaon.fr\/index.php?rest_route=\/wp\/v2\/posts\/2788\/revisions\/2803"}],"wp:attachment":[{"href":"https:\/\/comedialaon.fr\/index.php?rest_route=%2Fwp%2Fv2%2Fmedia&parent=2788"}],"wp:term":[{"taxonomy":"category","embeddable":true,"href":"https:\/\/comedialaon.fr\/index.php?rest_route=%2Fwp%2Fv2%2Fcategories&post=2788"},{"taxonomy":"post_tag","embeddable":true,"href":"https:\/\/comedialaon.fr\/index.php?rest_route=%2Fwp%2Fv2%2Ftags&post=2788"}],"curies":[{"name":"wp","href":"https:\/\/api.w.org\/{rel}","templated":true}]}}