{"id":2751,"date":"2018-06-02T18:16:03","date_gmt":"2018-06-02T16:16:03","guid":{"rendered":"https:\/\/comedialaon.fr\/?p=2751"},"modified":"2021-08-10T13:23:08","modified_gmt":"2021-08-10T11:23:08","slug":"cloture-de-la-saison","status":"publish","type":"post","link":"https:\/\/comedialaon.fr\/?p=2751","title":{"rendered":"CL\u00d4TURE DE LA SAISON"},"content":{"rendered":"<div id=\"attachment_2756\" style=\"width: 160px\" class=\"wp-caption alignleft\"><a href=\"https:\/\/comedialaon.fr\/wp-content\/uploads\/2018\/06\/MAL-13.jpg\"><img loading=\"lazy\" decoding=\"async\" aria-describedby=\"caption-attachment-2756\" src=\"https:\/\/comedialaon.fr\/wp-content\/uploads\/2018\/06\/MAL-13-150x150.jpg\" alt=\"\" width=\"150\" height=\"150\" class=\"size-thumbnail wp-image-2756\" \/><\/a><p id=\"caption-attachment-2756\" class=\"wp-caption-text\">Maison des Arts et Loisirs de LAON le 25 mai 2018<\/p><\/div>\n<p>Le 25 mai 2018 notre Festival sur Sacha GUITRY s\u2019est achev\u00e9 \u00e0 la Maison des Arts et Loisirs de LAON.<\/p>\n<p>Voir 400 spectateurs aussi joyeux et conquis par le spectacle nous va droit au c\u0153ur. Nous tenons encore \u00e0 vous remercier pour votre pr\u00e9sence, vos applaudissements et tous les compliments que vous nous avez exprim\u00e9s.<\/p>\n<p><a href=\"https:\/\/comedialaon.fr\/?page_id=4663\" title=\"Album photos La MAL\">Album photos La MAL<\/a><\/p>\n<p><s style=\"color:red\"> <span style=\"color:black\"> Petit SCOOP : Pour la saison 2019, Patrice, notre metteur en sc\u00e8ne, a choisi une pi\u00e8ce de Ray COONEY, \u201cEsp\u00e8ces menac\u00e9es\u201d. <\/span> <\/s><\/p>\n<p>Plus d&rsquo;informations \u00e0 venir : pr\u00e9sentation de la pi\u00e8ce, dates, lieux &#8230; etc.<\/p>\n<p>Maintenant les com\u00e9diens au travail &#8230; !!! \ud83d\ude09<\/p>\n","protected":false},"excerpt":{"rendered":"<p>Le 25 mai 2018 notre Festival sur Sacha GUITRY s\u2019est achev\u00e9 \u00e0 la Maison des Arts et Loisirs de LAON. Voir 400 spectateurs aussi joyeux et conquis par le spectacle nous va droit au c\u0153ur. Nous tenons encore \u00e0 vous remercier pour votre pr\u00e9sence, vos applaudissements et tous les compliments que vous nous avez exprim\u00e9s.<\/p>\n<p><a class=\"excerpt-more blog-excerpt\" href=\"https:\/\/comedialaon.fr\/?p=2751\">Lire la suite<\/a><\/p>\n","protected":false},"author":1,"featured_media":0,"comment_status":"closed","ping_status":"open","sticky":false,"template":"","format":"standard","meta":{"footnotes":""},"categories":[11],"tags":[],"class_list":["post-2751","post","type-post","status-publish","format-standard","hentry","category-infos-live"],"yoast_head":"<!-- This site is optimized with the Yoast SEO plugin v27.5 - https:\/\/yoast.com\/product\/yoast-seo-wordpress\/ -->\n<title>CL\u00d4TURE DE LA SAISON &#8226; Com\u00e9dia Laon<\/title>\n<meta name=\"robots\" content=\"index, follow, max-snippet:-1, max-image-preview:large, max-video-preview:-1\" \/>\n<link rel=\"canonical\" href=\"https:\/\/comedialaon.fr\/?p=2751\" \/>\n<meta property=\"og:locale\" content=\"fr_FR\" \/>\n<meta property=\"og:type\" content=\"article\" \/>\n<meta property=\"og:title\" content=\"CL\u00d4TURE DE LA SAISON &#8226; Com\u00e9dia Laon\" \/>\n<meta property=\"og:description\" content=\"Le 25 mai 2018 notre Festival sur Sacha GUITRY s\u2019est achev\u00e9 \u00e0 la Maison des Arts et Loisirs de LAON. Voir 400 spectateurs aussi joyeux et conquis par le spectacle nous va droit au c\u0153ur. Nous tenons encore \u00e0 vous remercier pour votre pr\u00e9sence, vos applaudissements et tous les compliments que vous nous avez exprim\u00e9s.Lire la suite\" \/>\n<meta property=\"og:url\" content=\"https:\/\/comedialaon.fr\/?p=2751\" \/>\n<meta property=\"og:site_name\" content=\"Com\u00e9dia Laon\" \/>\n<meta property=\"article:publisher\" content=\"https:\/\/www.facebook.com\/profile.php?id=100008459438996\" \/>\n<meta property=\"article:published_time\" content=\"2018-06-02T16:16:03+00:00\" \/>\n<meta property=\"article:modified_time\" content=\"2021-08-10T11:23:08+00:00\" \/>\n<meta property=\"og:image\" content=\"https:\/\/comedialaon.fr\/wp-content\/uploads\/2018\/06\/MAL-13-150x150.jpg\" \/>\n<meta name=\"author\" content=\"Muppet 2\" \/>\n<meta name=\"twitter:label1\" content=\"\u00c9crit par\" \/>\n\t<meta name=\"twitter:data1\" content=\"Muppet 2\" \/>\n\t<meta name=\"twitter:label2\" content=\"Dur\u00e9e de lecture estim\u00e9e\" \/>\n\t<meta name=\"twitter:data2\" content=\"1 minute\" \/>\n<script type=\"application\/ld+json\" class=\"yoast-schema-graph\">{\"@context\":\"https:\\\/\\\/schema.org\",\"@graph\":[{\"@type\":\"Article\",\"@id\":\"https:\\\/\\\/comedialaon.fr\\\/?p=2751#article\",\"isPartOf\":{\"@id\":\"https:\\\/\\\/comedialaon.fr\\\/?p=2751\"},\"author\":{\"name\":\"Muppet 2\",\"@id\":\"https:\\\/\\\/comedialaon.fr\\\/#\\\/schema\\\/person\\\/b5fa2097d9c2df39b18b24eb09a90f30\"},\"headline\":\"CL\u00d4TURE DE LA SAISON\",\"datePublished\":\"2018-06-02T16:16:03+00:00\",\"dateModified\":\"2021-08-10T11:23:08+00:00\",\"mainEntityOfPage\":{\"@id\":\"https:\\\/\\\/comedialaon.fr\\\/?p=2751\"},\"wordCount\":122,\"publisher\":{\"@id\":\"https:\\\/\\\/comedialaon.fr\\\/#organization\"},\"image\":{\"@id\":\"https:\\\/\\\/comedialaon.fr\\\/?p=2751#primaryimage\"},\"thumbnailUrl\":\"https:\\\/\\\/comedialaon.fr\\\/wp-content\\\/uploads\\\/2018\\\/06\\\/MAL-13-150x150.jpg\",\"articleSection\":[\"Infos LIVE\"],\"inLanguage\":\"fr-FR\"},{\"@type\":\"WebPage\",\"@id\":\"https:\\\/\\\/comedialaon.fr\\\/?p=2751\",\"url\":\"https:\\\/\\\/comedialaon.fr\\\/?p=2751\",\"name\":\"CL\u00d4TURE DE LA SAISON &#8226; Com\u00e9dia Laon\",\"isPartOf\":{\"@id\":\"https:\\\/\\\/comedialaon.fr\\\/#website\"},\"primaryImageOfPage\":{\"@id\":\"https:\\\/\\\/comedialaon.fr\\\/?p=2751#primaryimage\"},\"image\":{\"@id\":\"https:\\\/\\\/comedialaon.fr\\\/?p=2751#primaryimage\"},\"thumbnailUrl\":\"https:\\\/\\\/comedialaon.fr\\\/wp-content\\\/uploads\\\/2018\\\/06\\\/MAL-13-150x150.jpg\",\"datePublished\":\"2018-06-02T16:16:03+00:00\",\"dateModified\":\"2021-08-10T11:23:08+00:00\",\"breadcrumb\":{\"@id\":\"https:\\\/\\\/comedialaon.fr\\\/?p=2751#breadcrumb\"},\"inLanguage\":\"fr-FR\",\"potentialAction\":[{\"@type\":\"ReadAction\",\"target\":[\"https:\\\/\\\/comedialaon.fr\\\/?p=2751\"]}]},{\"@type\":\"ImageObject\",\"inLanguage\":\"fr-FR\",\"@id\":\"https:\\\/\\\/comedialaon.fr\\\/?p=2751#primaryimage\",\"url\":\"https:\\\/\\\/comedialaon.fr\\\/wp-content\\\/uploads\\\/2018\\\/06\\\/MAL-13.jpg\",\"contentUrl\":\"https:\\\/\\\/comedialaon.fr\\\/wp-content\\\/uploads\\\/2018\\\/06\\\/MAL-13.jpg\",\"width\":340,\"height\":302,\"caption\":\"Maison des Arts et Loisirs de LAON le 25 mai 2018\"},{\"@type\":\"BreadcrumbList\",\"@id\":\"https:\\\/\\\/comedialaon.fr\\\/?p=2751#breadcrumb\",\"itemListElement\":[{\"@type\":\"ListItem\",\"position\":1,\"name\":\"Accueil\",\"item\":\"https:\\\/\\\/comedialaon.fr\\\/\"},{\"@type\":\"ListItem\",\"position\":2,\"name\":\"CL\u00d4TURE DE LA SAISON\"}]},{\"@type\":\"WebSite\",\"@id\":\"https:\\\/\\\/comedialaon.fr\\\/#website\",\"url\":\"https:\\\/\\\/comedialaon.fr\\\/\",\"name\":\"Com\u00e9dia Laon\",\"description\":\"Prendre et donner du PLAISIR ... !!! ;-)\",\"publisher\":{\"@id\":\"https:\\\/\\\/comedialaon.fr\\\/#organization\"},\"potentialAction\":[{\"@type\":\"SearchAction\",\"target\":{\"@type\":\"EntryPoint\",\"urlTemplate\":\"https:\\\/\\\/comedialaon.fr\\\/?s={search_term_string}\"},\"query-input\":{\"@type\":\"PropertyValueSpecification\",\"valueRequired\":true,\"valueName\":\"search_term_string\"}}],\"inLanguage\":\"fr-FR\"},{\"@type\":\"Organization\",\"@id\":\"https:\\\/\\\/comedialaon.fr\\\/#organization\",\"name\":\"Com\u00e9dia Laon\",\"url\":\"https:\\\/\\\/comedialaon.fr\\\/\",\"logo\":{\"@type\":\"ImageObject\",\"inLanguage\":\"fr-FR\",\"@id\":\"https:\\\/\\\/comedialaon.fr\\\/#\\\/schema\\\/logo\\\/image\\\/\",\"url\":\"https:\\\/\\\/comedialaon.fr\\\/wp-content\\\/uploads\\\/2019\\\/02\\\/LOGO-CL-et-OL.jpg\",\"contentUrl\":\"https:\\\/\\\/comedialaon.fr\\\/wp-content\\\/uploads\\\/2019\\\/02\\\/LOGO-CL-et-OL.jpg\",\"width\":756,\"height\":210,\"caption\":\"Com\u00e9dia Laon\"},\"image\":{\"@id\":\"https:\\\/\\\/comedialaon.fr\\\/#\\\/schema\\\/logo\\\/image\\\/\"},\"sameAs\":[\"https:\\\/\\\/www.facebook.com\\\/profile.php?id=100008459438996\",\"https:\\\/\\\/www.youtube.com\\\/results?search_query=comedia laon\"]},{\"@type\":\"Person\",\"@id\":\"https:\\\/\\\/comedialaon.fr\\\/#\\\/schema\\\/person\\\/b5fa2097d9c2df39b18b24eb09a90f30\",\"name\":\"Muppet 2\",\"image\":{\"@type\":\"ImageObject\",\"inLanguage\":\"fr-FR\",\"@id\":\"https:\\\/\\\/secure.gravatar.com\\\/avatar\\\/8e9847ab3b902434f6deca39973d429601dcdadf46a57d80eec28699158bf63a?s=96&d=mm&r=g\",\"url\":\"https:\\\/\\\/secure.gravatar.com\\\/avatar\\\/8e9847ab3b902434f6deca39973d429601dcdadf46a57d80eec28699158bf63a?s=96&d=mm&r=g\",\"contentUrl\":\"https:\\\/\\\/secure.gravatar.com\\\/avatar\\\/8e9847ab3b902434f6deca39973d429601dcdadf46a57d80eec28699158bf63a?s=96&d=mm&r=g\",\"caption\":\"Muppet 2\"},\"sameAs\":[\"https:\\\/\\\/www.comedialaon.fr\"]}]}<\/script>\n<!-- \/ Yoast SEO plugin. -->","yoast_head_json":{"title":"CL\u00d4TURE DE LA SAISON &#8226; Com\u00e9dia Laon","robots":{"index":"index","follow":"follow","max-snippet":"max-snippet:-1","max-image-preview":"max-image-preview:large","max-video-preview":"max-video-preview:-1"},"canonical":"https:\/\/comedialaon.fr\/?p=2751","og_locale":"fr_FR","og_type":"article","og_title":"CL\u00d4TURE DE LA SAISON &#8226; Com\u00e9dia Laon","og_description":"Le 25 mai 2018 notre Festival sur Sacha GUITRY s\u2019est achev\u00e9 \u00e0 la Maison des Arts et Loisirs de LAON. Voir 400 spectateurs aussi joyeux et conquis par le spectacle nous va droit au c\u0153ur. Nous tenons encore \u00e0 vous remercier pour votre pr\u00e9sence, vos applaudissements et tous les compliments que vous nous avez exprim\u00e9s.Lire la suite","og_url":"https:\/\/comedialaon.fr\/?p=2751","og_site_name":"Com\u00e9dia Laon","article_publisher":"https:\/\/www.facebook.com\/profile.php?id=100008459438996","article_published_time":"2018-06-02T16:16:03+00:00","article_modified_time":"2021-08-10T11:23:08+00:00","og_image":[{"url":"https:\/\/comedialaon.fr\/wp-content\/uploads\/2018\/06\/MAL-13-150x150.jpg","type":"","width":"","height":""}],"author":"Muppet 2","twitter_misc":{"\u00c9crit par":"Muppet 2","Dur\u00e9e de lecture estim\u00e9e":"1 minute"},"schema":{"@context":"https:\/\/schema.org","@graph":[{"@type":"Article","@id":"https:\/\/comedialaon.fr\/?p=2751#article","isPartOf":{"@id":"https:\/\/comedialaon.fr\/?p=2751"},"author":{"name":"Muppet 2","@id":"https:\/\/comedialaon.fr\/#\/schema\/person\/b5fa2097d9c2df39b18b24eb09a90f30"},"headline":"CL\u00d4TURE DE LA SAISON","datePublished":"2018-06-02T16:16:03+00:00","dateModified":"2021-08-10T11:23:08+00:00","mainEntityOfPage":{"@id":"https:\/\/comedialaon.fr\/?p=2751"},"wordCount":122,"publisher":{"@id":"https:\/\/comedialaon.fr\/#organization"},"image":{"@id":"https:\/\/comedialaon.fr\/?p=2751#primaryimage"},"thumbnailUrl":"https:\/\/comedialaon.fr\/wp-content\/uploads\/2018\/06\/MAL-13-150x150.jpg","articleSection":["Infos LIVE"],"inLanguage":"fr-FR"},{"@type":"WebPage","@id":"https:\/\/comedialaon.fr\/?p=2751","url":"https:\/\/comedialaon.fr\/?p=2751","name":"CL\u00d4TURE DE LA SAISON &#8226; Com\u00e9dia Laon","isPartOf":{"@id":"https:\/\/comedialaon.fr\/#website"},"primaryImageOfPage":{"@id":"https:\/\/comedialaon.fr\/?p=2751#primaryimage"},"image":{"@id":"https:\/\/comedialaon.fr\/?p=2751#primaryimage"},"thumbnailUrl":"https:\/\/comedialaon.fr\/wp-content\/uploads\/2018\/06\/MAL-13-150x150.jpg","datePublished":"2018-06-02T16:16:03+00:00","dateModified":"2021-08-10T11:23:08+00:00","breadcrumb":{"@id":"https:\/\/comedialaon.fr\/?p=2751#breadcrumb"},"inLanguage":"fr-FR","potentialAction":[{"@type":"ReadAction","target":["https:\/\/comedialaon.fr\/?p=2751"]}]},{"@type":"ImageObject","inLanguage":"fr-FR","@id":"https:\/\/comedialaon.fr\/?p=2751#primaryimage","url":"https:\/\/comedialaon.fr\/wp-content\/uploads\/2018\/06\/MAL-13.jpg","contentUrl":"https:\/\/comedialaon.fr\/wp-content\/uploads\/2018\/06\/MAL-13.jpg","width":340,"height":302,"caption":"Maison des Arts et Loisirs de LAON le 25 mai 2018"},{"@type":"BreadcrumbList","@id":"https:\/\/comedialaon.fr\/?p=2751#breadcrumb","itemListElement":[{"@type":"ListItem","position":1,"name":"Accueil","item":"https:\/\/comedialaon.fr\/"},{"@type":"ListItem","position":2,"name":"CL\u00d4TURE DE LA SAISON"}]},{"@type":"WebSite","@id":"https:\/\/comedialaon.fr\/#website","url":"https:\/\/comedialaon.fr\/","name":"Com\u00e9dia Laon","description":"Prendre et donner du PLAISIR ... !!! ;-)","publisher":{"@id":"https:\/\/comedialaon.fr\/#organization"},"potentialAction":[{"@type":"SearchAction","target":{"@type":"EntryPoint","urlTemplate":"https:\/\/comedialaon.fr\/?s={search_term_string}"},"query-input":{"@type":"PropertyValueSpecification","valueRequired":true,"valueName":"search_term_string"}}],"inLanguage":"fr-FR"},{"@type":"Organization","@id":"https:\/\/comedialaon.fr\/#organization","name":"Com\u00e9dia Laon","url":"https:\/\/comedialaon.fr\/","logo":{"@type":"ImageObject","inLanguage":"fr-FR","@id":"https:\/\/comedialaon.fr\/#\/schema\/logo\/image\/","url":"https:\/\/comedialaon.fr\/wp-content\/uploads\/2019\/02\/LOGO-CL-et-OL.jpg","contentUrl":"https:\/\/comedialaon.fr\/wp-content\/uploads\/2019\/02\/LOGO-CL-et-OL.jpg","width":756,"height":210,"caption":"Com\u00e9dia Laon"},"image":{"@id":"https:\/\/comedialaon.fr\/#\/schema\/logo\/image\/"},"sameAs":["https:\/\/www.facebook.com\/profile.php?id=100008459438996","https:\/\/www.youtube.com\/results?search_query=comedia laon"]},{"@type":"Person","@id":"https:\/\/comedialaon.fr\/#\/schema\/person\/b5fa2097d9c2df39b18b24eb09a90f30","name":"Muppet 2","image":{"@type":"ImageObject","inLanguage":"fr-FR","@id":"https:\/\/secure.gravatar.com\/avatar\/8e9847ab3b902434f6deca39973d429601dcdadf46a57d80eec28699158bf63a?s=96&d=mm&r=g","url":"https:\/\/secure.gravatar.com\/avatar\/8e9847ab3b902434f6deca39973d429601dcdadf46a57d80eec28699158bf63a?s=96&d=mm&r=g","contentUrl":"https:\/\/secure.gravatar.com\/avatar\/8e9847ab3b902434f6deca39973d429601dcdadf46a57d80eec28699158bf63a?s=96&d=mm&r=g","caption":"Muppet 2"},"sameAs":["https:\/\/www.comedialaon.fr"]}]}},"_links":{"self":[{"href":"https:\/\/comedialaon.fr\/index.php?rest_route=\/wp\/v2\/posts\/2751","targetHints":{"allow":["GET"]}}],"collection":[{"href":"https:\/\/comedialaon.fr\/index.php?rest_route=\/wp\/v2\/posts"}],"about":[{"href":"https:\/\/comedialaon.fr\/index.php?rest_route=\/wp\/v2\/types\/post"}],"author":[{"embeddable":true,"href":"https:\/\/comedialaon.fr\/index.php?rest_route=\/wp\/v2\/users\/1"}],"replies":[{"embeddable":true,"href":"https:\/\/comedialaon.fr\/index.php?rest_route=%2Fwp%2Fv2%2Fcomments&post=2751"}],"version-history":[{"count":14,"href":"https:\/\/comedialaon.fr\/index.php?rest_route=\/wp\/v2\/posts\/2751\/revisions"}],"predecessor-version":[{"id":4672,"href":"https:\/\/comedialaon.fr\/index.php?rest_route=\/wp\/v2\/posts\/2751\/revisions\/4672"}],"wp:attachment":[{"href":"https:\/\/comedialaon.fr\/index.php?rest_route=%2Fwp%2Fv2%2Fmedia&parent=2751"}],"wp:term":[{"taxonomy":"category","embeddable":true,"href":"https:\/\/comedialaon.fr\/index.php?rest_route=%2Fwp%2Fv2%2Fcategories&post=2751"},{"taxonomy":"post_tag","embeddable":true,"href":"https:\/\/comedialaon.fr\/index.php?rest_route=%2Fwp%2Fv2%2Ftags&post=2751"}],"curies":[{"name":"wp","href":"https:\/\/api.w.org\/{rel}","templated":true}]}}