{"id":2653,"date":"2018-05-18T14:33:04","date_gmt":"2018-05-18T12:33:04","guid":{"rendered":"https:\/\/comedialaon.fr\/?p=2653"},"modified":"2021-08-10T13:23:30","modified_gmt":"2021-08-10T11:23:30","slug":"guitry-la-derniere-a-la-maison-des-arts-et-loisirs-de-laon","status":"publish","type":"post","link":"https:\/\/comedialaon.fr\/?p=2653","title":{"rendered":"GUITRY : LA DERNI\u00c8RE \u00c0 LA MAISON DES ARTS ET LOISIRS DE LAON"},"content":{"rendered":"<div id=\"attachment_2652\" style=\"width: 650px\" class=\"wp-caption alignleft\"><a href=\"https:\/\/comedialaon.fr\/wp-content\/uploads\/2018\/05\/LUnion-du-18-mai-2018-La-MAL-le-25-mai-2018.jpg\"><img loading=\"lazy\" decoding=\"async\" aria-describedby=\"caption-attachment-2652\" src=\"https:\/\/comedialaon.fr\/wp-content\/uploads\/2018\/05\/LUnion-du-18-mai-2018-La-MAL-le-25-mai-2018-1024x763.jpg\" alt=\"\" width=\"640\" height=\"477\" class=\"size-large wp-image-2652\" srcset=\"https:\/\/comedialaon.fr\/wp-content\/uploads\/2018\/05\/LUnion-du-18-mai-2018-La-MAL-le-25-mai-2018-1024x763.jpg 1024w, https:\/\/comedialaon.fr\/wp-content\/uploads\/2018\/05\/LUnion-du-18-mai-2018-La-MAL-le-25-mai-2018-300x223.jpg 300w, https:\/\/comedialaon.fr\/wp-content\/uploads\/2018\/05\/LUnion-du-18-mai-2018-La-MAL-le-25-mai-2018-768x572.jpg 768w, https:\/\/comedialaon.fr\/wp-content\/uploads\/2018\/05\/LUnion-du-18-mai-2018-La-MAL-le-25-mai-2018.jpg 1250w\" sizes=\"auto, (max-width: 640px) 100vw, 640px\" \/><\/a><p id=\"caption-attachment-2652\" class=\"wp-caption-text\">L&rsquo;Union le 18 mai 2018  : La MAL le 25 mai 2018<\/p><\/div>\n<p>C&rsquo;est d\u00e9j\u00e0 la derni\u00e8re repr\u00e9sentation de notre Festival \u00ab\u00a0SI GUITRY M&rsquo;\u00c9TAIT JOU\u00c9\u00a0\u00bb sur l\u2019\u0153uvre de Sacha GUITRY.<\/p>\n<p>Nous serons \u00e0 la Maison des Arts et Loisirs de LAON le vendredi 25 mai 2018 \u00e0 20H30 pour notre plus grand bonheur et je l&rsquo;esp\u00e8re le votre \u00e9galement. Nous vous attendons nombreuses et nombreux pour partager cet agr\u00e9able moment.<\/p>\n<p><a href=\"https:\/\/comedialaon.fr\/?page_id=4645\" title=\"Album photos CLACY-et-THIERRET\">Album photos CLACY-et-THIERRET<\/a><\/p>\n<p><a href=\"https:\/\/comedialaon.fr\/?page_id=4658\" title=\"Album photos CAPNO\">Album photos CAPNO<\/a><\/p>\n<p><a href=\"https:\/\/comedialaon.fr\/?page_id=4654\" title=\"Album photos SAINT-GOBAIN\">Album photos SAINT-GOBAIN<\/a><\/p>\n<p><a href=\"https:\/\/comedialaon.fr\/?page_id=4649\" title=\"Album photos LA F\u00c8RE\">Album photos LA F\u00c8RE<\/a><\/p>\n<p>Avec l&rsquo;aide de la Mairie de LAON, nous sommes sur le point d&rsquo;avoir trouv\u00e9 un local permettant tout le stockage de notre mat\u00e9riel. Il reste pour l&rsquo;instant des d\u00e9tails techniques \u00e0 valider. MERCI \u00e0 Monsieur \u00c9ric DELHAYE Maire de LAON ainsi qu&rsquo;\u00e0 Madame Christine GOUILLOUX (\u00e0 qui nous souhaitons une bonne retraite) et Monsieur \u00c9ric MONCOND&rsquo;HUY pour leur aide pr\u00e9cieuse. Vous aurez de plus amples informations tr\u00e8s prochainement.<\/p>\n","protected":false},"excerpt":{"rendered":"<p>C&rsquo;est d\u00e9j\u00e0 la derni\u00e8re repr\u00e9sentation de notre Festival \u00ab\u00a0SI GUITRY M&rsquo;\u00c9TAIT JOU\u00c9\u00a0\u00bb sur l\u2019\u0153uvre de Sacha GUITRY. Nous serons \u00e0 la Maison des Arts et Loisirs de LAON le vendredi 25 mai 2018 \u00e0 20H30 pour notre plus grand bonheur et je l&rsquo;esp\u00e8re le votre \u00e9galement. Nous vous attendons nombreuses et nombreux pour partager cet<\/p>\n<p><a class=\"excerpt-more blog-excerpt\" href=\"https:\/\/comedialaon.fr\/?p=2653\">Lire la suite<\/a><\/p>\n","protected":false},"author":1,"featured_media":0,"comment_status":"closed","ping_status":"open","sticky":false,"template":"","format":"standard","meta":{"footnotes":""},"categories":[11],"tags":[],"class_list":["post-2653","post","type-post","status-publish","format-standard","hentry","category-infos-live"],"yoast_head":"<!-- This site is optimized with the Yoast SEO plugin v27.5 - https:\/\/yoast.com\/product\/yoast-seo-wordpress\/ -->\n<title>GUITRY : LA DERNI\u00c8RE \u00c0 LA MAISON DES ARTS ET LOISIRS DE LAON &#8226; Com\u00e9dia Laon<\/title>\n<meta name=\"robots\" content=\"index, follow, max-snippet:-1, max-image-preview:large, max-video-preview:-1\" \/>\n<link rel=\"canonical\" href=\"https:\/\/comedialaon.fr\/?p=2653\" \/>\n<meta property=\"og:locale\" content=\"fr_FR\" \/>\n<meta property=\"og:type\" content=\"article\" \/>\n<meta property=\"og:title\" content=\"GUITRY : LA DERNI\u00c8RE \u00c0 LA MAISON DES ARTS ET LOISIRS DE LAON &#8226; Com\u00e9dia Laon\" \/>\n<meta property=\"og:description\" content=\"C&rsquo;est d\u00e9j\u00e0 la derni\u00e8re repr\u00e9sentation de notre Festival \u00ab\u00a0SI GUITRY M&rsquo;\u00c9TAIT JOU\u00c9\u00a0\u00bb sur l\u2019\u0153uvre de Sacha GUITRY. Nous serons \u00e0 la Maison des Arts et Loisirs de LAON le vendredi 25 mai 2018 \u00e0 20H30 pour notre plus grand bonheur et je l&rsquo;esp\u00e8re le votre \u00e9galement. Nous vous attendons nombreuses et nombreux pour partager cetLire la suite\" \/>\n<meta property=\"og:url\" content=\"https:\/\/comedialaon.fr\/?p=2653\" \/>\n<meta property=\"og:site_name\" content=\"Com\u00e9dia Laon\" \/>\n<meta property=\"article:publisher\" content=\"https:\/\/www.facebook.com\/profile.php?id=100008459438996\" \/>\n<meta property=\"article:published_time\" content=\"2018-05-18T12:33:04+00:00\" \/>\n<meta property=\"article:modified_time\" content=\"2021-08-10T11:23:30+00:00\" \/>\n<meta property=\"og:image\" content=\"https:\/\/comedialaon.fr\/wp-content\/uploads\/2018\/05\/LUnion-du-18-mai-2018-La-MAL-le-25-mai-2018-1024x763.jpg\" \/>\n<meta name=\"author\" content=\"Muppet 2\" \/>\n<meta name=\"twitter:label1\" content=\"\u00c9crit par\" \/>\n\t<meta name=\"twitter:data1\" content=\"Muppet 2\" \/>\n\t<meta name=\"twitter:label2\" content=\"Dur\u00e9e de lecture estim\u00e9e\" \/>\n\t<meta name=\"twitter:data2\" content=\"1 minute\" \/>\n<script type=\"application\/ld+json\" class=\"yoast-schema-graph\">{\"@context\":\"https:\\\/\\\/schema.org\",\"@graph\":[{\"@type\":\"Article\",\"@id\":\"https:\\\/\\\/comedialaon.fr\\\/?p=2653#article\",\"isPartOf\":{\"@id\":\"https:\\\/\\\/comedialaon.fr\\\/?p=2653\"},\"author\":{\"name\":\"Muppet 2\",\"@id\":\"https:\\\/\\\/comedialaon.fr\\\/#\\\/schema\\\/person\\\/b5fa2097d9c2df39b18b24eb09a90f30\"},\"headline\":\"GUITRY : LA DERNI\u00c8RE \u00c0 LA MAISON DES ARTS ET LOISIRS DE LAON\",\"datePublished\":\"2018-05-18T12:33:04+00:00\",\"dateModified\":\"2021-08-10T11:23:30+00:00\",\"mainEntityOfPage\":{\"@id\":\"https:\\\/\\\/comedialaon.fr\\\/?p=2653\"},\"wordCount\":176,\"publisher\":{\"@id\":\"https:\\\/\\\/comedialaon.fr\\\/#organization\"},\"image\":{\"@id\":\"https:\\\/\\\/comedialaon.fr\\\/?p=2653#primaryimage\"},\"thumbnailUrl\":\"https:\\\/\\\/comedialaon.fr\\\/wp-content\\\/uploads\\\/2018\\\/05\\\/LUnion-du-18-mai-2018-La-MAL-le-25-mai-2018-1024x763.jpg\",\"articleSection\":[\"Infos LIVE\"],\"inLanguage\":\"fr-FR\"},{\"@type\":\"WebPage\",\"@id\":\"https:\\\/\\\/comedialaon.fr\\\/?p=2653\",\"url\":\"https:\\\/\\\/comedialaon.fr\\\/?p=2653\",\"name\":\"GUITRY : LA DERNI\u00c8RE \u00c0 LA MAISON DES ARTS ET LOISIRS DE LAON &#8226; Com\u00e9dia Laon\",\"isPartOf\":{\"@id\":\"https:\\\/\\\/comedialaon.fr\\\/#website\"},\"primaryImageOfPage\":{\"@id\":\"https:\\\/\\\/comedialaon.fr\\\/?p=2653#primaryimage\"},\"image\":{\"@id\":\"https:\\\/\\\/comedialaon.fr\\\/?p=2653#primaryimage\"},\"thumbnailUrl\":\"https:\\\/\\\/comedialaon.fr\\\/wp-content\\\/uploads\\\/2018\\\/05\\\/LUnion-du-18-mai-2018-La-MAL-le-25-mai-2018-1024x763.jpg\",\"datePublished\":\"2018-05-18T12:33:04+00:00\",\"dateModified\":\"2021-08-10T11:23:30+00:00\",\"breadcrumb\":{\"@id\":\"https:\\\/\\\/comedialaon.fr\\\/?p=2653#breadcrumb\"},\"inLanguage\":\"fr-FR\",\"potentialAction\":[{\"@type\":\"ReadAction\",\"target\":[\"https:\\\/\\\/comedialaon.fr\\\/?p=2653\"]}]},{\"@type\":\"ImageObject\",\"inLanguage\":\"fr-FR\",\"@id\":\"https:\\\/\\\/comedialaon.fr\\\/?p=2653#primaryimage\",\"url\":\"https:\\\/\\\/comedialaon.fr\\\/wp-content\\\/uploads\\\/2018\\\/05\\\/LUnion-du-18-mai-2018-La-MAL-le-25-mai-2018.jpg\",\"contentUrl\":\"https:\\\/\\\/comedialaon.fr\\\/wp-content\\\/uploads\\\/2018\\\/05\\\/LUnion-du-18-mai-2018-La-MAL-le-25-mai-2018.jpg\",\"width\":1250,\"height\":931,\"caption\":\"L'Union le 18 mai 2018 : La MAL le 25 mai 2018\"},{\"@type\":\"BreadcrumbList\",\"@id\":\"https:\\\/\\\/comedialaon.fr\\\/?p=2653#breadcrumb\",\"itemListElement\":[{\"@type\":\"ListItem\",\"position\":1,\"name\":\"Accueil\",\"item\":\"https:\\\/\\\/comedialaon.fr\\\/\"},{\"@type\":\"ListItem\",\"position\":2,\"name\":\"GUITRY : LA DERNI\u00c8RE \u00c0 LA MAISON DES ARTS ET LOISIRS DE LAON\"}]},{\"@type\":\"WebSite\",\"@id\":\"https:\\\/\\\/comedialaon.fr\\\/#website\",\"url\":\"https:\\\/\\\/comedialaon.fr\\\/\",\"name\":\"Com\u00e9dia Laon\",\"description\":\"Prendre et donner du PLAISIR ... !!! ;-)\",\"publisher\":{\"@id\":\"https:\\\/\\\/comedialaon.fr\\\/#organization\"},\"potentialAction\":[{\"@type\":\"SearchAction\",\"target\":{\"@type\":\"EntryPoint\",\"urlTemplate\":\"https:\\\/\\\/comedialaon.fr\\\/?s={search_term_string}\"},\"query-input\":{\"@type\":\"PropertyValueSpecification\",\"valueRequired\":true,\"valueName\":\"search_term_string\"}}],\"inLanguage\":\"fr-FR\"},{\"@type\":\"Organization\",\"@id\":\"https:\\\/\\\/comedialaon.fr\\\/#organization\",\"name\":\"Com\u00e9dia Laon\",\"url\":\"https:\\\/\\\/comedialaon.fr\\\/\",\"logo\":{\"@type\":\"ImageObject\",\"inLanguage\":\"fr-FR\",\"@id\":\"https:\\\/\\\/comedialaon.fr\\\/#\\\/schema\\\/logo\\\/image\\\/\",\"url\":\"https:\\\/\\\/comedialaon.fr\\\/wp-content\\\/uploads\\\/2019\\\/02\\\/LOGO-CL-et-OL.jpg\",\"contentUrl\":\"https:\\\/\\\/comedialaon.fr\\\/wp-content\\\/uploads\\\/2019\\\/02\\\/LOGO-CL-et-OL.jpg\",\"width\":756,\"height\":210,\"caption\":\"Com\u00e9dia Laon\"},\"image\":{\"@id\":\"https:\\\/\\\/comedialaon.fr\\\/#\\\/schema\\\/logo\\\/image\\\/\"},\"sameAs\":[\"https:\\\/\\\/www.facebook.com\\\/profile.php?id=100008459438996\",\"https:\\\/\\\/www.youtube.com\\\/results?search_query=comedia laon\"]},{\"@type\":\"Person\",\"@id\":\"https:\\\/\\\/comedialaon.fr\\\/#\\\/schema\\\/person\\\/b5fa2097d9c2df39b18b24eb09a90f30\",\"name\":\"Muppet 2\",\"image\":{\"@type\":\"ImageObject\",\"inLanguage\":\"fr-FR\",\"@id\":\"https:\\\/\\\/secure.gravatar.com\\\/avatar\\\/8e9847ab3b902434f6deca39973d429601dcdadf46a57d80eec28699158bf63a?s=96&d=mm&r=g\",\"url\":\"https:\\\/\\\/secure.gravatar.com\\\/avatar\\\/8e9847ab3b902434f6deca39973d429601dcdadf46a57d80eec28699158bf63a?s=96&d=mm&r=g\",\"contentUrl\":\"https:\\\/\\\/secure.gravatar.com\\\/avatar\\\/8e9847ab3b902434f6deca39973d429601dcdadf46a57d80eec28699158bf63a?s=96&d=mm&r=g\",\"caption\":\"Muppet 2\"},\"sameAs\":[\"https:\\\/\\\/www.comedialaon.fr\"]}]}<\/script>\n<!-- \/ Yoast SEO plugin. -->","yoast_head_json":{"title":"GUITRY : LA DERNI\u00c8RE \u00c0 LA MAISON DES ARTS ET LOISIRS DE LAON &#8226; Com\u00e9dia Laon","robots":{"index":"index","follow":"follow","max-snippet":"max-snippet:-1","max-image-preview":"max-image-preview:large","max-video-preview":"max-video-preview:-1"},"canonical":"https:\/\/comedialaon.fr\/?p=2653","og_locale":"fr_FR","og_type":"article","og_title":"GUITRY : LA DERNI\u00c8RE \u00c0 LA MAISON DES ARTS ET LOISIRS DE LAON &#8226; Com\u00e9dia Laon","og_description":"C&rsquo;est d\u00e9j\u00e0 la derni\u00e8re repr\u00e9sentation de notre Festival \u00ab\u00a0SI GUITRY M&rsquo;\u00c9TAIT JOU\u00c9\u00a0\u00bb sur l\u2019\u0153uvre de Sacha GUITRY. Nous serons \u00e0 la Maison des Arts et Loisirs de LAON le vendredi 25 mai 2018 \u00e0 20H30 pour notre plus grand bonheur et je l&rsquo;esp\u00e8re le votre \u00e9galement. Nous vous attendons nombreuses et nombreux pour partager cetLire la suite","og_url":"https:\/\/comedialaon.fr\/?p=2653","og_site_name":"Com\u00e9dia Laon","article_publisher":"https:\/\/www.facebook.com\/profile.php?id=100008459438996","article_published_time":"2018-05-18T12:33:04+00:00","article_modified_time":"2021-08-10T11:23:30+00:00","og_image":[{"url":"https:\/\/comedialaon.fr\/wp-content\/uploads\/2018\/05\/LUnion-du-18-mai-2018-La-MAL-le-25-mai-2018-1024x763.jpg","type":"","width":"","height":""}],"author":"Muppet 2","twitter_misc":{"\u00c9crit par":"Muppet 2","Dur\u00e9e de lecture estim\u00e9e":"1 minute"},"schema":{"@context":"https:\/\/schema.org","@graph":[{"@type":"Article","@id":"https:\/\/comedialaon.fr\/?p=2653#article","isPartOf":{"@id":"https:\/\/comedialaon.fr\/?p=2653"},"author":{"name":"Muppet 2","@id":"https:\/\/comedialaon.fr\/#\/schema\/person\/b5fa2097d9c2df39b18b24eb09a90f30"},"headline":"GUITRY : LA DERNI\u00c8RE \u00c0 LA MAISON DES ARTS ET LOISIRS DE LAON","datePublished":"2018-05-18T12:33:04+00:00","dateModified":"2021-08-10T11:23:30+00:00","mainEntityOfPage":{"@id":"https:\/\/comedialaon.fr\/?p=2653"},"wordCount":176,"publisher":{"@id":"https:\/\/comedialaon.fr\/#organization"},"image":{"@id":"https:\/\/comedialaon.fr\/?p=2653#primaryimage"},"thumbnailUrl":"https:\/\/comedialaon.fr\/wp-content\/uploads\/2018\/05\/LUnion-du-18-mai-2018-La-MAL-le-25-mai-2018-1024x763.jpg","articleSection":["Infos LIVE"],"inLanguage":"fr-FR"},{"@type":"WebPage","@id":"https:\/\/comedialaon.fr\/?p=2653","url":"https:\/\/comedialaon.fr\/?p=2653","name":"GUITRY : LA DERNI\u00c8RE \u00c0 LA MAISON DES ARTS ET LOISIRS DE LAON &#8226; Com\u00e9dia Laon","isPartOf":{"@id":"https:\/\/comedialaon.fr\/#website"},"primaryImageOfPage":{"@id":"https:\/\/comedialaon.fr\/?p=2653#primaryimage"},"image":{"@id":"https:\/\/comedialaon.fr\/?p=2653#primaryimage"},"thumbnailUrl":"https:\/\/comedialaon.fr\/wp-content\/uploads\/2018\/05\/LUnion-du-18-mai-2018-La-MAL-le-25-mai-2018-1024x763.jpg","datePublished":"2018-05-18T12:33:04+00:00","dateModified":"2021-08-10T11:23:30+00:00","breadcrumb":{"@id":"https:\/\/comedialaon.fr\/?p=2653#breadcrumb"},"inLanguage":"fr-FR","potentialAction":[{"@type":"ReadAction","target":["https:\/\/comedialaon.fr\/?p=2653"]}]},{"@type":"ImageObject","inLanguage":"fr-FR","@id":"https:\/\/comedialaon.fr\/?p=2653#primaryimage","url":"https:\/\/comedialaon.fr\/wp-content\/uploads\/2018\/05\/LUnion-du-18-mai-2018-La-MAL-le-25-mai-2018.jpg","contentUrl":"https:\/\/comedialaon.fr\/wp-content\/uploads\/2018\/05\/LUnion-du-18-mai-2018-La-MAL-le-25-mai-2018.jpg","width":1250,"height":931,"caption":"L'Union le 18 mai 2018 : La MAL le 25 mai 2018"},{"@type":"BreadcrumbList","@id":"https:\/\/comedialaon.fr\/?p=2653#breadcrumb","itemListElement":[{"@type":"ListItem","position":1,"name":"Accueil","item":"https:\/\/comedialaon.fr\/"},{"@type":"ListItem","position":2,"name":"GUITRY : LA DERNI\u00c8RE \u00c0 LA MAISON DES ARTS ET LOISIRS DE LAON"}]},{"@type":"WebSite","@id":"https:\/\/comedialaon.fr\/#website","url":"https:\/\/comedialaon.fr\/","name":"Com\u00e9dia Laon","description":"Prendre et donner du PLAISIR ... !!! ;-)","publisher":{"@id":"https:\/\/comedialaon.fr\/#organization"},"potentialAction":[{"@type":"SearchAction","target":{"@type":"EntryPoint","urlTemplate":"https:\/\/comedialaon.fr\/?s={search_term_string}"},"query-input":{"@type":"PropertyValueSpecification","valueRequired":true,"valueName":"search_term_string"}}],"inLanguage":"fr-FR"},{"@type":"Organization","@id":"https:\/\/comedialaon.fr\/#organization","name":"Com\u00e9dia Laon","url":"https:\/\/comedialaon.fr\/","logo":{"@type":"ImageObject","inLanguage":"fr-FR","@id":"https:\/\/comedialaon.fr\/#\/schema\/logo\/image\/","url":"https:\/\/comedialaon.fr\/wp-content\/uploads\/2019\/02\/LOGO-CL-et-OL.jpg","contentUrl":"https:\/\/comedialaon.fr\/wp-content\/uploads\/2019\/02\/LOGO-CL-et-OL.jpg","width":756,"height":210,"caption":"Com\u00e9dia Laon"},"image":{"@id":"https:\/\/comedialaon.fr\/#\/schema\/logo\/image\/"},"sameAs":["https:\/\/www.facebook.com\/profile.php?id=100008459438996","https:\/\/www.youtube.com\/results?search_query=comedia laon"]},{"@type":"Person","@id":"https:\/\/comedialaon.fr\/#\/schema\/person\/b5fa2097d9c2df39b18b24eb09a90f30","name":"Muppet 2","image":{"@type":"ImageObject","inLanguage":"fr-FR","@id":"https:\/\/secure.gravatar.com\/avatar\/8e9847ab3b902434f6deca39973d429601dcdadf46a57d80eec28699158bf63a?s=96&d=mm&r=g","url":"https:\/\/secure.gravatar.com\/avatar\/8e9847ab3b902434f6deca39973d429601dcdadf46a57d80eec28699158bf63a?s=96&d=mm&r=g","contentUrl":"https:\/\/secure.gravatar.com\/avatar\/8e9847ab3b902434f6deca39973d429601dcdadf46a57d80eec28699158bf63a?s=96&d=mm&r=g","caption":"Muppet 2"},"sameAs":["https:\/\/www.comedialaon.fr"]}]}},"_links":{"self":[{"href":"https:\/\/comedialaon.fr\/index.php?rest_route=\/wp\/v2\/posts\/2653","targetHints":{"allow":["GET"]}}],"collection":[{"href":"https:\/\/comedialaon.fr\/index.php?rest_route=\/wp\/v2\/posts"}],"about":[{"href":"https:\/\/comedialaon.fr\/index.php?rest_route=\/wp\/v2\/types\/post"}],"author":[{"embeddable":true,"href":"https:\/\/comedialaon.fr\/index.php?rest_route=\/wp\/v2\/users\/1"}],"replies":[{"embeddable":true,"href":"https:\/\/comedialaon.fr\/index.php?rest_route=%2Fwp%2Fv2%2Fcomments&post=2653"}],"version-history":[{"count":12,"href":"https:\/\/comedialaon.fr\/index.php?rest_route=\/wp\/v2\/posts\/2653\/revisions"}],"predecessor-version":[{"id":4673,"href":"https:\/\/comedialaon.fr\/index.php?rest_route=\/wp\/v2\/posts\/2653\/revisions\/4673"}],"wp:attachment":[{"href":"https:\/\/comedialaon.fr\/index.php?rest_route=%2Fwp%2Fv2%2Fmedia&parent=2653"}],"wp:term":[{"taxonomy":"category","embeddable":true,"href":"https:\/\/comedialaon.fr\/index.php?rest_route=%2Fwp%2Fv2%2Fcategories&post=2653"},{"taxonomy":"post_tag","embeddable":true,"href":"https:\/\/comedialaon.fr\/index.php?rest_route=%2Fwp%2Fv2%2Ftags&post=2653"}],"curies":[{"name":"wp","href":"https:\/\/api.w.org\/{rel}","templated":true}]}}