{"id":2128,"date":"2017-09-14T15:05:41","date_gmt":"2017-09-14T13:05:41","guid":{"rendered":"https:\/\/comedialaon.fr\/?p=2128"},"modified":"2021-08-10T13:25:46","modified_gmt":"2021-08-10T11:25:46","slug":"nouvelle-saison-2018-festival-sacha-guitry","status":"publish","type":"post","link":"https:\/\/comedialaon.fr\/?p=2128","title":{"rendered":"NOUVELLE SAISON 2018 : FESTIVAL SACHA GUITRY !!!"},"content":{"rendered":"<div id=\"attachment_2235\" style=\"width: 310px\" class=\"wp-caption alignleft\"><a href=\"https:\/\/comedialaon.fr\/wp-content\/uploads\/2017\/10\/Affiche-SANS-DATE.jpg\"><img loading=\"lazy\" decoding=\"async\" aria-describedby=\"caption-attachment-2235\" src=\"https:\/\/comedialaon.fr\/wp-content\/uploads\/2017\/10\/Affiche-SANS-DATE-300x300.jpg\" alt=\"\" width=\"300\" height=\"300\" class=\"size-medium wp-image-2235\" srcset=\"https:\/\/comedialaon.fr\/wp-content\/uploads\/2017\/10\/Affiche-SANS-DATE-300x300.jpg 300w, https:\/\/comedialaon.fr\/wp-content\/uploads\/2017\/10\/Affiche-SANS-DATE-150x150.jpg 150w, https:\/\/comedialaon.fr\/wp-content\/uploads\/2017\/10\/Affiche-SANS-DATE.jpg 756w\" sizes=\"auto, (max-width: 300px) 100vw, 300px\" \/><\/a><p id=\"caption-attachment-2235\" class=\"wp-caption-text\">Nouvelle saison : SI GUITRY M&rsquo;\u00c9TAIT JOU\u00c9<\/p><\/div>\n<p>Pour cette nouvelle saison, notre metteur en sc\u00e8ne va vous proposer un Festival autour de l\u2019\u0153uvre de Sacha GUITRY.<br \/>\nCe Festival <a href=\"https:\/\/comedialaon.fr\/?page_id=2171\" title=\"\u201cSI GUITRY M'\u00c9TAIT JOU\u00c9\u201d\">\u201cSI GUITRY M&rsquo;\u00c9TAIT JOU\u00c9\u201d<\/a> sera compos\u00e9 de six pi\u00e8ces en un acte de l&rsquo;auteur :<br \/>\n   &#8211; Un type dans le genre de Napol\u00e9on<br \/>\n   &#8211; On passe dans huit jours<br \/>\n   &#8211; Une paire de gifles<br \/>\n   &#8211; \u00c9tait-ce un r\u00eave ?<br \/>\n   &#8211; Villa \u00e0 vendre<br \/>\n   &#8211; Le kwtz<\/p>\n<p>La \u201cPREMI\u00c8RE\u201d aura lieu le 18 f\u00e9vrier 2018 \u00e0 15H00 \u00e0 la Salle des F\u00eates de PINON.<\/p>\n<p><a href=\"https:\/\/comedialaon.fr\/?page_id=2145\" title=\"Nos dates de repr\u00e9sentations pour 2018\">Nos dates de repr\u00e9sentations pour 2018<\/a><\/p>\n","protected":false},"excerpt":{"rendered":"<p>Pour cette nouvelle saison, notre metteur en sc\u00e8ne va vous proposer un Festival autour de l\u2019\u0153uvre de Sacha GUITRY. Ce Festival \u201cSI GUITRY M&rsquo;\u00c9TAIT JOU\u00c9\u201d sera compos\u00e9 de six pi\u00e8ces en un acte de l&rsquo;auteur : &#8211; Un type dans le genre de Napol\u00e9on &#8211; On passe dans huit jours &#8211; Une paire de gifles<\/p>\n<p><a class=\"excerpt-more blog-excerpt\" href=\"https:\/\/comedialaon.fr\/?p=2128\">Lire la suite<\/a><\/p>\n","protected":false},"author":1,"featured_media":0,"comment_status":"closed","ping_status":"open","sticky":false,"template":"","format":"standard","meta":{"footnotes":""},"categories":[11],"tags":[],"class_list":["post-2128","post","type-post","status-publish","format-standard","hentry","category-infos-live"],"yoast_head":"<!-- This site is optimized with the Yoast SEO plugin v27.5 - https:\/\/yoast.com\/product\/yoast-seo-wordpress\/ -->\n<title>NOUVELLE SAISON 2018 : FESTIVAL SACHA GUITRY !!! &#8226; Com\u00e9dia Laon<\/title>\n<meta name=\"robots\" content=\"index, follow, max-snippet:-1, max-image-preview:large, max-video-preview:-1\" \/>\n<link rel=\"canonical\" href=\"https:\/\/comedialaon.fr\/?p=2128\" \/>\n<meta property=\"og:locale\" content=\"fr_FR\" \/>\n<meta property=\"og:type\" content=\"article\" \/>\n<meta property=\"og:title\" content=\"NOUVELLE SAISON 2018 : FESTIVAL SACHA GUITRY !!! &#8226; Com\u00e9dia Laon\" \/>\n<meta property=\"og:description\" content=\"Pour cette nouvelle saison, notre metteur en sc\u00e8ne va vous proposer un Festival autour de l\u2019\u0153uvre de Sacha GUITRY. Ce Festival \u201cSI GUITRY M&rsquo;\u00c9TAIT JOU\u00c9\u201d sera compos\u00e9 de six pi\u00e8ces en un acte de l&rsquo;auteur : &#8211; Un type dans le genre de Napol\u00e9on &#8211; On passe dans huit jours &#8211; Une paire de giflesLire la suite\" \/>\n<meta property=\"og:url\" content=\"https:\/\/comedialaon.fr\/?p=2128\" \/>\n<meta property=\"og:site_name\" content=\"Com\u00e9dia Laon\" \/>\n<meta property=\"article:publisher\" content=\"https:\/\/www.facebook.com\/profile.php?id=100008459438996\" \/>\n<meta property=\"article:published_time\" content=\"2017-09-14T13:05:41+00:00\" \/>\n<meta property=\"article:modified_time\" content=\"2021-08-10T11:25:46+00:00\" \/>\n<meta property=\"og:image\" content=\"https:\/\/comedialaon.fr\/wp-content\/uploads\/2017\/10\/Affiche-SANS-DATE-300x300.jpg\" \/>\n<meta name=\"author\" content=\"Muppet 2\" \/>\n<meta name=\"twitter:label1\" content=\"\u00c9crit par\" \/>\n\t<meta name=\"twitter:data1\" content=\"Muppet 2\" \/>\n\t<meta name=\"twitter:label2\" content=\"Dur\u00e9e de lecture estim\u00e9e\" \/>\n\t<meta name=\"twitter:data2\" content=\"1 minute\" \/>\n<script type=\"application\/ld+json\" class=\"yoast-schema-graph\">{\"@context\":\"https:\\\/\\\/schema.org\",\"@graph\":[{\"@type\":\"Article\",\"@id\":\"https:\\\/\\\/comedialaon.fr\\\/?p=2128#article\",\"isPartOf\":{\"@id\":\"https:\\\/\\\/comedialaon.fr\\\/?p=2128\"},\"author\":{\"name\":\"Muppet 2\",\"@id\":\"https:\\\/\\\/comedialaon.fr\\\/#\\\/schema\\\/person\\\/b5fa2097d9c2df39b18b24eb09a90f30\"},\"headline\":\"NOUVELLE SAISON 2018 : FESTIVAL SACHA GUITRY !!!\",\"datePublished\":\"2017-09-14T13:05:41+00:00\",\"dateModified\":\"2021-08-10T11:25:46+00:00\",\"mainEntityOfPage\":{\"@id\":\"https:\\\/\\\/comedialaon.fr\\\/?p=2128\"},\"wordCount\":112,\"publisher\":{\"@id\":\"https:\\\/\\\/comedialaon.fr\\\/#organization\"},\"image\":{\"@id\":\"https:\\\/\\\/comedialaon.fr\\\/?p=2128#primaryimage\"},\"thumbnailUrl\":\"https:\\\/\\\/comedialaon.fr\\\/wp-content\\\/uploads\\\/2017\\\/10\\\/Affiche-SANS-DATE-300x300.jpg\",\"articleSection\":[\"Infos LIVE\"],\"inLanguage\":\"fr-FR\"},{\"@type\":\"WebPage\",\"@id\":\"https:\\\/\\\/comedialaon.fr\\\/?p=2128\",\"url\":\"https:\\\/\\\/comedialaon.fr\\\/?p=2128\",\"name\":\"NOUVELLE SAISON 2018 : FESTIVAL SACHA GUITRY !!! &#8226; Com\u00e9dia Laon\",\"isPartOf\":{\"@id\":\"https:\\\/\\\/comedialaon.fr\\\/#website\"},\"primaryImageOfPage\":{\"@id\":\"https:\\\/\\\/comedialaon.fr\\\/?p=2128#primaryimage\"},\"image\":{\"@id\":\"https:\\\/\\\/comedialaon.fr\\\/?p=2128#primaryimage\"},\"thumbnailUrl\":\"https:\\\/\\\/comedialaon.fr\\\/wp-content\\\/uploads\\\/2017\\\/10\\\/Affiche-SANS-DATE-300x300.jpg\",\"datePublished\":\"2017-09-14T13:05:41+00:00\",\"dateModified\":\"2021-08-10T11:25:46+00:00\",\"breadcrumb\":{\"@id\":\"https:\\\/\\\/comedialaon.fr\\\/?p=2128#breadcrumb\"},\"inLanguage\":\"fr-FR\",\"potentialAction\":[{\"@type\":\"ReadAction\",\"target\":[\"https:\\\/\\\/comedialaon.fr\\\/?p=2128\"]}]},{\"@type\":\"ImageObject\",\"inLanguage\":\"fr-FR\",\"@id\":\"https:\\\/\\\/comedialaon.fr\\\/?p=2128#primaryimage\",\"url\":\"https:\\\/\\\/comedialaon.fr\\\/wp-content\\\/uploads\\\/2017\\\/10\\\/Affiche-SANS-DATE.jpg\",\"contentUrl\":\"https:\\\/\\\/comedialaon.fr\\\/wp-content\\\/uploads\\\/2017\\\/10\\\/Affiche-SANS-DATE.jpg\",\"width\":756,\"height\":756,\"caption\":\"Nouvelle saison : SI GUITRY M'\u00c9TAIT JOU\u00c9\"},{\"@type\":\"BreadcrumbList\",\"@id\":\"https:\\\/\\\/comedialaon.fr\\\/?p=2128#breadcrumb\",\"itemListElement\":[{\"@type\":\"ListItem\",\"position\":1,\"name\":\"Accueil\",\"item\":\"https:\\\/\\\/comedialaon.fr\\\/\"},{\"@type\":\"ListItem\",\"position\":2,\"name\":\"NOUVELLE SAISON 2018 : FESTIVAL SACHA GUITRY !!!\"}]},{\"@type\":\"WebSite\",\"@id\":\"https:\\\/\\\/comedialaon.fr\\\/#website\",\"url\":\"https:\\\/\\\/comedialaon.fr\\\/\",\"name\":\"Com\u00e9dia Laon\",\"description\":\"Prendre et donner du PLAISIR ... !!! ;-)\",\"publisher\":{\"@id\":\"https:\\\/\\\/comedialaon.fr\\\/#organization\"},\"potentialAction\":[{\"@type\":\"SearchAction\",\"target\":{\"@type\":\"EntryPoint\",\"urlTemplate\":\"https:\\\/\\\/comedialaon.fr\\\/?s={search_term_string}\"},\"query-input\":{\"@type\":\"PropertyValueSpecification\",\"valueRequired\":true,\"valueName\":\"search_term_string\"}}],\"inLanguage\":\"fr-FR\"},{\"@type\":\"Organization\",\"@id\":\"https:\\\/\\\/comedialaon.fr\\\/#organization\",\"name\":\"Com\u00e9dia Laon\",\"url\":\"https:\\\/\\\/comedialaon.fr\\\/\",\"logo\":{\"@type\":\"ImageObject\",\"inLanguage\":\"fr-FR\",\"@id\":\"https:\\\/\\\/comedialaon.fr\\\/#\\\/schema\\\/logo\\\/image\\\/\",\"url\":\"https:\\\/\\\/comedialaon.fr\\\/wp-content\\\/uploads\\\/2019\\\/02\\\/LOGO-CL-et-OL.jpg\",\"contentUrl\":\"https:\\\/\\\/comedialaon.fr\\\/wp-content\\\/uploads\\\/2019\\\/02\\\/LOGO-CL-et-OL.jpg\",\"width\":756,\"height\":210,\"caption\":\"Com\u00e9dia Laon\"},\"image\":{\"@id\":\"https:\\\/\\\/comedialaon.fr\\\/#\\\/schema\\\/logo\\\/image\\\/\"},\"sameAs\":[\"https:\\\/\\\/www.facebook.com\\\/profile.php?id=100008459438996\",\"https:\\\/\\\/www.youtube.com\\\/results?search_query=comedia laon\"]},{\"@type\":\"Person\",\"@id\":\"https:\\\/\\\/comedialaon.fr\\\/#\\\/schema\\\/person\\\/b5fa2097d9c2df39b18b24eb09a90f30\",\"name\":\"Muppet 2\",\"image\":{\"@type\":\"ImageObject\",\"inLanguage\":\"fr-FR\",\"@id\":\"https:\\\/\\\/secure.gravatar.com\\\/avatar\\\/8e9847ab3b902434f6deca39973d429601dcdadf46a57d80eec28699158bf63a?s=96&d=mm&r=g\",\"url\":\"https:\\\/\\\/secure.gravatar.com\\\/avatar\\\/8e9847ab3b902434f6deca39973d429601dcdadf46a57d80eec28699158bf63a?s=96&d=mm&r=g\",\"contentUrl\":\"https:\\\/\\\/secure.gravatar.com\\\/avatar\\\/8e9847ab3b902434f6deca39973d429601dcdadf46a57d80eec28699158bf63a?s=96&d=mm&r=g\",\"caption\":\"Muppet 2\"},\"sameAs\":[\"https:\\\/\\\/www.comedialaon.fr\"]}]}<\/script>\n<!-- \/ Yoast SEO plugin. -->","yoast_head_json":{"title":"NOUVELLE SAISON 2018 : FESTIVAL SACHA GUITRY !!! &#8226; Com\u00e9dia Laon","robots":{"index":"index","follow":"follow","max-snippet":"max-snippet:-1","max-image-preview":"max-image-preview:large","max-video-preview":"max-video-preview:-1"},"canonical":"https:\/\/comedialaon.fr\/?p=2128","og_locale":"fr_FR","og_type":"article","og_title":"NOUVELLE SAISON 2018 : FESTIVAL SACHA GUITRY !!! &#8226; Com\u00e9dia Laon","og_description":"Pour cette nouvelle saison, notre metteur en sc\u00e8ne va vous proposer un Festival autour de l\u2019\u0153uvre de Sacha GUITRY. Ce Festival \u201cSI GUITRY M&rsquo;\u00c9TAIT JOU\u00c9\u201d sera compos\u00e9 de six pi\u00e8ces en un acte de l&rsquo;auteur : &#8211; Un type dans le genre de Napol\u00e9on &#8211; On passe dans huit jours &#8211; Une paire de giflesLire la suite","og_url":"https:\/\/comedialaon.fr\/?p=2128","og_site_name":"Com\u00e9dia Laon","article_publisher":"https:\/\/www.facebook.com\/profile.php?id=100008459438996","article_published_time":"2017-09-14T13:05:41+00:00","article_modified_time":"2021-08-10T11:25:46+00:00","og_image":[{"url":"https:\/\/comedialaon.fr\/wp-content\/uploads\/2017\/10\/Affiche-SANS-DATE-300x300.jpg","type":"","width":"","height":""}],"author":"Muppet 2","twitter_misc":{"\u00c9crit par":"Muppet 2","Dur\u00e9e de lecture estim\u00e9e":"1 minute"},"schema":{"@context":"https:\/\/schema.org","@graph":[{"@type":"Article","@id":"https:\/\/comedialaon.fr\/?p=2128#article","isPartOf":{"@id":"https:\/\/comedialaon.fr\/?p=2128"},"author":{"name":"Muppet 2","@id":"https:\/\/comedialaon.fr\/#\/schema\/person\/b5fa2097d9c2df39b18b24eb09a90f30"},"headline":"NOUVELLE SAISON 2018 : FESTIVAL SACHA GUITRY !!!","datePublished":"2017-09-14T13:05:41+00:00","dateModified":"2021-08-10T11:25:46+00:00","mainEntityOfPage":{"@id":"https:\/\/comedialaon.fr\/?p=2128"},"wordCount":112,"publisher":{"@id":"https:\/\/comedialaon.fr\/#organization"},"image":{"@id":"https:\/\/comedialaon.fr\/?p=2128#primaryimage"},"thumbnailUrl":"https:\/\/comedialaon.fr\/wp-content\/uploads\/2017\/10\/Affiche-SANS-DATE-300x300.jpg","articleSection":["Infos LIVE"],"inLanguage":"fr-FR"},{"@type":"WebPage","@id":"https:\/\/comedialaon.fr\/?p=2128","url":"https:\/\/comedialaon.fr\/?p=2128","name":"NOUVELLE SAISON 2018 : FESTIVAL SACHA GUITRY !!! &#8226; Com\u00e9dia Laon","isPartOf":{"@id":"https:\/\/comedialaon.fr\/#website"},"primaryImageOfPage":{"@id":"https:\/\/comedialaon.fr\/?p=2128#primaryimage"},"image":{"@id":"https:\/\/comedialaon.fr\/?p=2128#primaryimage"},"thumbnailUrl":"https:\/\/comedialaon.fr\/wp-content\/uploads\/2017\/10\/Affiche-SANS-DATE-300x300.jpg","datePublished":"2017-09-14T13:05:41+00:00","dateModified":"2021-08-10T11:25:46+00:00","breadcrumb":{"@id":"https:\/\/comedialaon.fr\/?p=2128#breadcrumb"},"inLanguage":"fr-FR","potentialAction":[{"@type":"ReadAction","target":["https:\/\/comedialaon.fr\/?p=2128"]}]},{"@type":"ImageObject","inLanguage":"fr-FR","@id":"https:\/\/comedialaon.fr\/?p=2128#primaryimage","url":"https:\/\/comedialaon.fr\/wp-content\/uploads\/2017\/10\/Affiche-SANS-DATE.jpg","contentUrl":"https:\/\/comedialaon.fr\/wp-content\/uploads\/2017\/10\/Affiche-SANS-DATE.jpg","width":756,"height":756,"caption":"Nouvelle saison : SI GUITRY M'\u00c9TAIT JOU\u00c9"},{"@type":"BreadcrumbList","@id":"https:\/\/comedialaon.fr\/?p=2128#breadcrumb","itemListElement":[{"@type":"ListItem","position":1,"name":"Accueil","item":"https:\/\/comedialaon.fr\/"},{"@type":"ListItem","position":2,"name":"NOUVELLE SAISON 2018 : FESTIVAL SACHA GUITRY !!!"}]},{"@type":"WebSite","@id":"https:\/\/comedialaon.fr\/#website","url":"https:\/\/comedialaon.fr\/","name":"Com\u00e9dia Laon","description":"Prendre et donner du PLAISIR ... !!! ;-)","publisher":{"@id":"https:\/\/comedialaon.fr\/#organization"},"potentialAction":[{"@type":"SearchAction","target":{"@type":"EntryPoint","urlTemplate":"https:\/\/comedialaon.fr\/?s={search_term_string}"},"query-input":{"@type":"PropertyValueSpecification","valueRequired":true,"valueName":"search_term_string"}}],"inLanguage":"fr-FR"},{"@type":"Organization","@id":"https:\/\/comedialaon.fr\/#organization","name":"Com\u00e9dia Laon","url":"https:\/\/comedialaon.fr\/","logo":{"@type":"ImageObject","inLanguage":"fr-FR","@id":"https:\/\/comedialaon.fr\/#\/schema\/logo\/image\/","url":"https:\/\/comedialaon.fr\/wp-content\/uploads\/2019\/02\/LOGO-CL-et-OL.jpg","contentUrl":"https:\/\/comedialaon.fr\/wp-content\/uploads\/2019\/02\/LOGO-CL-et-OL.jpg","width":756,"height":210,"caption":"Com\u00e9dia Laon"},"image":{"@id":"https:\/\/comedialaon.fr\/#\/schema\/logo\/image\/"},"sameAs":["https:\/\/www.facebook.com\/profile.php?id=100008459438996","https:\/\/www.youtube.com\/results?search_query=comedia laon"]},{"@type":"Person","@id":"https:\/\/comedialaon.fr\/#\/schema\/person\/b5fa2097d9c2df39b18b24eb09a90f30","name":"Muppet 2","image":{"@type":"ImageObject","inLanguage":"fr-FR","@id":"https:\/\/secure.gravatar.com\/avatar\/8e9847ab3b902434f6deca39973d429601dcdadf46a57d80eec28699158bf63a?s=96&d=mm&r=g","url":"https:\/\/secure.gravatar.com\/avatar\/8e9847ab3b902434f6deca39973d429601dcdadf46a57d80eec28699158bf63a?s=96&d=mm&r=g","contentUrl":"https:\/\/secure.gravatar.com\/avatar\/8e9847ab3b902434f6deca39973d429601dcdadf46a57d80eec28699158bf63a?s=96&d=mm&r=g","caption":"Muppet 2"},"sameAs":["https:\/\/www.comedialaon.fr"]}]}},"_links":{"self":[{"href":"https:\/\/comedialaon.fr\/index.php?rest_route=\/wp\/v2\/posts\/2128","targetHints":{"allow":["GET"]}}],"collection":[{"href":"https:\/\/comedialaon.fr\/index.php?rest_route=\/wp\/v2\/posts"}],"about":[{"href":"https:\/\/comedialaon.fr\/index.php?rest_route=\/wp\/v2\/types\/post"}],"author":[{"embeddable":true,"href":"https:\/\/comedialaon.fr\/index.php?rest_route=\/wp\/v2\/users\/1"}],"replies":[{"embeddable":true,"href":"https:\/\/comedialaon.fr\/index.php?rest_route=%2Fwp%2Fv2%2Fcomments&post=2128"}],"version-history":[{"count":18,"href":"https:\/\/comedialaon.fr\/index.php?rest_route=\/wp\/v2\/posts\/2128\/revisions"}],"predecessor-version":[{"id":2706,"href":"https:\/\/comedialaon.fr\/index.php?rest_route=\/wp\/v2\/posts\/2128\/revisions\/2706"}],"wp:attachment":[{"href":"https:\/\/comedialaon.fr\/index.php?rest_route=%2Fwp%2Fv2%2Fmedia&parent=2128"}],"wp:term":[{"taxonomy":"category","embeddable":true,"href":"https:\/\/comedialaon.fr\/index.php?rest_route=%2Fwp%2Fv2%2Fcategories&post=2128"},{"taxonomy":"post_tag","embeddable":true,"href":"https:\/\/comedialaon.fr\/index.php?rest_route=%2Fwp%2Fv2%2Ftags&post=2128"}],"curies":[{"name":"wp","href":"https:\/\/api.w.org\/{rel}","templated":true}]}}