{"id":1923,"date":"2017-06-21T16:29:06","date_gmt":"2017-06-21T14:29:06","guid":{"rendered":"https:\/\/comedialaon.fr\/?p=1923"},"modified":"2021-08-10T13:26:26","modified_gmt":"2021-08-10T11:26:26","slug":"assemblee-generale-nouveau-bureau","status":"publish","type":"post","link":"https:\/\/comedialaon.fr\/?p=1923","title":{"rendered":"ASSEMBL\u00c9E G\u00c9N\u00c9RALE ET NOUVEAU BUREAU"},"content":{"rendered":"<div id=\"attachment_1931\" style=\"width: 310px\" class=\"wp-caption alignleft\"><a href=\"https:\/\/comedialaon.fr\/wp-content\/uploads\/2017\/06\/AG-du-09-06-2017-petite.jpg\"><img loading=\"lazy\" decoding=\"async\" aria-describedby=\"caption-attachment-1931\" src=\"https:\/\/comedialaon.fr\/wp-content\/uploads\/2017\/06\/AG-du-09-06-2017-petite-300x186.jpg\" alt=\"\" width=\"300\" height=\"186\" class=\"size-medium wp-image-1931\" srcset=\"https:\/\/comedialaon.fr\/wp-content\/uploads\/2017\/06\/AG-du-09-06-2017-petite-300x186.jpg 300w, https:\/\/comedialaon.fr\/wp-content\/uploads\/2017\/06\/AG-du-09-06-2017-petite-768x477.jpg 768w, https:\/\/comedialaon.fr\/wp-content\/uploads\/2017\/06\/AG-du-09-06-2017-petite.jpg 957w\" sizes=\"auto, (max-width: 300px) 100vw, 300px\" \/><\/a><p id=\"caption-attachment-1931\" class=\"wp-caption-text\">Assembl\u00e9e G\u00e9n\u00e9rale le 9 juin 2017 au Centre Social LE TRIANGLE<\/p><\/div>\n<p>Le 9 juin dernier s&rsquo;est d\u00e9roul\u00e9e notre Assembl\u00e9e G\u00e9n\u00e9rale. Nous remercions, de leur pr\u00e9sence, Monsieur Eric DELHAYE, Maire-adjoint de la ville de LAON, Monsieur Fawaz Karimet membre du Conseil Municipal de la ville de Laon, Christophe GILLET Responsable du Centre Social LE TRIANGLE et \u201cnotre plus fervent admirateur\u201d Albert CASAS. Apr\u00e8s un bilan de l&rsquo;ann\u00e9e \u00e9coul\u00e9e, notre Pr\u00e9sident Christian DECRAEMER a pr\u00e9sent\u00e9 sa d\u00e9mission. L&rsquo;ensemble de la troupe le remercie pour tout le travail accompli pendant ses trois ann\u00e9es de pr\u00e9sidence et surtout pour son fort engagement et sa  tr\u00e8s grande disponibilit\u00e9. Nous sommes d&rsquo;ailleurs tr\u00e8s heureux qu&rsquo;il reste membre de l&rsquo;association. Il a indiqu\u00e9 qu&rsquo;il apporterait toute son aide et son soutien au nouveau Pr\u00e9sident lors du d\u00e9but de son mandat.<\/p>\n<p>Notre metteur en sc\u00e8ne, Patrice PIQUET, a indiqu\u00e9 que la pi\u00e8ce pr\u00e9sent\u00e9e en 2017 \u201cStationnement altern\u00e9\u201d continuerait en 2018 et qu&rsquo;en parall\u00e8le un \u201cFestival Sacha GUITRY\u201d sera pr\u00e9sent\u00e9 sous la forme de plusieurs pi\u00e8ces de l&rsquo;auteur.<\/p>\n<div id=\"attachment_1955\" style=\"width: 224px\" class=\"wp-caption alignleft\"><a href=\"https:\/\/librairie.editions-baudelaire.com\/divers\/1175-y-en-a-pour-tout-le-monde--9791020313959.html\"><img loading=\"lazy\" decoding=\"async\" aria-describedby=\"caption-attachment-1955\" src=\"https:\/\/comedialaon.fr\/wp-content\/uploads\/2017\/06\/couverture-petite-214x300.jpg\" alt=\"\" width=\"214\" height=\"300\" align=\"alignleft class=\"size-medium wp-image-1955\" srcset=\"https:\/\/comedialaon.fr\/wp-content\/uploads\/2017\/06\/couverture-petite-214x300.jpg 214w, https:\/\/comedialaon.fr\/wp-content\/uploads\/2017\/06\/couverture-petite.jpg 441w\" sizes=\"auto, (max-width: 214px) 100vw, 214px\" \/><\/a><p id=\"caption-attachment-1955\" class=\"wp-caption-text\">\u201cY&rsquo; EN A POUR TOUT LE MONDE !\u201d de Claude GARNIER aux \u00c9ditions Baudelaire<\/p><\/div>\n<p>Il nous a \u00e9galement inform\u00e9 que notre ancien Pr\u00e9sident et membre fondateur de notre troupe, Claude GARNIER, avait publi\u00e9 son premier livre \u201cY&rsquo; EN A POUR TOUT LE MONDE !\u201d aux \u00c9ditions Baudelaire.(Plus d&rsquo;informations <a href=\" https:\/\/librairie.editions-baudelaire.com\/divers\/1175-y-en-a-pour-tout-le-monde--9791020313959.html \" title=\"ici\">ici<\/a>, en cliquant sur le livre ou en lisant <a href=\" https:\/\/comedialaon.fr\/wp-content\/uploads\/2017\/06\/Dossier-de-presse-Claude-Garnier.pdf \" title=\"le dossier de presse\">le dossier de presse<\/a> ). Le journal l&rsquo;Union a d&rsquo;ailleurs publi\u00e9 <a href=\" https:\/\/comedialaon.fr\/?attachment_id=2067 \" title=\"un article\">un article<\/a> le 29 juin 2017.<\/p>\n<p>Le nouveau bureau constitu\u00e9 lors de notre Assembl\u00e9e G\u00e9n\u00e9rale s&rsquo;est donc r\u00e9uni le 19 juin pour d\u00e9finir les fonctions de chacun de ses membres. Christian B\u00c9THUNE est donc notre nouveau Pr\u00e9sident. Le bureau est donc ainsi constitu\u00e9 : (Le journal l&rsquo;Union a publi\u00e9 <a href=\" https:\/\/comedialaon.fr\/?attachment_id=2072 \" title=\"un article\">un article<\/a> le 5 juillet 2017)<\/p>\n<p>Pr\u00e9sident : Monsieur Christian B\u00c9THUNE<br \/>\nVice-Pr\u00e9sident : Monsieur Yves APPERT<br \/>\nSecr\u00e9taire : Monsieur Patrice PIQUET<br \/>\nSecr\u00e9taire adjointe : Madame Sylvie LETURQUE<br \/>\nTr\u00e9sorier : Monsieur Bernard HORTION<br \/>\nTr\u00e9sori\u00e8re adjointe : Madame S\u00e9verine DELRUE<\/p>\n<p>Nous souhaitons \u00e0 cette nouvelle \u00e9quipe bonne route.<\/p>\n","protected":false},"excerpt":{"rendered":"<p>Le 9 juin dernier s&rsquo;est d\u00e9roul\u00e9e notre Assembl\u00e9e G\u00e9n\u00e9rale. Nous remercions, de leur pr\u00e9sence, Monsieur Eric DELHAYE, Maire-adjoint de la ville de LAON, Monsieur Fawaz Karimet membre du Conseil Municipal de la ville de Laon, Christophe GILLET Responsable du Centre Social LE TRIANGLE et \u201cnotre plus fervent admirateur\u201d Albert CASAS. Apr\u00e8s un bilan de l&rsquo;ann\u00e9e<\/p>\n<p><a class=\"excerpt-more blog-excerpt\" href=\"https:\/\/comedialaon.fr\/?p=1923\">Lire la suite<\/a><\/p>\n","protected":false},"author":1,"featured_media":0,"comment_status":"closed","ping_status":"open","sticky":false,"template":"","format":"standard","meta":{"footnotes":""},"categories":[11],"tags":[],"class_list":["post-1923","post","type-post","status-publish","format-standard","hentry","category-infos-live"],"yoast_head":"<!-- This site is optimized with the Yoast SEO plugin v27.5 - https:\/\/yoast.com\/product\/yoast-seo-wordpress\/ -->\n<title>ASSEMBL\u00c9E G\u00c9N\u00c9RALE ET NOUVEAU BUREAU &#8226; Com\u00e9dia Laon<\/title>\n<meta name=\"robots\" content=\"index, follow, max-snippet:-1, max-image-preview:large, max-video-preview:-1\" \/>\n<link rel=\"canonical\" href=\"https:\/\/comedialaon.fr\/?p=1923\" \/>\n<meta property=\"og:locale\" content=\"fr_FR\" \/>\n<meta property=\"og:type\" content=\"article\" \/>\n<meta property=\"og:title\" content=\"ASSEMBL\u00c9E G\u00c9N\u00c9RALE ET NOUVEAU BUREAU &#8226; Com\u00e9dia Laon\" \/>\n<meta property=\"og:description\" content=\"Le 9 juin dernier s&rsquo;est d\u00e9roul\u00e9e notre Assembl\u00e9e G\u00e9n\u00e9rale. Nous remercions, de leur pr\u00e9sence, Monsieur Eric DELHAYE, Maire-adjoint de la ville de LAON, Monsieur Fawaz Karimet membre du Conseil Municipal de la ville de Laon, Christophe GILLET Responsable du Centre Social LE TRIANGLE et \u201cnotre plus fervent admirateur\u201d Albert CASAS. Apr\u00e8s un bilan de l&rsquo;ann\u00e9eLire la suite\" \/>\n<meta property=\"og:url\" content=\"https:\/\/comedialaon.fr\/?p=1923\" \/>\n<meta property=\"og:site_name\" content=\"Com\u00e9dia Laon\" \/>\n<meta property=\"article:publisher\" content=\"https:\/\/www.facebook.com\/profile.php?id=100008459438996\" \/>\n<meta property=\"article:published_time\" content=\"2017-06-21T14:29:06+00:00\" \/>\n<meta property=\"article:modified_time\" content=\"2021-08-10T11:26:26+00:00\" \/>\n<meta property=\"og:image\" content=\"https:\/\/comedialaon.fr\/wp-content\/uploads\/2017\/06\/AG-du-09-06-2017-petite-300x186.jpg\" \/>\n<meta name=\"author\" content=\"Muppet 2\" \/>\n<meta name=\"twitter:label1\" content=\"\u00c9crit par\" \/>\n\t<meta name=\"twitter:data1\" content=\"Muppet 2\" \/>\n\t<meta name=\"twitter:label2\" content=\"Dur\u00e9e de lecture estim\u00e9e\" \/>\n\t<meta name=\"twitter:data2\" content=\"1 minute\" \/>\n<script type=\"application\/ld+json\" class=\"yoast-schema-graph\">{\"@context\":\"https:\\\/\\\/schema.org\",\"@graph\":[{\"@type\":\"Article\",\"@id\":\"https:\\\/\\\/comedialaon.fr\\\/?p=1923#article\",\"isPartOf\":{\"@id\":\"https:\\\/\\\/comedialaon.fr\\\/?p=1923\"},\"author\":{\"name\":\"Muppet 2\",\"@id\":\"https:\\\/\\\/comedialaon.fr\\\/#\\\/schema\\\/person\\\/b5fa2097d9c2df39b18b24eb09a90f30\"},\"headline\":\"ASSEMBL\u00c9E G\u00c9N\u00c9RALE ET NOUVEAU BUREAU\",\"datePublished\":\"2017-06-21T14:29:06+00:00\",\"dateModified\":\"2021-08-10T11:26:26+00:00\",\"mainEntityOfPage\":{\"@id\":\"https:\\\/\\\/comedialaon.fr\\\/?p=1923\"},\"wordCount\":222,\"publisher\":{\"@id\":\"https:\\\/\\\/comedialaon.fr\\\/#organization\"},\"image\":{\"@id\":\"https:\\\/\\\/comedialaon.fr\\\/?p=1923#primaryimage\"},\"thumbnailUrl\":\"https:\\\/\\\/comedialaon.fr\\\/wp-content\\\/uploads\\\/2017\\\/06\\\/AG-du-09-06-2017-petite-300x186.jpg\",\"articleSection\":[\"Infos LIVE\"],\"inLanguage\":\"fr-FR\"},{\"@type\":\"WebPage\",\"@id\":\"https:\\\/\\\/comedialaon.fr\\\/?p=1923\",\"url\":\"https:\\\/\\\/comedialaon.fr\\\/?p=1923\",\"name\":\"ASSEMBL\u00c9E G\u00c9N\u00c9RALE ET NOUVEAU BUREAU &#8226; Com\u00e9dia Laon\",\"isPartOf\":{\"@id\":\"https:\\\/\\\/comedialaon.fr\\\/#website\"},\"primaryImageOfPage\":{\"@id\":\"https:\\\/\\\/comedialaon.fr\\\/?p=1923#primaryimage\"},\"image\":{\"@id\":\"https:\\\/\\\/comedialaon.fr\\\/?p=1923#primaryimage\"},\"thumbnailUrl\":\"https:\\\/\\\/comedialaon.fr\\\/wp-content\\\/uploads\\\/2017\\\/06\\\/AG-du-09-06-2017-petite-300x186.jpg\",\"datePublished\":\"2017-06-21T14:29:06+00:00\",\"dateModified\":\"2021-08-10T11:26:26+00:00\",\"breadcrumb\":{\"@id\":\"https:\\\/\\\/comedialaon.fr\\\/?p=1923#breadcrumb\"},\"inLanguage\":\"fr-FR\",\"potentialAction\":[{\"@type\":\"ReadAction\",\"target\":[\"https:\\\/\\\/comedialaon.fr\\\/?p=1923\"]}]},{\"@type\":\"ImageObject\",\"inLanguage\":\"fr-FR\",\"@id\":\"https:\\\/\\\/comedialaon.fr\\\/?p=1923#primaryimage\",\"url\":\"https:\\\/\\\/comedialaon.fr\\\/wp-content\\\/uploads\\\/2017\\\/06\\\/AG-du-09-06-2017-petite.jpg\",\"contentUrl\":\"https:\\\/\\\/comedialaon.fr\\\/wp-content\\\/uploads\\\/2017\\\/06\\\/AG-du-09-06-2017-petite.jpg\",\"width\":957,\"height\":594,\"caption\":\"Assembl\u00e9e G\u00e9n\u00e9rale le 9 juin 2017 au Centre Social LE TRIANGLE\"},{\"@type\":\"BreadcrumbList\",\"@id\":\"https:\\\/\\\/comedialaon.fr\\\/?p=1923#breadcrumb\",\"itemListElement\":[{\"@type\":\"ListItem\",\"position\":1,\"name\":\"Accueil\",\"item\":\"https:\\\/\\\/comedialaon.fr\\\/\"},{\"@type\":\"ListItem\",\"position\":2,\"name\":\"ASSEMBL\u00c9E G\u00c9N\u00c9RALE ET NOUVEAU BUREAU\"}]},{\"@type\":\"WebSite\",\"@id\":\"https:\\\/\\\/comedialaon.fr\\\/#website\",\"url\":\"https:\\\/\\\/comedialaon.fr\\\/\",\"name\":\"Com\u00e9dia Laon\",\"description\":\"Prendre et donner du PLAISIR ... !!! ;-)\",\"publisher\":{\"@id\":\"https:\\\/\\\/comedialaon.fr\\\/#organization\"},\"potentialAction\":[{\"@type\":\"SearchAction\",\"target\":{\"@type\":\"EntryPoint\",\"urlTemplate\":\"https:\\\/\\\/comedialaon.fr\\\/?s={search_term_string}\"},\"query-input\":{\"@type\":\"PropertyValueSpecification\",\"valueRequired\":true,\"valueName\":\"search_term_string\"}}],\"inLanguage\":\"fr-FR\"},{\"@type\":\"Organization\",\"@id\":\"https:\\\/\\\/comedialaon.fr\\\/#organization\",\"name\":\"Com\u00e9dia Laon\",\"url\":\"https:\\\/\\\/comedialaon.fr\\\/\",\"logo\":{\"@type\":\"ImageObject\",\"inLanguage\":\"fr-FR\",\"@id\":\"https:\\\/\\\/comedialaon.fr\\\/#\\\/schema\\\/logo\\\/image\\\/\",\"url\":\"https:\\\/\\\/comedialaon.fr\\\/wp-content\\\/uploads\\\/2019\\\/02\\\/LOGO-CL-et-OL.jpg\",\"contentUrl\":\"https:\\\/\\\/comedialaon.fr\\\/wp-content\\\/uploads\\\/2019\\\/02\\\/LOGO-CL-et-OL.jpg\",\"width\":756,\"height\":210,\"caption\":\"Com\u00e9dia Laon\"},\"image\":{\"@id\":\"https:\\\/\\\/comedialaon.fr\\\/#\\\/schema\\\/logo\\\/image\\\/\"},\"sameAs\":[\"https:\\\/\\\/www.facebook.com\\\/profile.php?id=100008459438996\",\"https:\\\/\\\/www.youtube.com\\\/results?search_query=comedia laon\"]},{\"@type\":\"Person\",\"@id\":\"https:\\\/\\\/comedialaon.fr\\\/#\\\/schema\\\/person\\\/b5fa2097d9c2df39b18b24eb09a90f30\",\"name\":\"Muppet 2\",\"image\":{\"@type\":\"ImageObject\",\"inLanguage\":\"fr-FR\",\"@id\":\"https:\\\/\\\/secure.gravatar.com\\\/avatar\\\/8e9847ab3b902434f6deca39973d429601dcdadf46a57d80eec28699158bf63a?s=96&d=mm&r=g\",\"url\":\"https:\\\/\\\/secure.gravatar.com\\\/avatar\\\/8e9847ab3b902434f6deca39973d429601dcdadf46a57d80eec28699158bf63a?s=96&d=mm&r=g\",\"contentUrl\":\"https:\\\/\\\/secure.gravatar.com\\\/avatar\\\/8e9847ab3b902434f6deca39973d429601dcdadf46a57d80eec28699158bf63a?s=96&d=mm&r=g\",\"caption\":\"Muppet 2\"},\"sameAs\":[\"https:\\\/\\\/www.comedialaon.fr\"]}]}<\/script>\n<!-- \/ Yoast SEO plugin. -->","yoast_head_json":{"title":"ASSEMBL\u00c9E G\u00c9N\u00c9RALE ET NOUVEAU BUREAU &#8226; Com\u00e9dia Laon","robots":{"index":"index","follow":"follow","max-snippet":"max-snippet:-1","max-image-preview":"max-image-preview:large","max-video-preview":"max-video-preview:-1"},"canonical":"https:\/\/comedialaon.fr\/?p=1923","og_locale":"fr_FR","og_type":"article","og_title":"ASSEMBL\u00c9E G\u00c9N\u00c9RALE ET NOUVEAU BUREAU &#8226; Com\u00e9dia Laon","og_description":"Le 9 juin dernier s&rsquo;est d\u00e9roul\u00e9e notre Assembl\u00e9e G\u00e9n\u00e9rale. Nous remercions, de leur pr\u00e9sence, Monsieur Eric DELHAYE, Maire-adjoint de la ville de LAON, Monsieur Fawaz Karimet membre du Conseil Municipal de la ville de Laon, Christophe GILLET Responsable du Centre Social LE TRIANGLE et \u201cnotre plus fervent admirateur\u201d Albert CASAS. Apr\u00e8s un bilan de l&rsquo;ann\u00e9eLire la suite","og_url":"https:\/\/comedialaon.fr\/?p=1923","og_site_name":"Com\u00e9dia Laon","article_publisher":"https:\/\/www.facebook.com\/profile.php?id=100008459438996","article_published_time":"2017-06-21T14:29:06+00:00","article_modified_time":"2021-08-10T11:26:26+00:00","og_image":[{"url":"https:\/\/comedialaon.fr\/wp-content\/uploads\/2017\/06\/AG-du-09-06-2017-petite-300x186.jpg","type":"","width":"","height":""}],"author":"Muppet 2","twitter_misc":{"\u00c9crit par":"Muppet 2","Dur\u00e9e de lecture estim\u00e9e":"1 minute"},"schema":{"@context":"https:\/\/schema.org","@graph":[{"@type":"Article","@id":"https:\/\/comedialaon.fr\/?p=1923#article","isPartOf":{"@id":"https:\/\/comedialaon.fr\/?p=1923"},"author":{"name":"Muppet 2","@id":"https:\/\/comedialaon.fr\/#\/schema\/person\/b5fa2097d9c2df39b18b24eb09a90f30"},"headline":"ASSEMBL\u00c9E G\u00c9N\u00c9RALE ET NOUVEAU BUREAU","datePublished":"2017-06-21T14:29:06+00:00","dateModified":"2021-08-10T11:26:26+00:00","mainEntityOfPage":{"@id":"https:\/\/comedialaon.fr\/?p=1923"},"wordCount":222,"publisher":{"@id":"https:\/\/comedialaon.fr\/#organization"},"image":{"@id":"https:\/\/comedialaon.fr\/?p=1923#primaryimage"},"thumbnailUrl":"https:\/\/comedialaon.fr\/wp-content\/uploads\/2017\/06\/AG-du-09-06-2017-petite-300x186.jpg","articleSection":["Infos LIVE"],"inLanguage":"fr-FR"},{"@type":"WebPage","@id":"https:\/\/comedialaon.fr\/?p=1923","url":"https:\/\/comedialaon.fr\/?p=1923","name":"ASSEMBL\u00c9E G\u00c9N\u00c9RALE ET NOUVEAU BUREAU &#8226; Com\u00e9dia Laon","isPartOf":{"@id":"https:\/\/comedialaon.fr\/#website"},"primaryImageOfPage":{"@id":"https:\/\/comedialaon.fr\/?p=1923#primaryimage"},"image":{"@id":"https:\/\/comedialaon.fr\/?p=1923#primaryimage"},"thumbnailUrl":"https:\/\/comedialaon.fr\/wp-content\/uploads\/2017\/06\/AG-du-09-06-2017-petite-300x186.jpg","datePublished":"2017-06-21T14:29:06+00:00","dateModified":"2021-08-10T11:26:26+00:00","breadcrumb":{"@id":"https:\/\/comedialaon.fr\/?p=1923#breadcrumb"},"inLanguage":"fr-FR","potentialAction":[{"@type":"ReadAction","target":["https:\/\/comedialaon.fr\/?p=1923"]}]},{"@type":"ImageObject","inLanguage":"fr-FR","@id":"https:\/\/comedialaon.fr\/?p=1923#primaryimage","url":"https:\/\/comedialaon.fr\/wp-content\/uploads\/2017\/06\/AG-du-09-06-2017-petite.jpg","contentUrl":"https:\/\/comedialaon.fr\/wp-content\/uploads\/2017\/06\/AG-du-09-06-2017-petite.jpg","width":957,"height":594,"caption":"Assembl\u00e9e G\u00e9n\u00e9rale le 9 juin 2017 au Centre Social LE TRIANGLE"},{"@type":"BreadcrumbList","@id":"https:\/\/comedialaon.fr\/?p=1923#breadcrumb","itemListElement":[{"@type":"ListItem","position":1,"name":"Accueil","item":"https:\/\/comedialaon.fr\/"},{"@type":"ListItem","position":2,"name":"ASSEMBL\u00c9E G\u00c9N\u00c9RALE ET NOUVEAU BUREAU"}]},{"@type":"WebSite","@id":"https:\/\/comedialaon.fr\/#website","url":"https:\/\/comedialaon.fr\/","name":"Com\u00e9dia Laon","description":"Prendre et donner du PLAISIR ... !!! ;-)","publisher":{"@id":"https:\/\/comedialaon.fr\/#organization"},"potentialAction":[{"@type":"SearchAction","target":{"@type":"EntryPoint","urlTemplate":"https:\/\/comedialaon.fr\/?s={search_term_string}"},"query-input":{"@type":"PropertyValueSpecification","valueRequired":true,"valueName":"search_term_string"}}],"inLanguage":"fr-FR"},{"@type":"Organization","@id":"https:\/\/comedialaon.fr\/#organization","name":"Com\u00e9dia Laon","url":"https:\/\/comedialaon.fr\/","logo":{"@type":"ImageObject","inLanguage":"fr-FR","@id":"https:\/\/comedialaon.fr\/#\/schema\/logo\/image\/","url":"https:\/\/comedialaon.fr\/wp-content\/uploads\/2019\/02\/LOGO-CL-et-OL.jpg","contentUrl":"https:\/\/comedialaon.fr\/wp-content\/uploads\/2019\/02\/LOGO-CL-et-OL.jpg","width":756,"height":210,"caption":"Com\u00e9dia Laon"},"image":{"@id":"https:\/\/comedialaon.fr\/#\/schema\/logo\/image\/"},"sameAs":["https:\/\/www.facebook.com\/profile.php?id=100008459438996","https:\/\/www.youtube.com\/results?search_query=comedia laon"]},{"@type":"Person","@id":"https:\/\/comedialaon.fr\/#\/schema\/person\/b5fa2097d9c2df39b18b24eb09a90f30","name":"Muppet 2","image":{"@type":"ImageObject","inLanguage":"fr-FR","@id":"https:\/\/secure.gravatar.com\/avatar\/8e9847ab3b902434f6deca39973d429601dcdadf46a57d80eec28699158bf63a?s=96&d=mm&r=g","url":"https:\/\/secure.gravatar.com\/avatar\/8e9847ab3b902434f6deca39973d429601dcdadf46a57d80eec28699158bf63a?s=96&d=mm&r=g","contentUrl":"https:\/\/secure.gravatar.com\/avatar\/8e9847ab3b902434f6deca39973d429601dcdadf46a57d80eec28699158bf63a?s=96&d=mm&r=g","caption":"Muppet 2"},"sameAs":["https:\/\/www.comedialaon.fr"]}]}},"_links":{"self":[{"href":"https:\/\/comedialaon.fr\/index.php?rest_route=\/wp\/v2\/posts\/1923","targetHints":{"allow":["GET"]}}],"collection":[{"href":"https:\/\/comedialaon.fr\/index.php?rest_route=\/wp\/v2\/posts"}],"about":[{"href":"https:\/\/comedialaon.fr\/index.php?rest_route=\/wp\/v2\/types\/post"}],"author":[{"embeddable":true,"href":"https:\/\/comedialaon.fr\/index.php?rest_route=\/wp\/v2\/users\/1"}],"replies":[{"embeddable":true,"href":"https:\/\/comedialaon.fr\/index.php?rest_route=%2Fwp%2Fv2%2Fcomments&post=1923"}],"version-history":[{"count":49,"href":"https:\/\/comedialaon.fr\/index.php?rest_route=\/wp\/v2\/posts\/1923\/revisions"}],"predecessor-version":[{"id":1991,"href":"https:\/\/comedialaon.fr\/index.php?rest_route=\/wp\/v2\/posts\/1923\/revisions\/1991"}],"wp:attachment":[{"href":"https:\/\/comedialaon.fr\/index.php?rest_route=%2Fwp%2Fv2%2Fmedia&parent=1923"}],"wp:term":[{"taxonomy":"category","embeddable":true,"href":"https:\/\/comedialaon.fr\/index.php?rest_route=%2Fwp%2Fv2%2Fcategories&post=1923"},{"taxonomy":"post_tag","embeddable":true,"href":"https:\/\/comedialaon.fr\/index.php?rest_route=%2Fwp%2Fv2%2Ftags&post=1923"}],"curies":[{"name":"wp","href":"https:\/\/api.w.org\/{rel}","templated":true}]}}