{"id":1689,"date":"2016-12-05T12:49:14","date_gmt":"2016-12-05T10:49:14","guid":{"rendered":"https:\/\/comedialaon.fr\/?p=1689"},"modified":"2022-10-07T11:20:03","modified_gmt":"2022-10-07T09:20:03","slug":"rendez-vous-pour-le-telethon","status":"publish","type":"post","link":"https:\/\/comedialaon.fr\/?p=1689","title":{"rendered":"RENDEZ-VOUS POUR LE T\u00c9L\u00c9THON"},"content":{"rendered":"<div id=\"attachment_1695\" style=\"width: 220px\" class=\"wp-caption alignleft\"><a href=\"https:\/\/comedialaon.fr\/wp-content\/uploads\/2016\/12\/FAUX-ET-USAGE-DE-FOUS-clacy-mons-pour-internet.jpg\"><img loading=\"lazy\" decoding=\"async\" aria-describedby=\"caption-attachment-1695\" src=\"https:\/\/comedialaon.fr\/wp-content\/uploads\/2016\/12\/FAUX-ET-USAGE-DE-FOUS-clacy-mons-pour-internet-210x300.jpg\" alt=\"FAUX ET USAGE DE FOUS le 15 janvier 2017 pour le T\u00e9l\u00e9thon\" width=\"210\" height=\"300\" class=\"size-medium wp-image-1695\" srcset=\"https:\/\/comedialaon.fr\/wp-content\/uploads\/2016\/12\/FAUX-ET-USAGE-DE-FOUS-clacy-mons-pour-internet-210x300.jpg 210w, https:\/\/comedialaon.fr\/wp-content\/uploads\/2016\/12\/FAUX-ET-USAGE-DE-FOUS-clacy-mons-pour-internet.jpg 620w\" sizes=\"auto, (max-width: 210px) 100vw, 210px\" \/><\/a><p id=\"caption-attachment-1695\" class=\"wp-caption-text\">FAUX ET USAGE DE FOUS le 15 janvier 2017 pour le T\u00e9l\u00e9thon<\/p><\/div>\n<div id=\"attachment_1692\" style=\"width: 289px\" class=\"wp-caption alignright\"><a href=\"https:\/\/comedialaon.fr\/wp-content\/uploads\/2016\/12\/T\u00e9l\u00e9thon.jpg\"><img loading=\"lazy\" decoding=\"async\" aria-describedby=\"caption-attachment-1692\" src=\"https:\/\/comedialaon.fr\/wp-content\/uploads\/2016\/12\/T\u00e9l\u00e9thon.jpg\" alt=\"AFMT\u00c9L\u00c9THON Innover pour gu\u00e9rir\" width=\"279\" height=\"181\" class=\"size-full wp-image-1692\" \/><\/a><p id=\"caption-attachment-1692\" class=\"wp-caption-text\">AFMT\u00c9L\u00c9THON Innover pour gu\u00e9rir<\/p><\/div>\n<p>Pour la deuxi\u00e8me ann\u00e9e cons\u00e9cutive, notre saison d\u00e9butera par une repr\u00e9sentation au profit du T\u00e9l\u00e9thon.<\/p>\n<p>Toujours en partenariat avec Monsieur CHARLES de MONS-EN-LAONNOIS, nous vous donnons rendez-vous le dimanche 15 janvier 2017 \u00e0 15H00 \u00e0 la Salle Communale Rue Pasteur \u00e0 CLACY-ET-THIERRET.<\/p>\n<p>Cette ann\u00e9e vous pourrez \u00ab\u00a0savourer\u00a0\u00bb une autre pi\u00e8ce de <a href=\"https:\/\/comedialaon.fr\/?page_id=887\" title=\"Hugues de ROSAMEL\">Hugues de ROSAMEL<\/a> : <a href=\"https:\/\/comedialaon.fr\/?page_id=1713\" title=\"Faux et usage de fous\">Faux et usage de fous<\/a><\/p>\n<p>Aux c\u00f4t\u00e9s de Patrice PIQUET, notre metteur en sc\u00e8ne, vous d\u00e9couvrirez, pour la premi\u00e8re fois, Olivier PIQUET son fr\u00e8re pour, je pense, d&rsquo;\u00e9mouvantes retrouvailles car cela fait longtemps qu&rsquo;ils ne se sont pas donn\u00e9 la r\u00e9plique.<\/p>\n<p>Comme chaque ann\u00e9e, nous reverserons la totalit\u00e9 de la recette au T\u00e9l\u00e9thon. L&rsquo;auteur de la pi\u00e8ce, notre ami Hugues, fera don \u00e9galement de ses droits d&rsquo;auteur.<\/p>\n<p>Alors notez d\u00e8s \u00e0 pr\u00e9sent sur vos calendriers cette date du 15 janvier 2017 car nous comptons sur vous.<\/p>\n<p><a href=\"https:\/\/www.facebook.com\/Faux-et-usage-de-fous-342928655733576\/timeline\" title=\"Page FaceBook FAUX ET USAGE DE FOUS\">Page FaceBook FAUX ET USAGE DE FOUS<\/a>     &#8211;     <a href=\"https:\/\/don.telethon.fr\/\" title=\"Site officiel du T\u00e9l\u00e9thon\">Site officiel du T\u00e9l\u00e9thon<\/a><\/p>\n","protected":false},"excerpt":{"rendered":"<p>Pour la deuxi\u00e8me ann\u00e9e cons\u00e9cutive, notre saison d\u00e9butera par une repr\u00e9sentation au profit du T\u00e9l\u00e9thon. Toujours en partenariat avec Monsieur CHARLES de MONS-EN-LAONNOIS, nous vous donnons rendez-vous le dimanche 15 janvier 2017 \u00e0 15H00 \u00e0 la Salle Communale Rue Pasteur \u00e0 CLACY-ET-THIERRET. Cette ann\u00e9e vous pourrez \u00ab\u00a0savourer\u00a0\u00bb une autre pi\u00e8ce de Hugues de ROSAMEL :<\/p>\n<p><a class=\"excerpt-more blog-excerpt\" href=\"https:\/\/comedialaon.fr\/?p=1689\">Lire la suite<\/a><\/p>\n","protected":false},"author":1,"featured_media":0,"comment_status":"closed","ping_status":"open","sticky":false,"template":"","format":"standard","meta":{"footnotes":""},"categories":[11],"tags":[],"class_list":["post-1689","post","type-post","status-publish","format-standard","hentry","category-infos-live"],"yoast_head":"<!-- This site is optimized with the Yoast SEO plugin v27.5 - https:\/\/yoast.com\/product\/yoast-seo-wordpress\/ -->\n<title>RENDEZ-VOUS POUR LE T\u00c9L\u00c9THON &#8226; Com\u00e9dia Laon<\/title>\n<meta name=\"robots\" content=\"index, follow, max-snippet:-1, max-image-preview:large, max-video-preview:-1\" \/>\n<link rel=\"canonical\" href=\"https:\/\/comedialaon.fr\/?p=1689\" \/>\n<meta property=\"og:locale\" content=\"fr_FR\" \/>\n<meta property=\"og:type\" content=\"article\" \/>\n<meta property=\"og:title\" content=\"RENDEZ-VOUS POUR LE T\u00c9L\u00c9THON &#8226; Com\u00e9dia Laon\" \/>\n<meta property=\"og:description\" content=\"Pour la deuxi\u00e8me ann\u00e9e cons\u00e9cutive, notre saison d\u00e9butera par une repr\u00e9sentation au profit du T\u00e9l\u00e9thon. Toujours en partenariat avec Monsieur CHARLES de MONS-EN-LAONNOIS, nous vous donnons rendez-vous le dimanche 15 janvier 2017 \u00e0 15H00 \u00e0 la Salle Communale Rue Pasteur \u00e0 CLACY-ET-THIERRET. Cette ann\u00e9e vous pourrez \u00ab\u00a0savourer\u00a0\u00bb une autre pi\u00e8ce de Hugues de ROSAMEL :Lire la suite\" \/>\n<meta property=\"og:url\" content=\"https:\/\/comedialaon.fr\/?p=1689\" \/>\n<meta property=\"og:site_name\" content=\"Com\u00e9dia Laon\" \/>\n<meta property=\"article:publisher\" content=\"https:\/\/www.facebook.com\/profile.php?id=100008459438996\" \/>\n<meta property=\"article:published_time\" content=\"2016-12-05T10:49:14+00:00\" \/>\n<meta property=\"article:modified_time\" content=\"2022-10-07T09:20:03+00:00\" \/>\n<meta property=\"og:image\" content=\"https:\/\/comedialaon.fr\/wp-content\/uploads\/2016\/12\/FAUX-ET-USAGE-DE-FOUS-clacy-mons-pour-internet-210x300.jpg\" \/>\n<meta name=\"author\" content=\"Muppet 2\" \/>\n<meta name=\"twitter:label1\" content=\"\u00c9crit par\" \/>\n\t<meta name=\"twitter:data1\" content=\"Muppet 2\" \/>\n\t<meta name=\"twitter:label2\" content=\"Dur\u00e9e de lecture estim\u00e9e\" \/>\n\t<meta name=\"twitter:data2\" content=\"2 minutes\" \/>\n<script type=\"application\/ld+json\" class=\"yoast-schema-graph\">{\"@context\":\"https:\\\/\\\/schema.org\",\"@graph\":[{\"@type\":\"Article\",\"@id\":\"https:\\\/\\\/comedialaon.fr\\\/?p=1689#article\",\"isPartOf\":{\"@id\":\"https:\\\/\\\/comedialaon.fr\\\/?p=1689\"},\"author\":{\"name\":\"Muppet 2\",\"@id\":\"https:\\\/\\\/comedialaon.fr\\\/#\\\/schema\\\/person\\\/b5fa2097d9c2df39b18b24eb09a90f30\"},\"headline\":\"RENDEZ-VOUS POUR LE T\u00c9L\u00c9THON\",\"datePublished\":\"2016-12-05T10:49:14+00:00\",\"dateModified\":\"2022-10-07T09:20:03+00:00\",\"mainEntityOfPage\":{\"@id\":\"https:\\\/\\\/comedialaon.fr\\\/?p=1689\"},\"wordCount\":211,\"publisher\":{\"@id\":\"https:\\\/\\\/comedialaon.fr\\\/#organization\"},\"image\":{\"@id\":\"https:\\\/\\\/comedialaon.fr\\\/?p=1689#primaryimage\"},\"thumbnailUrl\":\"https:\\\/\\\/comedialaon.fr\\\/wp-content\\\/uploads\\\/2016\\\/12\\\/FAUX-ET-USAGE-DE-FOUS-clacy-mons-pour-internet-210x300.jpg\",\"articleSection\":[\"Infos LIVE\"],\"inLanguage\":\"fr-FR\"},{\"@type\":\"WebPage\",\"@id\":\"https:\\\/\\\/comedialaon.fr\\\/?p=1689\",\"url\":\"https:\\\/\\\/comedialaon.fr\\\/?p=1689\",\"name\":\"RENDEZ-VOUS POUR LE T\u00c9L\u00c9THON &#8226; Com\u00e9dia Laon\",\"isPartOf\":{\"@id\":\"https:\\\/\\\/comedialaon.fr\\\/#website\"},\"primaryImageOfPage\":{\"@id\":\"https:\\\/\\\/comedialaon.fr\\\/?p=1689#primaryimage\"},\"image\":{\"@id\":\"https:\\\/\\\/comedialaon.fr\\\/?p=1689#primaryimage\"},\"thumbnailUrl\":\"https:\\\/\\\/comedialaon.fr\\\/wp-content\\\/uploads\\\/2016\\\/12\\\/FAUX-ET-USAGE-DE-FOUS-clacy-mons-pour-internet-210x300.jpg\",\"datePublished\":\"2016-12-05T10:49:14+00:00\",\"dateModified\":\"2022-10-07T09:20:03+00:00\",\"breadcrumb\":{\"@id\":\"https:\\\/\\\/comedialaon.fr\\\/?p=1689#breadcrumb\"},\"inLanguage\":\"fr-FR\",\"potentialAction\":[{\"@type\":\"ReadAction\",\"target\":[\"https:\\\/\\\/comedialaon.fr\\\/?p=1689\"]}]},{\"@type\":\"ImageObject\",\"inLanguage\":\"fr-FR\",\"@id\":\"https:\\\/\\\/comedialaon.fr\\\/?p=1689#primaryimage\",\"url\":\"https:\\\/\\\/comedialaon.fr\\\/wp-content\\\/uploads\\\/2016\\\/12\\\/FAUX-ET-USAGE-DE-FOUS-clacy-mons-pour-internet.jpg\",\"contentUrl\":\"https:\\\/\\\/comedialaon.fr\\\/wp-content\\\/uploads\\\/2016\\\/12\\\/FAUX-ET-USAGE-DE-FOUS-clacy-mons-pour-internet.jpg\",\"width\":620,\"height\":886,\"caption\":\"FAUX ET USAGE DE FOUS le 15 janvier 2017 pour le T\u00e9l\u00e9thon\"},{\"@type\":\"BreadcrumbList\",\"@id\":\"https:\\\/\\\/comedialaon.fr\\\/?p=1689#breadcrumb\",\"itemListElement\":[{\"@type\":\"ListItem\",\"position\":1,\"name\":\"Accueil\",\"item\":\"https:\\\/\\\/comedialaon.fr\\\/\"},{\"@type\":\"ListItem\",\"position\":2,\"name\":\"RENDEZ-VOUS POUR LE T\u00c9L\u00c9THON\"}]},{\"@type\":\"WebSite\",\"@id\":\"https:\\\/\\\/comedialaon.fr\\\/#website\",\"url\":\"https:\\\/\\\/comedialaon.fr\\\/\",\"name\":\"Com\u00e9dia Laon\",\"description\":\"Prendre et donner du PLAISIR ... !!! ;-)\",\"publisher\":{\"@id\":\"https:\\\/\\\/comedialaon.fr\\\/#organization\"},\"potentialAction\":[{\"@type\":\"SearchAction\",\"target\":{\"@type\":\"EntryPoint\",\"urlTemplate\":\"https:\\\/\\\/comedialaon.fr\\\/?s={search_term_string}\"},\"query-input\":{\"@type\":\"PropertyValueSpecification\",\"valueRequired\":true,\"valueName\":\"search_term_string\"}}],\"inLanguage\":\"fr-FR\"},{\"@type\":\"Organization\",\"@id\":\"https:\\\/\\\/comedialaon.fr\\\/#organization\",\"name\":\"Com\u00e9dia Laon\",\"url\":\"https:\\\/\\\/comedialaon.fr\\\/\",\"logo\":{\"@type\":\"ImageObject\",\"inLanguage\":\"fr-FR\",\"@id\":\"https:\\\/\\\/comedialaon.fr\\\/#\\\/schema\\\/logo\\\/image\\\/\",\"url\":\"https:\\\/\\\/comedialaon.fr\\\/wp-content\\\/uploads\\\/2019\\\/02\\\/LOGO-CL-et-OL.jpg\",\"contentUrl\":\"https:\\\/\\\/comedialaon.fr\\\/wp-content\\\/uploads\\\/2019\\\/02\\\/LOGO-CL-et-OL.jpg\",\"width\":756,\"height\":210,\"caption\":\"Com\u00e9dia Laon\"},\"image\":{\"@id\":\"https:\\\/\\\/comedialaon.fr\\\/#\\\/schema\\\/logo\\\/image\\\/\"},\"sameAs\":[\"https:\\\/\\\/www.facebook.com\\\/profile.php?id=100008459438996\",\"https:\\\/\\\/www.youtube.com\\\/results?search_query=comedia laon\"]},{\"@type\":\"Person\",\"@id\":\"https:\\\/\\\/comedialaon.fr\\\/#\\\/schema\\\/person\\\/b5fa2097d9c2df39b18b24eb09a90f30\",\"name\":\"Muppet 2\",\"image\":{\"@type\":\"ImageObject\",\"inLanguage\":\"fr-FR\",\"@id\":\"https:\\\/\\\/secure.gravatar.com\\\/avatar\\\/8e9847ab3b902434f6deca39973d429601dcdadf46a57d80eec28699158bf63a?s=96&d=mm&r=g\",\"url\":\"https:\\\/\\\/secure.gravatar.com\\\/avatar\\\/8e9847ab3b902434f6deca39973d429601dcdadf46a57d80eec28699158bf63a?s=96&d=mm&r=g\",\"contentUrl\":\"https:\\\/\\\/secure.gravatar.com\\\/avatar\\\/8e9847ab3b902434f6deca39973d429601dcdadf46a57d80eec28699158bf63a?s=96&d=mm&r=g\",\"caption\":\"Muppet 2\"},\"sameAs\":[\"https:\\\/\\\/www.comedialaon.fr\"]}]}<\/script>\n<!-- \/ Yoast SEO plugin. -->","yoast_head_json":{"title":"RENDEZ-VOUS POUR LE T\u00c9L\u00c9THON &#8226; Com\u00e9dia Laon","robots":{"index":"index","follow":"follow","max-snippet":"max-snippet:-1","max-image-preview":"max-image-preview:large","max-video-preview":"max-video-preview:-1"},"canonical":"https:\/\/comedialaon.fr\/?p=1689","og_locale":"fr_FR","og_type":"article","og_title":"RENDEZ-VOUS POUR LE T\u00c9L\u00c9THON &#8226; Com\u00e9dia Laon","og_description":"Pour la deuxi\u00e8me ann\u00e9e cons\u00e9cutive, notre saison d\u00e9butera par une repr\u00e9sentation au profit du T\u00e9l\u00e9thon. Toujours en partenariat avec Monsieur CHARLES de MONS-EN-LAONNOIS, nous vous donnons rendez-vous le dimanche 15 janvier 2017 \u00e0 15H00 \u00e0 la Salle Communale Rue Pasteur \u00e0 CLACY-ET-THIERRET. Cette ann\u00e9e vous pourrez \u00ab\u00a0savourer\u00a0\u00bb une autre pi\u00e8ce de Hugues de ROSAMEL :Lire la suite","og_url":"https:\/\/comedialaon.fr\/?p=1689","og_site_name":"Com\u00e9dia Laon","article_publisher":"https:\/\/www.facebook.com\/profile.php?id=100008459438996","article_published_time":"2016-12-05T10:49:14+00:00","article_modified_time":"2022-10-07T09:20:03+00:00","og_image":[{"url":"https:\/\/comedialaon.fr\/wp-content\/uploads\/2016\/12\/FAUX-ET-USAGE-DE-FOUS-clacy-mons-pour-internet-210x300.jpg","type":"","width":"","height":""}],"author":"Muppet 2","twitter_misc":{"\u00c9crit par":"Muppet 2","Dur\u00e9e de lecture estim\u00e9e":"2 minutes"},"schema":{"@context":"https:\/\/schema.org","@graph":[{"@type":"Article","@id":"https:\/\/comedialaon.fr\/?p=1689#article","isPartOf":{"@id":"https:\/\/comedialaon.fr\/?p=1689"},"author":{"name":"Muppet 2","@id":"https:\/\/comedialaon.fr\/#\/schema\/person\/b5fa2097d9c2df39b18b24eb09a90f30"},"headline":"RENDEZ-VOUS POUR LE T\u00c9L\u00c9THON","datePublished":"2016-12-05T10:49:14+00:00","dateModified":"2022-10-07T09:20:03+00:00","mainEntityOfPage":{"@id":"https:\/\/comedialaon.fr\/?p=1689"},"wordCount":211,"publisher":{"@id":"https:\/\/comedialaon.fr\/#organization"},"image":{"@id":"https:\/\/comedialaon.fr\/?p=1689#primaryimage"},"thumbnailUrl":"https:\/\/comedialaon.fr\/wp-content\/uploads\/2016\/12\/FAUX-ET-USAGE-DE-FOUS-clacy-mons-pour-internet-210x300.jpg","articleSection":["Infos LIVE"],"inLanguage":"fr-FR"},{"@type":"WebPage","@id":"https:\/\/comedialaon.fr\/?p=1689","url":"https:\/\/comedialaon.fr\/?p=1689","name":"RENDEZ-VOUS POUR LE T\u00c9L\u00c9THON &#8226; Com\u00e9dia Laon","isPartOf":{"@id":"https:\/\/comedialaon.fr\/#website"},"primaryImageOfPage":{"@id":"https:\/\/comedialaon.fr\/?p=1689#primaryimage"},"image":{"@id":"https:\/\/comedialaon.fr\/?p=1689#primaryimage"},"thumbnailUrl":"https:\/\/comedialaon.fr\/wp-content\/uploads\/2016\/12\/FAUX-ET-USAGE-DE-FOUS-clacy-mons-pour-internet-210x300.jpg","datePublished":"2016-12-05T10:49:14+00:00","dateModified":"2022-10-07T09:20:03+00:00","breadcrumb":{"@id":"https:\/\/comedialaon.fr\/?p=1689#breadcrumb"},"inLanguage":"fr-FR","potentialAction":[{"@type":"ReadAction","target":["https:\/\/comedialaon.fr\/?p=1689"]}]},{"@type":"ImageObject","inLanguage":"fr-FR","@id":"https:\/\/comedialaon.fr\/?p=1689#primaryimage","url":"https:\/\/comedialaon.fr\/wp-content\/uploads\/2016\/12\/FAUX-ET-USAGE-DE-FOUS-clacy-mons-pour-internet.jpg","contentUrl":"https:\/\/comedialaon.fr\/wp-content\/uploads\/2016\/12\/FAUX-ET-USAGE-DE-FOUS-clacy-mons-pour-internet.jpg","width":620,"height":886,"caption":"FAUX ET USAGE DE FOUS le 15 janvier 2017 pour le T\u00e9l\u00e9thon"},{"@type":"BreadcrumbList","@id":"https:\/\/comedialaon.fr\/?p=1689#breadcrumb","itemListElement":[{"@type":"ListItem","position":1,"name":"Accueil","item":"https:\/\/comedialaon.fr\/"},{"@type":"ListItem","position":2,"name":"RENDEZ-VOUS POUR LE T\u00c9L\u00c9THON"}]},{"@type":"WebSite","@id":"https:\/\/comedialaon.fr\/#website","url":"https:\/\/comedialaon.fr\/","name":"Com\u00e9dia Laon","description":"Prendre et donner du PLAISIR ... !!! ;-)","publisher":{"@id":"https:\/\/comedialaon.fr\/#organization"},"potentialAction":[{"@type":"SearchAction","target":{"@type":"EntryPoint","urlTemplate":"https:\/\/comedialaon.fr\/?s={search_term_string}"},"query-input":{"@type":"PropertyValueSpecification","valueRequired":true,"valueName":"search_term_string"}}],"inLanguage":"fr-FR"},{"@type":"Organization","@id":"https:\/\/comedialaon.fr\/#organization","name":"Com\u00e9dia Laon","url":"https:\/\/comedialaon.fr\/","logo":{"@type":"ImageObject","inLanguage":"fr-FR","@id":"https:\/\/comedialaon.fr\/#\/schema\/logo\/image\/","url":"https:\/\/comedialaon.fr\/wp-content\/uploads\/2019\/02\/LOGO-CL-et-OL.jpg","contentUrl":"https:\/\/comedialaon.fr\/wp-content\/uploads\/2019\/02\/LOGO-CL-et-OL.jpg","width":756,"height":210,"caption":"Com\u00e9dia Laon"},"image":{"@id":"https:\/\/comedialaon.fr\/#\/schema\/logo\/image\/"},"sameAs":["https:\/\/www.facebook.com\/profile.php?id=100008459438996","https:\/\/www.youtube.com\/results?search_query=comedia laon"]},{"@type":"Person","@id":"https:\/\/comedialaon.fr\/#\/schema\/person\/b5fa2097d9c2df39b18b24eb09a90f30","name":"Muppet 2","image":{"@type":"ImageObject","inLanguage":"fr-FR","@id":"https:\/\/secure.gravatar.com\/avatar\/8e9847ab3b902434f6deca39973d429601dcdadf46a57d80eec28699158bf63a?s=96&d=mm&r=g","url":"https:\/\/secure.gravatar.com\/avatar\/8e9847ab3b902434f6deca39973d429601dcdadf46a57d80eec28699158bf63a?s=96&d=mm&r=g","contentUrl":"https:\/\/secure.gravatar.com\/avatar\/8e9847ab3b902434f6deca39973d429601dcdadf46a57d80eec28699158bf63a?s=96&d=mm&r=g","caption":"Muppet 2"},"sameAs":["https:\/\/www.comedialaon.fr"]}]}},"_links":{"self":[{"href":"https:\/\/comedialaon.fr\/index.php?rest_route=\/wp\/v2\/posts\/1689","targetHints":{"allow":["GET"]}}],"collection":[{"href":"https:\/\/comedialaon.fr\/index.php?rest_route=\/wp\/v2\/posts"}],"about":[{"href":"https:\/\/comedialaon.fr\/index.php?rest_route=\/wp\/v2\/types\/post"}],"author":[{"embeddable":true,"href":"https:\/\/comedialaon.fr\/index.php?rest_route=\/wp\/v2\/users\/1"}],"replies":[{"embeddable":true,"href":"https:\/\/comedialaon.fr\/index.php?rest_route=%2Fwp%2Fv2%2Fcomments&post=1689"}],"version-history":[{"count":28,"href":"https:\/\/comedialaon.fr\/index.php?rest_route=\/wp\/v2\/posts\/1689\/revisions"}],"predecessor-version":[{"id":8115,"href":"https:\/\/comedialaon.fr\/index.php?rest_route=\/wp\/v2\/posts\/1689\/revisions\/8115"}],"wp:attachment":[{"href":"https:\/\/comedialaon.fr\/index.php?rest_route=%2Fwp%2Fv2%2Fmedia&parent=1689"}],"wp:term":[{"taxonomy":"category","embeddable":true,"href":"https:\/\/comedialaon.fr\/index.php?rest_route=%2Fwp%2Fv2%2Fcategories&post=1689"},{"taxonomy":"post_tag","embeddable":true,"href":"https:\/\/comedialaon.fr\/index.php?rest_route=%2Fwp%2Fv2%2Ftags&post=1689"}],"curies":[{"name":"wp","href":"https:\/\/api.w.org\/{rel}","templated":true}]}}