{"id":1324,"date":"2016-04-24T13:27:36","date_gmt":"2016-04-24T12:27:36","guid":{"rendered":"https:\/\/comedialaon.fr\/?p=1324"},"modified":"2022-10-07T11:21:24","modified_gmt":"2022-10-07T09:21:24","slug":"derniere-a-salle-de-spectacle-de-maison-de-retraite-departementale","status":"publish","type":"post","link":"https:\/\/comedialaon.fr\/?p=1324","title":{"rendered":"LA \u201cDERNI\u00c8RE\u201d \u00c0 LA SALLE DE SPECTACLE DE LA MAISON DE RETRAITE D\u00c9PARTEMENTALE"},"content":{"rendered":"<p>Ce jeudi 21 avril, nos amis du journal l&rsquo;Union ont publi\u00e9, dans la c\u00e9l\u00e8bre rubrique \u00ab\u00a0LA SALADE LAONNOISE\u00a0\u00bb, un pamphlet qui r\u00e9sume parfaitement notre situation : bient\u00f4t la \u00ab\u00a0rue\u00a0\u00bb &#8230;!!!<\/p>\n<div id=\"attachment_1328\" style=\"width: 310px\" class=\"wp-caption alignleft\"><a href=\"https:\/\/comedialaon.fr\/wp-content\/uploads\/2016\/04\/LUnion-21-04-2016.jpg\"><img loading=\"lazy\" decoding=\"async\" aria-describedby=\"caption-attachment-1328\" src=\"https:\/\/comedialaon.fr\/wp-content\/uploads\/2016\/04\/LUnion-21-04-2016-300x188.jpg\" alt=\"L&#039;Union le 21 avril 2016\" width=\"300\" height=\"188\" class=\"size-medium wp-image-1328\" srcset=\"https:\/\/comedialaon.fr\/wp-content\/uploads\/2016\/04\/LUnion-21-04-2016-300x188.jpg 300w, https:\/\/comedialaon.fr\/wp-content\/uploads\/2016\/04\/LUnion-21-04-2016.jpg 566w\" sizes=\"auto, (max-width: 300px) 100vw, 300px\" \/><\/a><p id=\"caption-attachment-1328\" class=\"wp-caption-text\">L&rsquo;Union le 21 avril 2016<\/p><\/div>\n<p>Mais avant notre expulsion, nous souhaitons que notre derni\u00e8re repr\u00e9sentation, dans la salle de spectacle de la Maison de Retraite D\u00e9partementale, soit une f\u00eate partag\u00e9e avec toutes celles et tous ceux qui nous soutiennent et nous suivent depuis maintenant 6 ans.<\/p>\n<p>Nous vous convions ce vendredi 29 avril 2016 \u00e0 20H30 pour la pi\u00e8ce <a href=\"https:\/\/comedialaon.fr\/?page_id=938\" title=\"Entre le jour et la nuit\">Entre le jour et la nuit<\/a> de <a href=\"https:\/\/comedialaon.fr\/?page_id=887\" title=\"Hugues de ROSAMEL\">Hugues de ROSAMEL<\/a> avec Sylvie et Josiane, pr\u00e9c\u00e9d\u00e9e du sketch \u00ab\u00a0Les cons\u00a0\u00bb de et avec Claude.<\/p>\n<p>Venez nombreuses et nombreux passer un agr\u00e9able moment en notre compagnie.<\/p>\n<p>R\u00e9servations : 03.23.20.19.89 &#8211; 03.23.79.63.13 &#8211; comedialaon@orange.fr<\/p>\n","protected":false},"excerpt":{"rendered":"<p>Ce jeudi 21 avril, nos amis du journal l&rsquo;Union ont publi\u00e9, dans la c\u00e9l\u00e8bre rubrique \u00ab\u00a0LA SALADE LAONNOISE\u00a0\u00bb, un pamphlet qui r\u00e9sume parfaitement notre situation : bient\u00f4t la \u00ab\u00a0rue\u00a0\u00bb &#8230;!!! Mais avant notre expulsion, nous souhaitons que notre derni\u00e8re repr\u00e9sentation, dans la salle de spectacle de la Maison de Retraite D\u00e9partementale, soit une f\u00eate partag\u00e9e<\/p>\n<p><a class=\"excerpt-more blog-excerpt\" href=\"https:\/\/comedialaon.fr\/?p=1324\">Lire la suite<\/a><\/p>\n","protected":false},"author":1,"featured_media":0,"comment_status":"closed","ping_status":"open","sticky":false,"template":"","format":"standard","meta":{"footnotes":""},"categories":[11],"tags":[],"class_list":["post-1324","post","type-post","status-publish","format-standard","hentry","category-infos-live"],"yoast_head":"<!-- This site is optimized with the Yoast SEO plugin v27.5 - https:\/\/yoast.com\/product\/yoast-seo-wordpress\/ -->\n<title>LA \u201cDERNI\u00c8RE\u201d \u00c0 LA SALLE DE SPECTACLE DE LA MAISON DE RETRAITE D\u00c9PARTEMENTALE &#8226; Com\u00e9dia Laon<\/title>\n<meta name=\"robots\" content=\"index, follow, max-snippet:-1, max-image-preview:large, max-video-preview:-1\" \/>\n<link rel=\"canonical\" href=\"https:\/\/comedialaon.fr\/?p=1324\" \/>\n<meta property=\"og:locale\" content=\"fr_FR\" \/>\n<meta property=\"og:type\" content=\"article\" \/>\n<meta property=\"og:title\" content=\"LA \u201cDERNI\u00c8RE\u201d \u00c0 LA SALLE DE SPECTACLE DE LA MAISON DE RETRAITE D\u00c9PARTEMENTALE &#8226; Com\u00e9dia Laon\" \/>\n<meta property=\"og:description\" content=\"Ce jeudi 21 avril, nos amis du journal l&rsquo;Union ont publi\u00e9, dans la c\u00e9l\u00e8bre rubrique \u00ab\u00a0LA SALADE LAONNOISE\u00a0\u00bb, un pamphlet qui r\u00e9sume parfaitement notre situation : bient\u00f4t la \u00ab\u00a0rue\u00a0\u00bb &#8230;!!! Mais avant notre expulsion, nous souhaitons que notre derni\u00e8re repr\u00e9sentation, dans la salle de spectacle de la Maison de Retraite D\u00e9partementale, soit une f\u00eate partag\u00e9eLire la suite\" \/>\n<meta property=\"og:url\" content=\"https:\/\/comedialaon.fr\/?p=1324\" \/>\n<meta property=\"og:site_name\" content=\"Com\u00e9dia Laon\" \/>\n<meta property=\"article:publisher\" content=\"https:\/\/www.facebook.com\/profile.php?id=100008459438996\" \/>\n<meta property=\"article:published_time\" content=\"2016-04-24T12:27:36+00:00\" \/>\n<meta property=\"article:modified_time\" content=\"2022-10-07T09:21:24+00:00\" \/>\n<meta property=\"og:image\" content=\"https:\/\/comedialaon.fr\/wp-content\/uploads\/2016\/04\/LUnion-21-04-2016-300x188.jpg\" \/>\n<meta name=\"author\" content=\"Muppet 2\" \/>\n<meta name=\"twitter:label1\" content=\"\u00c9crit par\" \/>\n\t<meta name=\"twitter:data1\" content=\"Muppet 2\" \/>\n\t<meta name=\"twitter:label2\" content=\"Dur\u00e9e de lecture estim\u00e9e\" \/>\n\t<meta name=\"twitter:data2\" content=\"1 minute\" \/>\n<script type=\"application\/ld+json\" class=\"yoast-schema-graph\">{\"@context\":\"https:\\\/\\\/schema.org\",\"@graph\":[{\"@type\":\"Article\",\"@id\":\"https:\\\/\\\/comedialaon.fr\\\/?p=1324#article\",\"isPartOf\":{\"@id\":\"https:\\\/\\\/comedialaon.fr\\\/?p=1324\"},\"author\":{\"name\":\"Muppet 2\",\"@id\":\"https:\\\/\\\/comedialaon.fr\\\/#\\\/schema\\\/person\\\/b5fa2097d9c2df39b18b24eb09a90f30\"},\"headline\":\"LA \u201cDERNI\u00c8RE\u201d \u00c0 LA SALLE DE SPECTACLE DE LA MAISON DE RETRAITE D\u00c9PARTEMENTALE\",\"datePublished\":\"2016-04-24T12:27:36+00:00\",\"dateModified\":\"2022-10-07T09:21:24+00:00\",\"mainEntityOfPage\":{\"@id\":\"https:\\\/\\\/comedialaon.fr\\\/?p=1324\"},\"wordCount\":158,\"publisher\":{\"@id\":\"https:\\\/\\\/comedialaon.fr\\\/#organization\"},\"image\":{\"@id\":\"https:\\\/\\\/comedialaon.fr\\\/?p=1324#primaryimage\"},\"thumbnailUrl\":\"https:\\\/\\\/comedialaon.fr\\\/wp-content\\\/uploads\\\/2016\\\/04\\\/LUnion-21-04-2016-300x188.jpg\",\"articleSection\":[\"Infos LIVE\"],\"inLanguage\":\"fr-FR\"},{\"@type\":\"WebPage\",\"@id\":\"https:\\\/\\\/comedialaon.fr\\\/?p=1324\",\"url\":\"https:\\\/\\\/comedialaon.fr\\\/?p=1324\",\"name\":\"LA \u201cDERNI\u00c8RE\u201d \u00c0 LA SALLE DE SPECTACLE DE LA MAISON DE RETRAITE D\u00c9PARTEMENTALE &#8226; Com\u00e9dia Laon\",\"isPartOf\":{\"@id\":\"https:\\\/\\\/comedialaon.fr\\\/#website\"},\"primaryImageOfPage\":{\"@id\":\"https:\\\/\\\/comedialaon.fr\\\/?p=1324#primaryimage\"},\"image\":{\"@id\":\"https:\\\/\\\/comedialaon.fr\\\/?p=1324#primaryimage\"},\"thumbnailUrl\":\"https:\\\/\\\/comedialaon.fr\\\/wp-content\\\/uploads\\\/2016\\\/04\\\/LUnion-21-04-2016-300x188.jpg\",\"datePublished\":\"2016-04-24T12:27:36+00:00\",\"dateModified\":\"2022-10-07T09:21:24+00:00\",\"breadcrumb\":{\"@id\":\"https:\\\/\\\/comedialaon.fr\\\/?p=1324#breadcrumb\"},\"inLanguage\":\"fr-FR\",\"potentialAction\":[{\"@type\":\"ReadAction\",\"target\":[\"https:\\\/\\\/comedialaon.fr\\\/?p=1324\"]}]},{\"@type\":\"ImageObject\",\"inLanguage\":\"fr-FR\",\"@id\":\"https:\\\/\\\/comedialaon.fr\\\/?p=1324#primaryimage\",\"url\":\"https:\\\/\\\/comedialaon.fr\\\/wp-content\\\/uploads\\\/2016\\\/04\\\/LUnion-21-04-2016.jpg\",\"contentUrl\":\"https:\\\/\\\/comedialaon.fr\\\/wp-content\\\/uploads\\\/2016\\\/04\\\/LUnion-21-04-2016.jpg\",\"width\":566,\"height\":354,\"caption\":\"L'Union le 21 avril 2016\"},{\"@type\":\"BreadcrumbList\",\"@id\":\"https:\\\/\\\/comedialaon.fr\\\/?p=1324#breadcrumb\",\"itemListElement\":[{\"@type\":\"ListItem\",\"position\":1,\"name\":\"Accueil\",\"item\":\"https:\\\/\\\/comedialaon.fr\\\/\"},{\"@type\":\"ListItem\",\"position\":2,\"name\":\"LA \u201cDERNI\u00c8RE\u201d \u00c0 LA SALLE DE SPECTACLE DE LA MAISON DE RETRAITE D\u00c9PARTEMENTALE\"}]},{\"@type\":\"WebSite\",\"@id\":\"https:\\\/\\\/comedialaon.fr\\\/#website\",\"url\":\"https:\\\/\\\/comedialaon.fr\\\/\",\"name\":\"Com\u00e9dia Laon\",\"description\":\"Prendre et donner du PLAISIR ... !!! ;-)\",\"publisher\":{\"@id\":\"https:\\\/\\\/comedialaon.fr\\\/#organization\"},\"potentialAction\":[{\"@type\":\"SearchAction\",\"target\":{\"@type\":\"EntryPoint\",\"urlTemplate\":\"https:\\\/\\\/comedialaon.fr\\\/?s={search_term_string}\"},\"query-input\":{\"@type\":\"PropertyValueSpecification\",\"valueRequired\":true,\"valueName\":\"search_term_string\"}}],\"inLanguage\":\"fr-FR\"},{\"@type\":\"Organization\",\"@id\":\"https:\\\/\\\/comedialaon.fr\\\/#organization\",\"name\":\"Com\u00e9dia Laon\",\"url\":\"https:\\\/\\\/comedialaon.fr\\\/\",\"logo\":{\"@type\":\"ImageObject\",\"inLanguage\":\"fr-FR\",\"@id\":\"https:\\\/\\\/comedialaon.fr\\\/#\\\/schema\\\/logo\\\/image\\\/\",\"url\":\"https:\\\/\\\/comedialaon.fr\\\/wp-content\\\/uploads\\\/2019\\\/02\\\/LOGO-CL-et-OL.jpg\",\"contentUrl\":\"https:\\\/\\\/comedialaon.fr\\\/wp-content\\\/uploads\\\/2019\\\/02\\\/LOGO-CL-et-OL.jpg\",\"width\":756,\"height\":210,\"caption\":\"Com\u00e9dia Laon\"},\"image\":{\"@id\":\"https:\\\/\\\/comedialaon.fr\\\/#\\\/schema\\\/logo\\\/image\\\/\"},\"sameAs\":[\"https:\\\/\\\/www.facebook.com\\\/profile.php?id=100008459438996\",\"https:\\\/\\\/www.youtube.com\\\/results?search_query=comedia laon\"]},{\"@type\":\"Person\",\"@id\":\"https:\\\/\\\/comedialaon.fr\\\/#\\\/schema\\\/person\\\/b5fa2097d9c2df39b18b24eb09a90f30\",\"name\":\"Muppet 2\",\"image\":{\"@type\":\"ImageObject\",\"inLanguage\":\"fr-FR\",\"@id\":\"https:\\\/\\\/secure.gravatar.com\\\/avatar\\\/8e9847ab3b902434f6deca39973d429601dcdadf46a57d80eec28699158bf63a?s=96&d=mm&r=g\",\"url\":\"https:\\\/\\\/secure.gravatar.com\\\/avatar\\\/8e9847ab3b902434f6deca39973d429601dcdadf46a57d80eec28699158bf63a?s=96&d=mm&r=g\",\"contentUrl\":\"https:\\\/\\\/secure.gravatar.com\\\/avatar\\\/8e9847ab3b902434f6deca39973d429601dcdadf46a57d80eec28699158bf63a?s=96&d=mm&r=g\",\"caption\":\"Muppet 2\"},\"sameAs\":[\"https:\\\/\\\/www.comedialaon.fr\"]}]}<\/script>\n<!-- \/ Yoast SEO plugin. -->","yoast_head_json":{"title":"LA \u201cDERNI\u00c8RE\u201d \u00c0 LA SALLE DE SPECTACLE DE LA MAISON DE RETRAITE D\u00c9PARTEMENTALE &#8226; Com\u00e9dia Laon","robots":{"index":"index","follow":"follow","max-snippet":"max-snippet:-1","max-image-preview":"max-image-preview:large","max-video-preview":"max-video-preview:-1"},"canonical":"https:\/\/comedialaon.fr\/?p=1324","og_locale":"fr_FR","og_type":"article","og_title":"LA \u201cDERNI\u00c8RE\u201d \u00c0 LA SALLE DE SPECTACLE DE LA MAISON DE RETRAITE D\u00c9PARTEMENTALE &#8226; Com\u00e9dia Laon","og_description":"Ce jeudi 21 avril, nos amis du journal l&rsquo;Union ont publi\u00e9, dans la c\u00e9l\u00e8bre rubrique \u00ab\u00a0LA SALADE LAONNOISE\u00a0\u00bb, un pamphlet qui r\u00e9sume parfaitement notre situation : bient\u00f4t la \u00ab\u00a0rue\u00a0\u00bb &#8230;!!! Mais avant notre expulsion, nous souhaitons que notre derni\u00e8re repr\u00e9sentation, dans la salle de spectacle de la Maison de Retraite D\u00e9partementale, soit une f\u00eate partag\u00e9eLire la suite","og_url":"https:\/\/comedialaon.fr\/?p=1324","og_site_name":"Com\u00e9dia Laon","article_publisher":"https:\/\/www.facebook.com\/profile.php?id=100008459438996","article_published_time":"2016-04-24T12:27:36+00:00","article_modified_time":"2022-10-07T09:21:24+00:00","og_image":[{"url":"https:\/\/comedialaon.fr\/wp-content\/uploads\/2016\/04\/LUnion-21-04-2016-300x188.jpg","type":"","width":"","height":""}],"author":"Muppet 2","twitter_misc":{"\u00c9crit par":"Muppet 2","Dur\u00e9e de lecture estim\u00e9e":"1 minute"},"schema":{"@context":"https:\/\/schema.org","@graph":[{"@type":"Article","@id":"https:\/\/comedialaon.fr\/?p=1324#article","isPartOf":{"@id":"https:\/\/comedialaon.fr\/?p=1324"},"author":{"name":"Muppet 2","@id":"https:\/\/comedialaon.fr\/#\/schema\/person\/b5fa2097d9c2df39b18b24eb09a90f30"},"headline":"LA \u201cDERNI\u00c8RE\u201d \u00c0 LA SALLE DE SPECTACLE DE LA MAISON DE RETRAITE D\u00c9PARTEMENTALE","datePublished":"2016-04-24T12:27:36+00:00","dateModified":"2022-10-07T09:21:24+00:00","mainEntityOfPage":{"@id":"https:\/\/comedialaon.fr\/?p=1324"},"wordCount":158,"publisher":{"@id":"https:\/\/comedialaon.fr\/#organization"},"image":{"@id":"https:\/\/comedialaon.fr\/?p=1324#primaryimage"},"thumbnailUrl":"https:\/\/comedialaon.fr\/wp-content\/uploads\/2016\/04\/LUnion-21-04-2016-300x188.jpg","articleSection":["Infos LIVE"],"inLanguage":"fr-FR"},{"@type":"WebPage","@id":"https:\/\/comedialaon.fr\/?p=1324","url":"https:\/\/comedialaon.fr\/?p=1324","name":"LA \u201cDERNI\u00c8RE\u201d \u00c0 LA SALLE DE SPECTACLE DE LA MAISON DE RETRAITE D\u00c9PARTEMENTALE &#8226; Com\u00e9dia Laon","isPartOf":{"@id":"https:\/\/comedialaon.fr\/#website"},"primaryImageOfPage":{"@id":"https:\/\/comedialaon.fr\/?p=1324#primaryimage"},"image":{"@id":"https:\/\/comedialaon.fr\/?p=1324#primaryimage"},"thumbnailUrl":"https:\/\/comedialaon.fr\/wp-content\/uploads\/2016\/04\/LUnion-21-04-2016-300x188.jpg","datePublished":"2016-04-24T12:27:36+00:00","dateModified":"2022-10-07T09:21:24+00:00","breadcrumb":{"@id":"https:\/\/comedialaon.fr\/?p=1324#breadcrumb"},"inLanguage":"fr-FR","potentialAction":[{"@type":"ReadAction","target":["https:\/\/comedialaon.fr\/?p=1324"]}]},{"@type":"ImageObject","inLanguage":"fr-FR","@id":"https:\/\/comedialaon.fr\/?p=1324#primaryimage","url":"https:\/\/comedialaon.fr\/wp-content\/uploads\/2016\/04\/LUnion-21-04-2016.jpg","contentUrl":"https:\/\/comedialaon.fr\/wp-content\/uploads\/2016\/04\/LUnion-21-04-2016.jpg","width":566,"height":354,"caption":"L'Union le 21 avril 2016"},{"@type":"BreadcrumbList","@id":"https:\/\/comedialaon.fr\/?p=1324#breadcrumb","itemListElement":[{"@type":"ListItem","position":1,"name":"Accueil","item":"https:\/\/comedialaon.fr\/"},{"@type":"ListItem","position":2,"name":"LA \u201cDERNI\u00c8RE\u201d \u00c0 LA SALLE DE SPECTACLE DE LA MAISON DE RETRAITE D\u00c9PARTEMENTALE"}]},{"@type":"WebSite","@id":"https:\/\/comedialaon.fr\/#website","url":"https:\/\/comedialaon.fr\/","name":"Com\u00e9dia Laon","description":"Prendre et donner du PLAISIR ... !!! ;-)","publisher":{"@id":"https:\/\/comedialaon.fr\/#organization"},"potentialAction":[{"@type":"SearchAction","target":{"@type":"EntryPoint","urlTemplate":"https:\/\/comedialaon.fr\/?s={search_term_string}"},"query-input":{"@type":"PropertyValueSpecification","valueRequired":true,"valueName":"search_term_string"}}],"inLanguage":"fr-FR"},{"@type":"Organization","@id":"https:\/\/comedialaon.fr\/#organization","name":"Com\u00e9dia Laon","url":"https:\/\/comedialaon.fr\/","logo":{"@type":"ImageObject","inLanguage":"fr-FR","@id":"https:\/\/comedialaon.fr\/#\/schema\/logo\/image\/","url":"https:\/\/comedialaon.fr\/wp-content\/uploads\/2019\/02\/LOGO-CL-et-OL.jpg","contentUrl":"https:\/\/comedialaon.fr\/wp-content\/uploads\/2019\/02\/LOGO-CL-et-OL.jpg","width":756,"height":210,"caption":"Com\u00e9dia Laon"},"image":{"@id":"https:\/\/comedialaon.fr\/#\/schema\/logo\/image\/"},"sameAs":["https:\/\/www.facebook.com\/profile.php?id=100008459438996","https:\/\/www.youtube.com\/results?search_query=comedia laon"]},{"@type":"Person","@id":"https:\/\/comedialaon.fr\/#\/schema\/person\/b5fa2097d9c2df39b18b24eb09a90f30","name":"Muppet 2","image":{"@type":"ImageObject","inLanguage":"fr-FR","@id":"https:\/\/secure.gravatar.com\/avatar\/8e9847ab3b902434f6deca39973d429601dcdadf46a57d80eec28699158bf63a?s=96&d=mm&r=g","url":"https:\/\/secure.gravatar.com\/avatar\/8e9847ab3b902434f6deca39973d429601dcdadf46a57d80eec28699158bf63a?s=96&d=mm&r=g","contentUrl":"https:\/\/secure.gravatar.com\/avatar\/8e9847ab3b902434f6deca39973d429601dcdadf46a57d80eec28699158bf63a?s=96&d=mm&r=g","caption":"Muppet 2"},"sameAs":["https:\/\/www.comedialaon.fr"]}]}},"_links":{"self":[{"href":"https:\/\/comedialaon.fr\/index.php?rest_route=\/wp\/v2\/posts\/1324","targetHints":{"allow":["GET"]}}],"collection":[{"href":"https:\/\/comedialaon.fr\/index.php?rest_route=\/wp\/v2\/posts"}],"about":[{"href":"https:\/\/comedialaon.fr\/index.php?rest_route=\/wp\/v2\/types\/post"}],"author":[{"embeddable":true,"href":"https:\/\/comedialaon.fr\/index.php?rest_route=\/wp\/v2\/users\/1"}],"replies":[{"embeddable":true,"href":"https:\/\/comedialaon.fr\/index.php?rest_route=%2Fwp%2Fv2%2Fcomments&post=1324"}],"version-history":[{"count":19,"href":"https:\/\/comedialaon.fr\/index.php?rest_route=\/wp\/v2\/posts\/1324\/revisions"}],"predecessor-version":[{"id":8116,"href":"https:\/\/comedialaon.fr\/index.php?rest_route=\/wp\/v2\/posts\/1324\/revisions\/8116"}],"wp:attachment":[{"href":"https:\/\/comedialaon.fr\/index.php?rest_route=%2Fwp%2Fv2%2Fmedia&parent=1324"}],"wp:term":[{"taxonomy":"category","embeddable":true,"href":"https:\/\/comedialaon.fr\/index.php?rest_route=%2Fwp%2Fv2%2Fcategories&post=1324"},{"taxonomy":"post_tag","embeddable":true,"href":"https:\/\/comedialaon.fr\/index.php?rest_route=%2Fwp%2Fv2%2Ftags&post=1324"}],"curies":[{"name":"wp","href":"https:\/\/api.w.org\/{rel}","templated":true}]}}