{"id":1299,"date":"2016-04-06T06:47:52","date_gmt":"2016-04-06T05:47:52","guid":{"rendered":"https:\/\/comedialaon.fr\/?p=1299"},"modified":"2022-10-07T11:24:39","modified_gmt":"2022-10-07T09:24:39","slug":"bientot-s-d-f","status":"publish","type":"post","link":"https:\/\/comedialaon.fr\/?p=1299","title":{"rendered":"BIENT\u00d4T S.D.F."},"content":{"rendered":"<p>Pour r\u00e9sumer ce week-end o\u00f9 nous avons, pour la premi\u00e8re fois, jou\u00e9 notre pi\u00e8ce \u201cTout bascule\u201d dans la ville de VERVINS (Le journal l&rsquo;Union a publi\u00e9 <a href=\" https:\/\/comedialaon.fr\/?attachment_id=4268 \" title=\"un article\">un article<\/a> le 6 avril 2016.), je me contenterai de citer Madame Marie-Jos\u00e9 JOSEPH, Maire adjointe d\u00e9l\u00e9gu\u00e9e \u00e0 la Culture : \u201c Merci \u00e0 vous surtout et \u00e0 toute votre \u00e9quipe, tout le monde s&rsquo;entend \u00e0 dire que la troupe est vraiment tr\u00e8s bonne. F\u00e9licitations encore ! Encore merci, n&rsquo;h\u00e9sitez pas \u00e0 me contacter pour la saison prochaine d\u00e8s que vous avez choisi votre nouvelle pi\u00e8ce. Au plaisir de vous retrouver sur sc\u00e8ne, bien cordialement\u201d.<\/p>\n<p>Malgr\u00e9 ses \u00e9loges et nos diverses recherches pour trouver un nouveau local, la municipalit\u00e9 de LAON et le Conseil D\u00e9partemental de l\u2019AISNE n\u2019ayant aucune solution \u00e0 nous proposer, il n\u2019est pas certain que nous puissions continuer notre activit\u00e9 et r\u00e9pondre favorablement \u00e0 toutes les communes qui nous demandent de produire notre spectacle dans leur ville.<\/p>\n<p>L\u2019<a href=\" https:\/\/comedialaon.fr\/?attachment_id=4265 \" title=\"article\">article<\/a>, paru dans le journal l\u2019Union le 5 avril 2016, relate parfaitement notre probl\u00e8me : on nous somme de lib\u00e9rer la salle de spectacle de la Maison de Retraite D\u00e9partemental le 30 juin prochain. Cette salle, parfaitement adapt\u00e9e \u00e0 nos activit\u00e9s, est mise en vente par le Conseil D\u00e9partementale de l\u2019AISNE. Actuellement aucun repreneur ne s\u2019\u00e9tant manifest\u00e9, pourquoi ne pas nous autoriser \u00e0 utiliser cette salle pour stocker notre d\u00e9cor et notre mat\u00e9riel en attendant qu\u2019un acheteur pointe \u201cson nez\u201d ?<\/p>\n<p>La d\u00e9cision de nous priver de cette salle met en p\u00e9ril la p\u00e9rennit\u00e9 de notre association. Nous avons des engagements pour le mois de septembre que nous devons honorer, c\u2019est pourquoi je tiens \u00e0 remercier tout particuli\u00e8rement Christophe GILLET, Directeur Adjoint du Centre Social Le Triangle, pour son aide. En effet, d\u00e8s le mois de septembre il nous mettra \u00e0 disposition une salle une fois par semaine, cela nous permettra de r\u00e9p\u00e9ter mais malheureusement pas de stocker notre d\u00e9cor et notre mat\u00e9riel.<\/p>\n<p>Nous sommes donc toujours \u00e0 la recherche d\u2019un local pour, tout simplement, continuer \u201cNotre Passion\u201d.<\/p>\n<p>Rendez-vous le vendredi 29 avril 2016 \u00e0 20H30 dans la Salle de spectacle de la Maison de Retraite D\u00e9partementale pour notre pi\u00e8ce <a href=\" https:\/\/comedialaon.fr\/?attachment_id=938 \" title=\"Entre le jour et la nuit\">Entre le jour et la nuit<\/a> de Hugues de ROSAMEL avec Josiane et Sylvie.<br \/>\nR\u00e9servations : 03.23.20.19.89 ou 03.23.79.63.13 ou comedialaon@orange.fr<\/p>\n<p><a href=\"https:\/\/comedialaon.fr\/?page_id=4377\" title=\"Nos dates de repr\u00e9sentations pour 2016\"> Nos dates de repr\u00e9sentations pour 2016<\/a><\/p>\n","protected":false},"excerpt":{"rendered":"<p>Pour r\u00e9sumer ce week-end o\u00f9 nous avons, pour la premi\u00e8re fois, jou\u00e9 notre pi\u00e8ce \u201cTout bascule\u201d dans la ville de VERVINS (Le journal l&rsquo;Union a publi\u00e9 un article le 6 avril 2016.), je me contenterai de citer Madame Marie-Jos\u00e9 JOSEPH, Maire adjointe d\u00e9l\u00e9gu\u00e9e \u00e0 la Culture : \u201c Merci \u00e0 vous surtout et \u00e0 toute<\/p>\n<p><a class=\"excerpt-more blog-excerpt\" href=\"https:\/\/comedialaon.fr\/?p=1299\">Lire la suite<\/a><\/p>\n","protected":false},"author":1,"featured_media":1224,"comment_status":"closed","ping_status":"open","sticky":false,"template":"","format":"standard","meta":{"footnotes":""},"categories":[11],"tags":[],"class_list":["post-1299","post","type-post","status-publish","format-standard","has-post-thumbnail","hentry","category-infos-live"],"yoast_head":"<!-- This site is optimized with the Yoast SEO plugin v27.5 - https:\/\/yoast.com\/product\/yoast-seo-wordpress\/ -->\n<title>BIENT\u00d4T S.D.F. &#8226; Com\u00e9dia Laon<\/title>\n<meta name=\"robots\" content=\"index, follow, max-snippet:-1, max-image-preview:large, max-video-preview:-1\" \/>\n<link rel=\"canonical\" href=\"https:\/\/comedialaon.fr\/?p=1299\" \/>\n<meta property=\"og:locale\" content=\"fr_FR\" \/>\n<meta property=\"og:type\" content=\"article\" \/>\n<meta property=\"og:title\" content=\"BIENT\u00d4T S.D.F. &#8226; Com\u00e9dia Laon\" \/>\n<meta property=\"og:description\" content=\"Pour r\u00e9sumer ce week-end o\u00f9 nous avons, pour la premi\u00e8re fois, jou\u00e9 notre pi\u00e8ce \u201cTout bascule\u201d dans la ville de VERVINS (Le journal l&rsquo;Union a publi\u00e9 un article le 6 avril 2016.), je me contenterai de citer Madame Marie-Jos\u00e9 JOSEPH, Maire adjointe d\u00e9l\u00e9gu\u00e9e \u00e0 la Culture : \u201c Merci \u00e0 vous surtout et \u00e0 touteLire la suite\" \/>\n<meta property=\"og:url\" content=\"https:\/\/comedialaon.fr\/?p=1299\" \/>\n<meta property=\"og:site_name\" content=\"Com\u00e9dia Laon\" \/>\n<meta property=\"article:publisher\" content=\"https:\/\/www.facebook.com\/profile.php?id=100008459438996\" \/>\n<meta property=\"article:published_time\" content=\"2016-04-06T05:47:52+00:00\" \/>\n<meta property=\"article:modified_time\" content=\"2022-10-07T09:24:39+00:00\" \/>\n<meta property=\"og:image\" content=\"https:\/\/comedialaon.fr\/wp-content\/uploads\/2016\/03\/4-S\u00e9v\u00e9rine-Christian-MDR-le-21-02-2016.jpg\" \/>\n\t<meta property=\"og:image:width\" content=\"883\" \/>\n\t<meta property=\"og:image:height\" content=\"866\" \/>\n\t<meta property=\"og:image:type\" content=\"image\/jpeg\" \/>\n<meta name=\"author\" content=\"Muppet 2\" \/>\n<meta name=\"twitter:label1\" content=\"\u00c9crit par\" \/>\n\t<meta name=\"twitter:data1\" content=\"Muppet 2\" \/>\n\t<meta name=\"twitter:label2\" content=\"Dur\u00e9e de lecture estim\u00e9e\" \/>\n\t<meta name=\"twitter:data2\" content=\"2 minutes\" \/>\n<script type=\"application\/ld+json\" class=\"yoast-schema-graph\">{\"@context\":\"https:\\\/\\\/schema.org\",\"@graph\":[{\"@type\":\"Article\",\"@id\":\"https:\\\/\\\/comedialaon.fr\\\/?p=1299#article\",\"isPartOf\":{\"@id\":\"https:\\\/\\\/comedialaon.fr\\\/?p=1299\"},\"author\":{\"name\":\"Muppet 2\",\"@id\":\"https:\\\/\\\/comedialaon.fr\\\/#\\\/schema\\\/person\\\/b5fa2097d9c2df39b18b24eb09a90f30\"},\"headline\":\"BIENT\u00d4T S.D.F.\",\"datePublished\":\"2016-04-06T05:47:52+00:00\",\"dateModified\":\"2022-10-07T09:24:39+00:00\",\"mainEntityOfPage\":{\"@id\":\"https:\\\/\\\/comedialaon.fr\\\/?p=1299\"},\"wordCount\":409,\"publisher\":{\"@id\":\"https:\\\/\\\/comedialaon.fr\\\/#organization\"},\"image\":{\"@id\":\"https:\\\/\\\/comedialaon.fr\\\/?p=1299#primaryimage\"},\"thumbnailUrl\":\"https:\\\/\\\/comedialaon.fr\\\/wp-content\\\/uploads\\\/2016\\\/03\\\/4-S\u00e9v\u00e9rine-Christian-MDR-le-21-02-2016.jpg\",\"articleSection\":[\"Infos LIVE\"],\"inLanguage\":\"fr-FR\"},{\"@type\":\"WebPage\",\"@id\":\"https:\\\/\\\/comedialaon.fr\\\/?p=1299\",\"url\":\"https:\\\/\\\/comedialaon.fr\\\/?p=1299\",\"name\":\"BIENT\u00d4T S.D.F. &#8226; Com\u00e9dia Laon\",\"isPartOf\":{\"@id\":\"https:\\\/\\\/comedialaon.fr\\\/#website\"},\"primaryImageOfPage\":{\"@id\":\"https:\\\/\\\/comedialaon.fr\\\/?p=1299#primaryimage\"},\"image\":{\"@id\":\"https:\\\/\\\/comedialaon.fr\\\/?p=1299#primaryimage\"},\"thumbnailUrl\":\"https:\\\/\\\/comedialaon.fr\\\/wp-content\\\/uploads\\\/2016\\\/03\\\/4-S\u00e9v\u00e9rine-Christian-MDR-le-21-02-2016.jpg\",\"datePublished\":\"2016-04-06T05:47:52+00:00\",\"dateModified\":\"2022-10-07T09:24:39+00:00\",\"breadcrumb\":{\"@id\":\"https:\\\/\\\/comedialaon.fr\\\/?p=1299#breadcrumb\"},\"inLanguage\":\"fr-FR\",\"potentialAction\":[{\"@type\":\"ReadAction\",\"target\":[\"https:\\\/\\\/comedialaon.fr\\\/?p=1299\"]}]},{\"@type\":\"ImageObject\",\"inLanguage\":\"fr-FR\",\"@id\":\"https:\\\/\\\/comedialaon.fr\\\/?p=1299#primaryimage\",\"url\":\"https:\\\/\\\/comedialaon.fr\\\/wp-content\\\/uploads\\\/2016\\\/03\\\/4-S\u00e9v\u00e9rine-Christian-MDR-le-21-02-2016.jpg\",\"contentUrl\":\"https:\\\/\\\/comedialaon.fr\\\/wp-content\\\/uploads\\\/2016\\\/03\\\/4-S\u00e9v\u00e9rine-Christian-MDR-le-21-02-2016.jpg\",\"width\":883,\"height\":866,\"caption\":\"\u201cTOUT BASCULE\u201d : S\u00e9verine et Christian le 21 f\u00e9vrier 2016 \u00e0 la Maison de Retraite de LAON\"},{\"@type\":\"BreadcrumbList\",\"@id\":\"https:\\\/\\\/comedialaon.fr\\\/?p=1299#breadcrumb\",\"itemListElement\":[{\"@type\":\"ListItem\",\"position\":1,\"name\":\"Accueil\",\"item\":\"https:\\\/\\\/comedialaon.fr\\\/\"},{\"@type\":\"ListItem\",\"position\":2,\"name\":\"BIENT\u00d4T S.D.F.\"}]},{\"@type\":\"WebSite\",\"@id\":\"https:\\\/\\\/comedialaon.fr\\\/#website\",\"url\":\"https:\\\/\\\/comedialaon.fr\\\/\",\"name\":\"Com\u00e9dia Laon\",\"description\":\"Prendre et donner du PLAISIR ... !!! ;-)\",\"publisher\":{\"@id\":\"https:\\\/\\\/comedialaon.fr\\\/#organization\"},\"potentialAction\":[{\"@type\":\"SearchAction\",\"target\":{\"@type\":\"EntryPoint\",\"urlTemplate\":\"https:\\\/\\\/comedialaon.fr\\\/?s={search_term_string}\"},\"query-input\":{\"@type\":\"PropertyValueSpecification\",\"valueRequired\":true,\"valueName\":\"search_term_string\"}}],\"inLanguage\":\"fr-FR\"},{\"@type\":\"Organization\",\"@id\":\"https:\\\/\\\/comedialaon.fr\\\/#organization\",\"name\":\"Com\u00e9dia Laon\",\"url\":\"https:\\\/\\\/comedialaon.fr\\\/\",\"logo\":{\"@type\":\"ImageObject\",\"inLanguage\":\"fr-FR\",\"@id\":\"https:\\\/\\\/comedialaon.fr\\\/#\\\/schema\\\/logo\\\/image\\\/\",\"url\":\"https:\\\/\\\/comedialaon.fr\\\/wp-content\\\/uploads\\\/2019\\\/02\\\/LOGO-CL-et-OL.jpg\",\"contentUrl\":\"https:\\\/\\\/comedialaon.fr\\\/wp-content\\\/uploads\\\/2019\\\/02\\\/LOGO-CL-et-OL.jpg\",\"width\":756,\"height\":210,\"caption\":\"Com\u00e9dia Laon\"},\"image\":{\"@id\":\"https:\\\/\\\/comedialaon.fr\\\/#\\\/schema\\\/logo\\\/image\\\/\"},\"sameAs\":[\"https:\\\/\\\/www.facebook.com\\\/profile.php?id=100008459438996\",\"https:\\\/\\\/www.youtube.com\\\/results?search_query=comedia laon\"]},{\"@type\":\"Person\",\"@id\":\"https:\\\/\\\/comedialaon.fr\\\/#\\\/schema\\\/person\\\/b5fa2097d9c2df39b18b24eb09a90f30\",\"name\":\"Muppet 2\",\"image\":{\"@type\":\"ImageObject\",\"inLanguage\":\"fr-FR\",\"@id\":\"https:\\\/\\\/secure.gravatar.com\\\/avatar\\\/8e9847ab3b902434f6deca39973d429601dcdadf46a57d80eec28699158bf63a?s=96&d=mm&r=g\",\"url\":\"https:\\\/\\\/secure.gravatar.com\\\/avatar\\\/8e9847ab3b902434f6deca39973d429601dcdadf46a57d80eec28699158bf63a?s=96&d=mm&r=g\",\"contentUrl\":\"https:\\\/\\\/secure.gravatar.com\\\/avatar\\\/8e9847ab3b902434f6deca39973d429601dcdadf46a57d80eec28699158bf63a?s=96&d=mm&r=g\",\"caption\":\"Muppet 2\"},\"sameAs\":[\"https:\\\/\\\/www.comedialaon.fr\"]}]}<\/script>\n<!-- \/ Yoast SEO plugin. -->","yoast_head_json":{"title":"BIENT\u00d4T S.D.F. &#8226; Com\u00e9dia Laon","robots":{"index":"index","follow":"follow","max-snippet":"max-snippet:-1","max-image-preview":"max-image-preview:large","max-video-preview":"max-video-preview:-1"},"canonical":"https:\/\/comedialaon.fr\/?p=1299","og_locale":"fr_FR","og_type":"article","og_title":"BIENT\u00d4T S.D.F. &#8226; Com\u00e9dia Laon","og_description":"Pour r\u00e9sumer ce week-end o\u00f9 nous avons, pour la premi\u00e8re fois, jou\u00e9 notre pi\u00e8ce \u201cTout bascule\u201d dans la ville de VERVINS (Le journal l&rsquo;Union a publi\u00e9 un article le 6 avril 2016.), je me contenterai de citer Madame Marie-Jos\u00e9 JOSEPH, Maire adjointe d\u00e9l\u00e9gu\u00e9e \u00e0 la Culture : \u201c Merci \u00e0 vous surtout et \u00e0 touteLire la suite","og_url":"https:\/\/comedialaon.fr\/?p=1299","og_site_name":"Com\u00e9dia Laon","article_publisher":"https:\/\/www.facebook.com\/profile.php?id=100008459438996","article_published_time":"2016-04-06T05:47:52+00:00","article_modified_time":"2022-10-07T09:24:39+00:00","og_image":[{"width":883,"height":866,"url":"https:\/\/comedialaon.fr\/wp-content\/uploads\/2016\/03\/4-S\u00e9v\u00e9rine-Christian-MDR-le-21-02-2016.jpg","type":"image\/jpeg"}],"author":"Muppet 2","twitter_misc":{"\u00c9crit par":"Muppet 2","Dur\u00e9e de lecture estim\u00e9e":"2 minutes"},"schema":{"@context":"https:\/\/schema.org","@graph":[{"@type":"Article","@id":"https:\/\/comedialaon.fr\/?p=1299#article","isPartOf":{"@id":"https:\/\/comedialaon.fr\/?p=1299"},"author":{"name":"Muppet 2","@id":"https:\/\/comedialaon.fr\/#\/schema\/person\/b5fa2097d9c2df39b18b24eb09a90f30"},"headline":"BIENT\u00d4T S.D.F.","datePublished":"2016-04-06T05:47:52+00:00","dateModified":"2022-10-07T09:24:39+00:00","mainEntityOfPage":{"@id":"https:\/\/comedialaon.fr\/?p=1299"},"wordCount":409,"publisher":{"@id":"https:\/\/comedialaon.fr\/#organization"},"image":{"@id":"https:\/\/comedialaon.fr\/?p=1299#primaryimage"},"thumbnailUrl":"https:\/\/comedialaon.fr\/wp-content\/uploads\/2016\/03\/4-S\u00e9v\u00e9rine-Christian-MDR-le-21-02-2016.jpg","articleSection":["Infos LIVE"],"inLanguage":"fr-FR"},{"@type":"WebPage","@id":"https:\/\/comedialaon.fr\/?p=1299","url":"https:\/\/comedialaon.fr\/?p=1299","name":"BIENT\u00d4T S.D.F. &#8226; Com\u00e9dia Laon","isPartOf":{"@id":"https:\/\/comedialaon.fr\/#website"},"primaryImageOfPage":{"@id":"https:\/\/comedialaon.fr\/?p=1299#primaryimage"},"image":{"@id":"https:\/\/comedialaon.fr\/?p=1299#primaryimage"},"thumbnailUrl":"https:\/\/comedialaon.fr\/wp-content\/uploads\/2016\/03\/4-S\u00e9v\u00e9rine-Christian-MDR-le-21-02-2016.jpg","datePublished":"2016-04-06T05:47:52+00:00","dateModified":"2022-10-07T09:24:39+00:00","breadcrumb":{"@id":"https:\/\/comedialaon.fr\/?p=1299#breadcrumb"},"inLanguage":"fr-FR","potentialAction":[{"@type":"ReadAction","target":["https:\/\/comedialaon.fr\/?p=1299"]}]},{"@type":"ImageObject","inLanguage":"fr-FR","@id":"https:\/\/comedialaon.fr\/?p=1299#primaryimage","url":"https:\/\/comedialaon.fr\/wp-content\/uploads\/2016\/03\/4-S\u00e9v\u00e9rine-Christian-MDR-le-21-02-2016.jpg","contentUrl":"https:\/\/comedialaon.fr\/wp-content\/uploads\/2016\/03\/4-S\u00e9v\u00e9rine-Christian-MDR-le-21-02-2016.jpg","width":883,"height":866,"caption":"\u201cTOUT BASCULE\u201d : S\u00e9verine et Christian le 21 f\u00e9vrier 2016 \u00e0 la Maison de Retraite de LAON"},{"@type":"BreadcrumbList","@id":"https:\/\/comedialaon.fr\/?p=1299#breadcrumb","itemListElement":[{"@type":"ListItem","position":1,"name":"Accueil","item":"https:\/\/comedialaon.fr\/"},{"@type":"ListItem","position":2,"name":"BIENT\u00d4T S.D.F."}]},{"@type":"WebSite","@id":"https:\/\/comedialaon.fr\/#website","url":"https:\/\/comedialaon.fr\/","name":"Com\u00e9dia Laon","description":"Prendre et donner du PLAISIR ... !!! ;-)","publisher":{"@id":"https:\/\/comedialaon.fr\/#organization"},"potentialAction":[{"@type":"SearchAction","target":{"@type":"EntryPoint","urlTemplate":"https:\/\/comedialaon.fr\/?s={search_term_string}"},"query-input":{"@type":"PropertyValueSpecification","valueRequired":true,"valueName":"search_term_string"}}],"inLanguage":"fr-FR"},{"@type":"Organization","@id":"https:\/\/comedialaon.fr\/#organization","name":"Com\u00e9dia Laon","url":"https:\/\/comedialaon.fr\/","logo":{"@type":"ImageObject","inLanguage":"fr-FR","@id":"https:\/\/comedialaon.fr\/#\/schema\/logo\/image\/","url":"https:\/\/comedialaon.fr\/wp-content\/uploads\/2019\/02\/LOGO-CL-et-OL.jpg","contentUrl":"https:\/\/comedialaon.fr\/wp-content\/uploads\/2019\/02\/LOGO-CL-et-OL.jpg","width":756,"height":210,"caption":"Com\u00e9dia Laon"},"image":{"@id":"https:\/\/comedialaon.fr\/#\/schema\/logo\/image\/"},"sameAs":["https:\/\/www.facebook.com\/profile.php?id=100008459438996","https:\/\/www.youtube.com\/results?search_query=comedia laon"]},{"@type":"Person","@id":"https:\/\/comedialaon.fr\/#\/schema\/person\/b5fa2097d9c2df39b18b24eb09a90f30","name":"Muppet 2","image":{"@type":"ImageObject","inLanguage":"fr-FR","@id":"https:\/\/secure.gravatar.com\/avatar\/8e9847ab3b902434f6deca39973d429601dcdadf46a57d80eec28699158bf63a?s=96&d=mm&r=g","url":"https:\/\/secure.gravatar.com\/avatar\/8e9847ab3b902434f6deca39973d429601dcdadf46a57d80eec28699158bf63a?s=96&d=mm&r=g","contentUrl":"https:\/\/secure.gravatar.com\/avatar\/8e9847ab3b902434f6deca39973d429601dcdadf46a57d80eec28699158bf63a?s=96&d=mm&r=g","caption":"Muppet 2"},"sameAs":["https:\/\/www.comedialaon.fr"]}]}},"_links":{"self":[{"href":"https:\/\/comedialaon.fr\/index.php?rest_route=\/wp\/v2\/posts\/1299","targetHints":{"allow":["GET"]}}],"collection":[{"href":"https:\/\/comedialaon.fr\/index.php?rest_route=\/wp\/v2\/posts"}],"about":[{"href":"https:\/\/comedialaon.fr\/index.php?rest_route=\/wp\/v2\/types\/post"}],"author":[{"embeddable":true,"href":"https:\/\/comedialaon.fr\/index.php?rest_route=\/wp\/v2\/users\/1"}],"replies":[{"embeddable":true,"href":"https:\/\/comedialaon.fr\/index.php?rest_route=%2Fwp%2Fv2%2Fcomments&post=1299"}],"version-history":[{"count":16,"href":"https:\/\/comedialaon.fr\/index.php?rest_route=\/wp\/v2\/posts\/1299\/revisions"}],"predecessor-version":[{"id":8117,"href":"https:\/\/comedialaon.fr\/index.php?rest_route=\/wp\/v2\/posts\/1299\/revisions\/8117"}],"wp:featuredmedia":[{"embeddable":true,"href":"https:\/\/comedialaon.fr\/index.php?rest_route=\/wp\/v2\/media\/1224"}],"wp:attachment":[{"href":"https:\/\/comedialaon.fr\/index.php?rest_route=%2Fwp%2Fv2%2Fmedia&parent=1299"}],"wp:term":[{"taxonomy":"category","embeddable":true,"href":"https:\/\/comedialaon.fr\/index.php?rest_route=%2Fwp%2Fv2%2Fcategories&post=1299"},{"taxonomy":"post_tag","embeddable":true,"href":"https:\/\/comedialaon.fr\/index.php?rest_route=%2Fwp%2Fv2%2Ftags&post=1299"}],"curies":[{"name":"wp","href":"https:\/\/api.w.org\/{rel}","templated":true}]}}